{"id":109281,"date":"2023-05-05T20:20:27","date_gmt":"2023-05-05T23:20:27","guid":{"rendered":"https:\/\/www.blogsoestado.com\/danielmatos\/?p=109281"},"modified":"2023-05-05T20:20:27","modified_gmt":"2023-05-05T23:20:27","slug":"em-caxias-iracema-vale-reafirma-que-alema-e-governo-atuam-juntos-para-melhorar-indicadores-sociais-do-estado","status":"publish","type":"post","link":"https:\/\/www.blogsoestado.com\/danielmatos\/em-caxias-iracema-vale-reafirma-que-alema-e-governo-atuam-juntos-para-melhorar-indicadores-sociais-do-estado\/","title":{"rendered":"Em Caxias, Iracema Vale reafirma que Alema e Governo atuam juntos para melhorar indicadores sociais do estado"},"content":{"rendered":"\n<p><strong><span class=\"has-inline-color has-vivid-red-color\">A parlamentar ressaltou que o povo do Maranh\u00e3o pode esperar muito trabalho da Assembleia e do Governo no sentido de promover a\u00e7\u00f5es de enfrentamento e combate \u00e0 pobreza no estado<\/span><\/strong><\/p>\n\n\n\n<div class=\"wp-block-image\"><figure class=\"aligncenter size-large\"><a href=\"https:\/\/www.blogsoestado.com\/danielmatos\/files\/2023\/05\/Screenshot_20230505-2020402.png\"><img decoding=\"async\" src=\"https:\/\/www.blogsoestado.com\/danielmatos\/files\/2023\/05\/Screenshot_20230505-2020402.png\" alt=\"\" class=\"wp-image-109284\"\/><\/a><figcaption>Presidente da Assembleia, Iracema Vale, acompanhada por parlamentares, concede entrevista coletiva em Caxias<\/figcaption><\/figure><\/div>\n\n\n\n<p>A presidente da Assembleia Legislativa do Maranh\u00e3o, deputada Iracema Vale (PSB), afirmou que a Casa do Povo trabalha em parceria com o governador Carlos Brand\u00e3o (PSB) para melhorar os indicadores sociais do estado. A afirma\u00e7\u00e3o foi feita pela parlamentar durante a coletiva de imprensa realizada na tarde desta sexta-feira (5), antes da sess\u00e3o solene de instala\u00e7\u00e3o da \u2018Assembleia Itinerante\u2019 na cidade de Caxias.<\/p>\n\n\n\n<p>A presidente da Alema reafirmou que o povo do Maranh\u00e3o pode esperar muito trabalho da Assembleia e do Governo do Estado, comandado pelo governador Carlos Brand\u00e3o (PSB). \u201cEm parceria com o governador, estamos fazendo esse enfrentamento no sentido de combater a pobreza em nosso estado. Ele tem trabalhado incessantemente, entregando obras que est\u00e3o melhorando as condi\u00e7\u00f5es de vida da popula\u00e7\u00e3o maranhense\u201d, salientou.<\/p>\n\n\n\n<p>Iracema Vale ressaltou a import\u00e2ncia do programa \u2018Assembleia Itinerante\u2019 para promover a aproxima\u00e7\u00e3o do Poder Legislativo Estadual com a popula\u00e7\u00e3o. \u201cA gente s\u00f3 busca solu\u00e7\u00e3o para o que se conhece. E estamos aqui para conhecer as demandas do povo maranhense e mostrar o trabalho desenvolvido pela Assembleia\u201d, disse.<\/p>\n\n\n\n<p>A deputada lembrou o feito de uma mulher presidir o Parlamento Estadual pela primeira vez em 188 anos de funda\u00e7\u00e3o da Casa. \u201cMas n\u00e3o foi s\u00f3 a minha condi\u00e7\u00e3o de mulher que me fez presidente, mas, sobretudo, os 30 anos de trabalho como vereadora e prefeita, que tenho dedicados ao povo maranhense. Estamos \u00e0 frente da Assembleia para trabalhar muito em favor da popula\u00e7\u00e3o e abrir a Casa do Povo para as pessoas\u201d, ressaltou Iracema Vale.<\/p>\n\n\n\n<p>Durante a coletiva de imprensa, Iracema Vale estava acompanhada dos deputados Rodrigo Lago (PCdoB), Carlos Lula (PSB), Ant\u00f4nio Pereira (PSB), Roberto Costa (MDB), Ricardo Rios (PCdoB), Davi Brand\u00e3o (PSB), Cl\u00e1udia Coutinho (PDT), Daniella (PSB), Arnaldo Melo (MDB), Z\u00e9 In\u00e1cio (PT), Wellington do Curso (PSD), J\u00falio Mendon\u00e7a (PCdoB), Ricardo Arruda (MDB), (PP), Fabiana Vilar (PL), Solange Almeida (PL), Francisco Nagib (PSB), Ana do G\u00e1s (PCdoB), Ygl\u00e9sio Moyses (PSB), Osmar Filho (PDT), Fernando Braide (PSD) e Flor\u00eancio Neto (PSB).<\/p>\n","protected":false},"excerpt":{"rendered":"<p>A parlamentar ressaltou que o povo do Maranh\u00e3o pode esperar muito trabalho da Assembleia e do Governo no sentido de [&hellip;]<\/p>\n","protected":false},"author":0,"featured_media":0,"comment_status":"open","ping_status":"open","sticky":false,"template":"","format":"standard","meta":{"site-sidebar-layout":"default","site-content-layout":"","ast-site-content-layout":"default","site-content-style":"default","site-sidebar-style":"default","ast-global-header-display":"","ast-banner-title-visibility":"","ast-main-header-display":"","ast-hfb-above-header-display":"","ast-hfb-below-header-display":"","ast-hfb-mobile-header-display":"","site-post-title":"","ast-breadcrumbs-content":"","ast-featured-img":"","footer-sml-layout":"","ast-disable-related-posts":"","theme-transparent-header-meta":"","adv-header-id-meta":"","stick-header-meta":"","header-above-stick-meta":"","header-main-stick-meta":"","header-below-stick-meta":"","astra-migrate-meta-layouts":"default","ast-page-background-enabled":"default","ast-page-background-meta":{"desktop":{"background-color":"var(--ast-global-color-5)","background-image":"","background-repeat":"repeat","background-position":"center center","background-size":"auto","background-attachment":"scroll","background-type":"","background-media":"","overlay-type":"","overlay-color":"","overlay-opacity":"","overlay-gradient":""},"tablet":{"background-color":"","background-image":"","background-repeat":"repeat","background-position":"center center","background-size":"auto","background-attachment":"scroll","background-type":"","background-media":"","overlay-type":"","overlay-color":"","overlay-opacity":"","overlay-gradient":""},"mobile":{"background-color":"","background-image":"","background-repeat":"repeat","background-position":"center center","background-size":"auto","background-attachment":"scroll","background-type":"","background-media":"","overlay-type":"","overlay-color":"","overlay-opacity":"","overlay-gradient":""}},"ast-content-background-meta":{"desktop":{"background-color":"var(--ast-global-color-4)","background-image":"","background-repeat":"repeat","background-position":"center center","background-size":"auto","background-attachment":"scroll","background-type":"","background-media":"","overlay-type":"","overlay-color":"","overlay-opacity":"","overlay-gradient":""},"tablet":{"background-color":"var(--ast-global-color-4)","background-image":"","background-repeat":"repeat","background-position":"center center","background-size":"auto","background-attachment":"scroll","background-type":"","background-media":"","overlay-type":"","overlay-color":"","overlay-opacity":"","overlay-gradient":""},"mobile":{"background-color":"var(--ast-global-color-4)","background-image":"","background-repeat":"repeat","background-position":"center center","background-size":"auto","background-attachment":"scroll","background-type":"","background-media":"","overlay-type":"","overlay-color":"","overlay-opacity":"","overlay-gradient":""}},"footnotes":""},"categories":[1],"tags":[],"class_list":["post-109281","post","type-post","status-publish","format-standard","hentry","category-sem-categoria"],"yoast_head":"<!-- This site is optimized with the Yoast SEO plugin v26.6 - https:\/\/yoast.com\/wordpress\/plugins\/seo\/ -->\n<title>Em Caxias, Iracema Vale reafirma que Alema e Governo atuam juntos para melhorar indicadores sociais do estado - Daniel Matos<\/title>\n<meta name=\"robots\" content=\"index, follow, max-snippet:-1, max-image-preview:large, max-video-preview:-1\" \/>\n<link rel=\"canonical\" href=\"https:\/\/www.blogsoestado.com\/danielmatos\/em-caxias-iracema-vale-reafirma-que-alema-e-governo-atuam-juntos-para-melhorar-indicadores-sociais-do-estado\/\" \/>\n<meta property=\"og:locale\" content=\"pt_BR\" \/>\n<meta property=\"og:type\" content=\"article\" \/>\n<meta property=\"og:title\" content=\"Em Caxias, Iracema Vale reafirma que Alema e Governo atuam juntos para melhorar indicadores sociais do estado - Daniel Matos\" \/>\n<meta property=\"og:description\" content=\"A parlamentar ressaltou que o povo do Maranh\u00e3o pode esperar muito trabalho da Assembleia e do Governo no sentido de [&hellip;]\" \/>\n<meta property=\"og:url\" content=\"https:\/\/www.blogsoestado.com\/danielmatos\/em-caxias-iracema-vale-reafirma-que-alema-e-governo-atuam-juntos-para-melhorar-indicadores-sociais-do-estado\/\" \/>\n<meta property=\"og:site_name\" content=\"Daniel Matos\" \/>\n<meta property=\"article:published_time\" content=\"2023-05-05T23:20:27+00:00\" \/>\n<meta property=\"og:image\" content=\"https:\/\/www.blogsoestado.com\/danielmatos\/files\/2023\/05\/Screenshot_20230505-2020402.png\" \/>\n<meta name=\"twitter:card\" content=\"summary_large_image\" \/>\n<meta name=\"twitter:label1\" content=\"Est. tempo de leitura\" \/>\n\t<meta name=\"twitter:data1\" content=\"2 minutos\" \/>\n<script type=\"application\/ld+json\" class=\"yoast-schema-graph\">{\"@context\":\"https:\/\/schema.org\",\"@graph\":[{\"@type\":\"WebPage\",\"@id\":\"https:\/\/www.blogsoestado.com\/danielmatos\/em-caxias-iracema-vale-reafirma-que-alema-e-governo-atuam-juntos-para-melhorar-indicadores-sociais-do-estado\/\",\"url\":\"https:\/\/www.blogsoestado.com\/danielmatos\/em-caxias-iracema-vale-reafirma-que-alema-e-governo-atuam-juntos-para-melhorar-indicadores-sociais-do-estado\/\",\"name\":\"Em Caxias, Iracema Vale reafirma que Alema e Governo atuam juntos para melhorar indicadores sociais do estado - Daniel Matos\",\"isPartOf\":{\"@id\":\"https:\/\/www.blogsoestado.com\/danielmatos\/#website\"},\"primaryImageOfPage\":{\"@id\":\"https:\/\/www.blogsoestado.com\/danielmatos\/em-caxias-iracema-vale-reafirma-que-alema-e-governo-atuam-juntos-para-melhorar-indicadores-sociais-do-estado\/#primaryimage\"},\"image\":{\"@id\":\"https:\/\/www.blogsoestado.com\/danielmatos\/em-caxias-iracema-vale-reafirma-que-alema-e-governo-atuam-juntos-para-melhorar-indicadores-sociais-do-estado\/#primaryimage\"},\"thumbnailUrl\":\"https:\/\/www.blogsoestado.com\/danielmatos\/files\/2023\/05\/Screenshot_20230505-2020402.png\",\"datePublished\":\"2023-05-05T23:20:27+00:00\",\"author\":{\"@id\":\"\"},\"breadcrumb\":{\"@id\":\"https:\/\/www.blogsoestado.com\/danielmatos\/em-caxias-iracema-vale-reafirma-que-alema-e-governo-atuam-juntos-para-melhorar-indicadores-sociais-do-estado\/#breadcrumb\"},\"inLanguage\":\"pt-BR\",\"potentialAction\":[{\"@type\":\"ReadAction\",\"target\":[\"https:\/\/www.blogsoestado.com\/danielmatos\/em-caxias-iracema-vale-reafirma-que-alema-e-governo-atuam-juntos-para-melhorar-indicadores-sociais-do-estado\/\"]}]},{\"@type\":\"ImageObject\",\"inLanguage\":\"pt-BR\",\"@id\":\"https:\/\/www.blogsoestado.com\/danielmatos\/em-caxias-iracema-vale-reafirma-que-alema-e-governo-atuam-juntos-para-melhorar-indicadores-sociais-do-estado\/#primaryimage\",\"url\":\"https:\/\/www.blogsoestado.com\/danielmatos\/files\/2023\/05\/Screenshot_20230505-2020402.png\",\"contentUrl\":\"https:\/\/www.blogsoestado.com\/danielmatos\/files\/2023\/05\/Screenshot_20230505-2020402.png\"},{\"@type\":\"BreadcrumbList\",\"@id\":\"https:\/\/www.blogsoestado.com\/danielmatos\/em-caxias-iracema-vale-reafirma-que-alema-e-governo-atuam-juntos-para-melhorar-indicadores-sociais-do-estado\/#breadcrumb\",\"itemListElement\":[{\"@type\":\"ListItem\",\"position\":1,\"name\":\"In\u00edcio\",\"item\":\"https:\/\/www.blogsoestado.com\/danielmatos\/\"},{\"@type\":\"ListItem\",\"position\":2,\"name\":\"Em Caxias, Iracema Vale reafirma que Alema e Governo atuam juntos para melhorar indicadores sociais do estado\"}]},{\"@type\":\"WebSite\",\"@id\":\"https:\/\/www.blogsoestado.com\/danielmatos\/#website\",\"url\":\"https:\/\/www.blogsoestado.com\/danielmatos\/\",\"name\":\"Daniel Matos\",\"description\":\"\",\"potentialAction\":[{\"@type\":\"SearchAction\",\"target\":{\"@type\":\"EntryPoint\",\"urlTemplate\":\"https:\/\/www.blogsoestado.com\/danielmatos\/?s={search_term_string}\"},\"query-input\":{\"@type\":\"PropertyValueSpecification\",\"valueRequired\":true,\"valueName\":\"search_term_string\"}}],\"inLanguage\":\"pt-BR\"}]}<\/script>\n<!-- \/ Yoast SEO plugin. -->","yoast_head_json":{"title":"Em Caxias, Iracema Vale reafirma que Alema e Governo atuam juntos para melhorar indicadores sociais do estado - Daniel Matos","robots":{"index":"index","follow":"follow","max-snippet":"max-snippet:-1","max-image-preview":"max-image-preview:large","max-video-preview":"max-video-preview:-1"},"canonical":"https:\/\/www.blogsoestado.com\/danielmatos\/em-caxias-iracema-vale-reafirma-que-alema-e-governo-atuam-juntos-para-melhorar-indicadores-sociais-do-estado\/","og_locale":"pt_BR","og_type":"article","og_title":"Em Caxias, Iracema Vale reafirma que Alema e Governo atuam juntos para melhorar indicadores sociais do estado - Daniel Matos","og_description":"A parlamentar ressaltou que o povo do Maranh\u00e3o pode esperar muito trabalho da Assembleia e do Governo no sentido de [&hellip;]","og_url":"https:\/\/www.blogsoestado.com\/danielmatos\/em-caxias-iracema-vale-reafirma-que-alema-e-governo-atuam-juntos-para-melhorar-indicadores-sociais-do-estado\/","og_site_name":"Daniel Matos","article_published_time":"2023-05-05T23:20:27+00:00","og_image":[{"url":"https:\/\/www.blogsoestado.com\/danielmatos\/files\/2023\/05\/Screenshot_20230505-2020402.png","type":"","width":"","height":""}],"twitter_card":"summary_large_image","twitter_misc":{"Est. tempo de leitura":"2 minutos"},"schema":{"@context":"https:\/\/schema.org","@graph":[{"@type":"WebPage","@id":"https:\/\/www.blogsoestado.com\/danielmatos\/em-caxias-iracema-vale-reafirma-que-alema-e-governo-atuam-juntos-para-melhorar-indicadores-sociais-do-estado\/","url":"https:\/\/www.blogsoestado.com\/danielmatos\/em-caxias-iracema-vale-reafirma-que-alema-e-governo-atuam-juntos-para-melhorar-indicadores-sociais-do-estado\/","name":"Em Caxias, Iracema Vale reafirma que Alema e Governo atuam juntos para melhorar indicadores sociais do estado - Daniel Matos","isPartOf":{"@id":"https:\/\/www.blogsoestado.com\/danielmatos\/#website"},"primaryImageOfPage":{"@id":"https:\/\/www.blogsoestado.com\/danielmatos\/em-caxias-iracema-vale-reafirma-que-alema-e-governo-atuam-juntos-para-melhorar-indicadores-sociais-do-estado\/#primaryimage"},"image":{"@id":"https:\/\/www.blogsoestado.com\/danielmatos\/em-caxias-iracema-vale-reafirma-que-alema-e-governo-atuam-juntos-para-melhorar-indicadores-sociais-do-estado\/#primaryimage"},"thumbnailUrl":"https:\/\/www.blogsoestado.com\/danielmatos\/files\/2023\/05\/Screenshot_20230505-2020402.png","datePublished":"2023-05-05T23:20:27+00:00","author":{"@id":""},"breadcrumb":{"@id":"https:\/\/www.blogsoestado.com\/danielmatos\/em-caxias-iracema-vale-reafirma-que-alema-e-governo-atuam-juntos-para-melhorar-indicadores-sociais-do-estado\/#breadcrumb"},"inLanguage":"pt-BR","potentialAction":[{"@type":"ReadAction","target":["https:\/\/www.blogsoestado.com\/danielmatos\/em-caxias-iracema-vale-reafirma-que-alema-e-governo-atuam-juntos-para-melhorar-indicadores-sociais-do-estado\/"]}]},{"@type":"ImageObject","inLanguage":"pt-BR","@id":"https:\/\/www.blogsoestado.com\/danielmatos\/em-caxias-iracema-vale-reafirma-que-alema-e-governo-atuam-juntos-para-melhorar-indicadores-sociais-do-estado\/#primaryimage","url":"https:\/\/www.blogsoestado.com\/danielmatos\/files\/2023\/05\/Screenshot_20230505-2020402.png","contentUrl":"https:\/\/www.blogsoestado.com\/danielmatos\/files\/2023\/05\/Screenshot_20230505-2020402.png"},{"@type":"BreadcrumbList","@id":"https:\/\/www.blogsoestado.com\/danielmatos\/em-caxias-iracema-vale-reafirma-que-alema-e-governo-atuam-juntos-para-melhorar-indicadores-sociais-do-estado\/#breadcrumb","itemListElement":[{"@type":"ListItem","position":1,"name":"In\u00edcio","item":"https:\/\/www.blogsoestado.com\/danielmatos\/"},{"@type":"ListItem","position":2,"name":"Em Caxias, Iracema Vale reafirma que Alema e Governo atuam juntos para melhorar indicadores sociais do estado"}]},{"@type":"WebSite","@id":"https:\/\/www.blogsoestado.com\/danielmatos\/#website","url":"https:\/\/www.blogsoestado.com\/danielmatos\/","name":"Daniel Matos","description":"","potentialAction":[{"@type":"SearchAction","target":{"@type":"EntryPoint","urlTemplate":"https:\/\/www.blogsoestado.com\/danielmatos\/?s={search_term_string}"},"query-input":{"@type":"PropertyValueSpecification","valueRequired":true,"valueName":"search_term_string"}}],"inLanguage":"pt-BR"}]}},"jetpack_featured_media_url":"","_links":{"self":[{"href":"https:\/\/www.blogsoestado.com\/danielmatos\/wp-json\/wp\/v2\/posts\/109281","targetHints":{"allow":["GET"]}}],"collection":[{"href":"https:\/\/www.blogsoestado.com\/danielmatos\/wp-json\/wp\/v2\/posts"}],"about":[{"href":"https:\/\/www.blogsoestado.com\/danielmatos\/wp-json\/wp\/v2\/types\/post"}],"replies":[{"embeddable":true,"href":"https:\/\/www.blogsoestado.com\/danielmatos\/wp-json\/wp\/v2\/comments?post=109281"}],"version-history":[{"count":0,"href":"https:\/\/www.blogsoestado.com\/danielmatos\/wp-json\/wp\/v2\/posts\/109281\/revisions"}],"wp:attachment":[{"href":"https:\/\/www.blogsoestado.com\/danielmatos\/wp-json\/wp\/v2\/media?parent=109281"}],"wp:term":[{"taxonomy":"category","embeddable":true,"href":"https:\/\/www.blogsoestado.com\/danielmatos\/wp-json\/wp\/v2\/categories?post=109281"},{"taxonomy":"post_tag","embeddable":true,"href":"https:\/\/www.blogsoestado.com\/danielmatos\/wp-json\/wp\/v2\/tags?post=109281"}],"curies":[{"name":"wp","href":"https:\/\/api.w.org\/{rel}","templated":true}]}}