{"id":109290,"date":"2023-05-05T21:23:45","date_gmt":"2023-05-06T00:23:45","guid":{"rendered":"https:\/\/www.blogsoestado.com\/danielmatos\/?p=109290"},"modified":"2023-05-05T21:23:45","modified_gmt":"2023-05-06T00:23:45","slug":"sessao-solene-marca-abertura-dos-trabalhos-da-assembleia-itinerante-em-caxias","status":"publish","type":"post","link":"https:\/\/www.blogsoestado.com\/danielmatos\/sessao-solene-marca-abertura-dos-trabalhos-da-assembleia-itinerante-em-caxias\/","title":{"rendered":"Sess\u00e3o solene marca abertura dos trabalhos da \u2018Assembleia Itinerante\u2019 em Caxias"},"content":{"rendered":"\n<p><strong><span class=\"has-inline-color has-vivid-red-color\">Na abertura da cerim\u00f4nia, ocorrida no Plen\u00e1rio Edson Vidigal, a deputada Iracema Vale desejou boas-vindas aos presentes e falou da satisfa\u00e7\u00e3o de realizar a sess\u00e3o itinerante na regi\u00e3o<\/span><\/strong><\/p>\n\n\n\n<div class=\"wp-block-image\"><figure class=\"aligncenter size-large\"><a href=\"https:\/\/www.blogsoestado.com\/danielmatos\/files\/2023\/05\/Screenshot_20230505-2126542.png\"><img decoding=\"async\" src=\"https:\/\/www.blogsoestado.com\/danielmatos\/files\/2023\/05\/Screenshot_20230505-2126542.png\" alt=\"\" class=\"wp-image-109293\"\/><\/a><figcaption>Sess\u00e3o solene de abertura dos trabalhos da &#8216;Assembleia Itinerante&#8217; realizada na cidade de Caxias (<strong>Fotos: <\/strong>Biaman Prado\/Ag\u00eancia Assembleia)<\/figcaption><\/figure><\/div>\n\n\n\n<p>A segunda edi\u00e7\u00e3o da \u2018Assembleia Itinerante\u2019 aconteceu nesta sexta-feira (5), na cidade de Caxias. A sess\u00e3o solene de instala\u00e7\u00e3o dos trabalhos foi presidida pela chefe do Parlamento Estadual, deputada Iracema Vale (PSB), na C\u00e2mara de Vereadores do munic\u00edpio. O evento reuniu a classe pol\u00edtica do Leste maranhense e contou, ainda, com sess\u00e3o ordin\u00e1ria para delibera\u00e7\u00e3o de projetos em prol dos maranhenses.<\/p>\n\n\n\n<p>Na abertura da cerim\u00f4nia, ocorrida no Plen\u00e1rio Edson Vidigal, a deputada Iracema Vale desejou boas-vindas aos presentes e falou da satisfa\u00e7\u00e3o da Assembleia Legislativa em realizar a sess\u00e3o itinerante na regi\u00e3o. Ela tamb\u00e9m agradeceu aos vereadores caxienses pela parceria na realiza\u00e7\u00e3o do evento.<\/p>\n\n\n\n<p>\u201cO Parlamento Estadual est\u00e1 muito feliz de estar na cidade de Caxias. \u00c9 nossa meta aproximar a Casa Legislativa das demandas do povo do Maranh\u00e3o. Caxias \u00e9 uma cidade muito linda, que tem duas grandes representantes na Assembleia, e estamos aqui para mostrar o nosso trabalho e ajudar o munic\u00edpio no que for poss\u00edvel. Fa\u00e7o um agradecimento aos vereadores da cidade, que t\u00e3o bem nos receberam na C\u00e2mara Municipal\u201d, afirmou.<\/p>\n\n\n\n<p>Em seu discurso, a presidente da Alema fez uma men\u00e7\u00e3o especial aos ex-deputados Humberto Coutinho (in memorian) e Z\u00e9 Gentil (in memorian), al\u00e9m da ex-deputada Cleide Coutinho, reconhecidas personalidades pol\u00edticas de Caxias e que foram homenageados pela Assembleia Legislativa na sess\u00e3o itinerante. \u201cUma justa homenagem a grandes servidores do nosso Parlamento\u201d, declarou Iracema Vale.<\/p>\n\n\n\n<div class=\"wp-block-image\"><figure class=\"aligncenter size-large\"><a href=\"https:\/\/www.blogsoestado.com\/danielmatos\/files\/2023\/05\/Screenshot_20230505-2127262.png\"><img decoding=\"async\" src=\"https:\/\/www.blogsoestado.com\/danielmatos\/files\/2023\/05\/Screenshot_20230505-2127262.png\" alt=\"\" class=\"wp-image-109294\"\/><\/a><figcaption>Presidente da Alema, deputada Iracema Vale, coordena os trabalhos da &#8216;Assembleia Itinerante&#8217; em Caxias<\/figcaption><\/figure><\/div>\n\n\n\n<p><strong>Encontro<\/strong><\/p>\n\n\n\n<p>Participaram da sess\u00e3o itinerante os deputados Ygl\u00e9sio Mois\u00e9s (PSB), Leandro Bello (Podemos), Osmar Filho (PDT), Wellington do Curso (PSC), J\u00falio Mendon\u00e7a (PCdoB), Roberto Costa (MDB), Ant\u00f4nio Pereira (PSB), Rafael (PSB), Davi Brand\u00e3o (PSB), Glalbert Cutrim (PDT), Rodrigo Lago (PCdoB), Carlos Lula (PSB), Arnaldo Melo (PP), Fernando Braide (PSD), Ricardo Arruda (MDB), Francisco Nagib (PSB), Ricardo Rios (PCdoB), Z\u00e9 In\u00e1cio (PT) e Flor\u00eancio Neto (PSB), al\u00e9m das deputadas Daniella (PSB) e Cl\u00e1udia Coutinho (PDT), autoras da proposi\u00e7\u00e3o, Fabiana Vilar (PL), Solange Almeida (PL), Mical Damasceno (PSD) e Ana do G\u00e1s (PCdoB).<\/p>\n\n\n\n<p>A deputada Daniella disse que a iniciativa vai fazer a diferen\u00e7a na vida do povo. \u201cPorque, a partir daqui, as pessoas v\u00e3o acompanhar de perto o trabalho parlamentar, al\u00e9m de discutirmos pautas importantes para Caxias e para o Maranh\u00e3o\u201d, afirmou.<\/p>\n\n\n\n<p>A deputada Cl\u00e1udia Coutinho tamb\u00e9m falou sobre essa aproxima\u00e7\u00e3o da Casa do Povo com os munic\u00edpios. \u201cEstamos indo a todas as regi\u00f5es do nosso estado e, hoje, estamos em Caxias trazendo v\u00e1rios projetos n\u00e3o s\u00f3 para o munic\u00edpio, mas para toda a regi\u00e3o\u201d, completou.<\/p>\n\n\n\n<div class=\"wp-block-image\"><figure class=\"aligncenter size-large\"><a href=\"https:\/\/www.blogsoestado.com\/danielmatos\/files\/2023\/05\/Screenshot_20230505-2127542.png\"><img decoding=\"async\" src=\"https:\/\/www.blogsoestado.com\/danielmatos\/files\/2023\/05\/Screenshot_20230505-2127542.png\" alt=\"\" class=\"wp-image-109295\"\/><\/a><figcaption>Parlamentares durante a sess\u00e3o solene de abertura dos trabalhos da &#8216;Assembleia Itinerante&#8217; em Caxias<\/figcaption><\/figure><\/div>\n\n\n\n<p>Tamb\u00e9m prestigiaram a solenidade a deputada federal Amanda Gentil (PP), prefeitos, vereadores, autoridades locais&nbsp;e representantes da sociedade civil.<\/p>\n\n\n\n<p><strong>Municipalismo<\/strong><\/p>\n\n\n\n<p>Na ocasi\u00e3o, o presidente da C\u00e2mara de Vereadores de Caxias, Ricardo Rodrigues (PT), destacou a import\u00e2ncia do evento para a regi\u00e3o Leste maranhense. \u201c\u00c9 uma honra n\u00e3o s\u00f3 para Caxias, mas para todas as cidades do entorno, que recebem esse evento t\u00e3o importante. J\u00e1 mantemos um contanto institucional com a Assembleia, mas agora, sem d\u00favida nenhuma, esse la\u00e7o ser\u00e1 fortalecido ainda mais, a partir dessa sess\u00e3o itinerante\u201d, declarou.<\/p>\n\n\n\n<p>O prefeito de Caxias, F\u00e1bio Gentil, falou da import\u00e2ncia do Parlamento Estadual fazer uma gest\u00e3o participativa e pr\u00f3xima dos munic\u00edpios. \u201cFica a gratid\u00e3o do povo caxiense aos deputados e deputadas que permitiram que essa sess\u00e3o itinerante acontecesse na nossa cidade\u201d, completou.<\/p>\n\n\n\n<div class=\"wp-block-image\"><figure class=\"aligncenter size-large\"><a href=\"https:\/\/www.blogsoestado.com\/danielmatos\/files\/2023\/05\/Screenshot_20230505-2128332.png\"><img decoding=\"async\" src=\"https:\/\/www.blogsoestado.com\/danielmatos\/files\/2023\/05\/Screenshot_20230505-2128332.png\" alt=\"\" class=\"wp-image-109296\"\/><\/a><figcaption>Deputadas Ana do G\u00e1s, Solange Almeida, Fabiana Vilar, Cl\u00e1udia Coutinho e Daniella, durante a &#8216;Assembl\u00e9ia Itinerante<\/figcaption><\/figure><\/div>\n\n\n\n<p>O presidente da Federa\u00e7\u00e3o dos Munic\u00edpios do Estado do Maranh\u00e3o (Famem), Ivo Rezende, disse que a iniciativa da Assembleia em prestigiar os munic\u00edpios maranhenses \u00e9 fundamental para a efetiva\u00e7\u00e3o de pol\u00edticas p\u00fablicas em prol da popula\u00e7\u00e3o.<\/p>\n\n\n\n<p>\u201cEsperamos que essa a\u00e7\u00e3o continue sendo realizada em outros munic\u00edpios tamb\u00e9m, porque a gente entende que isso faz com que a Assembleia esteja mais perto do povo e das cidades maranhenses, que \u00e9 onde tudo acontece, para que a gente possa ouvir as demandas e construir pol\u00edticas p\u00fablicas efetivas\u201d, afirmou.<\/p>\n","protected":false},"excerpt":{"rendered":"<p>Na abertura da cerim\u00f4nia, ocorrida no Plen\u00e1rio Edson Vidigal, a deputada Iracema Vale desejou boas-vindas aos presentes e falou da [&hellip;]<\/p>\n","protected":false},"author":0,"featured_media":0,"comment_status":"open","ping_status":"open","sticky":false,"template":"","format":"standard","meta":{"site-sidebar-layout":"default","site-content-layout":"","ast-site-content-layout":"default","site-content-style":"default","site-sidebar-style":"default","ast-global-header-display":"","ast-banner-title-visibility":"","ast-main-header-display":"","ast-hfb-above-header-display":"","ast-hfb-below-header-display":"","ast-hfb-mobile-header-display":"","site-post-title":"","ast-breadcrumbs-content":"","ast-featured-img":"","footer-sml-layout":"","ast-disable-related-posts":"","theme-transparent-header-meta":"","adv-header-id-meta":"","stick-header-meta":"","header-above-stick-meta":"","header-main-stick-meta":"","header-below-stick-meta":"","astra-migrate-meta-layouts":"default","ast-page-background-enabled":"default","ast-page-background-meta":{"desktop":{"background-color":"var(--ast-global-color-5)","background-image":"","background-repeat":"repeat","background-position":"center center","background-size":"auto","background-attachment":"scroll","background-type":"","background-media":"","overlay-type":"","overlay-color":"","overlay-opacity":"","overlay-gradient":""},"tablet":{"background-color":"","background-image":"","background-repeat":"repeat","background-position":"center center","background-size":"auto","background-attachment":"scroll","background-type":"","background-media":"","overlay-type":"","overlay-color":"","overlay-opacity":"","overlay-gradient":""},"mobile":{"background-color":"","background-image":"","background-repeat":"repeat","background-position":"center center","background-size":"auto","background-attachment":"scroll","background-type":"","background-media":"","overlay-type":"","overlay-color":"","overlay-opacity":"","overlay-gradient":""}},"ast-content-background-meta":{"desktop":{"background-color":"var(--ast-global-color-4)","background-image":"","background-repeat":"repeat","background-position":"center center","background-size":"auto","background-attachment":"scroll","background-type":"","background-media":"","overlay-type":"","overlay-color":"","overlay-opacity":"","overlay-gradient":""},"tablet":{"background-color":"var(--ast-global-color-4)","background-image":"","background-repeat":"repeat","background-position":"center center","background-size":"auto","background-attachment":"scroll","background-type":"","background-media":"","overlay-type":"","overlay-color":"","overlay-opacity":"","overlay-gradient":""},"mobile":{"background-color":"var(--ast-global-color-4)","background-image":"","background-repeat":"repeat","background-position":"center center","background-size":"auto","background-attachment":"scroll","background-type":"","background-media":"","overlay-type":"","overlay-color":"","overlay-opacity":"","overlay-gradient":""}},"footnotes":""},"categories":[1],"tags":[],"class_list":["post-109290","post","type-post","status-publish","format-standard","hentry","category-sem-categoria"],"yoast_head":"<!-- This site is optimized with the Yoast SEO plugin v26.6 - https:\/\/yoast.com\/wordpress\/plugins\/seo\/ -->\n<title>Sess\u00e3o solene marca abertura dos trabalhos da \u2018Assembleia Itinerante\u2019 em Caxias - Daniel Matos<\/title>\n<meta name=\"robots\" content=\"index, follow, max-snippet:-1, max-image-preview:large, max-video-preview:-1\" \/>\n<link rel=\"canonical\" href=\"https:\/\/www.blogsoestado.com\/danielmatos\/sessao-solene-marca-abertura-dos-trabalhos-da-assembleia-itinerante-em-caxias\/\" \/>\n<meta property=\"og:locale\" content=\"pt_BR\" \/>\n<meta property=\"og:type\" content=\"article\" \/>\n<meta property=\"og:title\" content=\"Sess\u00e3o solene marca abertura dos trabalhos da \u2018Assembleia Itinerante\u2019 em Caxias - Daniel Matos\" \/>\n<meta property=\"og:description\" content=\"Na abertura da cerim\u00f4nia, ocorrida no Plen\u00e1rio Edson Vidigal, a deputada Iracema Vale desejou boas-vindas aos presentes e falou da [&hellip;]\" \/>\n<meta property=\"og:url\" content=\"https:\/\/www.blogsoestado.com\/danielmatos\/sessao-solene-marca-abertura-dos-trabalhos-da-assembleia-itinerante-em-caxias\/\" \/>\n<meta property=\"og:site_name\" content=\"Daniel Matos\" \/>\n<meta property=\"article:published_time\" content=\"2023-05-06T00:23:45+00:00\" \/>\n<meta property=\"og:image\" content=\"https:\/\/www.blogsoestado.com\/danielmatos\/files\/2023\/05\/Screenshot_20230505-2126542.png\" \/>\n<meta name=\"twitter:card\" content=\"summary_large_image\" \/>\n<meta name=\"twitter:label1\" content=\"Est. tempo de leitura\" \/>\n\t<meta name=\"twitter:data1\" content=\"4 minutos\" \/>\n<script type=\"application\/ld+json\" class=\"yoast-schema-graph\">{\"@context\":\"https:\/\/schema.org\",\"@graph\":[{\"@type\":\"WebPage\",\"@id\":\"https:\/\/www.blogsoestado.com\/danielmatos\/sessao-solene-marca-abertura-dos-trabalhos-da-assembleia-itinerante-em-caxias\/\",\"url\":\"https:\/\/www.blogsoestado.com\/danielmatos\/sessao-solene-marca-abertura-dos-trabalhos-da-assembleia-itinerante-em-caxias\/\",\"name\":\"Sess\u00e3o solene marca abertura dos trabalhos da \u2018Assembleia Itinerante\u2019 em Caxias - Daniel Matos\",\"isPartOf\":{\"@id\":\"https:\/\/www.blogsoestado.com\/danielmatos\/#website\"},\"primaryImageOfPage\":{\"@id\":\"https:\/\/www.blogsoestado.com\/danielmatos\/sessao-solene-marca-abertura-dos-trabalhos-da-assembleia-itinerante-em-caxias\/#primaryimage\"},\"image\":{\"@id\":\"https:\/\/www.blogsoestado.com\/danielmatos\/sessao-solene-marca-abertura-dos-trabalhos-da-assembleia-itinerante-em-caxias\/#primaryimage\"},\"thumbnailUrl\":\"https:\/\/www.blogsoestado.com\/danielmatos\/files\/2023\/05\/Screenshot_20230505-2126542.png\",\"datePublished\":\"2023-05-06T00:23:45+00:00\",\"author\":{\"@id\":\"\"},\"breadcrumb\":{\"@id\":\"https:\/\/www.blogsoestado.com\/danielmatos\/sessao-solene-marca-abertura-dos-trabalhos-da-assembleia-itinerante-em-caxias\/#breadcrumb\"},\"inLanguage\":\"pt-BR\",\"potentialAction\":[{\"@type\":\"ReadAction\",\"target\":[\"https:\/\/www.blogsoestado.com\/danielmatos\/sessao-solene-marca-abertura-dos-trabalhos-da-assembleia-itinerante-em-caxias\/\"]}]},{\"@type\":\"ImageObject\",\"inLanguage\":\"pt-BR\",\"@id\":\"https:\/\/www.blogsoestado.com\/danielmatos\/sessao-solene-marca-abertura-dos-trabalhos-da-assembleia-itinerante-em-caxias\/#primaryimage\",\"url\":\"https:\/\/www.blogsoestado.com\/danielmatos\/files\/2023\/05\/Screenshot_20230505-2126542.png\",\"contentUrl\":\"https:\/\/www.blogsoestado.com\/danielmatos\/files\/2023\/05\/Screenshot_20230505-2126542.png\"},{\"@type\":\"BreadcrumbList\",\"@id\":\"https:\/\/www.blogsoestado.com\/danielmatos\/sessao-solene-marca-abertura-dos-trabalhos-da-assembleia-itinerante-em-caxias\/#breadcrumb\",\"itemListElement\":[{\"@type\":\"ListItem\",\"position\":1,\"name\":\"In\u00edcio\",\"item\":\"https:\/\/www.blogsoestado.com\/danielmatos\/\"},{\"@type\":\"ListItem\",\"position\":2,\"name\":\"Sess\u00e3o solene marca abertura dos trabalhos da \u2018Assembleia Itinerante\u2019 em Caxias\"}]},{\"@type\":\"WebSite\",\"@id\":\"https:\/\/www.blogsoestado.com\/danielmatos\/#website\",\"url\":\"https:\/\/www.blogsoestado.com\/danielmatos\/\",\"name\":\"Daniel Matos\",\"description\":\"\",\"potentialAction\":[{\"@type\":\"SearchAction\",\"target\":{\"@type\":\"EntryPoint\",\"urlTemplate\":\"https:\/\/www.blogsoestado.com\/danielmatos\/?s={search_term_string}\"},\"query-input\":{\"@type\":\"PropertyValueSpecification\",\"valueRequired\":true,\"valueName\":\"search_term_string\"}}],\"inLanguage\":\"pt-BR\"}]}<\/script>\n<!-- \/ Yoast SEO plugin. -->","yoast_head_json":{"title":"Sess\u00e3o solene marca abertura dos trabalhos da \u2018Assembleia Itinerante\u2019 em Caxias - Daniel Matos","robots":{"index":"index","follow":"follow","max-snippet":"max-snippet:-1","max-image-preview":"max-image-preview:large","max-video-preview":"max-video-preview:-1"},"canonical":"https:\/\/www.blogsoestado.com\/danielmatos\/sessao-solene-marca-abertura-dos-trabalhos-da-assembleia-itinerante-em-caxias\/","og_locale":"pt_BR","og_type":"article","og_title":"Sess\u00e3o solene marca abertura dos trabalhos da \u2018Assembleia Itinerante\u2019 em Caxias - Daniel Matos","og_description":"Na abertura da cerim\u00f4nia, ocorrida no Plen\u00e1rio Edson Vidigal, a deputada Iracema Vale desejou boas-vindas aos presentes e falou da [&hellip;]","og_url":"https:\/\/www.blogsoestado.com\/danielmatos\/sessao-solene-marca-abertura-dos-trabalhos-da-assembleia-itinerante-em-caxias\/","og_site_name":"Daniel Matos","article_published_time":"2023-05-06T00:23:45+00:00","og_image":[{"url":"https:\/\/www.blogsoestado.com\/danielmatos\/files\/2023\/05\/Screenshot_20230505-2126542.png","type":"","width":"","height":""}],"twitter_card":"summary_large_image","twitter_misc":{"Est. tempo de leitura":"4 minutos"},"schema":{"@context":"https:\/\/schema.org","@graph":[{"@type":"WebPage","@id":"https:\/\/www.blogsoestado.com\/danielmatos\/sessao-solene-marca-abertura-dos-trabalhos-da-assembleia-itinerante-em-caxias\/","url":"https:\/\/www.blogsoestado.com\/danielmatos\/sessao-solene-marca-abertura-dos-trabalhos-da-assembleia-itinerante-em-caxias\/","name":"Sess\u00e3o solene marca abertura dos trabalhos da \u2018Assembleia Itinerante\u2019 em Caxias - Daniel Matos","isPartOf":{"@id":"https:\/\/www.blogsoestado.com\/danielmatos\/#website"},"primaryImageOfPage":{"@id":"https:\/\/www.blogsoestado.com\/danielmatos\/sessao-solene-marca-abertura-dos-trabalhos-da-assembleia-itinerante-em-caxias\/#primaryimage"},"image":{"@id":"https:\/\/www.blogsoestado.com\/danielmatos\/sessao-solene-marca-abertura-dos-trabalhos-da-assembleia-itinerante-em-caxias\/#primaryimage"},"thumbnailUrl":"https:\/\/www.blogsoestado.com\/danielmatos\/files\/2023\/05\/Screenshot_20230505-2126542.png","datePublished":"2023-05-06T00:23:45+00:00","author":{"@id":""},"breadcrumb":{"@id":"https:\/\/www.blogsoestado.com\/danielmatos\/sessao-solene-marca-abertura-dos-trabalhos-da-assembleia-itinerante-em-caxias\/#breadcrumb"},"inLanguage":"pt-BR","potentialAction":[{"@type":"ReadAction","target":["https:\/\/www.blogsoestado.com\/danielmatos\/sessao-solene-marca-abertura-dos-trabalhos-da-assembleia-itinerante-em-caxias\/"]}]},{"@type":"ImageObject","inLanguage":"pt-BR","@id":"https:\/\/www.blogsoestado.com\/danielmatos\/sessao-solene-marca-abertura-dos-trabalhos-da-assembleia-itinerante-em-caxias\/#primaryimage","url":"https:\/\/www.blogsoestado.com\/danielmatos\/files\/2023\/05\/Screenshot_20230505-2126542.png","contentUrl":"https:\/\/www.blogsoestado.com\/danielmatos\/files\/2023\/05\/Screenshot_20230505-2126542.png"},{"@type":"BreadcrumbList","@id":"https:\/\/www.blogsoestado.com\/danielmatos\/sessao-solene-marca-abertura-dos-trabalhos-da-assembleia-itinerante-em-caxias\/#breadcrumb","itemListElement":[{"@type":"ListItem","position":1,"name":"In\u00edcio","item":"https:\/\/www.blogsoestado.com\/danielmatos\/"},{"@type":"ListItem","position":2,"name":"Sess\u00e3o solene marca abertura dos trabalhos da \u2018Assembleia Itinerante\u2019 em Caxias"}]},{"@type":"WebSite","@id":"https:\/\/www.blogsoestado.com\/danielmatos\/#website","url":"https:\/\/www.blogsoestado.com\/danielmatos\/","name":"Daniel Matos","description":"","potentialAction":[{"@type":"SearchAction","target":{"@type":"EntryPoint","urlTemplate":"https:\/\/www.blogsoestado.com\/danielmatos\/?s={search_term_string}"},"query-input":{"@type":"PropertyValueSpecification","valueRequired":true,"valueName":"search_term_string"}}],"inLanguage":"pt-BR"}]}},"jetpack_featured_media_url":"","_links":{"self":[{"href":"https:\/\/www.blogsoestado.com\/danielmatos\/wp-json\/wp\/v2\/posts\/109290","targetHints":{"allow":["GET"]}}],"collection":[{"href":"https:\/\/www.blogsoestado.com\/danielmatos\/wp-json\/wp\/v2\/posts"}],"about":[{"href":"https:\/\/www.blogsoestado.com\/danielmatos\/wp-json\/wp\/v2\/types\/post"}],"replies":[{"embeddable":true,"href":"https:\/\/www.blogsoestado.com\/danielmatos\/wp-json\/wp\/v2\/comments?post=109290"}],"version-history":[{"count":0,"href":"https:\/\/www.blogsoestado.com\/danielmatos\/wp-json\/wp\/v2\/posts\/109290\/revisions"}],"wp:attachment":[{"href":"https:\/\/www.blogsoestado.com\/danielmatos\/wp-json\/wp\/v2\/media?parent=109290"}],"wp:term":[{"taxonomy":"category","embeddable":true,"href":"https:\/\/www.blogsoestado.com\/danielmatos\/wp-json\/wp\/v2\/categories?post=109290"},{"taxonomy":"post_tag","embeddable":true,"href":"https:\/\/www.blogsoestado.com\/danielmatos\/wp-json\/wp\/v2\/tags?post=109290"}],"curies":[{"name":"wp","href":"https:\/\/api.w.org\/{rel}","templated":true}]}}