{"id":1093,"date":"2009-05-29T12:18:34","date_gmt":"2009-05-29T15:18:34","guid":{"rendered":"https:\/\/www.blogsoestado.com\/danielmatos\/2009\/05\/29\/assim-como-jackson-prefeito-balaio-pode-perder-o-mandato\/"},"modified":"2009-05-29T12:18:34","modified_gmt":"2009-05-29T15:18:34","slug":"assim-como-jackson-prefeito-balaio-pode-perder-o-mandato","status":"publish","type":"post","link":"https:\/\/www.blogsoestado.com\/danielmatos\/assim-como-jackson-prefeito-balaio-pode-perder-o-mandato\/","title":{"rendered":"Assim como Jackson, prefeito balaio de Jo\u00e3o Lisboa pode perder o mandato"},"content":{"rendered":"<p><a href=\"https:\/\/www.blogsoestado.com\/danielmatos\/files\/2009\/05\/emiliano1.jpg\" title=\"emiliano1.jpg\"><img decoding=\"async\" align=\"left\" src=\"https:\/\/www.blogsoestado.com\/danielmatos\/files\/2009\/05\/emiliano1.jpg\" alt=\"emiliano1.jpg\" \/><\/a>O prefeito reeleito de Jo\u00e3o Lisboa, Emiliano Menezes (PDT), pode perder o mandato, assim como seu aliado e mentor pol\u00edtico, Jackson Lago.\u00a0Ele responde a processo no Minist\u00e9rio P\u00fablico Eleitoral sob a\u00a0acusa\u00e7\u00e3o de manter um caixa dois durante a campanha que o conduziu ao\u00a0cargo,\u00a0em outubro do ano passado.\u00a0O prefeito foi denunciado, tamb\u00e9m, por suposto abuso de poder econ\u00f4mico e arrecada\u00e7\u00e3o indevida de recursos para financiar\u00a0gastos de\u00a0campanha.<\/p>\n<p>Advers\u00e1rios relatam alguns fatos que, segundo eles, comprovam as ilegalidades cometidas por\u00a0Emiliano para vencer\u00a0a elei\u00e7\u00e3o.\u00a0Em julho de 2008, ele ocupava o terceiro lugar na prefer\u00eancia do\u00a0eleitorado do munic\u00edpio, de acordo com pesquisas de inten\u00e7\u00e3o de voto realizadas na \u00e9poca.\u00a0Em setembro,\u00a0o prefeito\u00a0j\u00e1 aparecia\u00a0na primeira\u00a0coloca\u00e7\u00e3o,\u00a0que manteve at\u00e9\u00a0o pleito. Para se ter uma id\u00e9ia de quanto foi extraordin\u00e1ria a subida, no in\u00edcio da campanha, o \u00edndice de rejei\u00e7\u00e3o de Emiliano\u00a0estava em torno de 65%, segundo sondagens feitas junto \u00e0 popula\u00e7\u00e3o.\u00a0<\/p>\n<p>Opositores atribuem a vit\u00f3ria \u00e0 atua\u00e7\u00e3o escancarada do governo da \u00e9poca em favor do aliado. Para benefici\u00e1-lo, Jackson Lago teria mandado executar v\u00e1rias obras em Jo\u00e3o Lisboa e teria destinado elevada quantia para compra de votos.<\/p>\n<p><strong>Balaio<\/strong><\/p>\n<p>Em 17 de abril passado, quando Jackson Lago teve sua cassa\u00e7\u00e3o confirmada pelo Tribunal Superior Eleitoral (TSE),\u00a0Emiliano Meneses e outras\u00a0lideran\u00e7as pol\u00edticas\u00a0da regi\u00e3o de Jo\u00e3o Lisboa manitiveram-se trancados no Pal\u00e1cio dos Le\u00f5es,\u00a0junto com o ex-governador, na tentativa frustrada de despertar clamor social. A cena pat\u00e9tica tornou ainda mais melanc\u00f3lico o desfecho da aventura balaia no governo do Maranh\u00e3o.<\/p>\n<p>O processo ainda est\u00e1 na fase da apura\u00e7\u00e3o. Mas, pela consist\u00eancia das den\u00fancias, torna-se cada vez mais forte a possibilidade de o grupo balaio sofrer mais um rev\u00e9s.\u00a0\u00a0\u00a0\u00a0\u00a0\u00a0\u00a0\u00a0<\/p>\n","protected":false},"excerpt":{"rendered":"<p>O prefeito reeleito de Jo\u00e3o Lisboa, Emiliano Menezes (PDT), pode perder o mandato, assim como seu aliado e mentor pol\u00edtico, [&hellip;]<\/p>\n","protected":false},"author":0,"featured_media":0,"comment_status":"open","ping_status":"open","sticky":false,"template":"","format":"standard","meta":{"site-sidebar-layout":"default","site-content-layout":"","ast-site-content-layout":"default","site-content-style":"default","site-sidebar-style":"default","ast-global-header-display":"","ast-banner-title-visibility":"","ast-main-header-display":"","ast-hfb-above-header-display":"","ast-hfb-below-header-display":"","ast-hfb-mobile-header-display":"","site-post-title":"","ast-breadcrumbs-content":"","ast-featured-img":"","footer-sml-layout":"","ast-disable-related-posts":"","theme-transparent-header-meta":"","adv-header-id-meta":"","stick-header-meta":"","header-above-stick-meta":"","header-main-stick-meta":"","header-below-stick-meta":"","astra-migrate-meta-layouts":"default","ast-page-background-enabled":"default","ast-page-background-meta":{"desktop":{"background-color":"var(--ast-global-color-5)","background-image":"","background-repeat":"repeat","background-position":"center center","background-size":"auto","background-attachment":"scroll","background-type":"","background-media":"","overlay-type":"","overlay-color":"","overlay-opacity":"","overlay-gradient":""},"tablet":{"background-color":"","background-image":"","background-repeat":"repeat","background-position":"center center","background-size":"auto","background-attachment":"scroll","background-type":"","background-media":"","overlay-type":"","overlay-color":"","overlay-opacity":"","overlay-gradient":""},"mobile":{"background-color":"","background-image":"","background-repeat":"repeat","background-position":"center center","background-size":"auto","background-attachment":"scroll","background-type":"","background-media":"","overlay-type":"","overlay-color":"","overlay-opacity":"","overlay-gradient":""}},"ast-content-background-meta":{"desktop":{"background-color":"var(--ast-global-color-4)","background-image":"","background-repeat":"repeat","background-position":"center center","background-size":"auto","background-attachment":"scroll","background-type":"","background-media":"","overlay-type":"","overlay-color":"","overlay-opacity":"","overlay-gradient":""},"tablet":{"background-color":"var(--ast-global-color-4)","background-image":"","background-repeat":"repeat","background-position":"center center","background-size":"auto","background-attachment":"scroll","background-type":"","background-media":"","overlay-type":"","overlay-color":"","overlay-opacity":"","overlay-gradient":""},"mobile":{"background-color":"var(--ast-global-color-4)","background-image":"","background-repeat":"repeat","background-position":"center center","background-size":"auto","background-attachment":"scroll","background-type":"","background-media":"","overlay-type":"","overlay-color":"","overlay-opacity":"","overlay-gradient":""}},"footnotes":""},"categories":[1],"tags":[],"class_list":["post-1093","post","type-post","status-publish","format-standard","hentry","category-sem-categoria"],"yoast_head":"<!-- This site is optimized with the Yoast SEO plugin v26.6 - https:\/\/yoast.com\/wordpress\/plugins\/seo\/ -->\n<title>Assim como Jackson, prefeito balaio de Jo\u00e3o Lisboa pode perder o mandato - Daniel Matos<\/title>\n<meta name=\"robots\" content=\"index, follow, max-snippet:-1, max-image-preview:large, max-video-preview:-1\" \/>\n<link rel=\"canonical\" href=\"https:\/\/www.blogsoestado.com\/danielmatos\/assim-como-jackson-prefeito-balaio-pode-perder-o-mandato\/\" \/>\n<meta property=\"og:locale\" content=\"pt_BR\" \/>\n<meta property=\"og:type\" content=\"article\" \/>\n<meta property=\"og:title\" content=\"Assim como Jackson, prefeito balaio de Jo\u00e3o Lisboa pode perder o mandato - Daniel Matos\" \/>\n<meta property=\"og:description\" content=\"O prefeito reeleito de Jo\u00e3o Lisboa, Emiliano Menezes (PDT), pode perder o mandato, assim como seu aliado e mentor pol\u00edtico, [&hellip;]\" \/>\n<meta property=\"og:url\" content=\"https:\/\/www.blogsoestado.com\/danielmatos\/assim-como-jackson-prefeito-balaio-pode-perder-o-mandato\/\" \/>\n<meta property=\"og:site_name\" content=\"Daniel Matos\" \/>\n<meta property=\"article:published_time\" content=\"2009-05-29T15:18:34+00:00\" \/>\n<meta property=\"og:image\" content=\"https:\/\/www.blogsoestado.com\/danielmatos\/files\/2009\/05\/emiliano1.jpg\" \/>\n<meta name=\"twitter:card\" content=\"summary_large_image\" \/>\n<meta name=\"twitter:label1\" content=\"Est. tempo de leitura\" \/>\n\t<meta name=\"twitter:data1\" content=\"2 minutos\" \/>\n<script type=\"application\/ld+json\" class=\"yoast-schema-graph\">{\"@context\":\"https:\/\/schema.org\",\"@graph\":[{\"@type\":\"WebPage\",\"@id\":\"https:\/\/www.blogsoestado.com\/danielmatos\/assim-como-jackson-prefeito-balaio-pode-perder-o-mandato\/\",\"url\":\"https:\/\/www.blogsoestado.com\/danielmatos\/assim-como-jackson-prefeito-balaio-pode-perder-o-mandato\/\",\"name\":\"Assim como Jackson, prefeito balaio de Jo\u00e3o Lisboa pode perder o mandato - Daniel Matos\",\"isPartOf\":{\"@id\":\"https:\/\/www.blogsoestado.com\/danielmatos\/#website\"},\"primaryImageOfPage\":{\"@id\":\"https:\/\/www.blogsoestado.com\/danielmatos\/assim-como-jackson-prefeito-balaio-pode-perder-o-mandato\/#primaryimage\"},\"image\":{\"@id\":\"https:\/\/www.blogsoestado.com\/danielmatos\/assim-como-jackson-prefeito-balaio-pode-perder-o-mandato\/#primaryimage\"},\"thumbnailUrl\":\"https:\/\/www.blogsoestado.com\/danielmatos\/files\/2009\/05\/emiliano1.jpg\",\"datePublished\":\"2009-05-29T15:18:34+00:00\",\"author\":{\"@id\":\"\"},\"breadcrumb\":{\"@id\":\"https:\/\/www.blogsoestado.com\/danielmatos\/assim-como-jackson-prefeito-balaio-pode-perder-o-mandato\/#breadcrumb\"},\"inLanguage\":\"pt-BR\",\"potentialAction\":[{\"@type\":\"ReadAction\",\"target\":[\"https:\/\/www.blogsoestado.com\/danielmatos\/assim-como-jackson-prefeito-balaio-pode-perder-o-mandato\/\"]}]},{\"@type\":\"ImageObject\",\"inLanguage\":\"pt-BR\",\"@id\":\"https:\/\/www.blogsoestado.com\/danielmatos\/assim-como-jackson-prefeito-balaio-pode-perder-o-mandato\/#primaryimage\",\"url\":\"https:\/\/www.blogsoestado.com\/danielmatos\/files\/2009\/05\/emiliano1.jpg\",\"contentUrl\":\"https:\/\/www.blogsoestado.com\/danielmatos\/files\/2009\/05\/emiliano1.jpg\"},{\"@type\":\"BreadcrumbList\",\"@id\":\"https:\/\/www.blogsoestado.com\/danielmatos\/assim-como-jackson-prefeito-balaio-pode-perder-o-mandato\/#breadcrumb\",\"itemListElement\":[{\"@type\":\"ListItem\",\"position\":1,\"name\":\"In\u00edcio\",\"item\":\"https:\/\/www.blogsoestado.com\/danielmatos\/\"},{\"@type\":\"ListItem\",\"position\":2,\"name\":\"Assim como Jackson, prefeito balaio de Jo\u00e3o Lisboa pode perder o mandato\"}]},{\"@type\":\"WebSite\",\"@id\":\"https:\/\/www.blogsoestado.com\/danielmatos\/#website\",\"url\":\"https:\/\/www.blogsoestado.com\/danielmatos\/\",\"name\":\"Daniel Matos\",\"description\":\"\",\"potentialAction\":[{\"@type\":\"SearchAction\",\"target\":{\"@type\":\"EntryPoint\",\"urlTemplate\":\"https:\/\/www.blogsoestado.com\/danielmatos\/?s={search_term_string}\"},\"query-input\":{\"@type\":\"PropertyValueSpecification\",\"valueRequired\":true,\"valueName\":\"search_term_string\"}}],\"inLanguage\":\"pt-BR\"}]}<\/script>\n<!-- \/ Yoast SEO plugin. -->","yoast_head_json":{"title":"Assim como Jackson, prefeito balaio de Jo\u00e3o Lisboa pode perder o mandato - Daniel Matos","robots":{"index":"index","follow":"follow","max-snippet":"max-snippet:-1","max-image-preview":"max-image-preview:large","max-video-preview":"max-video-preview:-1"},"canonical":"https:\/\/www.blogsoestado.com\/danielmatos\/assim-como-jackson-prefeito-balaio-pode-perder-o-mandato\/","og_locale":"pt_BR","og_type":"article","og_title":"Assim como Jackson, prefeito balaio de Jo\u00e3o Lisboa pode perder o mandato - Daniel Matos","og_description":"O prefeito reeleito de Jo\u00e3o Lisboa, Emiliano Menezes (PDT), pode perder o mandato, assim como seu aliado e mentor pol\u00edtico, [&hellip;]","og_url":"https:\/\/www.blogsoestado.com\/danielmatos\/assim-como-jackson-prefeito-balaio-pode-perder-o-mandato\/","og_site_name":"Daniel Matos","article_published_time":"2009-05-29T15:18:34+00:00","og_image":[{"url":"https:\/\/www.blogsoestado.com\/danielmatos\/files\/2009\/05\/emiliano1.jpg","type":"","width":"","height":""}],"twitter_card":"summary_large_image","twitter_misc":{"Est. tempo de leitura":"2 minutos"},"schema":{"@context":"https:\/\/schema.org","@graph":[{"@type":"WebPage","@id":"https:\/\/www.blogsoestado.com\/danielmatos\/assim-como-jackson-prefeito-balaio-pode-perder-o-mandato\/","url":"https:\/\/www.blogsoestado.com\/danielmatos\/assim-como-jackson-prefeito-balaio-pode-perder-o-mandato\/","name":"Assim como Jackson, prefeito balaio de Jo\u00e3o Lisboa pode perder o mandato - Daniel Matos","isPartOf":{"@id":"https:\/\/www.blogsoestado.com\/danielmatos\/#website"},"primaryImageOfPage":{"@id":"https:\/\/www.blogsoestado.com\/danielmatos\/assim-como-jackson-prefeito-balaio-pode-perder-o-mandato\/#primaryimage"},"image":{"@id":"https:\/\/www.blogsoestado.com\/danielmatos\/assim-como-jackson-prefeito-balaio-pode-perder-o-mandato\/#primaryimage"},"thumbnailUrl":"https:\/\/www.blogsoestado.com\/danielmatos\/files\/2009\/05\/emiliano1.jpg","datePublished":"2009-05-29T15:18:34+00:00","author":{"@id":""},"breadcrumb":{"@id":"https:\/\/www.blogsoestado.com\/danielmatos\/assim-como-jackson-prefeito-balaio-pode-perder-o-mandato\/#breadcrumb"},"inLanguage":"pt-BR","potentialAction":[{"@type":"ReadAction","target":["https:\/\/www.blogsoestado.com\/danielmatos\/assim-como-jackson-prefeito-balaio-pode-perder-o-mandato\/"]}]},{"@type":"ImageObject","inLanguage":"pt-BR","@id":"https:\/\/www.blogsoestado.com\/danielmatos\/assim-como-jackson-prefeito-balaio-pode-perder-o-mandato\/#primaryimage","url":"https:\/\/www.blogsoestado.com\/danielmatos\/files\/2009\/05\/emiliano1.jpg","contentUrl":"https:\/\/www.blogsoestado.com\/danielmatos\/files\/2009\/05\/emiliano1.jpg"},{"@type":"BreadcrumbList","@id":"https:\/\/www.blogsoestado.com\/danielmatos\/assim-como-jackson-prefeito-balaio-pode-perder-o-mandato\/#breadcrumb","itemListElement":[{"@type":"ListItem","position":1,"name":"In\u00edcio","item":"https:\/\/www.blogsoestado.com\/danielmatos\/"},{"@type":"ListItem","position":2,"name":"Assim como Jackson, prefeito balaio de Jo\u00e3o Lisboa pode perder o mandato"}]},{"@type":"WebSite","@id":"https:\/\/www.blogsoestado.com\/danielmatos\/#website","url":"https:\/\/www.blogsoestado.com\/danielmatos\/","name":"Daniel Matos","description":"","potentialAction":[{"@type":"SearchAction","target":{"@type":"EntryPoint","urlTemplate":"https:\/\/www.blogsoestado.com\/danielmatos\/?s={search_term_string}"},"query-input":{"@type":"PropertyValueSpecification","valueRequired":true,"valueName":"search_term_string"}}],"inLanguage":"pt-BR"}]}},"jetpack_featured_media_url":"","_links":{"self":[{"href":"https:\/\/www.blogsoestado.com\/danielmatos\/wp-json\/wp\/v2\/posts\/1093","targetHints":{"allow":["GET"]}}],"collection":[{"href":"https:\/\/www.blogsoestado.com\/danielmatos\/wp-json\/wp\/v2\/posts"}],"about":[{"href":"https:\/\/www.blogsoestado.com\/danielmatos\/wp-json\/wp\/v2\/types\/post"}],"replies":[{"embeddable":true,"href":"https:\/\/www.blogsoestado.com\/danielmatos\/wp-json\/wp\/v2\/comments?post=1093"}],"version-history":[{"count":0,"href":"https:\/\/www.blogsoestado.com\/danielmatos\/wp-json\/wp\/v2\/posts\/1093\/revisions"}],"wp:attachment":[{"href":"https:\/\/www.blogsoestado.com\/danielmatos\/wp-json\/wp\/v2\/media?parent=1093"}],"wp:term":[{"taxonomy":"category","embeddable":true,"href":"https:\/\/www.blogsoestado.com\/danielmatos\/wp-json\/wp\/v2\/categories?post=1093"},{"taxonomy":"post_tag","embeddable":true,"href":"https:\/\/www.blogsoestado.com\/danielmatos\/wp-json\/wp\/v2\/tags?post=1093"}],"curies":[{"name":"wp","href":"https:\/\/api.w.org\/{rel}","templated":true}]}}