{"id":109301,"date":"2023-05-06T00:10:15","date_gmt":"2023-05-06T03:10:15","guid":{"rendered":"https:\/\/www.blogsoestado.com\/danielmatos\/?p=109301"},"modified":"2023-05-06T00:10:15","modified_gmt":"2023-05-06T03:10:15","slug":"legislativo-homenageia-cleide-coutinho-humberto-coutinho-e-ze-gentil-durante-assembleia-itinerante","status":"publish","type":"post","link":"https:\/\/www.blogsoestado.com\/danielmatos\/legislativo-homenageia-cleide-coutinho-humberto-coutinho-e-ze-gentil-durante-assembleia-itinerante\/","title":{"rendered":"Legislativo homenageia Cleide Coutinho, Humberto Coutinho e Z\u00e9 Gentil durante \u2018Assembleia Itinerante\u2019"},"content":{"rendered":"\n<p><strong><span class=\"has-inline-color has-vivid-red-color\">Os homenageados s\u00e3o reconhecidas personalidades pol\u00edticas n\u00e3o s\u00f3 do munic\u00edpio de Caxias, mas de todo o Leste do Maranh\u00e3o, onde t\u00eam uma hist\u00f3ria marcada por muitas a\u00e7\u00f5es em prol da regi\u00e3o<\/span><\/strong><\/p>\n\n\n\n<div class=\"wp-block-image\"><figure class=\"aligncenter size-large\"><a href=\"https:\/\/www.blogsoestado.com\/danielmatos\/files\/2023\/05\/Screenshot_20230506-0018122.png\"><img decoding=\"async\" src=\"https:\/\/www.blogsoestado.com\/danielmatos\/files\/2023\/05\/Screenshot_20230506-0018122.png\" alt=\"\" class=\"wp-image-109306\"\/><\/a><figcaption>Ao lado de deputada Daniella, o prefeito de Caxias, F\u00e1bio Gentil, filho do ex-deputado Z\u00e9 Gentil (in memorian), recebeu a medalha que homenageia seu pai<\/figcaption><\/figure><\/div>\n\n\n\n<p>A Assembleia Legislativa do Maranh\u00e3o homenageou com a Medalha do M\u00e9rito Legislativo \u201cManuel Beckman\u201d a ex-deputada Cleide Coutinho e os ex-deputados Humberto Coutinho (in memorian) e Z\u00e9 Gentil (in memorian), durante sess\u00e3o solene da \u2018Assembleia Itinerante\u2019, nesta sexta-feira (5), em Caxias. A proposi\u00e7\u00e3o foi das deputadas Daniella (PSB) e Cl\u00e1udia Coutinho (PDT) em reconhecimento \u00e0 trajet\u00f3ria e ao legado pol\u00edtico dos homenageados.<\/p>\n\n\n\n<p>Reconhecidas personalidades pol\u00edticas n\u00e3o s\u00f3 do munic\u00edpio de Caxias, mas de todo o Leste do Maranh\u00e3o, Cleide Coutinho, Humberto Coutinho e Z\u00e9 Gentil t\u00eam uma hist\u00f3ria marcada por muitas a\u00e7\u00f5es em prol da regi\u00e3o e dos maranhenses.<\/p>\n\n\n\n<p>Na ocasi\u00e3o, a deputada Daniella falou da satisfa\u00e7\u00e3o em homenagear figuras t\u00e3o importantes para a pol\u00edtica do Maranh\u00e3o. \u201cQuero deixar registrada a minha felicidade em homenagear essas justas figuras, que tanto contribu\u00edram para o crescimento do estado do Maranh\u00e3o e de todos aqueles que tiveram a oportunidade de conviver com eles\u201d, afirmou.<\/p>\n\n\n\n<p>A deputada Cl\u00e1udia Coutinho tamb\u00e9m ratificou a honra em ser uma das autoras das homenagens. \u201cQuem conviveu com nosso saudoso Dr. Humberto Coutinho sabe o quanto tenho gratid\u00e3o por esse momento e o tamanho da saudade que ele deixou na nossa fam\u00edlia e para o povo de Caxias. Tamb\u00e9m tenho uma grande admira\u00e7\u00e3o pela mulher que \u00e9 Cleide Coutinho e estou muito emocionada por esse momento. Tenho muito orgulho de fazer parte da fam\u00edlia Coutinho\u201d, assinalou.<\/p>\n\n\n\n<p><strong>Emo\u00e7\u00e3o<\/strong><\/p>\n\n\n\n<p>Emocionada, Cleide Coutinho agradeceu o reconhecimento da Casa \u00e0 sua trajet\u00f3ria pol\u00edtica e, tamb\u00e9m, a homenagem p\u00f3stuma ao seu marido, o ex-deputado Humberto Coutinho, que presidiu o Parlamento Estadual e que deixou um legado de muito trabalho pelo Maranh\u00e3o.&nbsp; \u201cSei que, assim como eu, ele ficaria muito feliz com essa homenagem. Agrade\u00e7o a todos os deputados, pois sei que foi uma unanimidade, e \u00e9 uma honra receb\u00ea-la neste momento, em vida\u201d, declarou.<\/p>\n\n\n\n<p>O prefeito de Caxias, F\u00e1bio Gentil, que \u00e9 filho do ex-deputado Z\u00e9 Gentil, tamb\u00e9m se emocionou com a homenagem ao seu pai e agradeceu a honraria entregue pelo Parlamento Estadual. \u201cMeu pai me ensinou a ser o homem que sou. Agrade\u00e7o a todos que enaltecem e relembram o seu nome, pois sei que, onde ele tiver, ele coloca a m\u00e3o sobre essa Assembleia, que tinha muito orgulho de fazer parte\u201d, disse.<\/p>\n\n\n\n<div class=\"wp-block-image\"><figure class=\"aligncenter size-large\"><a href=\"https:\/\/www.blogsoestado.com\/danielmatos\/files\/2023\/05\/Screenshot_20230506-0002323.png\"><img decoding=\"async\" src=\"https:\/\/www.blogsoestado.com\/danielmatos\/files\/2023\/05\/Screenshot_20230506-0002323.png\" alt=\"\" class=\"wp-image-109303\"\/><\/a><figcaption>Com a presen\u00e7a do prefeito de Caxias, F\u00e1bio Gentil, o plen\u00e1rio fez um minuto de sil\u00eancio em sinal de respeito e rever\u00eancia \u00e0 mem\u00f3ria de Z\u00e9 Gentil e Humberto Coutinho, homenageados na sess\u00e3o solene da Assembleia Itinerante<\/figcaption><\/figure><\/div>\n\n\n\n<p><strong>Biografias<\/strong><\/p>\n\n\n\n<p>Cleide Barroso Coutinho, mais conhecida como Dra. Cleide Coutinho, nasceu na cidade de Maruim (SE). \u00c9 m\u00e9dica, empres\u00e1ria e pol\u00edtica brasileira. Filiada ao Partido Socialista Brasileiro (PSB), Cleide Coutinho j\u00e1 exerceu os cargos de vice-prefeita de Caxias e de deputada estadual por tr\u00eas mandatos na Assembleia Legislativa do Maranh\u00e3o.<\/p>\n\n\n\n<p>Humberto Ivar Ara\u00fajo Coutinho nasceu no povoado Pedreiras, no munic\u00edpio de Mat\u00f5es. Iniciou sua carreira pol\u00edtica em 1988 como o vereador mais votado de Caxias, elegendo-se, logo a seguir, em 1990, deputado estadual, com reelei\u00e7\u00f5es sucessivas nos pleitos de 1994, 1998 e 2002. Em 2004, foi eleito prefeito da cidade de Caxias, sendo reeleito em 2008 com a maior vota\u00e7\u00e3o da hist\u00f3ria daquela cidade.<\/p>\n\n\n\n<p>Em 2014, Dr. Humberto, como \u00e9 conhecido em suas bases eleitorais, retornou \u00e0 Assembleia Legislativa como o deputado mais votado das oposi\u00e7\u00f5es. Foi eleito presidente da Alema em fevereiro de 2015 e reeleito, por unanimidade dos seus pares, para o exerc\u00edcio do bi\u00eanio 2017\/2018.<\/p>\n\n\n\n<p>Jos\u00e9 Gentil Rosa, mais conhecido como Z\u00e9 Gentil, foi empres\u00e1rio e nasceu no dia 18 de mar\u00e7o de 1940, na cidade de Caxias. Ao longo de sua hist\u00f3ria, exerceu os cargos de secret\u00e1rio municipal, vereador de Caxias e deputado estadual por quatros mandatos. Z\u00e9 Gentil tamb\u00e9m foi um dos parlamentares que elaboraram a atual Constitui\u00e7\u00e3o do Estado do Maranh\u00e3o, promulgada em 5 de outubro de 1989. Em 2018, foi eleito deputado estadual.<\/p>\n","protected":false},"excerpt":{"rendered":"<p>Os homenageados s\u00e3o reconhecidas personalidades pol\u00edticas n\u00e3o s\u00f3 do munic\u00edpio de Caxias, mas de todo o Leste do Maranh\u00e3o, onde [&hellip;]<\/p>\n","protected":false},"author":0,"featured_media":0,"comment_status":"open","ping_status":"open","sticky":false,"template":"","format":"standard","meta":{"site-sidebar-layout":"default","site-content-layout":"","ast-site-content-layout":"default","site-content-style":"default","site-sidebar-style":"default","ast-global-header-display":"","ast-banner-title-visibility":"","ast-main-header-display":"","ast-hfb-above-header-display":"","ast-hfb-below-header-display":"","ast-hfb-mobile-header-display":"","site-post-title":"","ast-breadcrumbs-content":"","ast-featured-img":"","footer-sml-layout":"","ast-disable-related-posts":"","theme-transparent-header-meta":"","adv-header-id-meta":"","stick-header-meta":"","header-above-stick-meta":"","header-main-stick-meta":"","header-below-stick-meta":"","astra-migrate-meta-layouts":"default","ast-page-background-enabled":"default","ast-page-background-meta":{"desktop":{"background-color":"var(--ast-global-color-5)","background-image":"","background-repeat":"repeat","background-position":"center center","background-size":"auto","background-attachment":"scroll","background-type":"","background-media":"","overlay-type":"","overlay-color":"","overlay-opacity":"","overlay-gradient":""},"tablet":{"background-color":"","background-image":"","background-repeat":"repeat","background-position":"center center","background-size":"auto","background-attachment":"scroll","background-type":"","background-media":"","overlay-type":"","overlay-color":"","overlay-opacity":"","overlay-gradient":""},"mobile":{"background-color":"","background-image":"","background-repeat":"repeat","background-position":"center center","background-size":"auto","background-attachment":"scroll","background-type":"","background-media":"","overlay-type":"","overlay-color":"","overlay-opacity":"","overlay-gradient":""}},"ast-content-background-meta":{"desktop":{"background-color":"var(--ast-global-color-4)","background-image":"","background-repeat":"repeat","background-position":"center center","background-size":"auto","background-attachment":"scroll","background-type":"","background-media":"","overlay-type":"","overlay-color":"","overlay-opacity":"","overlay-gradient":""},"tablet":{"background-color":"var(--ast-global-color-4)","background-image":"","background-repeat":"repeat","background-position":"center center","background-size":"auto","background-attachment":"scroll","background-type":"","background-media":"","overlay-type":"","overlay-color":"","overlay-opacity":"","overlay-gradient":""},"mobile":{"background-color":"var(--ast-global-color-4)","background-image":"","background-repeat":"repeat","background-position":"center center","background-size":"auto","background-attachment":"scroll","background-type":"","background-media":"","overlay-type":"","overlay-color":"","overlay-opacity":"","overlay-gradient":""}},"footnotes":""},"categories":[1],"tags":[],"class_list":["post-109301","post","type-post","status-publish","format-standard","hentry","category-sem-categoria"],"yoast_head":"<!-- This site is optimized with the Yoast SEO plugin v26.6 - https:\/\/yoast.com\/wordpress\/plugins\/seo\/ -->\n<title>Legislativo homenageia Cleide Coutinho, Humberto Coutinho e Z\u00e9 Gentil durante \u2018Assembleia Itinerante\u2019 - Daniel Matos<\/title>\n<meta name=\"robots\" content=\"index, follow, max-snippet:-1, max-image-preview:large, max-video-preview:-1\" \/>\n<link rel=\"canonical\" href=\"https:\/\/www.blogsoestado.com\/danielmatos\/legislativo-homenageia-cleide-coutinho-humberto-coutinho-e-ze-gentil-durante-assembleia-itinerante\/\" \/>\n<meta property=\"og:locale\" content=\"pt_BR\" \/>\n<meta property=\"og:type\" content=\"article\" \/>\n<meta property=\"og:title\" content=\"Legislativo homenageia Cleide Coutinho, Humberto Coutinho e Z\u00e9 Gentil durante \u2018Assembleia Itinerante\u2019 - Daniel Matos\" \/>\n<meta property=\"og:description\" content=\"Os homenageados s\u00e3o reconhecidas personalidades pol\u00edticas n\u00e3o s\u00f3 do munic\u00edpio de Caxias, mas de todo o Leste do Maranh\u00e3o, onde [&hellip;]\" \/>\n<meta property=\"og:url\" content=\"https:\/\/www.blogsoestado.com\/danielmatos\/legislativo-homenageia-cleide-coutinho-humberto-coutinho-e-ze-gentil-durante-assembleia-itinerante\/\" \/>\n<meta property=\"og:site_name\" content=\"Daniel Matos\" \/>\n<meta property=\"article:published_time\" content=\"2023-05-06T03:10:15+00:00\" \/>\n<meta property=\"og:image\" content=\"https:\/\/www.blogsoestado.com\/danielmatos\/files\/2023\/05\/Screenshot_20230506-0018122.png\" \/>\n<meta name=\"twitter:card\" content=\"summary_large_image\" \/>\n<meta name=\"twitter:label1\" content=\"Est. tempo de leitura\" \/>\n\t<meta name=\"twitter:data1\" content=\"4 minutos\" \/>\n<script type=\"application\/ld+json\" class=\"yoast-schema-graph\">{\"@context\":\"https:\/\/schema.org\",\"@graph\":[{\"@type\":\"WebPage\",\"@id\":\"https:\/\/www.blogsoestado.com\/danielmatos\/legislativo-homenageia-cleide-coutinho-humberto-coutinho-e-ze-gentil-durante-assembleia-itinerante\/\",\"url\":\"https:\/\/www.blogsoestado.com\/danielmatos\/legislativo-homenageia-cleide-coutinho-humberto-coutinho-e-ze-gentil-durante-assembleia-itinerante\/\",\"name\":\"Legislativo homenageia Cleide Coutinho, Humberto Coutinho e Z\u00e9 Gentil durante \u2018Assembleia Itinerante\u2019 - Daniel Matos\",\"isPartOf\":{\"@id\":\"https:\/\/www.blogsoestado.com\/danielmatos\/#website\"},\"primaryImageOfPage\":{\"@id\":\"https:\/\/www.blogsoestado.com\/danielmatos\/legislativo-homenageia-cleide-coutinho-humberto-coutinho-e-ze-gentil-durante-assembleia-itinerante\/#primaryimage\"},\"image\":{\"@id\":\"https:\/\/www.blogsoestado.com\/danielmatos\/legislativo-homenageia-cleide-coutinho-humberto-coutinho-e-ze-gentil-durante-assembleia-itinerante\/#primaryimage\"},\"thumbnailUrl\":\"https:\/\/www.blogsoestado.com\/danielmatos\/files\/2023\/05\/Screenshot_20230506-0018122.png\",\"datePublished\":\"2023-05-06T03:10:15+00:00\",\"author\":{\"@id\":\"\"},\"breadcrumb\":{\"@id\":\"https:\/\/www.blogsoestado.com\/danielmatos\/legislativo-homenageia-cleide-coutinho-humberto-coutinho-e-ze-gentil-durante-assembleia-itinerante\/#breadcrumb\"},\"inLanguage\":\"pt-BR\",\"potentialAction\":[{\"@type\":\"ReadAction\",\"target\":[\"https:\/\/www.blogsoestado.com\/danielmatos\/legislativo-homenageia-cleide-coutinho-humberto-coutinho-e-ze-gentil-durante-assembleia-itinerante\/\"]}]},{\"@type\":\"ImageObject\",\"inLanguage\":\"pt-BR\",\"@id\":\"https:\/\/www.blogsoestado.com\/danielmatos\/legislativo-homenageia-cleide-coutinho-humberto-coutinho-e-ze-gentil-durante-assembleia-itinerante\/#primaryimage\",\"url\":\"https:\/\/www.blogsoestado.com\/danielmatos\/files\/2023\/05\/Screenshot_20230506-0018122.png\",\"contentUrl\":\"https:\/\/www.blogsoestado.com\/danielmatos\/files\/2023\/05\/Screenshot_20230506-0018122.png\"},{\"@type\":\"BreadcrumbList\",\"@id\":\"https:\/\/www.blogsoestado.com\/danielmatos\/legislativo-homenageia-cleide-coutinho-humberto-coutinho-e-ze-gentil-durante-assembleia-itinerante\/#breadcrumb\",\"itemListElement\":[{\"@type\":\"ListItem\",\"position\":1,\"name\":\"In\u00edcio\",\"item\":\"https:\/\/www.blogsoestado.com\/danielmatos\/\"},{\"@type\":\"ListItem\",\"position\":2,\"name\":\"Legislativo homenageia Cleide Coutinho, Humberto Coutinho e Z\u00e9 Gentil durante \u2018Assembleia Itinerante\u2019\"}]},{\"@type\":\"WebSite\",\"@id\":\"https:\/\/www.blogsoestado.com\/danielmatos\/#website\",\"url\":\"https:\/\/www.blogsoestado.com\/danielmatos\/\",\"name\":\"Daniel Matos\",\"description\":\"\",\"potentialAction\":[{\"@type\":\"SearchAction\",\"target\":{\"@type\":\"EntryPoint\",\"urlTemplate\":\"https:\/\/www.blogsoestado.com\/danielmatos\/?s={search_term_string}\"},\"query-input\":{\"@type\":\"PropertyValueSpecification\",\"valueRequired\":true,\"valueName\":\"search_term_string\"}}],\"inLanguage\":\"pt-BR\"}]}<\/script>\n<!-- \/ Yoast SEO plugin. -->","yoast_head_json":{"title":"Legislativo homenageia Cleide Coutinho, Humberto Coutinho e Z\u00e9 Gentil durante \u2018Assembleia Itinerante\u2019 - Daniel Matos","robots":{"index":"index","follow":"follow","max-snippet":"max-snippet:-1","max-image-preview":"max-image-preview:large","max-video-preview":"max-video-preview:-1"},"canonical":"https:\/\/www.blogsoestado.com\/danielmatos\/legislativo-homenageia-cleide-coutinho-humberto-coutinho-e-ze-gentil-durante-assembleia-itinerante\/","og_locale":"pt_BR","og_type":"article","og_title":"Legislativo homenageia Cleide Coutinho, Humberto Coutinho e Z\u00e9 Gentil durante \u2018Assembleia Itinerante\u2019 - Daniel Matos","og_description":"Os homenageados s\u00e3o reconhecidas personalidades pol\u00edticas n\u00e3o s\u00f3 do munic\u00edpio de Caxias, mas de todo o Leste do Maranh\u00e3o, onde [&hellip;]","og_url":"https:\/\/www.blogsoestado.com\/danielmatos\/legislativo-homenageia-cleide-coutinho-humberto-coutinho-e-ze-gentil-durante-assembleia-itinerante\/","og_site_name":"Daniel Matos","article_published_time":"2023-05-06T03:10:15+00:00","og_image":[{"url":"https:\/\/www.blogsoestado.com\/danielmatos\/files\/2023\/05\/Screenshot_20230506-0018122.png","type":"","width":"","height":""}],"twitter_card":"summary_large_image","twitter_misc":{"Est. tempo de leitura":"4 minutos"},"schema":{"@context":"https:\/\/schema.org","@graph":[{"@type":"WebPage","@id":"https:\/\/www.blogsoestado.com\/danielmatos\/legislativo-homenageia-cleide-coutinho-humberto-coutinho-e-ze-gentil-durante-assembleia-itinerante\/","url":"https:\/\/www.blogsoestado.com\/danielmatos\/legislativo-homenageia-cleide-coutinho-humberto-coutinho-e-ze-gentil-durante-assembleia-itinerante\/","name":"Legislativo homenageia Cleide Coutinho, Humberto Coutinho e Z\u00e9 Gentil durante \u2018Assembleia Itinerante\u2019 - Daniel Matos","isPartOf":{"@id":"https:\/\/www.blogsoestado.com\/danielmatos\/#website"},"primaryImageOfPage":{"@id":"https:\/\/www.blogsoestado.com\/danielmatos\/legislativo-homenageia-cleide-coutinho-humberto-coutinho-e-ze-gentil-durante-assembleia-itinerante\/#primaryimage"},"image":{"@id":"https:\/\/www.blogsoestado.com\/danielmatos\/legislativo-homenageia-cleide-coutinho-humberto-coutinho-e-ze-gentil-durante-assembleia-itinerante\/#primaryimage"},"thumbnailUrl":"https:\/\/www.blogsoestado.com\/danielmatos\/files\/2023\/05\/Screenshot_20230506-0018122.png","datePublished":"2023-05-06T03:10:15+00:00","author":{"@id":""},"breadcrumb":{"@id":"https:\/\/www.blogsoestado.com\/danielmatos\/legislativo-homenageia-cleide-coutinho-humberto-coutinho-e-ze-gentil-durante-assembleia-itinerante\/#breadcrumb"},"inLanguage":"pt-BR","potentialAction":[{"@type":"ReadAction","target":["https:\/\/www.blogsoestado.com\/danielmatos\/legislativo-homenageia-cleide-coutinho-humberto-coutinho-e-ze-gentil-durante-assembleia-itinerante\/"]}]},{"@type":"ImageObject","inLanguage":"pt-BR","@id":"https:\/\/www.blogsoestado.com\/danielmatos\/legislativo-homenageia-cleide-coutinho-humberto-coutinho-e-ze-gentil-durante-assembleia-itinerante\/#primaryimage","url":"https:\/\/www.blogsoestado.com\/danielmatos\/files\/2023\/05\/Screenshot_20230506-0018122.png","contentUrl":"https:\/\/www.blogsoestado.com\/danielmatos\/files\/2023\/05\/Screenshot_20230506-0018122.png"},{"@type":"BreadcrumbList","@id":"https:\/\/www.blogsoestado.com\/danielmatos\/legislativo-homenageia-cleide-coutinho-humberto-coutinho-e-ze-gentil-durante-assembleia-itinerante\/#breadcrumb","itemListElement":[{"@type":"ListItem","position":1,"name":"In\u00edcio","item":"https:\/\/www.blogsoestado.com\/danielmatos\/"},{"@type":"ListItem","position":2,"name":"Legislativo homenageia Cleide Coutinho, Humberto Coutinho e Z\u00e9 Gentil durante \u2018Assembleia Itinerante\u2019"}]},{"@type":"WebSite","@id":"https:\/\/www.blogsoestado.com\/danielmatos\/#website","url":"https:\/\/www.blogsoestado.com\/danielmatos\/","name":"Daniel Matos","description":"","potentialAction":[{"@type":"SearchAction","target":{"@type":"EntryPoint","urlTemplate":"https:\/\/www.blogsoestado.com\/danielmatos\/?s={search_term_string}"},"query-input":{"@type":"PropertyValueSpecification","valueRequired":true,"valueName":"search_term_string"}}],"inLanguage":"pt-BR"}]}},"jetpack_featured_media_url":"","_links":{"self":[{"href":"https:\/\/www.blogsoestado.com\/danielmatos\/wp-json\/wp\/v2\/posts\/109301","targetHints":{"allow":["GET"]}}],"collection":[{"href":"https:\/\/www.blogsoestado.com\/danielmatos\/wp-json\/wp\/v2\/posts"}],"about":[{"href":"https:\/\/www.blogsoestado.com\/danielmatos\/wp-json\/wp\/v2\/types\/post"}],"replies":[{"embeddable":true,"href":"https:\/\/www.blogsoestado.com\/danielmatos\/wp-json\/wp\/v2\/comments?post=109301"}],"version-history":[{"count":0,"href":"https:\/\/www.blogsoestado.com\/danielmatos\/wp-json\/wp\/v2\/posts\/109301\/revisions"}],"wp:attachment":[{"href":"https:\/\/www.blogsoestado.com\/danielmatos\/wp-json\/wp\/v2\/media?parent=109301"}],"wp:term":[{"taxonomy":"category","embeddable":true,"href":"https:\/\/www.blogsoestado.com\/danielmatos\/wp-json\/wp\/v2\/categories?post=109301"},{"taxonomy":"post_tag","embeddable":true,"href":"https:\/\/www.blogsoestado.com\/danielmatos\/wp-json\/wp\/v2\/tags?post=109301"}],"curies":[{"name":"wp","href":"https:\/\/api.w.org\/{rel}","templated":true}]}}