{"id":109312,"date":"2023-05-06T09:26:32","date_gmt":"2023-05-06T12:26:32","guid":{"rendered":"https:\/\/www.blogsoestado.com\/danielmatos\/?p=109312"},"modified":"2023-05-06T09:26:32","modified_gmt":"2023-05-06T12:26:32","slug":"dr-gutemberg-finaliza-projeto-oculos-visao-entregando-600-oculos-para-a-comunidade","status":"publish","type":"post","link":"https:\/\/www.blogsoestado.com\/danielmatos\/dr-gutemberg-finaliza-projeto-oculos-visao-entregando-600-oculos-para-a-comunidade\/","title":{"rendered":"Dr. Gutemberg finaliza projeto &#8220;\u00d3culos + Vis\u00e3o&#8221; entregando 600 \u00f3culos para a comunidade"},"content":{"rendered":"\n<div class=\"wp-block-image\"><figure class=\"aligncenter size-large\"><a href=\"https:\/\/www.blogsoestado.com\/danielmatos\/files\/2023\/05\/Screenshot_20230506-0934193.png\"><img decoding=\"async\" src=\"https:\/\/www.blogsoestado.com\/danielmatos\/files\/2023\/05\/Screenshot_20230506-0934193.png\" alt=\"\" class=\"wp-image-109320\"\/><\/a><figcaption>Dr. Gutemberg com centenas de pessoas beneficiadas pelo projeto &#8220;\u00d3culos + Vis\u00e3o&#8221;, idealizado pelo vereador para garantir mais sa\u00fade ocular \u00e0 popula\u00e7\u00e3o <\/figcaption><\/figure><\/div>\n\n\n\n<p>Transformando vidas com um olhar de amor! Uma mistura de emo\u00e7\u00e3o e alegria marcou a entrega dos \u00f3culos do projeto &#8220;\u00d3culos + Vis\u00e3o&#8221;, idealizado por meio de emenda do m\u00e9dico e vereador Dr. Gutemberg. Na quadra do Parque do Bom Menino, foi realizada uma grande festa para a entrega dos 600 \u00f3culos \u00e0s pessoas atendidas durante as cinco edi\u00e7\u00f5es do projeto.<\/p>\n\n\n\n<p>\u201cEm cada bairro visitado, deixamos um pouco de amor e cuidado. Foram consultas oftalmol\u00f3gicas, entrega de \u00f3culos e v\u00e1rios servi\u00e7os essenciais para a sa\u00fade da popula\u00e7\u00e3o. Agrade\u00e7o o apoio da Prefeitura de S\u00e3o Lu\u00eds, na pessoa do prefeito Eduardo Braide, a Secretaria de Sa\u00fade de S\u00e3o Lu\u00eds e ao Instituto parceiro, Imap. Agrade\u00e7o tamb\u00e9m o apoio de todos os profissionais envolvidos, que dedicaram seu tempo e habilidades para tornar este projeto poss\u00edvel. E que os \u00f3culos entregues sejam uma nova vis\u00e3o de esperan\u00e7a para aqueles que precisam\u201d, disse Dr. Gutemberg.<\/p>\n\n\n\n<p>Por onde o projeto atuou, levou amor e cuidado com o pr\u00f3ximo. Al\u00e9m das consultas oftalmol\u00f3gicas, ponto principal do projeto, v\u00e1rios servi\u00e7os de sa\u00fade foram ofertados: aferi\u00e7\u00e3o de press\u00e3o e glicemia; vacina\u00e7\u00e3o contra covid-19, hepatite B e outras; testagem r\u00e1pida de doen\u00e7as sexualmente transmiss\u00edveis; servi\u00e7os de enfermagem; distribui\u00e7\u00e3o de medicamentos e preservativos. Em algumas edi\u00e7\u00f5es, tamb\u00e9m foram distribu\u00eddas cestas b\u00e1sicas e absorventes para as mulheres.<\/p>\n\n\n\n<div class=\"wp-block-image\"><figure class=\"aligncenter size-large\"><a href=\"https:\/\/www.blogsoestado.com\/danielmatos\/files\/2023\/05\/Screenshot_20230506-0940002.png\"><img decoding=\"async\" src=\"https:\/\/www.blogsoestado.com\/danielmatos\/files\/2023\/05\/Screenshot_20230506-0940002.png\" alt=\"\" class=\"wp-image-109321\"\/><\/a><figcaption>Dr. Gutemberg entrega \u00f3culos a idosa durante a a\u00e7\u00e3o que marcou o encerramento do programa <\/figcaption><\/figure><\/div>\n\n\n\n<p>As a\u00e7\u00f5es do projeto &#8220;\u00d3culos + Vis\u00e3o&#8221; envolveram organiza\u00e7\u00e3o, estrutura e umas diversidade de profissionais envolvidos. Em todos os bairros, os moradores passavam primeiro por uma triagem e depois eram encaminhados para as consultas.<\/p>\n\n\n\n<p>A dona de casa, Sandra de Oliveira, era s\u00f3 gratid\u00e3o na entrega dos \u00f3culos. \u201cAdorei os novos \u00f3culos. Vai fazer uma grande diferen\u00e7a na minha vida. Agrade\u00e7o muito o carinho do Dr. Gutemberg com a nossa comunidade\u201d, disse Sandra.<\/p>\n\n\n\n<p>O projeto &#8220;\u00d3culos + Vis\u00e3o&#8221; gerou impactos positivos em v\u00e1rias comunidades. No Residencial Maria Arag\u00e3o, o montador de m\u00f3veis Wilson Guimar\u00e3es levou o filho Isaac, de 13 anos, para fazer a consulta oftalmol\u00f3gica.<\/p>\n\n\n\n<div class=\"wp-block-image\"><figure class=\"aligncenter size-large\"><a href=\"https:\/\/www.blogsoestado.com\/danielmatos\/files\/2023\/05\/Screenshot_20230506-0953542.png\"><img decoding=\"async\" src=\"https:\/\/www.blogsoestado.com\/danielmatos\/files\/2023\/05\/Screenshot_20230506-0953542.png\" alt=\"\" class=\"wp-image-109323\"\/><\/a><figcaption>O vereador recebe o carinho de pessoas que foram contempladas pelo projeto &#8220;\u00d3culos + Vis\u00e3o&#8221;<\/figcaption><\/figure><\/div>\n\n\n\n<p>\u201cEssa a\u00e7\u00e3o \u00e9 muito importante para a comunidade. Meu filho estava com dificuldades para ler. Aproveitei essa a\u00e7\u00e3o gratuita para fazer a consulta dele. E fiquei muito feliz, pois ele ainda escolheu uma arma\u00e7\u00e3o de \u00f3culos bem bonita. Agrade\u00e7o ao Dr. Gutemberg pelo apoio \u00e0 nossa comunidade\u201d, disse Wilson.<\/p>\n\n\n\n<p>Morador do bairro Liberdade, M\u00e1rio Silva, tamb\u00e9m agradeceu ao Dr. Gutemberg. \u201cEsse foi um gesto muito nobre do nosso vereador. Ficamos muito satisfeitos com um trabalho t\u00e3o bonito na comunidade. Agora tenho novos \u00f3culos e s\u00f3 posso celebrar\u201d, agradeceu.<\/p>\n\n\n\n<p>Presente em todas as a\u00e7\u00f5es, Dr. Gutemberg tamb\u00e9m ressaltou o motivo de escolher a sa\u00fade dos olhos como ponto chave do projeto.<\/p>\n\n\n\n<div class=\"wp-block-image\"><figure class=\"aligncenter size-large\"><a href=\"https:\/\/www.blogsoestado.com\/danielmatos\/files\/2023\/05\/Screenshot_20230506-0954352.png\"><img decoding=\"async\" src=\"https:\/\/www.blogsoestado.com\/danielmatos\/files\/2023\/05\/Screenshot_20230506-0954352.png\" alt=\"\" class=\"wp-image-109325\"\/><\/a><figcaption>O projeto idealizado pelo vereador Dr. Gutemberg Ara\u00fajo para oferecer gratuitamente servi\u00e7os de sa\u00fade \u00e0 popula\u00e7\u00e3o tamb\u00e9m contemplou o p\u00fablico infantil<\/figcaption><\/figure><\/div>\n\n\n\n<p>\u201cDetectamos que na cidade temos mais de 260 mil pessoas com problemas de refra\u00e7\u00e3o. Por isso, escolhemos a sa\u00fade dos olhos como foco. Mas, paralelo as consultas oftalmol\u00f3gicas, oferecemos uma gama de servi\u00e7os de sa\u00fade. Participei de todas as edi\u00e7\u00f5es. E foi muito gratificante ver a felicidade dos moradores. Mais uma vez, agrade\u00e7o a todos os envolvidos nessas grandes a\u00e7\u00f5es. E at\u00e9 a pr\u00f3xima a\u00e7\u00e3o social cuidando de voc\u00ea\u201d, finalizou Dr. Gutemberg.<\/p>\n","protected":false},"excerpt":{"rendered":"<p>Transformando vidas com um olhar de amor! Uma mistura de emo\u00e7\u00e3o e alegria marcou a entrega dos \u00f3culos do projeto [&hellip;]<\/p>\n","protected":false},"author":0,"featured_media":0,"comment_status":"open","ping_status":"open","sticky":false,"template":"","format":"standard","meta":{"site-sidebar-layout":"default","site-content-layout":"","ast-site-content-layout":"default","site-content-style":"default","site-sidebar-style":"default","ast-global-header-display":"","ast-banner-title-visibility":"","ast-main-header-display":"","ast-hfb-above-header-display":"","ast-hfb-below-header-display":"","ast-hfb-mobile-header-display":"","site-post-title":"","ast-breadcrumbs-content":"","ast-featured-img":"","footer-sml-layout":"","ast-disable-related-posts":"","theme-transparent-header-meta":"","adv-header-id-meta":"","stick-header-meta":"","header-above-stick-meta":"","header-main-stick-meta":"","header-below-stick-meta":"","astra-migrate-meta-layouts":"default","ast-page-background-enabled":"default","ast-page-background-meta":{"desktop":{"background-color":"var(--ast-global-color-5)","background-image":"","background-repeat":"repeat","background-position":"center center","background-size":"auto","background-attachment":"scroll","background-type":"","background-media":"","overlay-type":"","overlay-color":"","overlay-opacity":"","overlay-gradient":""},"tablet":{"background-color":"","background-image":"","background-repeat":"repeat","background-position":"center center","background-size":"auto","background-attachment":"scroll","background-type":"","background-media":"","overlay-type":"","overlay-color":"","overlay-opacity":"","overlay-gradient":""},"mobile":{"background-color":"","background-image":"","background-repeat":"repeat","background-position":"center center","background-size":"auto","background-attachment":"scroll","background-type":"","background-media":"","overlay-type":"","overlay-color":"","overlay-opacity":"","overlay-gradient":""}},"ast-content-background-meta":{"desktop":{"background-color":"var(--ast-global-color-4)","background-image":"","background-repeat":"repeat","background-position":"center center","background-size":"auto","background-attachment":"scroll","background-type":"","background-media":"","overlay-type":"","overlay-color":"","overlay-opacity":"","overlay-gradient":""},"tablet":{"background-color":"var(--ast-global-color-4)","background-image":"","background-repeat":"repeat","background-position":"center center","background-size":"auto","background-attachment":"scroll","background-type":"","background-media":"","overlay-type":"","overlay-color":"","overlay-opacity":"","overlay-gradient":""},"mobile":{"background-color":"var(--ast-global-color-4)","background-image":"","background-repeat":"repeat","background-position":"center center","background-size":"auto","background-attachment":"scroll","background-type":"","background-media":"","overlay-type":"","overlay-color":"","overlay-opacity":"","overlay-gradient":""}},"footnotes":""},"categories":[1],"tags":[],"class_list":["post-109312","post","type-post","status-publish","format-standard","hentry","category-sem-categoria"],"yoast_head":"<!-- This site is optimized with the Yoast SEO plugin v26.6 - https:\/\/yoast.com\/wordpress\/plugins\/seo\/ -->\n<title>Dr. Gutemberg finaliza projeto &quot;\u00d3culos + Vis\u00e3o&quot; entregando 600 \u00f3culos para a comunidade - Daniel Matos<\/title>\n<meta name=\"robots\" content=\"index, follow, max-snippet:-1, max-image-preview:large, max-video-preview:-1\" \/>\n<link rel=\"canonical\" href=\"https:\/\/www.blogsoestado.com\/danielmatos\/dr-gutemberg-finaliza-projeto-oculos-visao-entregando-600-oculos-para-a-comunidade\/\" \/>\n<meta property=\"og:locale\" content=\"pt_BR\" \/>\n<meta property=\"og:type\" content=\"article\" \/>\n<meta property=\"og:title\" content=\"Dr. Gutemberg finaliza projeto &quot;\u00d3culos + Vis\u00e3o&quot; entregando 600 \u00f3culos para a comunidade - Daniel Matos\" \/>\n<meta property=\"og:description\" content=\"Transformando vidas com um olhar de amor! Uma mistura de emo\u00e7\u00e3o e alegria marcou a entrega dos \u00f3culos do projeto [&hellip;]\" \/>\n<meta property=\"og:url\" content=\"https:\/\/www.blogsoestado.com\/danielmatos\/dr-gutemberg-finaliza-projeto-oculos-visao-entregando-600-oculos-para-a-comunidade\/\" \/>\n<meta property=\"og:site_name\" content=\"Daniel Matos\" \/>\n<meta property=\"article:published_time\" content=\"2023-05-06T12:26:32+00:00\" \/>\n<meta property=\"og:image\" content=\"https:\/\/www.blogsoestado.com\/danielmatos\/files\/2023\/05\/Screenshot_20230506-0934193.png\" \/>\n<meta name=\"twitter:card\" content=\"summary_large_image\" \/>\n<meta name=\"twitter:label1\" content=\"Est. tempo de leitura\" \/>\n\t<meta name=\"twitter:data1\" content=\"4 minutos\" \/>\n<script type=\"application\/ld+json\" class=\"yoast-schema-graph\">{\"@context\":\"https:\/\/schema.org\",\"@graph\":[{\"@type\":\"WebPage\",\"@id\":\"https:\/\/www.blogsoestado.com\/danielmatos\/dr-gutemberg-finaliza-projeto-oculos-visao-entregando-600-oculos-para-a-comunidade\/\",\"url\":\"https:\/\/www.blogsoestado.com\/danielmatos\/dr-gutemberg-finaliza-projeto-oculos-visao-entregando-600-oculos-para-a-comunidade\/\",\"name\":\"Dr. Gutemberg finaliza projeto \\\"\u00d3culos + Vis\u00e3o\\\" entregando 600 \u00f3culos para a comunidade - Daniel Matos\",\"isPartOf\":{\"@id\":\"https:\/\/www.blogsoestado.com\/danielmatos\/#website\"},\"primaryImageOfPage\":{\"@id\":\"https:\/\/www.blogsoestado.com\/danielmatos\/dr-gutemberg-finaliza-projeto-oculos-visao-entregando-600-oculos-para-a-comunidade\/#primaryimage\"},\"image\":{\"@id\":\"https:\/\/www.blogsoestado.com\/danielmatos\/dr-gutemberg-finaliza-projeto-oculos-visao-entregando-600-oculos-para-a-comunidade\/#primaryimage\"},\"thumbnailUrl\":\"https:\/\/www.blogsoestado.com\/danielmatos\/files\/2023\/05\/Screenshot_20230506-0934193.png\",\"datePublished\":\"2023-05-06T12:26:32+00:00\",\"author\":{\"@id\":\"\"},\"breadcrumb\":{\"@id\":\"https:\/\/www.blogsoestado.com\/danielmatos\/dr-gutemberg-finaliza-projeto-oculos-visao-entregando-600-oculos-para-a-comunidade\/#breadcrumb\"},\"inLanguage\":\"pt-BR\",\"potentialAction\":[{\"@type\":\"ReadAction\",\"target\":[\"https:\/\/www.blogsoestado.com\/danielmatos\/dr-gutemberg-finaliza-projeto-oculos-visao-entregando-600-oculos-para-a-comunidade\/\"]}]},{\"@type\":\"ImageObject\",\"inLanguage\":\"pt-BR\",\"@id\":\"https:\/\/www.blogsoestado.com\/danielmatos\/dr-gutemberg-finaliza-projeto-oculos-visao-entregando-600-oculos-para-a-comunidade\/#primaryimage\",\"url\":\"https:\/\/www.blogsoestado.com\/danielmatos\/files\/2023\/05\/Screenshot_20230506-0934193.png\",\"contentUrl\":\"https:\/\/www.blogsoestado.com\/danielmatos\/files\/2023\/05\/Screenshot_20230506-0934193.png\"},{\"@type\":\"BreadcrumbList\",\"@id\":\"https:\/\/www.blogsoestado.com\/danielmatos\/dr-gutemberg-finaliza-projeto-oculos-visao-entregando-600-oculos-para-a-comunidade\/#breadcrumb\",\"itemListElement\":[{\"@type\":\"ListItem\",\"position\":1,\"name\":\"In\u00edcio\",\"item\":\"https:\/\/www.blogsoestado.com\/danielmatos\/\"},{\"@type\":\"ListItem\",\"position\":2,\"name\":\"Dr. Gutemberg finaliza projeto &#8220;\u00d3culos + Vis\u00e3o&#8221; entregando 600 \u00f3culos para a comunidade\"}]},{\"@type\":\"WebSite\",\"@id\":\"https:\/\/www.blogsoestado.com\/danielmatos\/#website\",\"url\":\"https:\/\/www.blogsoestado.com\/danielmatos\/\",\"name\":\"Daniel Matos\",\"description\":\"\",\"potentialAction\":[{\"@type\":\"SearchAction\",\"target\":{\"@type\":\"EntryPoint\",\"urlTemplate\":\"https:\/\/www.blogsoestado.com\/danielmatos\/?s={search_term_string}\"},\"query-input\":{\"@type\":\"PropertyValueSpecification\",\"valueRequired\":true,\"valueName\":\"search_term_string\"}}],\"inLanguage\":\"pt-BR\"}]}<\/script>\n<!-- \/ Yoast SEO plugin. -->","yoast_head_json":{"title":"Dr. Gutemberg finaliza projeto \"\u00d3culos + Vis\u00e3o\" entregando 600 \u00f3culos para a comunidade - Daniel Matos","robots":{"index":"index","follow":"follow","max-snippet":"max-snippet:-1","max-image-preview":"max-image-preview:large","max-video-preview":"max-video-preview:-1"},"canonical":"https:\/\/www.blogsoestado.com\/danielmatos\/dr-gutemberg-finaliza-projeto-oculos-visao-entregando-600-oculos-para-a-comunidade\/","og_locale":"pt_BR","og_type":"article","og_title":"Dr. Gutemberg finaliza projeto \"\u00d3culos + Vis\u00e3o\" entregando 600 \u00f3culos para a comunidade - Daniel Matos","og_description":"Transformando vidas com um olhar de amor! Uma mistura de emo\u00e7\u00e3o e alegria marcou a entrega dos \u00f3culos do projeto [&hellip;]","og_url":"https:\/\/www.blogsoestado.com\/danielmatos\/dr-gutemberg-finaliza-projeto-oculos-visao-entregando-600-oculos-para-a-comunidade\/","og_site_name":"Daniel Matos","article_published_time":"2023-05-06T12:26:32+00:00","og_image":[{"url":"https:\/\/www.blogsoestado.com\/danielmatos\/files\/2023\/05\/Screenshot_20230506-0934193.png","type":"","width":"","height":""}],"twitter_card":"summary_large_image","twitter_misc":{"Est. tempo de leitura":"4 minutos"},"schema":{"@context":"https:\/\/schema.org","@graph":[{"@type":"WebPage","@id":"https:\/\/www.blogsoestado.com\/danielmatos\/dr-gutemberg-finaliza-projeto-oculos-visao-entregando-600-oculos-para-a-comunidade\/","url":"https:\/\/www.blogsoestado.com\/danielmatos\/dr-gutemberg-finaliza-projeto-oculos-visao-entregando-600-oculos-para-a-comunidade\/","name":"Dr. Gutemberg finaliza projeto \"\u00d3culos + Vis\u00e3o\" entregando 600 \u00f3culos para a comunidade - Daniel Matos","isPartOf":{"@id":"https:\/\/www.blogsoestado.com\/danielmatos\/#website"},"primaryImageOfPage":{"@id":"https:\/\/www.blogsoestado.com\/danielmatos\/dr-gutemberg-finaliza-projeto-oculos-visao-entregando-600-oculos-para-a-comunidade\/#primaryimage"},"image":{"@id":"https:\/\/www.blogsoestado.com\/danielmatos\/dr-gutemberg-finaliza-projeto-oculos-visao-entregando-600-oculos-para-a-comunidade\/#primaryimage"},"thumbnailUrl":"https:\/\/www.blogsoestado.com\/danielmatos\/files\/2023\/05\/Screenshot_20230506-0934193.png","datePublished":"2023-05-06T12:26:32+00:00","author":{"@id":""},"breadcrumb":{"@id":"https:\/\/www.blogsoestado.com\/danielmatos\/dr-gutemberg-finaliza-projeto-oculos-visao-entregando-600-oculos-para-a-comunidade\/#breadcrumb"},"inLanguage":"pt-BR","potentialAction":[{"@type":"ReadAction","target":["https:\/\/www.blogsoestado.com\/danielmatos\/dr-gutemberg-finaliza-projeto-oculos-visao-entregando-600-oculos-para-a-comunidade\/"]}]},{"@type":"ImageObject","inLanguage":"pt-BR","@id":"https:\/\/www.blogsoestado.com\/danielmatos\/dr-gutemberg-finaliza-projeto-oculos-visao-entregando-600-oculos-para-a-comunidade\/#primaryimage","url":"https:\/\/www.blogsoestado.com\/danielmatos\/files\/2023\/05\/Screenshot_20230506-0934193.png","contentUrl":"https:\/\/www.blogsoestado.com\/danielmatos\/files\/2023\/05\/Screenshot_20230506-0934193.png"},{"@type":"BreadcrumbList","@id":"https:\/\/www.blogsoestado.com\/danielmatos\/dr-gutemberg-finaliza-projeto-oculos-visao-entregando-600-oculos-para-a-comunidade\/#breadcrumb","itemListElement":[{"@type":"ListItem","position":1,"name":"In\u00edcio","item":"https:\/\/www.blogsoestado.com\/danielmatos\/"},{"@type":"ListItem","position":2,"name":"Dr. Gutemberg finaliza projeto &#8220;\u00d3culos + Vis\u00e3o&#8221; entregando 600 \u00f3culos para a comunidade"}]},{"@type":"WebSite","@id":"https:\/\/www.blogsoestado.com\/danielmatos\/#website","url":"https:\/\/www.blogsoestado.com\/danielmatos\/","name":"Daniel Matos","description":"","potentialAction":[{"@type":"SearchAction","target":{"@type":"EntryPoint","urlTemplate":"https:\/\/www.blogsoestado.com\/danielmatos\/?s={search_term_string}"},"query-input":{"@type":"PropertyValueSpecification","valueRequired":true,"valueName":"search_term_string"}}],"inLanguage":"pt-BR"}]}},"jetpack_featured_media_url":"","_links":{"self":[{"href":"https:\/\/www.blogsoestado.com\/danielmatos\/wp-json\/wp\/v2\/posts\/109312","targetHints":{"allow":["GET"]}}],"collection":[{"href":"https:\/\/www.blogsoestado.com\/danielmatos\/wp-json\/wp\/v2\/posts"}],"about":[{"href":"https:\/\/www.blogsoestado.com\/danielmatos\/wp-json\/wp\/v2\/types\/post"}],"replies":[{"embeddable":true,"href":"https:\/\/www.blogsoestado.com\/danielmatos\/wp-json\/wp\/v2\/comments?post=109312"}],"version-history":[{"count":0,"href":"https:\/\/www.blogsoestado.com\/danielmatos\/wp-json\/wp\/v2\/posts\/109312\/revisions"}],"wp:attachment":[{"href":"https:\/\/www.blogsoestado.com\/danielmatos\/wp-json\/wp\/v2\/media?parent=109312"}],"wp:term":[{"taxonomy":"category","embeddable":true,"href":"https:\/\/www.blogsoestado.com\/danielmatos\/wp-json\/wp\/v2\/categories?post=109312"},{"taxonomy":"post_tag","embeddable":true,"href":"https:\/\/www.blogsoestado.com\/danielmatos\/wp-json\/wp\/v2\/tags?post=109312"}],"curies":[{"name":"wp","href":"https:\/\/api.w.org\/{rel}","templated":true}]}}