{"id":109327,"date":"2023-05-06T10:54:51","date_gmt":"2023-05-06T13:54:51","guid":{"rendered":"https:\/\/www.blogsoestado.com\/danielmatos\/?p=109327"},"modified":"2023-05-06T10:54:51","modified_gmt":"2023-05-06T13:54:51","slug":"bnt-mercosul-2023-reuneprofissionais-de-turismo-do-brasil-e-da-america-do-sul-em-balneario-camboriu","status":"publish","type":"post","link":"https:\/\/www.blogsoestado.com\/danielmatos\/bnt-mercosul-2023-reuneprofissionais-de-turismo-do-brasil-e-da-america-do-sul-em-balneario-camboriu\/","title":{"rendered":"BNT Mercosul 2023 re\u00fane profissionais de turismo do Brasil e da Am\u00e9rica do Sul em Balne\u00e1rio Cambori\u00fa"},"content":{"rendered":"\n<p><em><strong><span class=\"has-inline-color has-vivid-red-color\">Empres\u00e1rios apoiados pelo Sebrae participa da Feira de Neg\u00f3cios<\/span><\/strong><\/em><\/p>\n\n\n\n<div class=\"wp-block-image\"><figure class=\"aligncenter size-large\"><a href=\"https:\/\/www.blogsoestado.com\/danielmatos\/files\/2023\/05\/IMG-20230505-WA0640.jpg\"><img decoding=\"async\" src=\"https:\/\/www.blogsoestado.com\/danielmatos\/files\/2023\/05\/IMG-20230505-WA0640.jpg\" alt=\"\" class=\"wp-image-109328\"\/><\/a><figcaption>Empres\u00e1rios do ramo de hotelaria, apoiados pelo Sebrae, participam da BNT Mercosul<\/figcaption><\/figure><\/div>\n\n\n\n<p>Na perspectiva de divulga\u00e7\u00e3o de produtos e servi\u00e7os tur\u00edsticos, de acesso ao mercado dos pa\u00edses integrantes do Mercosul e capacita\u00e7\u00e3o sobre o destino Maranh\u00e3o, tr\u00eas empres\u00e1rios do trade local, apoiados pelo Sebrae, participam da BNT Mercosul 2023, at\u00e9 este s\u00e1bado, 6 de maio.<\/p>\n\n\n\n<p>Os empres\u00e1rios do ramo de hotelaria, Armando Ferreira (Rio Poty), Luciana Pimentel&nbsp; (H3P Hospitality, empresa que gerencia a \u00e1rea comercial do Hotel Blue Tree, Hotel Costa Atl\u00e2ntico e Pousada Vila Aty) e Isabela Diviane (Brito Representa\u00e7\u00f5es, respons\u00e1vel pelo gerenciamento \u00e1rea comercial do Hotel Ibis S\u00e3o Lu\u00eds), est\u00e3o alojados no estande do Maranh\u00e3o, organizado pela secretaria estadual de Turismo \u2013 Setur, para promo\u00e7\u00e3o do destino Maranh\u00e3o e gera\u00e7\u00e3o de neg\u00f3cios para o setor.<\/p>\n\n\n\n<p>Conforme avalia a gestora de projetos de Turismo Criativo do Sebrae no p\u00f3lo S\u00e3o Lu\u00eds, Renata Costa, a participa\u00e7\u00e3o dos empres\u00e1rios no evento ocorre para fortalecer a parceria com a secretaria estadual nas a\u00e7\u00f5es de turismo em \u00e2mbito estadual, al\u00e9m de resultar na amplia\u00e7\u00e3o das op\u00e7\u00f5es de mercado para o destino Maranh\u00e3o entre os pa\u00edses integrantes do bloco comercial.&nbsp;<\/p>\n\n\n\n<p>\u00c9 crescente o n\u00famero de turistas de todo o mundo que optam por viajar pelo Mercosul, atra\u00eddos por incont\u00e1veis belezas, hospitalidade e diversidade cultural. Al\u00e9m disso, quest\u00f5es como as facilidades burocr\u00e1ticas com rela\u00e7\u00e3o a vistos e passaportes, por exemplo, s\u00e3o atrativos importantes, quest\u00f5es que justificam a import\u00e2ncia do evento para o turismo nacional de um modo geral.<\/p>\n\n\n\n<p>\u201cRealmente, uma feira muito interessante, com v\u00e1rios pa\u00edses, um movimento bem interessante. Estamos tendo a oportunidade de amplia\u00e7\u00e3o da rede de contatos e de realiza\u00e7\u00e3o de neg\u00f3cios, pois o evento \u00e9 prop\u00edcio a isso. Al\u00e9m disso, de conhecer as necessidades e anseios desses parceiros com rela\u00e7\u00e3o ao destino Maranh\u00e3o e de nos prepararmos para esse atendimento, al\u00e9m de uma excelente oportunidade para divulga\u00e7\u00e3o do destino Maranh\u00e3o\u201d, analisa Armando Ferreira, participante da miss\u00e3o.<\/p>\n\n\n\n<p><strong>Feira de neg\u00f3cios tur\u00edsticos<\/strong> \u2013 Em sua 28\u00aa edi\u00e7\u00e3o, a BNT Mercosul, re\u00fane profissionais de turismo do Brasil e da Am\u00e9rica do Sul, em ambiente de promo\u00e7\u00e3o de neg\u00f3cios e contatos comerciais entre fornecedores e compradores, favorecendo a divulga\u00e7\u00e3o dos destinos participantes e o fechamento de neg\u00f3cios e contatos comerciais de curto e m\u00e9dio prazos.&nbsp;<\/p>\n","protected":false},"excerpt":{"rendered":"<p>Empres\u00e1rios apoiados pelo Sebrae participa da Feira de Neg\u00f3cios Na perspectiva de divulga\u00e7\u00e3o de produtos e servi\u00e7os tur\u00edsticos, de acesso [&hellip;]<\/p>\n","protected":false},"author":0,"featured_media":0,"comment_status":"open","ping_status":"open","sticky":false,"template":"","format":"standard","meta":{"site-sidebar-layout":"default","site-content-layout":"","ast-site-content-layout":"default","site-content-style":"default","site-sidebar-style":"default","ast-global-header-display":"","ast-banner-title-visibility":"","ast-main-header-display":"","ast-hfb-above-header-display":"","ast-hfb-below-header-display":"","ast-hfb-mobile-header-display":"","site-post-title":"","ast-breadcrumbs-content":"","ast-featured-img":"","footer-sml-layout":"","ast-disable-related-posts":"","theme-transparent-header-meta":"","adv-header-id-meta":"","stick-header-meta":"","header-above-stick-meta":"","header-main-stick-meta":"","header-below-stick-meta":"","astra-migrate-meta-layouts":"default","ast-page-background-enabled":"default","ast-page-background-meta":{"desktop":{"background-color":"var(--ast-global-color-5)","background-image":"","background-repeat":"repeat","background-position":"center center","background-size":"auto","background-attachment":"scroll","background-type":"","background-media":"","overlay-type":"","overlay-color":"","overlay-opacity":"","overlay-gradient":""},"tablet":{"background-color":"","background-image":"","background-repeat":"repeat","background-position":"center center","background-size":"auto","background-attachment":"scroll","background-type":"","background-media":"","overlay-type":"","overlay-color":"","overlay-opacity":"","overlay-gradient":""},"mobile":{"background-color":"","background-image":"","background-repeat":"repeat","background-position":"center center","background-size":"auto","background-attachment":"scroll","background-type":"","background-media":"","overlay-type":"","overlay-color":"","overlay-opacity":"","overlay-gradient":""}},"ast-content-background-meta":{"desktop":{"background-color":"var(--ast-global-color-4)","background-image":"","background-repeat":"repeat","background-position":"center center","background-size":"auto","background-attachment":"scroll","background-type":"","background-media":"","overlay-type":"","overlay-color":"","overlay-opacity":"","overlay-gradient":""},"tablet":{"background-color":"var(--ast-global-color-4)","background-image":"","background-repeat":"repeat","background-position":"center center","background-size":"auto","background-attachment":"scroll","background-type":"","background-media":"","overlay-type":"","overlay-color":"","overlay-opacity":"","overlay-gradient":""},"mobile":{"background-color":"var(--ast-global-color-4)","background-image":"","background-repeat":"repeat","background-position":"center center","background-size":"auto","background-attachment":"scroll","background-type":"","background-media":"","overlay-type":"","overlay-color":"","overlay-opacity":"","overlay-gradient":""}},"footnotes":""},"categories":[1],"tags":[],"class_list":["post-109327","post","type-post","status-publish","format-standard","hentry","category-sem-categoria"],"yoast_head":"<!-- This site is optimized with the Yoast SEO plugin v26.6 - https:\/\/yoast.com\/wordpress\/plugins\/seo\/ -->\n<title>BNT Mercosul 2023 re\u00fane profissionais de turismo do Brasil e da Am\u00e9rica do Sul em Balne\u00e1rio Cambori\u00fa - Daniel Matos<\/title>\n<meta name=\"robots\" content=\"index, follow, max-snippet:-1, max-image-preview:large, max-video-preview:-1\" \/>\n<link rel=\"canonical\" href=\"https:\/\/www.blogsoestado.com\/danielmatos\/bnt-mercosul-2023-reuneprofissionais-de-turismo-do-brasil-e-da-america-do-sul-em-balneario-camboriu\/\" \/>\n<meta property=\"og:locale\" content=\"pt_BR\" \/>\n<meta property=\"og:type\" content=\"article\" \/>\n<meta property=\"og:title\" content=\"BNT Mercosul 2023 re\u00fane profissionais de turismo do Brasil e da Am\u00e9rica do Sul em Balne\u00e1rio Cambori\u00fa - Daniel Matos\" \/>\n<meta property=\"og:description\" content=\"Empres\u00e1rios apoiados pelo Sebrae participa da Feira de Neg\u00f3cios Na perspectiva de divulga\u00e7\u00e3o de produtos e servi\u00e7os tur\u00edsticos, de acesso [&hellip;]\" \/>\n<meta property=\"og:url\" content=\"https:\/\/www.blogsoestado.com\/danielmatos\/bnt-mercosul-2023-reuneprofissionais-de-turismo-do-brasil-e-da-america-do-sul-em-balneario-camboriu\/\" \/>\n<meta property=\"og:site_name\" content=\"Daniel Matos\" \/>\n<meta property=\"article:published_time\" content=\"2023-05-06T13:54:51+00:00\" \/>\n<meta property=\"og:image\" content=\"https:\/\/www.blogsoestado.com\/danielmatos\/files\/2023\/05\/IMG-20230505-WA0640.jpg\" \/>\n<meta name=\"twitter:card\" content=\"summary_large_image\" \/>\n<meta name=\"twitter:label1\" content=\"Est. tempo de leitura\" \/>\n\t<meta name=\"twitter:data1\" content=\"2 minutos\" \/>\n<script type=\"application\/ld+json\" class=\"yoast-schema-graph\">{\"@context\":\"https:\/\/schema.org\",\"@graph\":[{\"@type\":\"WebPage\",\"@id\":\"https:\/\/www.blogsoestado.com\/danielmatos\/bnt-mercosul-2023-reuneprofissionais-de-turismo-do-brasil-e-da-america-do-sul-em-balneario-camboriu\/\",\"url\":\"https:\/\/www.blogsoestado.com\/danielmatos\/bnt-mercosul-2023-reuneprofissionais-de-turismo-do-brasil-e-da-america-do-sul-em-balneario-camboriu\/\",\"name\":\"BNT Mercosul 2023 re\u00fane profissionais de turismo do Brasil e da Am\u00e9rica do Sul em Balne\u00e1rio Cambori\u00fa - Daniel Matos\",\"isPartOf\":{\"@id\":\"https:\/\/www.blogsoestado.com\/danielmatos\/#website\"},\"primaryImageOfPage\":{\"@id\":\"https:\/\/www.blogsoestado.com\/danielmatos\/bnt-mercosul-2023-reuneprofissionais-de-turismo-do-brasil-e-da-america-do-sul-em-balneario-camboriu\/#primaryimage\"},\"image\":{\"@id\":\"https:\/\/www.blogsoestado.com\/danielmatos\/bnt-mercosul-2023-reuneprofissionais-de-turismo-do-brasil-e-da-america-do-sul-em-balneario-camboriu\/#primaryimage\"},\"thumbnailUrl\":\"https:\/\/www.blogsoestado.com\/danielmatos\/files\/2023\/05\/IMG-20230505-WA0640.jpg\",\"datePublished\":\"2023-05-06T13:54:51+00:00\",\"author\":{\"@id\":\"\"},\"breadcrumb\":{\"@id\":\"https:\/\/www.blogsoestado.com\/danielmatos\/bnt-mercosul-2023-reuneprofissionais-de-turismo-do-brasil-e-da-america-do-sul-em-balneario-camboriu\/#breadcrumb\"},\"inLanguage\":\"pt-BR\",\"potentialAction\":[{\"@type\":\"ReadAction\",\"target\":[\"https:\/\/www.blogsoestado.com\/danielmatos\/bnt-mercosul-2023-reuneprofissionais-de-turismo-do-brasil-e-da-america-do-sul-em-balneario-camboriu\/\"]}]},{\"@type\":\"ImageObject\",\"inLanguage\":\"pt-BR\",\"@id\":\"https:\/\/www.blogsoestado.com\/danielmatos\/bnt-mercosul-2023-reuneprofissionais-de-turismo-do-brasil-e-da-america-do-sul-em-balneario-camboriu\/#primaryimage\",\"url\":\"https:\/\/www.blogsoestado.com\/danielmatos\/files\/2023\/05\/IMG-20230505-WA0640.jpg\",\"contentUrl\":\"https:\/\/www.blogsoestado.com\/danielmatos\/files\/2023\/05\/IMG-20230505-WA0640.jpg\"},{\"@type\":\"BreadcrumbList\",\"@id\":\"https:\/\/www.blogsoestado.com\/danielmatos\/bnt-mercosul-2023-reuneprofissionais-de-turismo-do-brasil-e-da-america-do-sul-em-balneario-camboriu\/#breadcrumb\",\"itemListElement\":[{\"@type\":\"ListItem\",\"position\":1,\"name\":\"In\u00edcio\",\"item\":\"https:\/\/www.blogsoestado.com\/danielmatos\/\"},{\"@type\":\"ListItem\",\"position\":2,\"name\":\"BNT Mercosul 2023 re\u00fane profissionais de turismo do Brasil e da Am\u00e9rica do Sul em Balne\u00e1rio Cambori\u00fa\"}]},{\"@type\":\"WebSite\",\"@id\":\"https:\/\/www.blogsoestado.com\/danielmatos\/#website\",\"url\":\"https:\/\/www.blogsoestado.com\/danielmatos\/\",\"name\":\"Daniel Matos\",\"description\":\"\",\"potentialAction\":[{\"@type\":\"SearchAction\",\"target\":{\"@type\":\"EntryPoint\",\"urlTemplate\":\"https:\/\/www.blogsoestado.com\/danielmatos\/?s={search_term_string}\"},\"query-input\":{\"@type\":\"PropertyValueSpecification\",\"valueRequired\":true,\"valueName\":\"search_term_string\"}}],\"inLanguage\":\"pt-BR\"}]}<\/script>\n<!-- \/ Yoast SEO plugin. -->","yoast_head_json":{"title":"BNT Mercosul 2023 re\u00fane profissionais de turismo do Brasil e da Am\u00e9rica do Sul em Balne\u00e1rio Cambori\u00fa - Daniel Matos","robots":{"index":"index","follow":"follow","max-snippet":"max-snippet:-1","max-image-preview":"max-image-preview:large","max-video-preview":"max-video-preview:-1"},"canonical":"https:\/\/www.blogsoestado.com\/danielmatos\/bnt-mercosul-2023-reuneprofissionais-de-turismo-do-brasil-e-da-america-do-sul-em-balneario-camboriu\/","og_locale":"pt_BR","og_type":"article","og_title":"BNT Mercosul 2023 re\u00fane profissionais de turismo do Brasil e da Am\u00e9rica do Sul em Balne\u00e1rio Cambori\u00fa - Daniel Matos","og_description":"Empres\u00e1rios apoiados pelo Sebrae participa da Feira de Neg\u00f3cios Na perspectiva de divulga\u00e7\u00e3o de produtos e servi\u00e7os tur\u00edsticos, de acesso [&hellip;]","og_url":"https:\/\/www.blogsoestado.com\/danielmatos\/bnt-mercosul-2023-reuneprofissionais-de-turismo-do-brasil-e-da-america-do-sul-em-balneario-camboriu\/","og_site_name":"Daniel Matos","article_published_time":"2023-05-06T13:54:51+00:00","og_image":[{"url":"https:\/\/www.blogsoestado.com\/danielmatos\/files\/2023\/05\/IMG-20230505-WA0640.jpg","type":"","width":"","height":""}],"twitter_card":"summary_large_image","twitter_misc":{"Est. tempo de leitura":"2 minutos"},"schema":{"@context":"https:\/\/schema.org","@graph":[{"@type":"WebPage","@id":"https:\/\/www.blogsoestado.com\/danielmatos\/bnt-mercosul-2023-reuneprofissionais-de-turismo-do-brasil-e-da-america-do-sul-em-balneario-camboriu\/","url":"https:\/\/www.blogsoestado.com\/danielmatos\/bnt-mercosul-2023-reuneprofissionais-de-turismo-do-brasil-e-da-america-do-sul-em-balneario-camboriu\/","name":"BNT Mercosul 2023 re\u00fane profissionais de turismo do Brasil e da Am\u00e9rica do Sul em Balne\u00e1rio Cambori\u00fa - Daniel Matos","isPartOf":{"@id":"https:\/\/www.blogsoestado.com\/danielmatos\/#website"},"primaryImageOfPage":{"@id":"https:\/\/www.blogsoestado.com\/danielmatos\/bnt-mercosul-2023-reuneprofissionais-de-turismo-do-brasil-e-da-america-do-sul-em-balneario-camboriu\/#primaryimage"},"image":{"@id":"https:\/\/www.blogsoestado.com\/danielmatos\/bnt-mercosul-2023-reuneprofissionais-de-turismo-do-brasil-e-da-america-do-sul-em-balneario-camboriu\/#primaryimage"},"thumbnailUrl":"https:\/\/www.blogsoestado.com\/danielmatos\/files\/2023\/05\/IMG-20230505-WA0640.jpg","datePublished":"2023-05-06T13:54:51+00:00","author":{"@id":""},"breadcrumb":{"@id":"https:\/\/www.blogsoestado.com\/danielmatos\/bnt-mercosul-2023-reuneprofissionais-de-turismo-do-brasil-e-da-america-do-sul-em-balneario-camboriu\/#breadcrumb"},"inLanguage":"pt-BR","potentialAction":[{"@type":"ReadAction","target":["https:\/\/www.blogsoestado.com\/danielmatos\/bnt-mercosul-2023-reuneprofissionais-de-turismo-do-brasil-e-da-america-do-sul-em-balneario-camboriu\/"]}]},{"@type":"ImageObject","inLanguage":"pt-BR","@id":"https:\/\/www.blogsoestado.com\/danielmatos\/bnt-mercosul-2023-reuneprofissionais-de-turismo-do-brasil-e-da-america-do-sul-em-balneario-camboriu\/#primaryimage","url":"https:\/\/www.blogsoestado.com\/danielmatos\/files\/2023\/05\/IMG-20230505-WA0640.jpg","contentUrl":"https:\/\/www.blogsoestado.com\/danielmatos\/files\/2023\/05\/IMG-20230505-WA0640.jpg"},{"@type":"BreadcrumbList","@id":"https:\/\/www.blogsoestado.com\/danielmatos\/bnt-mercosul-2023-reuneprofissionais-de-turismo-do-brasil-e-da-america-do-sul-em-balneario-camboriu\/#breadcrumb","itemListElement":[{"@type":"ListItem","position":1,"name":"In\u00edcio","item":"https:\/\/www.blogsoestado.com\/danielmatos\/"},{"@type":"ListItem","position":2,"name":"BNT Mercosul 2023 re\u00fane profissionais de turismo do Brasil e da Am\u00e9rica do Sul em Balne\u00e1rio Cambori\u00fa"}]},{"@type":"WebSite","@id":"https:\/\/www.blogsoestado.com\/danielmatos\/#website","url":"https:\/\/www.blogsoestado.com\/danielmatos\/","name":"Daniel Matos","description":"","potentialAction":[{"@type":"SearchAction","target":{"@type":"EntryPoint","urlTemplate":"https:\/\/www.blogsoestado.com\/danielmatos\/?s={search_term_string}"},"query-input":{"@type":"PropertyValueSpecification","valueRequired":true,"valueName":"search_term_string"}}],"inLanguage":"pt-BR"}]}},"jetpack_featured_media_url":"","_links":{"self":[{"href":"https:\/\/www.blogsoestado.com\/danielmatos\/wp-json\/wp\/v2\/posts\/109327","targetHints":{"allow":["GET"]}}],"collection":[{"href":"https:\/\/www.blogsoestado.com\/danielmatos\/wp-json\/wp\/v2\/posts"}],"about":[{"href":"https:\/\/www.blogsoestado.com\/danielmatos\/wp-json\/wp\/v2\/types\/post"}],"replies":[{"embeddable":true,"href":"https:\/\/www.blogsoestado.com\/danielmatos\/wp-json\/wp\/v2\/comments?post=109327"}],"version-history":[{"count":0,"href":"https:\/\/www.blogsoestado.com\/danielmatos\/wp-json\/wp\/v2\/posts\/109327\/revisions"}],"wp:attachment":[{"href":"https:\/\/www.blogsoestado.com\/danielmatos\/wp-json\/wp\/v2\/media?parent=109327"}],"wp:term":[{"taxonomy":"category","embeddable":true,"href":"https:\/\/www.blogsoestado.com\/danielmatos\/wp-json\/wp\/v2\/categories?post=109327"},{"taxonomy":"post_tag","embeddable":true,"href":"https:\/\/www.blogsoestado.com\/danielmatos\/wp-json\/wp\/v2\/tags?post=109327"}],"curies":[{"name":"wp","href":"https:\/\/api.w.org\/{rel}","templated":true}]}}