{"id":109331,"date":"2023-05-06T14:45:59","date_gmt":"2023-05-06T17:45:59","guid":{"rendered":"https:\/\/www.blogsoestado.com\/danielmatos\/?p=109331"},"modified":"2023-05-06T14:45:59","modified_gmt":"2023-05-06T17:45:59","slug":"excecao-em-paco-do-lumiar-mais-de-50-dos-cargos-de-primeiro-escalao-sao-ocupados-por-mulheres","status":"publish","type":"post","link":"https:\/\/www.blogsoestado.com\/danielmatos\/excecao-em-paco-do-lumiar-mais-de-50-dos-cargos-de-primeiro-escalao-sao-ocupados-por-mulheres\/","title":{"rendered":"Exce\u00e7\u00e3o: em Pa\u00e7o do Lumiar, mais de 50% dos cargos de primeiro escal\u00e3o s\u00e3o ocupados por mulheres"},"content":{"rendered":"\n<p><strong><span class=\"has-inline-color has-vivid-red-color\">O empoderamento feminino tem produzido bons resultados na gest\u00e3o administrativa da prefeita Paula Azevedo<\/span><\/strong><\/p>\n\n\n\n<div class=\"wp-block-image\"><figure class=\"aligncenter size-large\"><a href=\"https:\/\/www.blogsoestado.com\/danielmatos\/files\/2023\/05\/Screenshot_20230506-1450562.png\"><img decoding=\"async\" src=\"https:\/\/www.blogsoestado.com\/danielmatos\/files\/2023\/05\/Screenshot_20230506-1450562.png\" alt=\"\" class=\"wp-image-109335\"\/><\/a><figcaption>A prefeita Paula Azevedo com parte da equipe feminina que a auxilia na administra\u00e7\u00e3o municipal de Pa\u00e7o do Lumiar<\/figcaption><\/figure><\/div>\n\n\n\n<p>Dos cinco munic\u00edpios que formam a Regi\u00e3o Metropolitana da Grande S\u00e3o Lu\u00eds, apenas Pa\u00e7o do Lumiar \u00e9 comandando por uma mulher. Desde 2019, quando assumiu a cadeira, sendo reeleita em 2020, os luminenses est\u00e3o sob a batuta da prefeita Paula Azevedo(PCdoB).<\/p>\n\n\n\n<p>Muito embora compet\u00eancia n\u00e3o se me\u00e7a pelo g\u00eanero, 10 dos 19 cargos que integram o Poder Executivo s\u00e3o ocupados por mulheres. Esse n\u00famero foi alcan\u00e7ado na quinta-feira(04), quando a prefeita deu posse a quatro novas gestoras.<\/p>\n\n\n\n<p>Yane Pessoa(Educa\u00e7\u00e3o), Gabrielly da Silva(Semfaz), Suely Abreu(Desenvolvimento Social) e Herica Ara\u00fajo(Direitos Humanos) assumiram o comando das respectivas pastas. O quarteto completou o time que j\u00e1 era formado por Danielle Oliveira(Sa\u00fade), Fl\u00e1via Nolasco(Administra\u00e7\u00e3o e Finan\u00e7as), J\u00falia Assun\u00e7\u00e3o(Semapa), Elisabete Diniz(Ci\u00eancia e Tecnologia), Alberlucia Desterro(Meio Ambiente) e Djeane Machado(Planejamento).<\/p>\n\n\n\n<p><strong>GEST\u00c3O DIFERENCIADA \u2013 <\/strong>Na onda do chamado empoderamento feminino, \u00e9 fato que as mulheres est\u00e3o ganhando cada vez mais espa\u00e7o, afinal, trazem exemplos de supera\u00e7\u00e3o, pois venceram uma s\u00e9rie de desafios, como preconceito e as duplas ou at\u00e9 triplas jornadas.<\/p>\n\n\n\n<p>Pesquisas evidenciam tr\u00eas caracter\u00edsticas que se destacam no universo feminino: a aten\u00e7\u00e3o aos detalhes, capacidade de resolver conflitos e a tend\u00eancia \u00e0 coopera\u00e7\u00e3o. A empatia, o aperfei\u00e7oamento de habilidade, o compartilhamento de experi\u00eancias, a delega\u00e7\u00e3o de tarefas e promo\u00e7\u00e3o da socializa\u00e7\u00e3o s\u00e3o outros atributos que tornam a gest\u00e3o feminina diferenciada.<\/p>\n\n\n\n<p>E assim tem sido no Pa\u00e7o do Lumiar. Todos esses atributos s\u00e3o latentes na gest\u00e3o. O trabalho administrativo tem flu\u00eddo n\u00e3o apenas em raz\u00e3o do conhecimento t\u00e9cnico das auxiliares, mas, tamb\u00e9m, a vontade de fazer, a confian\u00e7a e autonomia conferida \u00e0s t\u00e9cnicas, al\u00e9m do desprendimento, sinceridade e serenidade da prefeita.<\/p>\n\n\n\n<p>\u201cAs minhas escolhas n\u00e3o foram propositais, deu-se em raz\u00e3o das circunst\u00e2ncias, mas n\u00e3o posso deixar de enaltecer a equipe feminina pela presteza com que realiza o trabalho em prol do cidad\u00e3o. Acho importante atuarmos com energia na solu\u00e7\u00e3o dos imbr\u00f3glios, contudo sem perder as caracter\u00edsticas inerentes a n\u00f3s mulheres\u201d, enfatizou a Paula.<\/p>\n\n\n\n<p><strong>DADOS NADA ANIMADORES \u2013 <\/strong>Embora sejam mais da metade da popula\u00e7\u00e3o brasileira com maior escolaridade que os homens, o sexo feminino ainda enfrenta obst\u00e1culo para ocupar posi\u00e7\u00f5es de comando no setor p\u00fablico. Um estudo do Instituto de Pesquisa Econ\u00f4mica Aplicada (IPEA) apontou a disparidade entre homens e mulheres no setor p\u00fablico.<\/p>\n\n\n\n<div class=\"wp-block-image\"><figure class=\"aligncenter size-large\"><a href=\"https:\/\/www.blogsoestado.com\/danielmatos\/files\/2023\/05\/Screenshot_20230506-1454472.png\"><img decoding=\"async\" src=\"https:\/\/www.blogsoestado.com\/danielmatos\/files\/2023\/05\/Screenshot_20230506-1454472.png\" alt=\"\" class=\"wp-image-109336\"\/><\/a><figcaption>Mulheres assumem protagonismo na gest\u00e3o municipal em Pa\u00e7o do Lumiar, produzindo bons resultados para a popula\u00e7\u00e3o<\/figcaption><\/figure><\/div>\n\n\n\n<p>O mulheril chegou ao patamar de 59% do total de servidores federais, por\u00e9m ganham em m\u00e9dia 24% menos do que os homens. \u00c9 uma situa\u00e7\u00e3o que espelha um quadro mais geral do pa\u00eds.<\/p>\n\n\n\n<p>O Brasil ocupa o 132\u00ba lugar no ranking do F\u00f3rum Econ\u00f4mico Mundial, na lista de 149 na\u00e7\u00f5es, sobre equidade salarial para trabalho similar, formulado em 2018. Um ano antes, ocupava a 119\u00ba posi\u00e7\u00e3o.<\/p>\n\n\n\n<p>O Mapa das Mulheres na pol\u00edtica 2023 da Organiza\u00e7\u00e3o das Na\u00e7\u00f5es Unidas ressaltou haver, ainda, grande desigualdade entre os dois sexos em postos de lideran\u00e7a. Embora o \u00edndice tenha aumentado se comparado ao cen\u00e1rio de dez anos atr\u00e1s, atualmente apenas 11,3% dos 151 pa\u00edses analisados t\u00eam mulheres como chefes de Estado. E apenas 9,8% dessas na\u00e7\u00f5es contam com a for\u00e7a feminina em cargos de chefe de Governo.<\/p>\n\n\n\n<p>O percentual de mulheres ministras de Estado \u00e9 de 23%. O Brasil ocupa a 9\u00aa posi\u00e7\u00e3o, com 11 ministras no governo atual. Outro estudo, do SEBRAE, apontou que, do total de 30 milh\u00f5es dos donos de neg\u00f3cios no Brasil, 10,3 milh\u00f5es s\u00e3o mulheres empreendedoras.<\/p>\n\n\n\n<p>J\u00e1 em 2021, uma pesquisa da Escola Nacional de Administra\u00e7\u00e3o P\u00fablica (ENAP) indicava que 59% da for\u00e7a do servi\u00e7o p\u00fablico do Brasil vinham das m\u00e3os de mulheres. No entanto, apenas 20% ocupavam cargos de chefia e assessoramento.<\/p>\n\n\n\n<p>Diante dos dados apresentados, conclui-se que o munic\u00edpio luminense figura como uma total exce\u00e7\u00e3o a regra da grande maioria das cidades e \u00f3rg\u00e3os que comp\u00f5e a administra\u00e7\u00e3o p\u00fablica no Pa\u00eds. Por l\u00e1, a mulher tem vez e voz.<\/p>\n","protected":false},"excerpt":{"rendered":"<p>O empoderamento feminino tem produzido bons resultados na gest\u00e3o administrativa da prefeita Paula Azevedo Dos cinco munic\u00edpios que formam a [&hellip;]<\/p>\n","protected":false},"author":0,"featured_media":0,"comment_status":"open","ping_status":"open","sticky":false,"template":"","format":"standard","meta":{"site-sidebar-layout":"default","site-content-layout":"","ast-site-content-layout":"default","site-content-style":"default","site-sidebar-style":"default","ast-global-header-display":"","ast-banner-title-visibility":"","ast-main-header-display":"","ast-hfb-above-header-display":"","ast-hfb-below-header-display":"","ast-hfb-mobile-header-display":"","site-post-title":"","ast-breadcrumbs-content":"","ast-featured-img":"","footer-sml-layout":"","ast-disable-related-posts":"","theme-transparent-header-meta":"","adv-header-id-meta":"","stick-header-meta":"","header-above-stick-meta":"","header-main-stick-meta":"","header-below-stick-meta":"","astra-migrate-meta-layouts":"default","ast-page-background-enabled":"default","ast-page-background-meta":{"desktop":{"background-color":"var(--ast-global-color-5)","background-image":"","background-repeat":"repeat","background-position":"center center","background-size":"auto","background-attachment":"scroll","background-type":"","background-media":"","overlay-type":"","overlay-color":"","overlay-opacity":"","overlay-gradient":""},"tablet":{"background-color":"","background-image":"","background-repeat":"repeat","background-position":"center center","background-size":"auto","background-attachment":"scroll","background-type":"","background-media":"","overlay-type":"","overlay-color":"","overlay-opacity":"","overlay-gradient":""},"mobile":{"background-color":"","background-image":"","background-repeat":"repeat","background-position":"center center","background-size":"auto","background-attachment":"scroll","background-type":"","background-media":"","overlay-type":"","overlay-color":"","overlay-opacity":"","overlay-gradient":""}},"ast-content-background-meta":{"desktop":{"background-color":"var(--ast-global-color-4)","background-image":"","background-repeat":"repeat","background-position":"center center","background-size":"auto","background-attachment":"scroll","background-type":"","background-media":"","overlay-type":"","overlay-color":"","overlay-opacity":"","overlay-gradient":""},"tablet":{"background-color":"var(--ast-global-color-4)","background-image":"","background-repeat":"repeat","background-position":"center center","background-size":"auto","background-attachment":"scroll","background-type":"","background-media":"","overlay-type":"","overlay-color":"","overlay-opacity":"","overlay-gradient":""},"mobile":{"background-color":"var(--ast-global-color-4)","background-image":"","background-repeat":"repeat","background-position":"center center","background-size":"auto","background-attachment":"scroll","background-type":"","background-media":"","overlay-type":"","overlay-color":"","overlay-opacity":"","overlay-gradient":""}},"footnotes":""},"categories":[1],"tags":[],"class_list":["post-109331","post","type-post","status-publish","format-standard","hentry","category-sem-categoria"],"yoast_head":"<!-- This site is optimized with the Yoast SEO plugin v26.6 - https:\/\/yoast.com\/wordpress\/plugins\/seo\/ -->\n<title>Exce\u00e7\u00e3o: em Pa\u00e7o do Lumiar, mais de 50% dos cargos de primeiro escal\u00e3o s\u00e3o ocupados por mulheres - Daniel Matos<\/title>\n<meta name=\"robots\" content=\"index, follow, max-snippet:-1, max-image-preview:large, max-video-preview:-1\" \/>\n<link rel=\"canonical\" href=\"https:\/\/www.blogsoestado.com\/danielmatos\/excecao-em-paco-do-lumiar-mais-de-50-dos-cargos-de-primeiro-escalao-sao-ocupados-por-mulheres\/\" \/>\n<meta property=\"og:locale\" content=\"pt_BR\" \/>\n<meta property=\"og:type\" content=\"article\" \/>\n<meta property=\"og:title\" content=\"Exce\u00e7\u00e3o: em Pa\u00e7o do Lumiar, mais de 50% dos cargos de primeiro escal\u00e3o s\u00e3o ocupados por mulheres - Daniel Matos\" \/>\n<meta property=\"og:description\" content=\"O empoderamento feminino tem produzido bons resultados na gest\u00e3o administrativa da prefeita Paula Azevedo Dos cinco munic\u00edpios que formam a [&hellip;]\" \/>\n<meta property=\"og:url\" content=\"https:\/\/www.blogsoestado.com\/danielmatos\/excecao-em-paco-do-lumiar-mais-de-50-dos-cargos-de-primeiro-escalao-sao-ocupados-por-mulheres\/\" \/>\n<meta property=\"og:site_name\" content=\"Daniel Matos\" \/>\n<meta property=\"article:published_time\" content=\"2023-05-06T17:45:59+00:00\" \/>\n<meta property=\"og:image\" content=\"https:\/\/www.blogsoestado.com\/danielmatos\/files\/2023\/05\/Screenshot_20230506-1450562.png\" \/>\n<meta name=\"twitter:card\" content=\"summary_large_image\" \/>\n<meta name=\"twitter:label1\" content=\"Est. tempo de leitura\" \/>\n\t<meta name=\"twitter:data1\" content=\"4 minutos\" \/>\n<script type=\"application\/ld+json\" class=\"yoast-schema-graph\">{\"@context\":\"https:\/\/schema.org\",\"@graph\":[{\"@type\":\"WebPage\",\"@id\":\"https:\/\/www.blogsoestado.com\/danielmatos\/excecao-em-paco-do-lumiar-mais-de-50-dos-cargos-de-primeiro-escalao-sao-ocupados-por-mulheres\/\",\"url\":\"https:\/\/www.blogsoestado.com\/danielmatos\/excecao-em-paco-do-lumiar-mais-de-50-dos-cargos-de-primeiro-escalao-sao-ocupados-por-mulheres\/\",\"name\":\"Exce\u00e7\u00e3o: em Pa\u00e7o do Lumiar, mais de 50% dos cargos de primeiro escal\u00e3o s\u00e3o ocupados por mulheres - Daniel Matos\",\"isPartOf\":{\"@id\":\"https:\/\/www.blogsoestado.com\/danielmatos\/#website\"},\"primaryImageOfPage\":{\"@id\":\"https:\/\/www.blogsoestado.com\/danielmatos\/excecao-em-paco-do-lumiar-mais-de-50-dos-cargos-de-primeiro-escalao-sao-ocupados-por-mulheres\/#primaryimage\"},\"image\":{\"@id\":\"https:\/\/www.blogsoestado.com\/danielmatos\/excecao-em-paco-do-lumiar-mais-de-50-dos-cargos-de-primeiro-escalao-sao-ocupados-por-mulheres\/#primaryimage\"},\"thumbnailUrl\":\"https:\/\/www.blogsoestado.com\/danielmatos\/files\/2023\/05\/Screenshot_20230506-1450562.png\",\"datePublished\":\"2023-05-06T17:45:59+00:00\",\"author\":{\"@id\":\"\"},\"breadcrumb\":{\"@id\":\"https:\/\/www.blogsoestado.com\/danielmatos\/excecao-em-paco-do-lumiar-mais-de-50-dos-cargos-de-primeiro-escalao-sao-ocupados-por-mulheres\/#breadcrumb\"},\"inLanguage\":\"pt-BR\",\"potentialAction\":[{\"@type\":\"ReadAction\",\"target\":[\"https:\/\/www.blogsoestado.com\/danielmatos\/excecao-em-paco-do-lumiar-mais-de-50-dos-cargos-de-primeiro-escalao-sao-ocupados-por-mulheres\/\"]}]},{\"@type\":\"ImageObject\",\"inLanguage\":\"pt-BR\",\"@id\":\"https:\/\/www.blogsoestado.com\/danielmatos\/excecao-em-paco-do-lumiar-mais-de-50-dos-cargos-de-primeiro-escalao-sao-ocupados-por-mulheres\/#primaryimage\",\"url\":\"https:\/\/www.blogsoestado.com\/danielmatos\/files\/2023\/05\/Screenshot_20230506-1450562.png\",\"contentUrl\":\"https:\/\/www.blogsoestado.com\/danielmatos\/files\/2023\/05\/Screenshot_20230506-1450562.png\"},{\"@type\":\"BreadcrumbList\",\"@id\":\"https:\/\/www.blogsoestado.com\/danielmatos\/excecao-em-paco-do-lumiar-mais-de-50-dos-cargos-de-primeiro-escalao-sao-ocupados-por-mulheres\/#breadcrumb\",\"itemListElement\":[{\"@type\":\"ListItem\",\"position\":1,\"name\":\"In\u00edcio\",\"item\":\"https:\/\/www.blogsoestado.com\/danielmatos\/\"},{\"@type\":\"ListItem\",\"position\":2,\"name\":\"Exce\u00e7\u00e3o: em Pa\u00e7o do Lumiar, mais de 50% dos cargos de primeiro escal\u00e3o s\u00e3o ocupados por mulheres\"}]},{\"@type\":\"WebSite\",\"@id\":\"https:\/\/www.blogsoestado.com\/danielmatos\/#website\",\"url\":\"https:\/\/www.blogsoestado.com\/danielmatos\/\",\"name\":\"Daniel Matos\",\"description\":\"\",\"potentialAction\":[{\"@type\":\"SearchAction\",\"target\":{\"@type\":\"EntryPoint\",\"urlTemplate\":\"https:\/\/www.blogsoestado.com\/danielmatos\/?s={search_term_string}\"},\"query-input\":{\"@type\":\"PropertyValueSpecification\",\"valueRequired\":true,\"valueName\":\"search_term_string\"}}],\"inLanguage\":\"pt-BR\"}]}<\/script>\n<!-- \/ Yoast SEO plugin. -->","yoast_head_json":{"title":"Exce\u00e7\u00e3o: em Pa\u00e7o do Lumiar, mais de 50% dos cargos de primeiro escal\u00e3o s\u00e3o ocupados por mulheres - Daniel Matos","robots":{"index":"index","follow":"follow","max-snippet":"max-snippet:-1","max-image-preview":"max-image-preview:large","max-video-preview":"max-video-preview:-1"},"canonical":"https:\/\/www.blogsoestado.com\/danielmatos\/excecao-em-paco-do-lumiar-mais-de-50-dos-cargos-de-primeiro-escalao-sao-ocupados-por-mulheres\/","og_locale":"pt_BR","og_type":"article","og_title":"Exce\u00e7\u00e3o: em Pa\u00e7o do Lumiar, mais de 50% dos cargos de primeiro escal\u00e3o s\u00e3o ocupados por mulheres - Daniel Matos","og_description":"O empoderamento feminino tem produzido bons resultados na gest\u00e3o administrativa da prefeita Paula Azevedo Dos cinco munic\u00edpios que formam a [&hellip;]","og_url":"https:\/\/www.blogsoestado.com\/danielmatos\/excecao-em-paco-do-lumiar-mais-de-50-dos-cargos-de-primeiro-escalao-sao-ocupados-por-mulheres\/","og_site_name":"Daniel Matos","article_published_time":"2023-05-06T17:45:59+00:00","og_image":[{"url":"https:\/\/www.blogsoestado.com\/danielmatos\/files\/2023\/05\/Screenshot_20230506-1450562.png","type":"","width":"","height":""}],"twitter_card":"summary_large_image","twitter_misc":{"Est. tempo de leitura":"4 minutos"},"schema":{"@context":"https:\/\/schema.org","@graph":[{"@type":"WebPage","@id":"https:\/\/www.blogsoestado.com\/danielmatos\/excecao-em-paco-do-lumiar-mais-de-50-dos-cargos-de-primeiro-escalao-sao-ocupados-por-mulheres\/","url":"https:\/\/www.blogsoestado.com\/danielmatos\/excecao-em-paco-do-lumiar-mais-de-50-dos-cargos-de-primeiro-escalao-sao-ocupados-por-mulheres\/","name":"Exce\u00e7\u00e3o: em Pa\u00e7o do Lumiar, mais de 50% dos cargos de primeiro escal\u00e3o s\u00e3o ocupados por mulheres - Daniel Matos","isPartOf":{"@id":"https:\/\/www.blogsoestado.com\/danielmatos\/#website"},"primaryImageOfPage":{"@id":"https:\/\/www.blogsoestado.com\/danielmatos\/excecao-em-paco-do-lumiar-mais-de-50-dos-cargos-de-primeiro-escalao-sao-ocupados-por-mulheres\/#primaryimage"},"image":{"@id":"https:\/\/www.blogsoestado.com\/danielmatos\/excecao-em-paco-do-lumiar-mais-de-50-dos-cargos-de-primeiro-escalao-sao-ocupados-por-mulheres\/#primaryimage"},"thumbnailUrl":"https:\/\/www.blogsoestado.com\/danielmatos\/files\/2023\/05\/Screenshot_20230506-1450562.png","datePublished":"2023-05-06T17:45:59+00:00","author":{"@id":""},"breadcrumb":{"@id":"https:\/\/www.blogsoestado.com\/danielmatos\/excecao-em-paco-do-lumiar-mais-de-50-dos-cargos-de-primeiro-escalao-sao-ocupados-por-mulheres\/#breadcrumb"},"inLanguage":"pt-BR","potentialAction":[{"@type":"ReadAction","target":["https:\/\/www.blogsoestado.com\/danielmatos\/excecao-em-paco-do-lumiar-mais-de-50-dos-cargos-de-primeiro-escalao-sao-ocupados-por-mulheres\/"]}]},{"@type":"ImageObject","inLanguage":"pt-BR","@id":"https:\/\/www.blogsoestado.com\/danielmatos\/excecao-em-paco-do-lumiar-mais-de-50-dos-cargos-de-primeiro-escalao-sao-ocupados-por-mulheres\/#primaryimage","url":"https:\/\/www.blogsoestado.com\/danielmatos\/files\/2023\/05\/Screenshot_20230506-1450562.png","contentUrl":"https:\/\/www.blogsoestado.com\/danielmatos\/files\/2023\/05\/Screenshot_20230506-1450562.png"},{"@type":"BreadcrumbList","@id":"https:\/\/www.blogsoestado.com\/danielmatos\/excecao-em-paco-do-lumiar-mais-de-50-dos-cargos-de-primeiro-escalao-sao-ocupados-por-mulheres\/#breadcrumb","itemListElement":[{"@type":"ListItem","position":1,"name":"In\u00edcio","item":"https:\/\/www.blogsoestado.com\/danielmatos\/"},{"@type":"ListItem","position":2,"name":"Exce\u00e7\u00e3o: em Pa\u00e7o do Lumiar, mais de 50% dos cargos de primeiro escal\u00e3o s\u00e3o ocupados por mulheres"}]},{"@type":"WebSite","@id":"https:\/\/www.blogsoestado.com\/danielmatos\/#website","url":"https:\/\/www.blogsoestado.com\/danielmatos\/","name":"Daniel Matos","description":"","potentialAction":[{"@type":"SearchAction","target":{"@type":"EntryPoint","urlTemplate":"https:\/\/www.blogsoestado.com\/danielmatos\/?s={search_term_string}"},"query-input":{"@type":"PropertyValueSpecification","valueRequired":true,"valueName":"search_term_string"}}],"inLanguage":"pt-BR"}]}},"jetpack_featured_media_url":"","_links":{"self":[{"href":"https:\/\/www.blogsoestado.com\/danielmatos\/wp-json\/wp\/v2\/posts\/109331","targetHints":{"allow":["GET"]}}],"collection":[{"href":"https:\/\/www.blogsoestado.com\/danielmatos\/wp-json\/wp\/v2\/posts"}],"about":[{"href":"https:\/\/www.blogsoestado.com\/danielmatos\/wp-json\/wp\/v2\/types\/post"}],"replies":[{"embeddable":true,"href":"https:\/\/www.blogsoestado.com\/danielmatos\/wp-json\/wp\/v2\/comments?post=109331"}],"version-history":[{"count":0,"href":"https:\/\/www.blogsoestado.com\/danielmatos\/wp-json\/wp\/v2\/posts\/109331\/revisions"}],"wp:attachment":[{"href":"https:\/\/www.blogsoestado.com\/danielmatos\/wp-json\/wp\/v2\/media?parent=109331"}],"wp:term":[{"taxonomy":"category","embeddable":true,"href":"https:\/\/www.blogsoestado.com\/danielmatos\/wp-json\/wp\/v2\/categories?post=109331"},{"taxonomy":"post_tag","embeddable":true,"href":"https:\/\/www.blogsoestado.com\/danielmatos\/wp-json\/wp\/v2\/tags?post=109331"}],"curies":[{"name":"wp","href":"https:\/\/api.w.org\/{rel}","templated":true}]}}