{"id":109365,"date":"2023-05-07T17:03:21","date_gmt":"2023-05-07T20:03:21","guid":{"rendered":"https:\/\/www.blogsoestado.com\/danielmatos\/?p=109365"},"modified":"2023-05-07T17:03:21","modified_gmt":"2023-05-07T20:03:21","slug":"brandao-exalta-qualidades-de-fabio-gentil-e-aponta-o-prefeito-de-caxias-como-maior-lider-politico-do-leste-maranhense","status":"publish","type":"post","link":"https:\/\/www.blogsoestado.com\/danielmatos\/brandao-exalta-qualidades-de-fabio-gentil-e-aponta-o-prefeito-de-caxias-como-maior-lider-politico-do-leste-maranhense\/","title":{"rendered":"Brand\u00e3o exalta talento, habilidade e poder de articula\u00e7\u00e3o de F\u00e1bio Gentil e aponta o prefeito de Caxias como maior l\u00edder pol\u00edtico do leste maranhense"},"content":{"rendered":"\n<div class=\"wp-block-image\"><figure class=\"aligncenter size-large\"><a href=\"https:\/\/www.blogsoestado.com\/danielmatos\/files\/2023\/05\/Screenshot_20230507-1705522.png\"><img decoding=\"async\" src=\"https:\/\/www.blogsoestado.com\/danielmatos\/files\/2023\/05\/Screenshot_20230507-1705522.png\" alt=\"\" class=\"wp-image-109369\"\/><\/a><figcaption>Carlos Brand\u00e3o e F\u00e1bio Gentil constru\u00edram amizade s\u00f3lida, baseada e confian\u00e7a e admira\u00e7\u00e3o m\u00fatuas, resultando em uma parceria institucional produtiva<\/figcaption><\/figure><\/div>\n\n\n\n<p>O governador Carlos Brand\u00e3o (PSB) n\u00e3o poupou elogios ao prefeito de Caxias, F\u00e1bio Gentil (Republicanos), em visita ao munic\u00edpio, neste s\u00e1bado (6), para participar de uma s\u00e9rie de inaugura\u00e7\u00f5es alusivas aos 200 anos da cidade. Em discurso, Brand\u00e3o reafirmou seu apre\u00e7o e parceria institucional com F\u00e1bio e apontou o aliado como o maior l\u00edder pol\u00edtico do leste maranhense.<\/p>\n\n\n\n<p>Brand\u00e3o disse que resolveu construir a amizade s\u00f3lida com o prefeito de Caxias ao perceber suas qualidades de homem p\u00fablico, como talento, habilidade e poder de articula\u00e7\u00e3o. &#8220;O F\u00e1bio tinha como refer\u00eancia pol\u00edtica o Humberto (Coutinho, ex-prefeito de Caxias e ex-deputado estadual por sucessivos mandatos) e eu tenho como refer\u00eancia o F\u00e1bio&#8221;, assinalou o governador, em pronunciamento na tribuna da C\u00e2mara Municipal.<\/p>\n\n\n\n<p>Ao recordar que uma conversa que teve certa vez com o prefeito caxiense, Carlos Brand\u00e3o contou ter dito ao amigo que n\u00e3o via nenhum pol\u00edtico da regi\u00e3o leste com capacidade para substituir o Humberto Coutinho que n\u00e3o fosse ele, momento em que o convidou para marcharem juntos e construir hist\u00f3ria.<\/p>\n\n\n\n<p>Na ocasi\u00e3o, Brand\u00e3o manifestou total confian\u00e7a em F\u00e1bio Gentil e afirmou que ele tinha tudo para assumir o protagonismo por sem competente e habilidoso. &#8220;E, de fato, o F\u00e1bio fez a parte dele. Eu dei a minha pequena contribui\u00e7\u00e3o e hoje, com certeza, voc\u00ea \u00e9 o maior l\u00edder pol\u00edtico desta reuni\u00e3o &#8220;, reconheceu o governador, dirigindo-se ao prefeito de Caxias, que tamb\u00e9m integrava a mesa de autoridades na cerim\u00f4nia.<\/p>\n\n\n\n<p><strong><span class=\"has-inline-color has-vivid-red-color\">Clique<\/span><\/strong> <a href=\"https:\/\/youtube.com\/shorts\/f2787YNprOo?feature=share4\">aqui<\/a> <strong><span class=\"has-inline-color has-vivid-red-color\">e assista ao discurso do governador Carlos Brand\u00e3o:<\/span><\/strong><\/p>\n","protected":false},"excerpt":{"rendered":"<p>O governador Carlos Brand\u00e3o (PSB) n\u00e3o poupou elogios ao prefeito de Caxias, F\u00e1bio Gentil (Republicanos), em visita ao munic\u00edpio, neste [&hellip;]<\/p>\n","protected":false},"author":0,"featured_media":0,"comment_status":"open","ping_status":"open","sticky":false,"template":"","format":"standard","meta":{"site-sidebar-layout":"default","site-content-layout":"","ast-site-content-layout":"default","site-content-style":"default","site-sidebar-style":"default","ast-global-header-display":"","ast-banner-title-visibility":"","ast-main-header-display":"","ast-hfb-above-header-display":"","ast-hfb-below-header-display":"","ast-hfb-mobile-header-display":"","site-post-title":"","ast-breadcrumbs-content":"","ast-featured-img":"","footer-sml-layout":"","ast-disable-related-posts":"","theme-transparent-header-meta":"","adv-header-id-meta":"","stick-header-meta":"","header-above-stick-meta":"","header-main-stick-meta":"","header-below-stick-meta":"","astra-migrate-meta-layouts":"default","ast-page-background-enabled":"default","ast-page-background-meta":{"desktop":{"background-color":"var(--ast-global-color-5)","background-image":"","background-repeat":"repeat","background-position":"center center","background-size":"auto","background-attachment":"scroll","background-type":"","background-media":"","overlay-type":"","overlay-color":"","overlay-opacity":"","overlay-gradient":""},"tablet":{"background-color":"","background-image":"","background-repeat":"repeat","background-position":"center center","background-size":"auto","background-attachment":"scroll","background-type":"","background-media":"","overlay-type":"","overlay-color":"","overlay-opacity":"","overlay-gradient":""},"mobile":{"background-color":"","background-image":"","background-repeat":"repeat","background-position":"center center","background-size":"auto","background-attachment":"scroll","background-type":"","background-media":"","overlay-type":"","overlay-color":"","overlay-opacity":"","overlay-gradient":""}},"ast-content-background-meta":{"desktop":{"background-color":"var(--ast-global-color-4)","background-image":"","background-repeat":"repeat","background-position":"center center","background-size":"auto","background-attachment":"scroll","background-type":"","background-media":"","overlay-type":"","overlay-color":"","overlay-opacity":"","overlay-gradient":""},"tablet":{"background-color":"var(--ast-global-color-4)","background-image":"","background-repeat":"repeat","background-position":"center center","background-size":"auto","background-attachment":"scroll","background-type":"","background-media":"","overlay-type":"","overlay-color":"","overlay-opacity":"","overlay-gradient":""},"mobile":{"background-color":"var(--ast-global-color-4)","background-image":"","background-repeat":"repeat","background-position":"center center","background-size":"auto","background-attachment":"scroll","background-type":"","background-media":"","overlay-type":"","overlay-color":"","overlay-opacity":"","overlay-gradient":""}},"footnotes":""},"categories":[1],"tags":[],"class_list":["post-109365","post","type-post","status-publish","format-standard","hentry","category-sem-categoria"],"yoast_head":"<!-- This site is optimized with the Yoast SEO plugin v26.6 - https:\/\/yoast.com\/wordpress\/plugins\/seo\/ -->\n<title>Brand\u00e3o exalta talento, habilidade e poder de articula\u00e7\u00e3o de F\u00e1bio Gentil e aponta o prefeito de Caxias como maior l\u00edder pol\u00edtico do leste maranhense - Daniel Matos<\/title>\n<meta name=\"robots\" content=\"index, follow, max-snippet:-1, max-image-preview:large, max-video-preview:-1\" \/>\n<link rel=\"canonical\" href=\"https:\/\/www.blogsoestado.com\/danielmatos\/brandao-exalta-qualidades-de-fabio-gentil-e-aponta-o-prefeito-de-caxias-como-maior-lider-politico-do-leste-maranhense\/\" \/>\n<meta property=\"og:locale\" content=\"pt_BR\" \/>\n<meta property=\"og:type\" content=\"article\" \/>\n<meta property=\"og:title\" content=\"Brand\u00e3o exalta talento, habilidade e poder de articula\u00e7\u00e3o de F\u00e1bio Gentil e aponta o prefeito de Caxias como maior l\u00edder pol\u00edtico do leste maranhense - Daniel Matos\" \/>\n<meta property=\"og:description\" content=\"O governador Carlos Brand\u00e3o (PSB) n\u00e3o poupou elogios ao prefeito de Caxias, F\u00e1bio Gentil (Republicanos), em visita ao munic\u00edpio, neste [&hellip;]\" \/>\n<meta property=\"og:url\" content=\"https:\/\/www.blogsoestado.com\/danielmatos\/brandao-exalta-qualidades-de-fabio-gentil-e-aponta-o-prefeito-de-caxias-como-maior-lider-politico-do-leste-maranhense\/\" \/>\n<meta property=\"og:site_name\" content=\"Daniel Matos\" \/>\n<meta property=\"article:published_time\" content=\"2023-05-07T20:03:21+00:00\" \/>\n<meta property=\"og:image\" content=\"https:\/\/www.blogsoestado.com\/danielmatos\/files\/2023\/05\/Screenshot_20230507-1705522.png\" \/>\n<meta name=\"twitter:card\" content=\"summary_large_image\" \/>\n<meta name=\"twitter:label1\" content=\"Est. tempo de leitura\" \/>\n\t<meta name=\"twitter:data1\" content=\"2 minutos\" \/>\n<script type=\"application\/ld+json\" class=\"yoast-schema-graph\">{\"@context\":\"https:\/\/schema.org\",\"@graph\":[{\"@type\":\"WebPage\",\"@id\":\"https:\/\/www.blogsoestado.com\/danielmatos\/brandao-exalta-qualidades-de-fabio-gentil-e-aponta-o-prefeito-de-caxias-como-maior-lider-politico-do-leste-maranhense\/\",\"url\":\"https:\/\/www.blogsoestado.com\/danielmatos\/brandao-exalta-qualidades-de-fabio-gentil-e-aponta-o-prefeito-de-caxias-como-maior-lider-politico-do-leste-maranhense\/\",\"name\":\"Brand\u00e3o exalta talento, habilidade e poder de articula\u00e7\u00e3o de F\u00e1bio Gentil e aponta o prefeito de Caxias como maior l\u00edder pol\u00edtico do leste maranhense - Daniel Matos\",\"isPartOf\":{\"@id\":\"https:\/\/www.blogsoestado.com\/danielmatos\/#website\"},\"primaryImageOfPage\":{\"@id\":\"https:\/\/www.blogsoestado.com\/danielmatos\/brandao-exalta-qualidades-de-fabio-gentil-e-aponta-o-prefeito-de-caxias-como-maior-lider-politico-do-leste-maranhense\/#primaryimage\"},\"image\":{\"@id\":\"https:\/\/www.blogsoestado.com\/danielmatos\/brandao-exalta-qualidades-de-fabio-gentil-e-aponta-o-prefeito-de-caxias-como-maior-lider-politico-do-leste-maranhense\/#primaryimage\"},\"thumbnailUrl\":\"https:\/\/www.blogsoestado.com\/danielmatos\/files\/2023\/05\/Screenshot_20230507-1705522.png\",\"datePublished\":\"2023-05-07T20:03:21+00:00\",\"author\":{\"@id\":\"\"},\"breadcrumb\":{\"@id\":\"https:\/\/www.blogsoestado.com\/danielmatos\/brandao-exalta-qualidades-de-fabio-gentil-e-aponta-o-prefeito-de-caxias-como-maior-lider-politico-do-leste-maranhense\/#breadcrumb\"},\"inLanguage\":\"pt-BR\",\"potentialAction\":[{\"@type\":\"ReadAction\",\"target\":[\"https:\/\/www.blogsoestado.com\/danielmatos\/brandao-exalta-qualidades-de-fabio-gentil-e-aponta-o-prefeito-de-caxias-como-maior-lider-politico-do-leste-maranhense\/\"]}]},{\"@type\":\"ImageObject\",\"inLanguage\":\"pt-BR\",\"@id\":\"https:\/\/www.blogsoestado.com\/danielmatos\/brandao-exalta-qualidades-de-fabio-gentil-e-aponta-o-prefeito-de-caxias-como-maior-lider-politico-do-leste-maranhense\/#primaryimage\",\"url\":\"https:\/\/www.blogsoestado.com\/danielmatos\/files\/2023\/05\/Screenshot_20230507-1705522.png\",\"contentUrl\":\"https:\/\/www.blogsoestado.com\/danielmatos\/files\/2023\/05\/Screenshot_20230507-1705522.png\"},{\"@type\":\"BreadcrumbList\",\"@id\":\"https:\/\/www.blogsoestado.com\/danielmatos\/brandao-exalta-qualidades-de-fabio-gentil-e-aponta-o-prefeito-de-caxias-como-maior-lider-politico-do-leste-maranhense\/#breadcrumb\",\"itemListElement\":[{\"@type\":\"ListItem\",\"position\":1,\"name\":\"In\u00edcio\",\"item\":\"https:\/\/www.blogsoestado.com\/danielmatos\/\"},{\"@type\":\"ListItem\",\"position\":2,\"name\":\"Brand\u00e3o exalta talento, habilidade e poder de articula\u00e7\u00e3o de F\u00e1bio Gentil e aponta o prefeito de Caxias como maior l\u00edder pol\u00edtico do leste maranhense\"}]},{\"@type\":\"WebSite\",\"@id\":\"https:\/\/www.blogsoestado.com\/danielmatos\/#website\",\"url\":\"https:\/\/www.blogsoestado.com\/danielmatos\/\",\"name\":\"Daniel Matos\",\"description\":\"\",\"potentialAction\":[{\"@type\":\"SearchAction\",\"target\":{\"@type\":\"EntryPoint\",\"urlTemplate\":\"https:\/\/www.blogsoestado.com\/danielmatos\/?s={search_term_string}\"},\"query-input\":{\"@type\":\"PropertyValueSpecification\",\"valueRequired\":true,\"valueName\":\"search_term_string\"}}],\"inLanguage\":\"pt-BR\"}]}<\/script>\n<!-- \/ Yoast SEO plugin. -->","yoast_head_json":{"title":"Brand\u00e3o exalta talento, habilidade e poder de articula\u00e7\u00e3o de F\u00e1bio Gentil e aponta o prefeito de Caxias como maior l\u00edder pol\u00edtico do leste maranhense - Daniel Matos","robots":{"index":"index","follow":"follow","max-snippet":"max-snippet:-1","max-image-preview":"max-image-preview:large","max-video-preview":"max-video-preview:-1"},"canonical":"https:\/\/www.blogsoestado.com\/danielmatos\/brandao-exalta-qualidades-de-fabio-gentil-e-aponta-o-prefeito-de-caxias-como-maior-lider-politico-do-leste-maranhense\/","og_locale":"pt_BR","og_type":"article","og_title":"Brand\u00e3o exalta talento, habilidade e poder de articula\u00e7\u00e3o de F\u00e1bio Gentil e aponta o prefeito de Caxias como maior l\u00edder pol\u00edtico do leste maranhense - Daniel Matos","og_description":"O governador Carlos Brand\u00e3o (PSB) n\u00e3o poupou elogios ao prefeito de Caxias, F\u00e1bio Gentil (Republicanos), em visita ao munic\u00edpio, neste [&hellip;]","og_url":"https:\/\/www.blogsoestado.com\/danielmatos\/brandao-exalta-qualidades-de-fabio-gentil-e-aponta-o-prefeito-de-caxias-como-maior-lider-politico-do-leste-maranhense\/","og_site_name":"Daniel Matos","article_published_time":"2023-05-07T20:03:21+00:00","og_image":[{"url":"https:\/\/www.blogsoestado.com\/danielmatos\/files\/2023\/05\/Screenshot_20230507-1705522.png","type":"","width":"","height":""}],"twitter_card":"summary_large_image","twitter_misc":{"Est. tempo de leitura":"2 minutos"},"schema":{"@context":"https:\/\/schema.org","@graph":[{"@type":"WebPage","@id":"https:\/\/www.blogsoestado.com\/danielmatos\/brandao-exalta-qualidades-de-fabio-gentil-e-aponta-o-prefeito-de-caxias-como-maior-lider-politico-do-leste-maranhense\/","url":"https:\/\/www.blogsoestado.com\/danielmatos\/brandao-exalta-qualidades-de-fabio-gentil-e-aponta-o-prefeito-de-caxias-como-maior-lider-politico-do-leste-maranhense\/","name":"Brand\u00e3o exalta talento, habilidade e poder de articula\u00e7\u00e3o de F\u00e1bio Gentil e aponta o prefeito de Caxias como maior l\u00edder pol\u00edtico do leste maranhense - Daniel Matos","isPartOf":{"@id":"https:\/\/www.blogsoestado.com\/danielmatos\/#website"},"primaryImageOfPage":{"@id":"https:\/\/www.blogsoestado.com\/danielmatos\/brandao-exalta-qualidades-de-fabio-gentil-e-aponta-o-prefeito-de-caxias-como-maior-lider-politico-do-leste-maranhense\/#primaryimage"},"image":{"@id":"https:\/\/www.blogsoestado.com\/danielmatos\/brandao-exalta-qualidades-de-fabio-gentil-e-aponta-o-prefeito-de-caxias-como-maior-lider-politico-do-leste-maranhense\/#primaryimage"},"thumbnailUrl":"https:\/\/www.blogsoestado.com\/danielmatos\/files\/2023\/05\/Screenshot_20230507-1705522.png","datePublished":"2023-05-07T20:03:21+00:00","author":{"@id":""},"breadcrumb":{"@id":"https:\/\/www.blogsoestado.com\/danielmatos\/brandao-exalta-qualidades-de-fabio-gentil-e-aponta-o-prefeito-de-caxias-como-maior-lider-politico-do-leste-maranhense\/#breadcrumb"},"inLanguage":"pt-BR","potentialAction":[{"@type":"ReadAction","target":["https:\/\/www.blogsoestado.com\/danielmatos\/brandao-exalta-qualidades-de-fabio-gentil-e-aponta-o-prefeito-de-caxias-como-maior-lider-politico-do-leste-maranhense\/"]}]},{"@type":"ImageObject","inLanguage":"pt-BR","@id":"https:\/\/www.blogsoestado.com\/danielmatos\/brandao-exalta-qualidades-de-fabio-gentil-e-aponta-o-prefeito-de-caxias-como-maior-lider-politico-do-leste-maranhense\/#primaryimage","url":"https:\/\/www.blogsoestado.com\/danielmatos\/files\/2023\/05\/Screenshot_20230507-1705522.png","contentUrl":"https:\/\/www.blogsoestado.com\/danielmatos\/files\/2023\/05\/Screenshot_20230507-1705522.png"},{"@type":"BreadcrumbList","@id":"https:\/\/www.blogsoestado.com\/danielmatos\/brandao-exalta-qualidades-de-fabio-gentil-e-aponta-o-prefeito-de-caxias-como-maior-lider-politico-do-leste-maranhense\/#breadcrumb","itemListElement":[{"@type":"ListItem","position":1,"name":"In\u00edcio","item":"https:\/\/www.blogsoestado.com\/danielmatos\/"},{"@type":"ListItem","position":2,"name":"Brand\u00e3o exalta talento, habilidade e poder de articula\u00e7\u00e3o de F\u00e1bio Gentil e aponta o prefeito de Caxias como maior l\u00edder pol\u00edtico do leste maranhense"}]},{"@type":"WebSite","@id":"https:\/\/www.blogsoestado.com\/danielmatos\/#website","url":"https:\/\/www.blogsoestado.com\/danielmatos\/","name":"Daniel Matos","description":"","potentialAction":[{"@type":"SearchAction","target":{"@type":"EntryPoint","urlTemplate":"https:\/\/www.blogsoestado.com\/danielmatos\/?s={search_term_string}"},"query-input":{"@type":"PropertyValueSpecification","valueRequired":true,"valueName":"search_term_string"}}],"inLanguage":"pt-BR"}]}},"jetpack_featured_media_url":"","_links":{"self":[{"href":"https:\/\/www.blogsoestado.com\/danielmatos\/wp-json\/wp\/v2\/posts\/109365","targetHints":{"allow":["GET"]}}],"collection":[{"href":"https:\/\/www.blogsoestado.com\/danielmatos\/wp-json\/wp\/v2\/posts"}],"about":[{"href":"https:\/\/www.blogsoestado.com\/danielmatos\/wp-json\/wp\/v2\/types\/post"}],"replies":[{"embeddable":true,"href":"https:\/\/www.blogsoestado.com\/danielmatos\/wp-json\/wp\/v2\/comments?post=109365"}],"version-history":[{"count":0,"href":"https:\/\/www.blogsoestado.com\/danielmatos\/wp-json\/wp\/v2\/posts\/109365\/revisions"}],"wp:attachment":[{"href":"https:\/\/www.blogsoestado.com\/danielmatos\/wp-json\/wp\/v2\/media?parent=109365"}],"wp:term":[{"taxonomy":"category","embeddable":true,"href":"https:\/\/www.blogsoestado.com\/danielmatos\/wp-json\/wp\/v2\/categories?post=109365"},{"taxonomy":"post_tag","embeddable":true,"href":"https:\/\/www.blogsoestado.com\/danielmatos\/wp-json\/wp\/v2\/tags?post=109365"}],"curies":[{"name":"wp","href":"https:\/\/api.w.org\/{rel}","templated":true}]}}