{"id":109371,"date":"2023-05-07T21:40:23","date_gmt":"2023-05-08T00:40:23","guid":{"rendered":"https:\/\/www.blogsoestado.com\/danielmatos\/?p=109371"},"modified":"2023-05-07T21:40:23","modified_gmt":"2023-05-08T00:40:23","slug":"iracema-vale-prestigia-entrega-de-obras-do-governo-do-estado-em-beneficio-da-regiao-litoral-ocidental","status":"publish","type":"post","link":"https:\/\/www.blogsoestado.com\/danielmatos\/iracema-vale-prestigia-entrega-de-obras-do-governo-do-estado-em-beneficio-da-regiao-litoral-ocidental\/","title":{"rendered":"Iracema Vale prestigia entrega de obras do Governo do Estado em benef\u00edcio da regi\u00e3o Litoral Ocidental"},"content":{"rendered":"\n<p><strong><span class=\"has-inline-color has-vivid-red-color\">Ato, ocorrido neste domingo (7), foi conduzido pelo governador Carlos Brand\u00e3o e contou com participa\u00e7\u00e3o de deputados estaduais e outras autoridades<\/span><\/strong><\/p>\n\n\n\n<div class=\"wp-block-image\"><figure class=\"aligncenter size-large\"><a href=\"https:\/\/www.blogsoestado.com\/danielmatos\/files\/2023\/05\/Screenshot_20230507-2136192.png\"><img decoding=\"async\" src=\"https:\/\/www.blogsoestado.com\/danielmatos\/files\/2023\/05\/Screenshot_20230507-2136192.png\" alt=\"\" class=\"wp-image-109372\"\/><\/a><figcaption>Iracema Vale destacou que a ponte e a pavimenta\u00e7\u00e3o eram aguardadas pela popula\u00e7\u00e3o h\u00e1 muitos anos e v\u00e3o favorecer v\u00e1rios munic\u00edpios da Floresta dos Guar\u00e1s<\/figcaption><\/figure><\/div>\n\n\n\n<p>A presidente da Assembleia Legislativa do Maranh\u00e3o, deputada Iracema Vale (PSB), prestigiou, neste domingo (7), a solenidade de entrega da conclus\u00e3o das obras de melhoria e pavimenta\u00e7\u00e3o asf\u00e1ltica da rodovia MA-211, que d\u00e1 acesso \u00e0 ponte Ant\u00f4nio Jorge Dino, sobre o Rio Pericum\u00e3, interligando os munic\u00edpios de Bequim\u00e3o e Central do Maranh\u00e3o. O ato foi conduzido pelo governador Carlos Brand\u00e3o (PSB).<\/p>\n\n\n\n<p>\u201cA ponte e a pavimenta\u00e7\u00e3o s\u00e3o aguardadas pela popula\u00e7\u00e3o h\u00e1 muitos anos e v\u00e3o favorecer v\u00e1rios munic\u00edpios da Floresta dos Guar\u00e1s. Parabenizo o Governo do Estado porque pudemos ver a alegria e satisfa\u00e7\u00e3o estampada nos sorrisos dessas pessoas que participaram desse ato e que ser\u00e3o beneficiadas com essas obras\u201d, afirmou a chefe do Legislativo maranhense.<\/p>\n\n\n\n<p>A obra, cujo investimento foi de R$ 113.994.436,33, \u00e9 uma reivindica\u00e7\u00e3o de quase 10 comunidades quilombolas que vivem no entorno da MA-211. Entre elas, se encontram as comunidades Monte Carmo, Ju\u00e7aral, Jacaretiua, Mata-Burro, Pi\u00e7arreira, Ramal do Quindiua, Mafra e Santa Rita. A popula\u00e7\u00e3o tamb\u00e9m ter\u00e1 acesso facilitado \u00e0 capital S\u00e3o Lu\u00eds, por meio do Terminal de Ferry Boat do Cujupe.<\/p>\n\n\n\n<p>\u201c\u00c9 uma entrega muito importante para a regi\u00e3o Litoral Ocidental e estamos realizando um sonho de d\u00e9cadas. Al\u00e9m de marcar o fim do isolamento entre os munic\u00edpios, ter\u00e1 impacto econ\u00f4mico positivo ao favorecer investimentos para a explora\u00e7\u00e3o tur\u00edstica sustent\u00e1vel e a atividade pesqueira\u201d, enfatizou o governador Carlos Brand\u00e3o.<\/p>\n\n\n\n<p><strong>Beneficiados<\/strong><\/p>\n\n\n\n<p>A rodovia \u00e9 composta de dois lotes partindo da ponte sobre o Rio Pericum\u00e3. Diretamente, ser\u00e3o beneficiados 10 munic\u00edpios: Bequim\u00e3o, Central do Maranh\u00e3o, Mirinzal, Guimar\u00e3es, Cedral, Cururupu, Porto Rico, Serrano do Maranh\u00e3o, Bacuri e Apicum-A\u00e7u, totalizando uma popula\u00e7\u00e3o estimada em 150 mil pessoas.<\/p>\n\n\n\n<p>O prefeito de Bequim\u00e3o, Jo\u00e3o Martins (MDB), agradeceu a parceria do Governo com os munic\u00edpios. \u201cO municipalismo do governador Carlos Brand\u00e3o est\u00e1 transformando em realidade sonhos antigos dos bequim\u00e3oenses. A constru\u00e7\u00e3o se iniciou na antiga gest\u00e3o e, hoje, estamos recebendo esse presente. Certamente \u00e9 um dia hist\u00f3rico para todos n\u00f3s\u201d, salientou.<\/p>\n\n\n\n<p>No ato, tamb\u00e9m estiveram presentes os deputados estaduais Neto Evangelista (Uni\u00e3o Brasil), Ariston (PSB), J\u00falio Mendon\u00e7a (PCdoB), Cl\u00e1udio Cunha (PL), Carlos Lula (PSB), Ricardo Rios (PCdoB), Ricardo Arruda (MDB), Flor\u00eancio Neto (PSB), Ana do G\u00e1s (PCdoB), Z\u00e9 In\u00e1cio (PT), Osmar Filho (PDT), Rafael Leitoa (PSB) e Roberto Costa (MDB), al\u00e9m do vice-governador Felipe Camar\u00e3o (PT), secret\u00e1rios de Estado e outras autoridades.<\/p>\n","protected":false},"excerpt":{"rendered":"<p>Ato, ocorrido neste domingo (7), foi conduzido pelo governador Carlos Brand\u00e3o e contou com participa\u00e7\u00e3o de deputados estaduais e outras [&hellip;]<\/p>\n","protected":false},"author":0,"featured_media":0,"comment_status":"open","ping_status":"open","sticky":false,"template":"","format":"standard","meta":{"site-sidebar-layout":"default","site-content-layout":"","ast-site-content-layout":"default","site-content-style":"default","site-sidebar-style":"default","ast-global-header-display":"","ast-banner-title-visibility":"","ast-main-header-display":"","ast-hfb-above-header-display":"","ast-hfb-below-header-display":"","ast-hfb-mobile-header-display":"","site-post-title":"","ast-breadcrumbs-content":"","ast-featured-img":"","footer-sml-layout":"","ast-disable-related-posts":"","theme-transparent-header-meta":"","adv-header-id-meta":"","stick-header-meta":"","header-above-stick-meta":"","header-main-stick-meta":"","header-below-stick-meta":"","astra-migrate-meta-layouts":"default","ast-page-background-enabled":"default","ast-page-background-meta":{"desktop":{"background-color":"var(--ast-global-color-5)","background-image":"","background-repeat":"repeat","background-position":"center center","background-size":"auto","background-attachment":"scroll","background-type":"","background-media":"","overlay-type":"","overlay-color":"","overlay-opacity":"","overlay-gradient":""},"tablet":{"background-color":"","background-image":"","background-repeat":"repeat","background-position":"center center","background-size":"auto","background-attachment":"scroll","background-type":"","background-media":"","overlay-type":"","overlay-color":"","overlay-opacity":"","overlay-gradient":""},"mobile":{"background-color":"","background-image":"","background-repeat":"repeat","background-position":"center center","background-size":"auto","background-attachment":"scroll","background-type":"","background-media":"","overlay-type":"","overlay-color":"","overlay-opacity":"","overlay-gradient":""}},"ast-content-background-meta":{"desktop":{"background-color":"var(--ast-global-color-4)","background-image":"","background-repeat":"repeat","background-position":"center center","background-size":"auto","background-attachment":"scroll","background-type":"","background-media":"","overlay-type":"","overlay-color":"","overlay-opacity":"","overlay-gradient":""},"tablet":{"background-color":"var(--ast-global-color-4)","background-image":"","background-repeat":"repeat","background-position":"center center","background-size":"auto","background-attachment":"scroll","background-type":"","background-media":"","overlay-type":"","overlay-color":"","overlay-opacity":"","overlay-gradient":""},"mobile":{"background-color":"var(--ast-global-color-4)","background-image":"","background-repeat":"repeat","background-position":"center center","background-size":"auto","background-attachment":"scroll","background-type":"","background-media":"","overlay-type":"","overlay-color":"","overlay-opacity":"","overlay-gradient":""}},"footnotes":""},"categories":[1],"tags":[],"class_list":["post-109371","post","type-post","status-publish","format-standard","hentry","category-sem-categoria"],"yoast_head":"<!-- This site is optimized with the Yoast SEO plugin v26.6 - https:\/\/yoast.com\/wordpress\/plugins\/seo\/ -->\n<title>Iracema Vale prestigia entrega de obras do Governo do Estado em benef\u00edcio da regi\u00e3o Litoral Ocidental - Daniel Matos<\/title>\n<meta name=\"robots\" content=\"index, follow, max-snippet:-1, max-image-preview:large, max-video-preview:-1\" \/>\n<link rel=\"canonical\" href=\"https:\/\/www.blogsoestado.com\/danielmatos\/iracema-vale-prestigia-entrega-de-obras-do-governo-do-estado-em-beneficio-da-regiao-litoral-ocidental\/\" \/>\n<meta property=\"og:locale\" content=\"pt_BR\" \/>\n<meta property=\"og:type\" content=\"article\" \/>\n<meta property=\"og:title\" content=\"Iracema Vale prestigia entrega de obras do Governo do Estado em benef\u00edcio da regi\u00e3o Litoral Ocidental - Daniel Matos\" \/>\n<meta property=\"og:description\" content=\"Ato, ocorrido neste domingo (7), foi conduzido pelo governador Carlos Brand\u00e3o e contou com participa\u00e7\u00e3o de deputados estaduais e outras [&hellip;]\" \/>\n<meta property=\"og:url\" content=\"https:\/\/www.blogsoestado.com\/danielmatos\/iracema-vale-prestigia-entrega-de-obras-do-governo-do-estado-em-beneficio-da-regiao-litoral-ocidental\/\" \/>\n<meta property=\"og:site_name\" content=\"Daniel Matos\" \/>\n<meta property=\"article:published_time\" content=\"2023-05-08T00:40:23+00:00\" \/>\n<meta property=\"og:image\" content=\"https:\/\/www.blogsoestado.com\/danielmatos\/files\/2023\/05\/Screenshot_20230507-2136192.png\" \/>\n<meta name=\"twitter:card\" content=\"summary_large_image\" \/>\n<meta name=\"twitter:label1\" content=\"Est. tempo de leitura\" \/>\n\t<meta name=\"twitter:data1\" content=\"3 minutos\" \/>\n<script type=\"application\/ld+json\" class=\"yoast-schema-graph\">{\"@context\":\"https:\/\/schema.org\",\"@graph\":[{\"@type\":\"WebPage\",\"@id\":\"https:\/\/www.blogsoestado.com\/danielmatos\/iracema-vale-prestigia-entrega-de-obras-do-governo-do-estado-em-beneficio-da-regiao-litoral-ocidental\/\",\"url\":\"https:\/\/www.blogsoestado.com\/danielmatos\/iracema-vale-prestigia-entrega-de-obras-do-governo-do-estado-em-beneficio-da-regiao-litoral-ocidental\/\",\"name\":\"Iracema Vale prestigia entrega de obras do Governo do Estado em benef\u00edcio da regi\u00e3o Litoral Ocidental - Daniel Matos\",\"isPartOf\":{\"@id\":\"https:\/\/www.blogsoestado.com\/danielmatos\/#website\"},\"primaryImageOfPage\":{\"@id\":\"https:\/\/www.blogsoestado.com\/danielmatos\/iracema-vale-prestigia-entrega-de-obras-do-governo-do-estado-em-beneficio-da-regiao-litoral-ocidental\/#primaryimage\"},\"image\":{\"@id\":\"https:\/\/www.blogsoestado.com\/danielmatos\/iracema-vale-prestigia-entrega-de-obras-do-governo-do-estado-em-beneficio-da-regiao-litoral-ocidental\/#primaryimage\"},\"thumbnailUrl\":\"https:\/\/www.blogsoestado.com\/danielmatos\/files\/2023\/05\/Screenshot_20230507-2136192.png\",\"datePublished\":\"2023-05-08T00:40:23+00:00\",\"author\":{\"@id\":\"\"},\"breadcrumb\":{\"@id\":\"https:\/\/www.blogsoestado.com\/danielmatos\/iracema-vale-prestigia-entrega-de-obras-do-governo-do-estado-em-beneficio-da-regiao-litoral-ocidental\/#breadcrumb\"},\"inLanguage\":\"pt-BR\",\"potentialAction\":[{\"@type\":\"ReadAction\",\"target\":[\"https:\/\/www.blogsoestado.com\/danielmatos\/iracema-vale-prestigia-entrega-de-obras-do-governo-do-estado-em-beneficio-da-regiao-litoral-ocidental\/\"]}]},{\"@type\":\"ImageObject\",\"inLanguage\":\"pt-BR\",\"@id\":\"https:\/\/www.blogsoestado.com\/danielmatos\/iracema-vale-prestigia-entrega-de-obras-do-governo-do-estado-em-beneficio-da-regiao-litoral-ocidental\/#primaryimage\",\"url\":\"https:\/\/www.blogsoestado.com\/danielmatos\/files\/2023\/05\/Screenshot_20230507-2136192.png\",\"contentUrl\":\"https:\/\/www.blogsoestado.com\/danielmatos\/files\/2023\/05\/Screenshot_20230507-2136192.png\"},{\"@type\":\"BreadcrumbList\",\"@id\":\"https:\/\/www.blogsoestado.com\/danielmatos\/iracema-vale-prestigia-entrega-de-obras-do-governo-do-estado-em-beneficio-da-regiao-litoral-ocidental\/#breadcrumb\",\"itemListElement\":[{\"@type\":\"ListItem\",\"position\":1,\"name\":\"In\u00edcio\",\"item\":\"https:\/\/www.blogsoestado.com\/danielmatos\/\"},{\"@type\":\"ListItem\",\"position\":2,\"name\":\"Iracema Vale prestigia entrega de obras do Governo do Estado em benef\u00edcio da regi\u00e3o Litoral Ocidental\"}]},{\"@type\":\"WebSite\",\"@id\":\"https:\/\/www.blogsoestado.com\/danielmatos\/#website\",\"url\":\"https:\/\/www.blogsoestado.com\/danielmatos\/\",\"name\":\"Daniel Matos\",\"description\":\"\",\"potentialAction\":[{\"@type\":\"SearchAction\",\"target\":{\"@type\":\"EntryPoint\",\"urlTemplate\":\"https:\/\/www.blogsoestado.com\/danielmatos\/?s={search_term_string}\"},\"query-input\":{\"@type\":\"PropertyValueSpecification\",\"valueRequired\":true,\"valueName\":\"search_term_string\"}}],\"inLanguage\":\"pt-BR\"}]}<\/script>\n<!-- \/ Yoast SEO plugin. -->","yoast_head_json":{"title":"Iracema Vale prestigia entrega de obras do Governo do Estado em benef\u00edcio da regi\u00e3o Litoral Ocidental - Daniel Matos","robots":{"index":"index","follow":"follow","max-snippet":"max-snippet:-1","max-image-preview":"max-image-preview:large","max-video-preview":"max-video-preview:-1"},"canonical":"https:\/\/www.blogsoestado.com\/danielmatos\/iracema-vale-prestigia-entrega-de-obras-do-governo-do-estado-em-beneficio-da-regiao-litoral-ocidental\/","og_locale":"pt_BR","og_type":"article","og_title":"Iracema Vale prestigia entrega de obras do Governo do Estado em benef\u00edcio da regi\u00e3o Litoral Ocidental - Daniel Matos","og_description":"Ato, ocorrido neste domingo (7), foi conduzido pelo governador Carlos Brand\u00e3o e contou com participa\u00e7\u00e3o de deputados estaduais e outras [&hellip;]","og_url":"https:\/\/www.blogsoestado.com\/danielmatos\/iracema-vale-prestigia-entrega-de-obras-do-governo-do-estado-em-beneficio-da-regiao-litoral-ocidental\/","og_site_name":"Daniel Matos","article_published_time":"2023-05-08T00:40:23+00:00","og_image":[{"url":"https:\/\/www.blogsoestado.com\/danielmatos\/files\/2023\/05\/Screenshot_20230507-2136192.png","type":"","width":"","height":""}],"twitter_card":"summary_large_image","twitter_misc":{"Est. tempo de leitura":"3 minutos"},"schema":{"@context":"https:\/\/schema.org","@graph":[{"@type":"WebPage","@id":"https:\/\/www.blogsoestado.com\/danielmatos\/iracema-vale-prestigia-entrega-de-obras-do-governo-do-estado-em-beneficio-da-regiao-litoral-ocidental\/","url":"https:\/\/www.blogsoestado.com\/danielmatos\/iracema-vale-prestigia-entrega-de-obras-do-governo-do-estado-em-beneficio-da-regiao-litoral-ocidental\/","name":"Iracema Vale prestigia entrega de obras do Governo do Estado em benef\u00edcio da regi\u00e3o Litoral Ocidental - Daniel Matos","isPartOf":{"@id":"https:\/\/www.blogsoestado.com\/danielmatos\/#website"},"primaryImageOfPage":{"@id":"https:\/\/www.blogsoestado.com\/danielmatos\/iracema-vale-prestigia-entrega-de-obras-do-governo-do-estado-em-beneficio-da-regiao-litoral-ocidental\/#primaryimage"},"image":{"@id":"https:\/\/www.blogsoestado.com\/danielmatos\/iracema-vale-prestigia-entrega-de-obras-do-governo-do-estado-em-beneficio-da-regiao-litoral-ocidental\/#primaryimage"},"thumbnailUrl":"https:\/\/www.blogsoestado.com\/danielmatos\/files\/2023\/05\/Screenshot_20230507-2136192.png","datePublished":"2023-05-08T00:40:23+00:00","author":{"@id":""},"breadcrumb":{"@id":"https:\/\/www.blogsoestado.com\/danielmatos\/iracema-vale-prestigia-entrega-de-obras-do-governo-do-estado-em-beneficio-da-regiao-litoral-ocidental\/#breadcrumb"},"inLanguage":"pt-BR","potentialAction":[{"@type":"ReadAction","target":["https:\/\/www.blogsoestado.com\/danielmatos\/iracema-vale-prestigia-entrega-de-obras-do-governo-do-estado-em-beneficio-da-regiao-litoral-ocidental\/"]}]},{"@type":"ImageObject","inLanguage":"pt-BR","@id":"https:\/\/www.blogsoestado.com\/danielmatos\/iracema-vale-prestigia-entrega-de-obras-do-governo-do-estado-em-beneficio-da-regiao-litoral-ocidental\/#primaryimage","url":"https:\/\/www.blogsoestado.com\/danielmatos\/files\/2023\/05\/Screenshot_20230507-2136192.png","contentUrl":"https:\/\/www.blogsoestado.com\/danielmatos\/files\/2023\/05\/Screenshot_20230507-2136192.png"},{"@type":"BreadcrumbList","@id":"https:\/\/www.blogsoestado.com\/danielmatos\/iracema-vale-prestigia-entrega-de-obras-do-governo-do-estado-em-beneficio-da-regiao-litoral-ocidental\/#breadcrumb","itemListElement":[{"@type":"ListItem","position":1,"name":"In\u00edcio","item":"https:\/\/www.blogsoestado.com\/danielmatos\/"},{"@type":"ListItem","position":2,"name":"Iracema Vale prestigia entrega de obras do Governo do Estado em benef\u00edcio da regi\u00e3o Litoral Ocidental"}]},{"@type":"WebSite","@id":"https:\/\/www.blogsoestado.com\/danielmatos\/#website","url":"https:\/\/www.blogsoestado.com\/danielmatos\/","name":"Daniel Matos","description":"","potentialAction":[{"@type":"SearchAction","target":{"@type":"EntryPoint","urlTemplate":"https:\/\/www.blogsoestado.com\/danielmatos\/?s={search_term_string}"},"query-input":{"@type":"PropertyValueSpecification","valueRequired":true,"valueName":"search_term_string"}}],"inLanguage":"pt-BR"}]}},"jetpack_featured_media_url":"","_links":{"self":[{"href":"https:\/\/www.blogsoestado.com\/danielmatos\/wp-json\/wp\/v2\/posts\/109371","targetHints":{"allow":["GET"]}}],"collection":[{"href":"https:\/\/www.blogsoestado.com\/danielmatos\/wp-json\/wp\/v2\/posts"}],"about":[{"href":"https:\/\/www.blogsoestado.com\/danielmatos\/wp-json\/wp\/v2\/types\/post"}],"replies":[{"embeddable":true,"href":"https:\/\/www.blogsoestado.com\/danielmatos\/wp-json\/wp\/v2\/comments?post=109371"}],"version-history":[{"count":0,"href":"https:\/\/www.blogsoestado.com\/danielmatos\/wp-json\/wp\/v2\/posts\/109371\/revisions"}],"wp:attachment":[{"href":"https:\/\/www.blogsoestado.com\/danielmatos\/wp-json\/wp\/v2\/media?parent=109371"}],"wp:term":[{"taxonomy":"category","embeddable":true,"href":"https:\/\/www.blogsoestado.com\/danielmatos\/wp-json\/wp\/v2\/categories?post=109371"},{"taxonomy":"post_tag","embeddable":true,"href":"https:\/\/www.blogsoestado.com\/danielmatos\/wp-json\/wp\/v2\/tags?post=109371"}],"curies":[{"name":"wp","href":"https:\/\/api.w.org\/{rel}","templated":true}]}}