{"id":109374,"date":"2023-05-08T06:00:00","date_gmt":"2023-05-08T09:00:00","guid":{"rendered":"https:\/\/www.blogsoestado.com\/danielmatos\/?p=109374"},"modified":"2023-05-08T06:00:00","modified_gmt":"2023-05-08T09:00:00","slug":"acordo-firmado-entre-policia-civil-e-tjma-prioriza-atendimento-a-vitimas-em-processos-sobre-violencia","status":"publish","type":"post","link":"https:\/\/www.blogsoestado.com\/danielmatos\/acordo-firmado-entre-policia-civil-e-tjma-prioriza-atendimento-a-vitimas-em-processos-sobre-violencia\/","title":{"rendered":"Acordo firmado entre Pol\u00edcia Civil e TJMA prioriza atendimento a v\u00edtimas em processos sobre viol\u00eancia"},"content":{"rendered":"\n<div class=\"wp-block-image\"><figure class=\"aligncenter size-large\"><a href=\"https:\/\/www.blogsoestado.com\/danielmatos\/files\/2023\/05\/Screenshot_20230507-2305352.png\"><img decoding=\"async\" src=\"https:\/\/www.blogsoestado.com\/danielmatos\/files\/2023\/05\/Screenshot_20230507-2305352.png\" alt=\"\" class=\"wp-image-109378\"\/><\/a><figcaption>O delegado-geral da Pol\u00edcia Civil, Jair Paiva, assina o Termo de Coopera\u00e7\u00e3o T\u00e9cnica diante do comandante-geral do Corpo de Bombeiros, coronel C\u00e9lio Roberto Ara\u00fajo<\/figcaption><\/figure><\/div>\n\n\n\n<p>Com o objetivo de promover a operacionaliza\u00e7\u00e3o das atividades do Centro Especializado de Aten\u00e7\u00e3o \u00e0s V\u00edtimas (Ceav) no Poder Judici\u00e1rio estadual, o Tribunal de Justi\u00e7a do Maranh\u00e3o (TJMA) e a Pol\u00edcia Civil do Maranh\u00e3o assinaram um Termo de Coopera\u00e7\u00e3o T\u00e9cnica, na \u00faltima sexta-feira (5), que visa garantir um melhor atendimento \u00e0s pessoas que tenham passado por algum tipo de dano f\u00edsico, moral, patrimonial ou psicol\u00f3gico em raz\u00e3o de crime ou ato infracional. O termo foi assinado na sede da presid\u00eancia do TJMA , no Centro Hist\u00f3rico de S\u00e3o Lu\u00eds.<\/p>\n\n\n\n<p>Al\u00e9m da Pol\u00edcia Civil do Maranh\u00e3o, tamb\u00e9m assinaram os termos o Minist\u00e9rio P\u00fablico Estadual, Comunidade Terap\u00eautica Eben\u00e9zer, Corpo de Bombeiros Militar do Maranh\u00e3o, Defensoria P\u00fablica do Estado do Maranh\u00e3o, Creche Escola Estrela do Oriente, Comunidade Terap\u00eautica Feminina Florescer, Associa\u00e7\u00e3o Esp\u00edrita Lar de Jos\u00e9 e Instituto de Assist\u00eancia Inclus\u00e3o Social do Maranh\u00e3o.<\/p>\n\n\n\n<p>Os atos foram assinados pelo presidente do TJMA, desembargador Paulo Velten; pelo procurador-geral de Justi\u00e7a, Eduardo Jorge Hiluy;o delegado-geral de Pol\u00edcia Civil, Jair Paiva; o comandante-geral do Corpo de Bombeiros do Maranh\u00e3o, Cel.C\u00e9lio Roberto; a perita-geral da Per\u00edcia Oficial do Maranh\u00e3o, Anne Kelly Bastos, e os representantes das demais institui\u00e7\u00f5es presentes.<\/p>\n\n\n\n<p>O presidente do Tribunal de Justi\u00e7a do Maranh\u00e3o, desembargador Paulo Velten, afirmou que a celebra\u00e7\u00e3o dos acordos representa um passo importante na constru\u00e7\u00e3o de novo modelo de um processo mais humanizado, mais civilizado, voltado para a v\u00edtima<\/p>\n\n\n\n<p>As parcerias pretendem viabilizar os atendimentos das v\u00edtimas encaminhadas pelo Ceav\/TJMA, de acordo com as atribui\u00e7\u00f5es previstas na Resolu\u00e7\u00e3o GP n\u00b0. 69\/2022.<\/p>\n","protected":false},"excerpt":{"rendered":"<p>Com o objetivo de promover a operacionaliza\u00e7\u00e3o das atividades do Centro Especializado de Aten\u00e7\u00e3o \u00e0s V\u00edtimas (Ceav) no Poder Judici\u00e1rio [&hellip;]<\/p>\n","protected":false},"author":0,"featured_media":0,"comment_status":"open","ping_status":"open","sticky":false,"template":"","format":"standard","meta":{"site-sidebar-layout":"default","site-content-layout":"","ast-site-content-layout":"default","site-content-style":"default","site-sidebar-style":"default","ast-global-header-display":"","ast-banner-title-visibility":"","ast-main-header-display":"","ast-hfb-above-header-display":"","ast-hfb-below-header-display":"","ast-hfb-mobile-header-display":"","site-post-title":"","ast-breadcrumbs-content":"","ast-featured-img":"","footer-sml-layout":"","ast-disable-related-posts":"","theme-transparent-header-meta":"","adv-header-id-meta":"","stick-header-meta":"","header-above-stick-meta":"","header-main-stick-meta":"","header-below-stick-meta":"","astra-migrate-meta-layouts":"default","ast-page-background-enabled":"default","ast-page-background-meta":{"desktop":{"background-color":"var(--ast-global-color-5)","background-image":"","background-repeat":"repeat","background-position":"center center","background-size":"auto","background-attachment":"scroll","background-type":"","background-media":"","overlay-type":"","overlay-color":"","overlay-opacity":"","overlay-gradient":""},"tablet":{"background-color":"","background-image":"","background-repeat":"repeat","background-position":"center center","background-size":"auto","background-attachment":"scroll","background-type":"","background-media":"","overlay-type":"","overlay-color":"","overlay-opacity":"","overlay-gradient":""},"mobile":{"background-color":"","background-image":"","background-repeat":"repeat","background-position":"center center","background-size":"auto","background-attachment":"scroll","background-type":"","background-media":"","overlay-type":"","overlay-color":"","overlay-opacity":"","overlay-gradient":""}},"ast-content-background-meta":{"desktop":{"background-color":"var(--ast-global-color-4)","background-image":"","background-repeat":"repeat","background-position":"center center","background-size":"auto","background-attachment":"scroll","background-type":"","background-media":"","overlay-type":"","overlay-color":"","overlay-opacity":"","overlay-gradient":""},"tablet":{"background-color":"var(--ast-global-color-4)","background-image":"","background-repeat":"repeat","background-position":"center center","background-size":"auto","background-attachment":"scroll","background-type":"","background-media":"","overlay-type":"","overlay-color":"","overlay-opacity":"","overlay-gradient":""},"mobile":{"background-color":"var(--ast-global-color-4)","background-image":"","background-repeat":"repeat","background-position":"center center","background-size":"auto","background-attachment":"scroll","background-type":"","background-media":"","overlay-type":"","overlay-color":"","overlay-opacity":"","overlay-gradient":""}},"footnotes":""},"categories":[1],"tags":[],"class_list":["post-109374","post","type-post","status-publish","format-standard","hentry","category-sem-categoria"],"yoast_head":"<!-- This site is optimized with the Yoast SEO plugin v26.6 - https:\/\/yoast.com\/wordpress\/plugins\/seo\/ -->\n<title>Acordo firmado entre Pol\u00edcia Civil e TJMA prioriza atendimento a v\u00edtimas em processos sobre viol\u00eancia - Daniel Matos<\/title>\n<meta name=\"robots\" content=\"index, follow, max-snippet:-1, max-image-preview:large, max-video-preview:-1\" \/>\n<link rel=\"canonical\" href=\"https:\/\/www.blogsoestado.com\/danielmatos\/acordo-firmado-entre-policia-civil-e-tjma-prioriza-atendimento-a-vitimas-em-processos-sobre-violencia\/\" \/>\n<meta property=\"og:locale\" content=\"pt_BR\" \/>\n<meta property=\"og:type\" content=\"article\" \/>\n<meta property=\"og:title\" content=\"Acordo firmado entre Pol\u00edcia Civil e TJMA prioriza atendimento a v\u00edtimas em processos sobre viol\u00eancia - Daniel Matos\" \/>\n<meta property=\"og:description\" content=\"Com o objetivo de promover a operacionaliza\u00e7\u00e3o das atividades do Centro Especializado de Aten\u00e7\u00e3o \u00e0s V\u00edtimas (Ceav) no Poder Judici\u00e1rio [&hellip;]\" \/>\n<meta property=\"og:url\" content=\"https:\/\/www.blogsoestado.com\/danielmatos\/acordo-firmado-entre-policia-civil-e-tjma-prioriza-atendimento-a-vitimas-em-processos-sobre-violencia\/\" \/>\n<meta property=\"og:site_name\" content=\"Daniel Matos\" \/>\n<meta property=\"article:published_time\" content=\"2023-05-08T09:00:00+00:00\" \/>\n<meta property=\"og:image\" content=\"https:\/\/www.blogsoestado.com\/danielmatos\/files\/2023\/05\/Screenshot_20230507-2305352.png\" \/>\n<meta name=\"twitter:card\" content=\"summary_large_image\" \/>\n<meta name=\"twitter:label1\" content=\"Est. tempo de leitura\" \/>\n\t<meta name=\"twitter:data1\" content=\"2 minutos\" \/>\n<script type=\"application\/ld+json\" class=\"yoast-schema-graph\">{\"@context\":\"https:\/\/schema.org\",\"@graph\":[{\"@type\":\"WebPage\",\"@id\":\"https:\/\/www.blogsoestado.com\/danielmatos\/acordo-firmado-entre-policia-civil-e-tjma-prioriza-atendimento-a-vitimas-em-processos-sobre-violencia\/\",\"url\":\"https:\/\/www.blogsoestado.com\/danielmatos\/acordo-firmado-entre-policia-civil-e-tjma-prioriza-atendimento-a-vitimas-em-processos-sobre-violencia\/\",\"name\":\"Acordo firmado entre Pol\u00edcia Civil e TJMA prioriza atendimento a v\u00edtimas em processos sobre viol\u00eancia - Daniel Matos\",\"isPartOf\":{\"@id\":\"https:\/\/www.blogsoestado.com\/danielmatos\/#website\"},\"primaryImageOfPage\":{\"@id\":\"https:\/\/www.blogsoestado.com\/danielmatos\/acordo-firmado-entre-policia-civil-e-tjma-prioriza-atendimento-a-vitimas-em-processos-sobre-violencia\/#primaryimage\"},\"image\":{\"@id\":\"https:\/\/www.blogsoestado.com\/danielmatos\/acordo-firmado-entre-policia-civil-e-tjma-prioriza-atendimento-a-vitimas-em-processos-sobre-violencia\/#primaryimage\"},\"thumbnailUrl\":\"https:\/\/www.blogsoestado.com\/danielmatos\/files\/2023\/05\/Screenshot_20230507-2305352.png\",\"datePublished\":\"2023-05-08T09:00:00+00:00\",\"author\":{\"@id\":\"\"},\"breadcrumb\":{\"@id\":\"https:\/\/www.blogsoestado.com\/danielmatos\/acordo-firmado-entre-policia-civil-e-tjma-prioriza-atendimento-a-vitimas-em-processos-sobre-violencia\/#breadcrumb\"},\"inLanguage\":\"pt-BR\",\"potentialAction\":[{\"@type\":\"ReadAction\",\"target\":[\"https:\/\/www.blogsoestado.com\/danielmatos\/acordo-firmado-entre-policia-civil-e-tjma-prioriza-atendimento-a-vitimas-em-processos-sobre-violencia\/\"]}]},{\"@type\":\"ImageObject\",\"inLanguage\":\"pt-BR\",\"@id\":\"https:\/\/www.blogsoestado.com\/danielmatos\/acordo-firmado-entre-policia-civil-e-tjma-prioriza-atendimento-a-vitimas-em-processos-sobre-violencia\/#primaryimage\",\"url\":\"https:\/\/www.blogsoestado.com\/danielmatos\/files\/2023\/05\/Screenshot_20230507-2305352.png\",\"contentUrl\":\"https:\/\/www.blogsoestado.com\/danielmatos\/files\/2023\/05\/Screenshot_20230507-2305352.png\"},{\"@type\":\"BreadcrumbList\",\"@id\":\"https:\/\/www.blogsoestado.com\/danielmatos\/acordo-firmado-entre-policia-civil-e-tjma-prioriza-atendimento-a-vitimas-em-processos-sobre-violencia\/#breadcrumb\",\"itemListElement\":[{\"@type\":\"ListItem\",\"position\":1,\"name\":\"In\u00edcio\",\"item\":\"https:\/\/www.blogsoestado.com\/danielmatos\/\"},{\"@type\":\"ListItem\",\"position\":2,\"name\":\"Acordo firmado entre Pol\u00edcia Civil e TJMA prioriza atendimento a v\u00edtimas em processos sobre viol\u00eancia\"}]},{\"@type\":\"WebSite\",\"@id\":\"https:\/\/www.blogsoestado.com\/danielmatos\/#website\",\"url\":\"https:\/\/www.blogsoestado.com\/danielmatos\/\",\"name\":\"Daniel Matos\",\"description\":\"\",\"potentialAction\":[{\"@type\":\"SearchAction\",\"target\":{\"@type\":\"EntryPoint\",\"urlTemplate\":\"https:\/\/www.blogsoestado.com\/danielmatos\/?s={search_term_string}\"},\"query-input\":{\"@type\":\"PropertyValueSpecification\",\"valueRequired\":true,\"valueName\":\"search_term_string\"}}],\"inLanguage\":\"pt-BR\"}]}<\/script>\n<!-- \/ Yoast SEO plugin. -->","yoast_head_json":{"title":"Acordo firmado entre Pol\u00edcia Civil e TJMA prioriza atendimento a v\u00edtimas em processos sobre viol\u00eancia - Daniel Matos","robots":{"index":"index","follow":"follow","max-snippet":"max-snippet:-1","max-image-preview":"max-image-preview:large","max-video-preview":"max-video-preview:-1"},"canonical":"https:\/\/www.blogsoestado.com\/danielmatos\/acordo-firmado-entre-policia-civil-e-tjma-prioriza-atendimento-a-vitimas-em-processos-sobre-violencia\/","og_locale":"pt_BR","og_type":"article","og_title":"Acordo firmado entre Pol\u00edcia Civil e TJMA prioriza atendimento a v\u00edtimas em processos sobre viol\u00eancia - Daniel Matos","og_description":"Com o objetivo de promover a operacionaliza\u00e7\u00e3o das atividades do Centro Especializado de Aten\u00e7\u00e3o \u00e0s V\u00edtimas (Ceav) no Poder Judici\u00e1rio [&hellip;]","og_url":"https:\/\/www.blogsoestado.com\/danielmatos\/acordo-firmado-entre-policia-civil-e-tjma-prioriza-atendimento-a-vitimas-em-processos-sobre-violencia\/","og_site_name":"Daniel Matos","article_published_time":"2023-05-08T09:00:00+00:00","og_image":[{"url":"https:\/\/www.blogsoestado.com\/danielmatos\/files\/2023\/05\/Screenshot_20230507-2305352.png","type":"","width":"","height":""}],"twitter_card":"summary_large_image","twitter_misc":{"Est. tempo de leitura":"2 minutos"},"schema":{"@context":"https:\/\/schema.org","@graph":[{"@type":"WebPage","@id":"https:\/\/www.blogsoestado.com\/danielmatos\/acordo-firmado-entre-policia-civil-e-tjma-prioriza-atendimento-a-vitimas-em-processos-sobre-violencia\/","url":"https:\/\/www.blogsoestado.com\/danielmatos\/acordo-firmado-entre-policia-civil-e-tjma-prioriza-atendimento-a-vitimas-em-processos-sobre-violencia\/","name":"Acordo firmado entre Pol\u00edcia Civil e TJMA prioriza atendimento a v\u00edtimas em processos sobre viol\u00eancia - Daniel Matos","isPartOf":{"@id":"https:\/\/www.blogsoestado.com\/danielmatos\/#website"},"primaryImageOfPage":{"@id":"https:\/\/www.blogsoestado.com\/danielmatos\/acordo-firmado-entre-policia-civil-e-tjma-prioriza-atendimento-a-vitimas-em-processos-sobre-violencia\/#primaryimage"},"image":{"@id":"https:\/\/www.blogsoestado.com\/danielmatos\/acordo-firmado-entre-policia-civil-e-tjma-prioriza-atendimento-a-vitimas-em-processos-sobre-violencia\/#primaryimage"},"thumbnailUrl":"https:\/\/www.blogsoestado.com\/danielmatos\/files\/2023\/05\/Screenshot_20230507-2305352.png","datePublished":"2023-05-08T09:00:00+00:00","author":{"@id":""},"breadcrumb":{"@id":"https:\/\/www.blogsoestado.com\/danielmatos\/acordo-firmado-entre-policia-civil-e-tjma-prioriza-atendimento-a-vitimas-em-processos-sobre-violencia\/#breadcrumb"},"inLanguage":"pt-BR","potentialAction":[{"@type":"ReadAction","target":["https:\/\/www.blogsoestado.com\/danielmatos\/acordo-firmado-entre-policia-civil-e-tjma-prioriza-atendimento-a-vitimas-em-processos-sobre-violencia\/"]}]},{"@type":"ImageObject","inLanguage":"pt-BR","@id":"https:\/\/www.blogsoestado.com\/danielmatos\/acordo-firmado-entre-policia-civil-e-tjma-prioriza-atendimento-a-vitimas-em-processos-sobre-violencia\/#primaryimage","url":"https:\/\/www.blogsoestado.com\/danielmatos\/files\/2023\/05\/Screenshot_20230507-2305352.png","contentUrl":"https:\/\/www.blogsoestado.com\/danielmatos\/files\/2023\/05\/Screenshot_20230507-2305352.png"},{"@type":"BreadcrumbList","@id":"https:\/\/www.blogsoestado.com\/danielmatos\/acordo-firmado-entre-policia-civil-e-tjma-prioriza-atendimento-a-vitimas-em-processos-sobre-violencia\/#breadcrumb","itemListElement":[{"@type":"ListItem","position":1,"name":"In\u00edcio","item":"https:\/\/www.blogsoestado.com\/danielmatos\/"},{"@type":"ListItem","position":2,"name":"Acordo firmado entre Pol\u00edcia Civil e TJMA prioriza atendimento a v\u00edtimas em processos sobre viol\u00eancia"}]},{"@type":"WebSite","@id":"https:\/\/www.blogsoestado.com\/danielmatos\/#website","url":"https:\/\/www.blogsoestado.com\/danielmatos\/","name":"Daniel Matos","description":"","potentialAction":[{"@type":"SearchAction","target":{"@type":"EntryPoint","urlTemplate":"https:\/\/www.blogsoestado.com\/danielmatos\/?s={search_term_string}"},"query-input":{"@type":"PropertyValueSpecification","valueRequired":true,"valueName":"search_term_string"}}],"inLanguage":"pt-BR"}]}},"jetpack_featured_media_url":"","_links":{"self":[{"href":"https:\/\/www.blogsoestado.com\/danielmatos\/wp-json\/wp\/v2\/posts\/109374","targetHints":{"allow":["GET"]}}],"collection":[{"href":"https:\/\/www.blogsoestado.com\/danielmatos\/wp-json\/wp\/v2\/posts"}],"about":[{"href":"https:\/\/www.blogsoestado.com\/danielmatos\/wp-json\/wp\/v2\/types\/post"}],"replies":[{"embeddable":true,"href":"https:\/\/www.blogsoestado.com\/danielmatos\/wp-json\/wp\/v2\/comments?post=109374"}],"version-history":[{"count":0,"href":"https:\/\/www.blogsoestado.com\/danielmatos\/wp-json\/wp\/v2\/posts\/109374\/revisions"}],"wp:attachment":[{"href":"https:\/\/www.blogsoestado.com\/danielmatos\/wp-json\/wp\/v2\/media?parent=109374"}],"wp:term":[{"taxonomy":"category","embeddable":true,"href":"https:\/\/www.blogsoestado.com\/danielmatos\/wp-json\/wp\/v2\/categories?post=109374"},{"taxonomy":"post_tag","embeddable":true,"href":"https:\/\/www.blogsoestado.com\/danielmatos\/wp-json\/wp\/v2\/tags?post=109374"}],"curies":[{"name":"wp","href":"https:\/\/api.w.org\/{rel}","templated":true}]}}