{"id":109380,"date":"2023-05-08T08:00:00","date_gmt":"2023-05-08T11:00:00","guid":{"rendered":"https:\/\/www.blogsoestado.com\/danielmatos\/?p=109380"},"modified":"2023-05-08T08:00:00","modified_gmt":"2023-05-08T11:00:00","slug":"dia-do-turismo-veja-dicas-para-planejar-uma-viagem-com-luiz-thadeu","status":"publish","type":"post","link":"https:\/\/www.blogsoestado.com\/danielmatos\/dia-do-turismo-veja-dicas-para-planejar-uma-viagem-com-luiz-thadeu\/","title":{"rendered":"Dia do Turismo: veja dicas para planejar uma viagem com Luiz Thadeu"},"content":{"rendered":"\n<p><em><strong><span class=\"has-inline-color has-vivid-red-color\">O engenheiro agr\u00f4nomo \u00e9 o latino americano com mobilidade reduzida mais viajado do mundo. Ele j\u00e1 visitou 151 pa\u00edses, em todos os continentes<\/span><\/strong><\/em><\/p>\n\n\n\n<div class=\"wp-block-image\"><figure class=\"aligncenter size-large\"><a href=\"https:\/\/www.blogsoestado.com\/danielmatos\/files\/2023\/05\/Screenshot_20230507-2324004.png\"><img decoding=\"async\" src=\"https:\/\/www.blogsoestado.com\/danielmatos\/files\/2023\/05\/Screenshot_20230507-2324004.png\" alt=\"\" class=\"wp-image-109383\"\/><\/a><figcaption>Lu\u00edz Thadeu Nunes e Silva de malas prontas para embarcar em mais uma viagem<\/figcaption><\/figure><\/div>\n\n\n\n<p><strong>S\u00e3o Lu\u00eds, 08 maio de 2023<\/strong>&nbsp;\u2013 S\u00e3o milhares de quil\u00f4metros e 151 destinos internacionais. Essa \u00e9 a estat\u00edstica formada pelos carimbos no passaporte do maranhense Luiz Thadeu Nunes e Silva, 64 anos, que se tornou o latino americano mais viajado do mundo com mobilidade reduzida. Para celebrar o Dia Nacional do Turismo, comemorado no dia 8 de maio, Thadeu revela dicas para estar sempre viajando e planejando o pr\u00f3ximo destino.<\/p>\n\n\n\n<p>Gostar de viajar! Essa \u00e9 a dica prim\u00e1ria repassada por Thadeu, que quase sempre inicia suas jornadas por diferentes cantos do planeta, a partir do Aeroporto Internacional de S\u00e3o Lu\u00eds (SLZ). &#8220;Se voc\u00ea gosta de viajar, ter\u00e1 interesse em conhecer culturas, pessoas e culin\u00e1rias. Tudo \u00e9 novo para quem sai de casa. O mundo trata bem quem gosta do mundo&#8221;, declarou Thadeu.<\/p>\n\n\n\n<p>Quando Luiz Thadeu embarca, em geral, passagens e hot\u00e9is j\u00e1 est\u00e3o quitados. Ele disse que at\u00e9 usa parcelamentos, mas foge dos juros. Na volta de uma viagem, sempre guarda algum dinheiro, nem que seja simb\u00f3lico, para a pr\u00f3xima viagem.<\/p>\n\n\n\n<div class=\"wp-block-image\"><figure class=\"aligncenter size-large\"><a href=\"https:\/\/www.blogsoestado.com\/danielmatos\/files\/2023\/05\/Screenshot_20230507-2325142.png\"><img decoding=\"async\" src=\"https:\/\/www.blogsoestado.com\/danielmatos\/files\/2023\/05\/Screenshot_20230507-2325142.png\" alt=\"\" class=\"wp-image-109384\"\/><\/a><figcaption>O maranhense recordista em viagens internacionais diante de uma imponente catedral em um dos mais de 150 pa\u00edses que j\u00e1 visitou <\/figcaption><\/figure><\/div>\n\n\n\n<p>Outra dica repassada por Luiz Thadeu \u00e9 planejar todos os roteiros pela internet e estar sempre de olho em promo\u00e7\u00f5es e plataformas de uso de milhas ou de passagens a\u00e9reas. Pesquisar todos os dias e buscar datas e hor\u00e1rios menos cobi\u00e7ados \u00e9 mais uma dica. Nos aeroportos, ele conta que usa salas VIP de cart\u00f5es de cr\u00e9dito e economiza com refei\u00e7\u00f5es. Nas viagens, almo\u00e7o e jantar s\u00e3o sagrados, mas em locais simples.<\/p>\n\n\n\n<p>Thadeu informou que costuma ficar no centro das cidades, para facilitar o deslocamento, e anda de \u00f4nibus dentro delas, ou entre um lugar e outro. &#8220;Em rela\u00e7\u00e3o \u00e0 hospedagem, n\u00e3o busco conforto nem hot\u00e9is caros, eu gosto de albergues, porque \u00e9 uma forma de conviver com pessoas, de fazer poss\u00edveis amizades. Tamb\u00e9m viajo com mala grande, despachada, mas com pouca bagagem&#8221;, frisou o viajante.<\/p>\n\n\n\n<p><strong>PERFIL<\/strong><\/p>\n\n\n\n<p>Luiz Thadeu Nunes e Silva \u00e9 engenheiro agr\u00f4nomo, escritor, palestrante e estudante do 5\u00ba per\u00edodo de Jornalismo. Viajar passou a ser uma meta de vida desde que sofreu um acidente de tr\u00e2nsito em julho de 2003, sendo que na \u00e9poca foi submetido a 43 cirurgias e ficou cinco anos sem caminhar.<\/p>\n\n\n\n<div class=\"wp-block-image\"><figure class=\"aligncenter size-large\"><a href=\"https:\/\/www.blogsoestado.com\/danielmatos\/files\/2023\/05\/Screenshot_20230507-2325462.png\"><img decoding=\"async\" src=\"https:\/\/www.blogsoestado.com\/danielmatos\/files\/2023\/05\/Screenshot_20230507-2325462.png\" alt=\"\" class=\"wp-image-109385\"\/><\/a><figcaption>Luiz Thadeu em um hangar, pr\u00f3ximo a uma aeronave, um dos seus ambientes preferidos <\/figcaption><\/figure><\/div>\n\n\n\n<p>Desde ent\u00e3o, sozinho ou \u00e0s vezes na companhia dos filhos, Frederico e Rodrigo, da esposa Heloisa, ou de amigos, percorreu 151 pa\u00edses. &#8220;Depois do acidente, resolvi conhecer o mundo, a meta \u00e9 ter pisado em todos os mais de 190 pa\u00edses reconhecidos pela ONU. Ap\u00f3s me adaptar \u00e0s muletas, fui visitar meus filhos, que moravam em Dublin, capital da Irlanda, e visitei oito pa\u00edses da Europa. Minha inspira\u00e7\u00e3o vem da vontade e da curiosidade em conhecer o mundo todo&#8221;, destacou.<\/p>\n\n\n\n<p>Antes do acidente, Thadeu j\u00e1 conhecia a Europa, os Estados Unidos e a Am\u00e9rica do Sul. Entre 2009 e 2019, antes da pandemia de Covid-19, ele j\u00e1 tinha estado em 143 pa\u00edses, o que fez ele ser o sul-americano mais viajado do globo. Atualmente, com 151 pa\u00edses visitados, Thadeu afirma que \u00e9 o latino americano com mobilidade reduzida mais viajado. &#8220;Eu sou apaixonado pela \u00c1sia, porque \u00e9 um contraste cultural, mas amo tamb\u00e9m a It\u00e1lia, Fran\u00e7a e Gr\u00e9cia&#8221;, disse Thadeu.<\/p>\n\n\n\n<p>Luiz Thadeu tamb\u00e9m lan\u00e7ou um livro, cujo t\u00edtulo \u00e9&nbsp;<em>Das Muletas Fiz Asas: A hist\u00f3ria do viajante que venceu suas limita\u00e7\u00f5es e ganhou o mundo,&nbsp;<\/em>lan\u00e7ado em junho de 2022. O livro de 216 p\u00e1ginas \u00e9 uma mistura de viagem, autobiografia e autoajuda, segundo o autor. Ele foi escrito durante a pandemia, quando Lu\u00edz teve que deixar em repouso nove viagens \u00e1reas prontas para serem utilizadas, incluindo duas voltas ao mundo.<\/p>\n\n\n\n<div class=\"wp-block-image\"><figure class=\"aligncenter size-large\"><a href=\"https:\/\/www.blogsoestado.com\/danielmatos\/files\/2023\/05\/Screenshot_20230507-2326302.png\"><img decoding=\"async\" src=\"https:\/\/www.blogsoestado.com\/danielmatos\/files\/2023\/05\/Screenshot_20230507-2326302-631x1024.png\" alt=\"\" class=\"wp-image-109386\"\/><\/a><figcaption>Luiz Thadeu diante placa afixada no Aeroporto Marechal Cunha Machado, em S\u00e3o Lu\u00eds, em reconhecimento \u00e0s mais de 150 viagens  internacionais que j\u00e1 realizou <\/figcaption><\/figure><\/div>\n\n\n\n<p><strong>AEROPORTOS S\u00c3O ORGANISMOS VIVOS<\/strong><\/p>\n\n\n\n<p>Desde mar\u00e7o de 2022, o Aeroporto Internacional de S\u00e3o Lu\u00eds \u00e9 administrado pela CCR Aeroportos, e Thadeu opinou sobre as melhorias que tem observado desde a privatiza\u00e7\u00e3o.<\/p>\n\n\n\n<p>&#8220;O mundo \u00e9 meu quintal! S\u00e3o Lu\u00eds \u00e9 minha casa, e a minha porta de entrada e sa\u00edda para o mundo chama-se Aeroporto Internacional de S\u00e3o Lu\u00eds (SLZ). Os aeroportos s\u00e3o organismos vivos, que sempre est\u00e3o se adaptando, mudando para melhor servir aos usu\u00e1rios. O aeroporto de S\u00e3o Lu\u00eds tem tido uma melhora consider\u00e1vel, depois que foi privatizado melhorou muito o olhar para quem tem problema de locomo\u00e7\u00e3o como eu, e isso \u00e9 um grande ganho&#8221;, frisou Thadeu.&nbsp;<\/p>\n","protected":false},"excerpt":{"rendered":"<p>O engenheiro agr\u00f4nomo \u00e9 o latino americano com mobilidade reduzida mais viajado do mundo. Ele j\u00e1 visitou 151 pa\u00edses, em [&hellip;]<\/p>\n","protected":false},"author":0,"featured_media":0,"comment_status":"open","ping_status":"open","sticky":false,"template":"","format":"standard","meta":{"site-sidebar-layout":"default","site-content-layout":"","ast-site-content-layout":"default","site-content-style":"default","site-sidebar-style":"default","ast-global-header-display":"","ast-banner-title-visibility":"","ast-main-header-display":"","ast-hfb-above-header-display":"","ast-hfb-below-header-display":"","ast-hfb-mobile-header-display":"","site-post-title":"","ast-breadcrumbs-content":"","ast-featured-img":"","footer-sml-layout":"","ast-disable-related-posts":"","theme-transparent-header-meta":"","adv-header-id-meta":"","stick-header-meta":"","header-above-stick-meta":"","header-main-stick-meta":"","header-below-stick-meta":"","astra-migrate-meta-layouts":"default","ast-page-background-enabled":"default","ast-page-background-meta":{"desktop":{"background-color":"var(--ast-global-color-5)","background-image":"","background-repeat":"repeat","background-position":"center center","background-size":"auto","background-attachment":"scroll","background-type":"","background-media":"","overlay-type":"","overlay-color":"","overlay-opacity":"","overlay-gradient":""},"tablet":{"background-color":"","background-image":"","background-repeat":"repeat","background-position":"center center","background-size":"auto","background-attachment":"scroll","background-type":"","background-media":"","overlay-type":"","overlay-color":"","overlay-opacity":"","overlay-gradient":""},"mobile":{"background-color":"","background-image":"","background-repeat":"repeat","background-position":"center center","background-size":"auto","background-attachment":"scroll","background-type":"","background-media":"","overlay-type":"","overlay-color":"","overlay-opacity":"","overlay-gradient":""}},"ast-content-background-meta":{"desktop":{"background-color":"var(--ast-global-color-4)","background-image":"","background-repeat":"repeat","background-position":"center center","background-size":"auto","background-attachment":"scroll","background-type":"","background-media":"","overlay-type":"","overlay-color":"","overlay-opacity":"","overlay-gradient":""},"tablet":{"background-color":"var(--ast-global-color-4)","background-image":"","background-repeat":"repeat","background-position":"center center","background-size":"auto","background-attachment":"scroll","background-type":"","background-media":"","overlay-type":"","overlay-color":"","overlay-opacity":"","overlay-gradient":""},"mobile":{"background-color":"var(--ast-global-color-4)","background-image":"","background-repeat":"repeat","background-position":"center center","background-size":"auto","background-attachment":"scroll","background-type":"","background-media":"","overlay-type":"","overlay-color":"","overlay-opacity":"","overlay-gradient":""}},"footnotes":""},"categories":[1],"tags":[],"class_list":["post-109380","post","type-post","status-publish","format-standard","hentry","category-sem-categoria"],"yoast_head":"<!-- This site is optimized with the Yoast SEO plugin v26.6 - https:\/\/yoast.com\/wordpress\/plugins\/seo\/ -->\n<title>Dia do Turismo: veja dicas para planejar uma viagem com Luiz Thadeu - Daniel Matos<\/title>\n<meta name=\"robots\" content=\"index, follow, max-snippet:-1, max-image-preview:large, max-video-preview:-1\" \/>\n<link rel=\"canonical\" href=\"https:\/\/www.blogsoestado.com\/danielmatos\/dia-do-turismo-veja-dicas-para-planejar-uma-viagem-com-luiz-thadeu\/\" \/>\n<meta property=\"og:locale\" content=\"pt_BR\" \/>\n<meta property=\"og:type\" content=\"article\" \/>\n<meta property=\"og:title\" content=\"Dia do Turismo: veja dicas para planejar uma viagem com Luiz Thadeu - Daniel Matos\" \/>\n<meta property=\"og:description\" content=\"O engenheiro agr\u00f4nomo \u00e9 o latino americano com mobilidade reduzida mais viajado do mundo. Ele j\u00e1 visitou 151 pa\u00edses, em [&hellip;]\" \/>\n<meta property=\"og:url\" content=\"https:\/\/www.blogsoestado.com\/danielmatos\/dia-do-turismo-veja-dicas-para-planejar-uma-viagem-com-luiz-thadeu\/\" \/>\n<meta property=\"og:site_name\" content=\"Daniel Matos\" \/>\n<meta property=\"article:published_time\" content=\"2023-05-08T11:00:00+00:00\" \/>\n<meta property=\"og:image\" content=\"https:\/\/www.blogsoestado.com\/danielmatos\/files\/2023\/05\/Screenshot_20230507-2324004.png\" \/>\n<meta name=\"twitter:card\" content=\"summary_large_image\" \/>\n<meta name=\"twitter:label1\" content=\"Est. tempo de leitura\" \/>\n\t<meta name=\"twitter:data1\" content=\"5 minutos\" \/>\n<script type=\"application\/ld+json\" class=\"yoast-schema-graph\">{\"@context\":\"https:\/\/schema.org\",\"@graph\":[{\"@type\":\"WebPage\",\"@id\":\"https:\/\/www.blogsoestado.com\/danielmatos\/dia-do-turismo-veja-dicas-para-planejar-uma-viagem-com-luiz-thadeu\/\",\"url\":\"https:\/\/www.blogsoestado.com\/danielmatos\/dia-do-turismo-veja-dicas-para-planejar-uma-viagem-com-luiz-thadeu\/\",\"name\":\"Dia do Turismo: veja dicas para planejar uma viagem com Luiz Thadeu - Daniel Matos\",\"isPartOf\":{\"@id\":\"https:\/\/www.blogsoestado.com\/danielmatos\/#website\"},\"primaryImageOfPage\":{\"@id\":\"https:\/\/www.blogsoestado.com\/danielmatos\/dia-do-turismo-veja-dicas-para-planejar-uma-viagem-com-luiz-thadeu\/#primaryimage\"},\"image\":{\"@id\":\"https:\/\/www.blogsoestado.com\/danielmatos\/dia-do-turismo-veja-dicas-para-planejar-uma-viagem-com-luiz-thadeu\/#primaryimage\"},\"thumbnailUrl\":\"https:\/\/www.blogsoestado.com\/danielmatos\/files\/2023\/05\/Screenshot_20230507-2324004.png\",\"datePublished\":\"2023-05-08T11:00:00+00:00\",\"author\":{\"@id\":\"\"},\"breadcrumb\":{\"@id\":\"https:\/\/www.blogsoestado.com\/danielmatos\/dia-do-turismo-veja-dicas-para-planejar-uma-viagem-com-luiz-thadeu\/#breadcrumb\"},\"inLanguage\":\"pt-BR\",\"potentialAction\":[{\"@type\":\"ReadAction\",\"target\":[\"https:\/\/www.blogsoestado.com\/danielmatos\/dia-do-turismo-veja-dicas-para-planejar-uma-viagem-com-luiz-thadeu\/\"]}]},{\"@type\":\"ImageObject\",\"inLanguage\":\"pt-BR\",\"@id\":\"https:\/\/www.blogsoestado.com\/danielmatos\/dia-do-turismo-veja-dicas-para-planejar-uma-viagem-com-luiz-thadeu\/#primaryimage\",\"url\":\"https:\/\/www.blogsoestado.com\/danielmatos\/files\/2023\/05\/Screenshot_20230507-2324004.png\",\"contentUrl\":\"https:\/\/www.blogsoestado.com\/danielmatos\/files\/2023\/05\/Screenshot_20230507-2324004.png\"},{\"@type\":\"BreadcrumbList\",\"@id\":\"https:\/\/www.blogsoestado.com\/danielmatos\/dia-do-turismo-veja-dicas-para-planejar-uma-viagem-com-luiz-thadeu\/#breadcrumb\",\"itemListElement\":[{\"@type\":\"ListItem\",\"position\":1,\"name\":\"In\u00edcio\",\"item\":\"https:\/\/www.blogsoestado.com\/danielmatos\/\"},{\"@type\":\"ListItem\",\"position\":2,\"name\":\"Dia do Turismo: veja dicas para planejar uma viagem com Luiz Thadeu\"}]},{\"@type\":\"WebSite\",\"@id\":\"https:\/\/www.blogsoestado.com\/danielmatos\/#website\",\"url\":\"https:\/\/www.blogsoestado.com\/danielmatos\/\",\"name\":\"Daniel Matos\",\"description\":\"\",\"potentialAction\":[{\"@type\":\"SearchAction\",\"target\":{\"@type\":\"EntryPoint\",\"urlTemplate\":\"https:\/\/www.blogsoestado.com\/danielmatos\/?s={search_term_string}\"},\"query-input\":{\"@type\":\"PropertyValueSpecification\",\"valueRequired\":true,\"valueName\":\"search_term_string\"}}],\"inLanguage\":\"pt-BR\"}]}<\/script>\n<!-- \/ Yoast SEO plugin. -->","yoast_head_json":{"title":"Dia do Turismo: veja dicas para planejar uma viagem com Luiz Thadeu - Daniel Matos","robots":{"index":"index","follow":"follow","max-snippet":"max-snippet:-1","max-image-preview":"max-image-preview:large","max-video-preview":"max-video-preview:-1"},"canonical":"https:\/\/www.blogsoestado.com\/danielmatos\/dia-do-turismo-veja-dicas-para-planejar-uma-viagem-com-luiz-thadeu\/","og_locale":"pt_BR","og_type":"article","og_title":"Dia do Turismo: veja dicas para planejar uma viagem com Luiz Thadeu - Daniel Matos","og_description":"O engenheiro agr\u00f4nomo \u00e9 o latino americano com mobilidade reduzida mais viajado do mundo. Ele j\u00e1 visitou 151 pa\u00edses, em [&hellip;]","og_url":"https:\/\/www.blogsoestado.com\/danielmatos\/dia-do-turismo-veja-dicas-para-planejar-uma-viagem-com-luiz-thadeu\/","og_site_name":"Daniel Matos","article_published_time":"2023-05-08T11:00:00+00:00","og_image":[{"url":"https:\/\/www.blogsoestado.com\/danielmatos\/files\/2023\/05\/Screenshot_20230507-2324004.png","type":"","width":"","height":""}],"twitter_card":"summary_large_image","twitter_misc":{"Est. tempo de leitura":"5 minutos"},"schema":{"@context":"https:\/\/schema.org","@graph":[{"@type":"WebPage","@id":"https:\/\/www.blogsoestado.com\/danielmatos\/dia-do-turismo-veja-dicas-para-planejar-uma-viagem-com-luiz-thadeu\/","url":"https:\/\/www.blogsoestado.com\/danielmatos\/dia-do-turismo-veja-dicas-para-planejar-uma-viagem-com-luiz-thadeu\/","name":"Dia do Turismo: veja dicas para planejar uma viagem com Luiz Thadeu - Daniel Matos","isPartOf":{"@id":"https:\/\/www.blogsoestado.com\/danielmatos\/#website"},"primaryImageOfPage":{"@id":"https:\/\/www.blogsoestado.com\/danielmatos\/dia-do-turismo-veja-dicas-para-planejar-uma-viagem-com-luiz-thadeu\/#primaryimage"},"image":{"@id":"https:\/\/www.blogsoestado.com\/danielmatos\/dia-do-turismo-veja-dicas-para-planejar-uma-viagem-com-luiz-thadeu\/#primaryimage"},"thumbnailUrl":"https:\/\/www.blogsoestado.com\/danielmatos\/files\/2023\/05\/Screenshot_20230507-2324004.png","datePublished":"2023-05-08T11:00:00+00:00","author":{"@id":""},"breadcrumb":{"@id":"https:\/\/www.blogsoestado.com\/danielmatos\/dia-do-turismo-veja-dicas-para-planejar-uma-viagem-com-luiz-thadeu\/#breadcrumb"},"inLanguage":"pt-BR","potentialAction":[{"@type":"ReadAction","target":["https:\/\/www.blogsoestado.com\/danielmatos\/dia-do-turismo-veja-dicas-para-planejar-uma-viagem-com-luiz-thadeu\/"]}]},{"@type":"ImageObject","inLanguage":"pt-BR","@id":"https:\/\/www.blogsoestado.com\/danielmatos\/dia-do-turismo-veja-dicas-para-planejar-uma-viagem-com-luiz-thadeu\/#primaryimage","url":"https:\/\/www.blogsoestado.com\/danielmatos\/files\/2023\/05\/Screenshot_20230507-2324004.png","contentUrl":"https:\/\/www.blogsoestado.com\/danielmatos\/files\/2023\/05\/Screenshot_20230507-2324004.png"},{"@type":"BreadcrumbList","@id":"https:\/\/www.blogsoestado.com\/danielmatos\/dia-do-turismo-veja-dicas-para-planejar-uma-viagem-com-luiz-thadeu\/#breadcrumb","itemListElement":[{"@type":"ListItem","position":1,"name":"In\u00edcio","item":"https:\/\/www.blogsoestado.com\/danielmatos\/"},{"@type":"ListItem","position":2,"name":"Dia do Turismo: veja dicas para planejar uma viagem com Luiz Thadeu"}]},{"@type":"WebSite","@id":"https:\/\/www.blogsoestado.com\/danielmatos\/#website","url":"https:\/\/www.blogsoestado.com\/danielmatos\/","name":"Daniel Matos","description":"","potentialAction":[{"@type":"SearchAction","target":{"@type":"EntryPoint","urlTemplate":"https:\/\/www.blogsoestado.com\/danielmatos\/?s={search_term_string}"},"query-input":{"@type":"PropertyValueSpecification","valueRequired":true,"valueName":"search_term_string"}}],"inLanguage":"pt-BR"}]}},"jetpack_featured_media_url":"","_links":{"self":[{"href":"https:\/\/www.blogsoestado.com\/danielmatos\/wp-json\/wp\/v2\/posts\/109380","targetHints":{"allow":["GET"]}}],"collection":[{"href":"https:\/\/www.blogsoestado.com\/danielmatos\/wp-json\/wp\/v2\/posts"}],"about":[{"href":"https:\/\/www.blogsoestado.com\/danielmatos\/wp-json\/wp\/v2\/types\/post"}],"replies":[{"embeddable":true,"href":"https:\/\/www.blogsoestado.com\/danielmatos\/wp-json\/wp\/v2\/comments?post=109380"}],"version-history":[{"count":0,"href":"https:\/\/www.blogsoestado.com\/danielmatos\/wp-json\/wp\/v2\/posts\/109380\/revisions"}],"wp:attachment":[{"href":"https:\/\/www.blogsoestado.com\/danielmatos\/wp-json\/wp\/v2\/media?parent=109380"}],"wp:term":[{"taxonomy":"category","embeddable":true,"href":"https:\/\/www.blogsoestado.com\/danielmatos\/wp-json\/wp\/v2\/categories?post=109380"},{"taxonomy":"post_tag","embeddable":true,"href":"https:\/\/www.blogsoestado.com\/danielmatos\/wp-json\/wp\/v2\/tags?post=109380"}],"curies":[{"name":"wp","href":"https:\/\/api.w.org\/{rel}","templated":true}]}}