{"id":109388,"date":"2023-05-08T08:40:00","date_gmt":"2023-05-08T11:40:00","guid":{"rendered":"https:\/\/www.blogsoestado.com\/danielmatos\/?p=109388"},"modified":"2023-05-08T08:40:00","modified_gmt":"2023-05-08T11:40:00","slug":"flavio-dino-sera-ouvido-na-comissao-de-seguranca-publica-do-senado","status":"publish","type":"post","link":"https:\/\/www.blogsoestado.com\/danielmatos\/flavio-dino-sera-ouvido-na-comissao-de-seguranca-publica-do-senado\/","title":{"rendered":"A convite de bolsonarista, Fl\u00e1vio Dino ser\u00e1 ouvido na Comiss\u00e3o de Seguran\u00e7a P\u00fablica do Senado nessa ter\u00e7a-feira (9)"},"content":{"rendered":"\n<div class=\"wp-block-image\"><figure class=\"aligncenter size-large\"><a href=\"https:\/\/www.blogsoestado.com\/danielmatos\/files\/2023\/05\/Screenshot_20230508-0837572.png\"><img decoding=\"async\" src=\"https:\/\/www.blogsoestado.com\/danielmatos\/files\/2023\/05\/Screenshot_20230508-0837572.png\" alt=\"\" class=\"wp-image-109394\"\/><\/a><figcaption>Ministro deve apresentar aos senadores os planos e a agenda estrat\u00e9gica da pasta da Justi\u00e7a e Seguran\u00e7a P\u00fablica<\/figcaption><\/figure><\/div>\n\n\n\n<p>A Comiss\u00e3o de Seguran\u00e7a P\u00fablica (CSP) vai receber o ministro da Justi\u00e7a e Seguran\u00e7a P\u00fablica, Fl\u00e1vio Dino, nesta ter\u00e7a-feira (9), \u00e0s 10h. Dino vai \u00e0 comiss\u00e3o para prestar informa\u00e7\u00f5es sobre os planos e a agenda estrat\u00e9gica do Minist\u00e9rio da Justi\u00e7a para os pr\u00f3ximos anos.<\/p>\n\n\n\n<p>O requerimento (<a href=\"https:\/\/www25.senado.leg.br\/web\/atividade\/materias\/-\/materia\/156516\">REQ 6\/2023<\/a>) para a reuni\u00e3o com Dino \u00e9 de autoria do senador Magno Malta (PL-ES), aliado do ex-presidente da Rep\u00fablica Jair Bolsonaro (PL) e cr\u00edtico ferrenho do governo de Luiz In\u00e1cio Lula da Silva (PT).<\/p>\n\n\n\n<p>Esse tipo de convite a ministros e outras autoridades costuma acontecer a cada dois anos, no in\u00edcio dos trabalhos, para que os senadores possam saber os planos do governo para suas \u00e1reas de atua\u00e7\u00e3o. Uma das atribui\u00e7\u00f5es das comiss\u00f5es \u00e9 convocar os ministros para que prestem informa\u00e7\u00f5es sobre assuntos inerentes a suas atribui\u00e7\u00f5es. Tamb\u00e9m \u00e9 papel das comiss\u00f5es acompanhar, fiscalizar e controlar as pol\u00edticas governamentais pertinentes \u00e0s suas \u00e1reas de compet\u00eancia.<\/p>\n\n\n\n<p>A audi\u00eancia est\u00e1 marcada para ocorrer no Plen\u00e1rio 3 da Ala Senador Alexandre Costa.<\/p>\n\n\n\n<p><strong>Como participar<\/strong><\/p>\n\n\n\n<p>O evento ser\u00e1 interativo: os cidad\u00e3os podem enviar perguntas e coment\u00e1rios pelo telefone da Ouvidoria do Senado (0800 061 2211) ou pelo&nbsp;Portal e\u2011Cidadania, que podem ser lidos e respondidos pelos senadores e debatedores ao vivo. O Senado oferece uma declara\u00e7\u00e3o de participa\u00e7\u00e3o, que pode ser usada como hora de atividade complementar em curso universit\u00e1rio, por exemplo. O&nbsp;Portal e\u2011Cidadania&nbsp;tamb\u00e9m recebe a opini\u00e3o dos cidad\u00e3os sobre os projetos em tramita\u00e7\u00e3o no Senado, al\u00e9m de sugest\u00f5es para novas leis.<\/p>\n\n\n\n<p><strong>Fonte: <\/strong>Ag\u00eancia Senado<\/p>\n","protected":false},"excerpt":{"rendered":"<p>A Comiss\u00e3o de Seguran\u00e7a P\u00fablica (CSP) vai receber o ministro da Justi\u00e7a e Seguran\u00e7a P\u00fablica, Fl\u00e1vio Dino, nesta ter\u00e7a-feira (9), [&hellip;]<\/p>\n","protected":false},"author":0,"featured_media":0,"comment_status":"open","ping_status":"open","sticky":false,"template":"","format":"standard","meta":{"site-sidebar-layout":"default","site-content-layout":"","ast-site-content-layout":"default","site-content-style":"default","site-sidebar-style":"default","ast-global-header-display":"","ast-banner-title-visibility":"","ast-main-header-display":"","ast-hfb-above-header-display":"","ast-hfb-below-header-display":"","ast-hfb-mobile-header-display":"","site-post-title":"","ast-breadcrumbs-content":"","ast-featured-img":"","footer-sml-layout":"","ast-disable-related-posts":"","theme-transparent-header-meta":"","adv-header-id-meta":"","stick-header-meta":"","header-above-stick-meta":"","header-main-stick-meta":"","header-below-stick-meta":"","astra-migrate-meta-layouts":"default","ast-page-background-enabled":"default","ast-page-background-meta":{"desktop":{"background-color":"var(--ast-global-color-5)","background-image":"","background-repeat":"repeat","background-position":"center center","background-size":"auto","background-attachment":"scroll","background-type":"","background-media":"","overlay-type":"","overlay-color":"","overlay-opacity":"","overlay-gradient":""},"tablet":{"background-color":"","background-image":"","background-repeat":"repeat","background-position":"center center","background-size":"auto","background-attachment":"scroll","background-type":"","background-media":"","overlay-type":"","overlay-color":"","overlay-opacity":"","overlay-gradient":""},"mobile":{"background-color":"","background-image":"","background-repeat":"repeat","background-position":"center center","background-size":"auto","background-attachment":"scroll","background-type":"","background-media":"","overlay-type":"","overlay-color":"","overlay-opacity":"","overlay-gradient":""}},"ast-content-background-meta":{"desktop":{"background-color":"var(--ast-global-color-4)","background-image":"","background-repeat":"repeat","background-position":"center center","background-size":"auto","background-attachment":"scroll","background-type":"","background-media":"","overlay-type":"","overlay-color":"","overlay-opacity":"","overlay-gradient":""},"tablet":{"background-color":"var(--ast-global-color-4)","background-image":"","background-repeat":"repeat","background-position":"center center","background-size":"auto","background-attachment":"scroll","background-type":"","background-media":"","overlay-type":"","overlay-color":"","overlay-opacity":"","overlay-gradient":""},"mobile":{"background-color":"var(--ast-global-color-4)","background-image":"","background-repeat":"repeat","background-position":"center center","background-size":"auto","background-attachment":"scroll","background-type":"","background-media":"","overlay-type":"","overlay-color":"","overlay-opacity":"","overlay-gradient":""}},"footnotes":""},"categories":[1],"tags":[],"class_list":["post-109388","post","type-post","status-publish","format-standard","hentry","category-sem-categoria"],"yoast_head":"<!-- This site is optimized with the Yoast SEO plugin v26.6 - https:\/\/yoast.com\/wordpress\/plugins\/seo\/ -->\n<title>A convite de bolsonarista, Fl\u00e1vio Dino ser\u00e1 ouvido na Comiss\u00e3o de Seguran\u00e7a P\u00fablica do Senado nessa ter\u00e7a-feira (9) - Daniel Matos<\/title>\n<meta name=\"robots\" content=\"index, follow, max-snippet:-1, max-image-preview:large, max-video-preview:-1\" \/>\n<link rel=\"canonical\" href=\"https:\/\/www.blogsoestado.com\/danielmatos\/flavio-dino-sera-ouvido-na-comissao-de-seguranca-publica-do-senado\/\" \/>\n<meta property=\"og:locale\" content=\"pt_BR\" \/>\n<meta property=\"og:type\" content=\"article\" \/>\n<meta property=\"og:title\" content=\"A convite de bolsonarista, Fl\u00e1vio Dino ser\u00e1 ouvido na Comiss\u00e3o de Seguran\u00e7a P\u00fablica do Senado nessa ter\u00e7a-feira (9) - Daniel Matos\" \/>\n<meta property=\"og:description\" content=\"A Comiss\u00e3o de Seguran\u00e7a P\u00fablica (CSP) vai receber o ministro da Justi\u00e7a e Seguran\u00e7a P\u00fablica, Fl\u00e1vio Dino, nesta ter\u00e7a-feira (9), [&hellip;]\" \/>\n<meta property=\"og:url\" content=\"https:\/\/www.blogsoestado.com\/danielmatos\/flavio-dino-sera-ouvido-na-comissao-de-seguranca-publica-do-senado\/\" \/>\n<meta property=\"og:site_name\" content=\"Daniel Matos\" \/>\n<meta property=\"article:published_time\" content=\"2023-05-08T11:40:00+00:00\" \/>\n<meta property=\"og:image\" content=\"https:\/\/www.blogsoestado.com\/danielmatos\/files\/2023\/05\/Screenshot_20230508-0837572.png\" \/>\n<meta name=\"twitter:card\" content=\"summary_large_image\" \/>\n<meta name=\"twitter:label1\" content=\"Est. tempo de leitura\" \/>\n\t<meta name=\"twitter:data1\" content=\"2 minutos\" \/>\n<script type=\"application\/ld+json\" class=\"yoast-schema-graph\">{\"@context\":\"https:\/\/schema.org\",\"@graph\":[{\"@type\":\"WebPage\",\"@id\":\"https:\/\/www.blogsoestado.com\/danielmatos\/flavio-dino-sera-ouvido-na-comissao-de-seguranca-publica-do-senado\/\",\"url\":\"https:\/\/www.blogsoestado.com\/danielmatos\/flavio-dino-sera-ouvido-na-comissao-de-seguranca-publica-do-senado\/\",\"name\":\"A convite de bolsonarista, Fl\u00e1vio Dino ser\u00e1 ouvido na Comiss\u00e3o de Seguran\u00e7a P\u00fablica do Senado nessa ter\u00e7a-feira (9) - Daniel Matos\",\"isPartOf\":{\"@id\":\"https:\/\/www.blogsoestado.com\/danielmatos\/#website\"},\"primaryImageOfPage\":{\"@id\":\"https:\/\/www.blogsoestado.com\/danielmatos\/flavio-dino-sera-ouvido-na-comissao-de-seguranca-publica-do-senado\/#primaryimage\"},\"image\":{\"@id\":\"https:\/\/www.blogsoestado.com\/danielmatos\/flavio-dino-sera-ouvido-na-comissao-de-seguranca-publica-do-senado\/#primaryimage\"},\"thumbnailUrl\":\"https:\/\/www.blogsoestado.com\/danielmatos\/files\/2023\/05\/Screenshot_20230508-0837572.png\",\"datePublished\":\"2023-05-08T11:40:00+00:00\",\"author\":{\"@id\":\"\"},\"breadcrumb\":{\"@id\":\"https:\/\/www.blogsoestado.com\/danielmatos\/flavio-dino-sera-ouvido-na-comissao-de-seguranca-publica-do-senado\/#breadcrumb\"},\"inLanguage\":\"pt-BR\",\"potentialAction\":[{\"@type\":\"ReadAction\",\"target\":[\"https:\/\/www.blogsoestado.com\/danielmatos\/flavio-dino-sera-ouvido-na-comissao-de-seguranca-publica-do-senado\/\"]}]},{\"@type\":\"ImageObject\",\"inLanguage\":\"pt-BR\",\"@id\":\"https:\/\/www.blogsoestado.com\/danielmatos\/flavio-dino-sera-ouvido-na-comissao-de-seguranca-publica-do-senado\/#primaryimage\",\"url\":\"https:\/\/www.blogsoestado.com\/danielmatos\/files\/2023\/05\/Screenshot_20230508-0837572.png\",\"contentUrl\":\"https:\/\/www.blogsoestado.com\/danielmatos\/files\/2023\/05\/Screenshot_20230508-0837572.png\"},{\"@type\":\"BreadcrumbList\",\"@id\":\"https:\/\/www.blogsoestado.com\/danielmatos\/flavio-dino-sera-ouvido-na-comissao-de-seguranca-publica-do-senado\/#breadcrumb\",\"itemListElement\":[{\"@type\":\"ListItem\",\"position\":1,\"name\":\"In\u00edcio\",\"item\":\"https:\/\/www.blogsoestado.com\/danielmatos\/\"},{\"@type\":\"ListItem\",\"position\":2,\"name\":\"A convite de bolsonarista, Fl\u00e1vio Dino ser\u00e1 ouvido na Comiss\u00e3o de Seguran\u00e7a P\u00fablica do Senado nessa ter\u00e7a-feira (9)\"}]},{\"@type\":\"WebSite\",\"@id\":\"https:\/\/www.blogsoestado.com\/danielmatos\/#website\",\"url\":\"https:\/\/www.blogsoestado.com\/danielmatos\/\",\"name\":\"Daniel Matos\",\"description\":\"\",\"potentialAction\":[{\"@type\":\"SearchAction\",\"target\":{\"@type\":\"EntryPoint\",\"urlTemplate\":\"https:\/\/www.blogsoestado.com\/danielmatos\/?s={search_term_string}\"},\"query-input\":{\"@type\":\"PropertyValueSpecification\",\"valueRequired\":true,\"valueName\":\"search_term_string\"}}],\"inLanguage\":\"pt-BR\"}]}<\/script>\n<!-- \/ Yoast SEO plugin. -->","yoast_head_json":{"title":"A convite de bolsonarista, Fl\u00e1vio Dino ser\u00e1 ouvido na Comiss\u00e3o de Seguran\u00e7a P\u00fablica do Senado nessa ter\u00e7a-feira (9) - Daniel Matos","robots":{"index":"index","follow":"follow","max-snippet":"max-snippet:-1","max-image-preview":"max-image-preview:large","max-video-preview":"max-video-preview:-1"},"canonical":"https:\/\/www.blogsoestado.com\/danielmatos\/flavio-dino-sera-ouvido-na-comissao-de-seguranca-publica-do-senado\/","og_locale":"pt_BR","og_type":"article","og_title":"A convite de bolsonarista, Fl\u00e1vio Dino ser\u00e1 ouvido na Comiss\u00e3o de Seguran\u00e7a P\u00fablica do Senado nessa ter\u00e7a-feira (9) - Daniel Matos","og_description":"A Comiss\u00e3o de Seguran\u00e7a P\u00fablica (CSP) vai receber o ministro da Justi\u00e7a e Seguran\u00e7a P\u00fablica, Fl\u00e1vio Dino, nesta ter\u00e7a-feira (9), [&hellip;]","og_url":"https:\/\/www.blogsoestado.com\/danielmatos\/flavio-dino-sera-ouvido-na-comissao-de-seguranca-publica-do-senado\/","og_site_name":"Daniel Matos","article_published_time":"2023-05-08T11:40:00+00:00","og_image":[{"url":"https:\/\/www.blogsoestado.com\/danielmatos\/files\/2023\/05\/Screenshot_20230508-0837572.png","type":"","width":"","height":""}],"twitter_card":"summary_large_image","twitter_misc":{"Est. tempo de leitura":"2 minutos"},"schema":{"@context":"https:\/\/schema.org","@graph":[{"@type":"WebPage","@id":"https:\/\/www.blogsoestado.com\/danielmatos\/flavio-dino-sera-ouvido-na-comissao-de-seguranca-publica-do-senado\/","url":"https:\/\/www.blogsoestado.com\/danielmatos\/flavio-dino-sera-ouvido-na-comissao-de-seguranca-publica-do-senado\/","name":"A convite de bolsonarista, Fl\u00e1vio Dino ser\u00e1 ouvido na Comiss\u00e3o de Seguran\u00e7a P\u00fablica do Senado nessa ter\u00e7a-feira (9) - Daniel Matos","isPartOf":{"@id":"https:\/\/www.blogsoestado.com\/danielmatos\/#website"},"primaryImageOfPage":{"@id":"https:\/\/www.blogsoestado.com\/danielmatos\/flavio-dino-sera-ouvido-na-comissao-de-seguranca-publica-do-senado\/#primaryimage"},"image":{"@id":"https:\/\/www.blogsoestado.com\/danielmatos\/flavio-dino-sera-ouvido-na-comissao-de-seguranca-publica-do-senado\/#primaryimage"},"thumbnailUrl":"https:\/\/www.blogsoestado.com\/danielmatos\/files\/2023\/05\/Screenshot_20230508-0837572.png","datePublished":"2023-05-08T11:40:00+00:00","author":{"@id":""},"breadcrumb":{"@id":"https:\/\/www.blogsoestado.com\/danielmatos\/flavio-dino-sera-ouvido-na-comissao-de-seguranca-publica-do-senado\/#breadcrumb"},"inLanguage":"pt-BR","potentialAction":[{"@type":"ReadAction","target":["https:\/\/www.blogsoestado.com\/danielmatos\/flavio-dino-sera-ouvido-na-comissao-de-seguranca-publica-do-senado\/"]}]},{"@type":"ImageObject","inLanguage":"pt-BR","@id":"https:\/\/www.blogsoestado.com\/danielmatos\/flavio-dino-sera-ouvido-na-comissao-de-seguranca-publica-do-senado\/#primaryimage","url":"https:\/\/www.blogsoestado.com\/danielmatos\/files\/2023\/05\/Screenshot_20230508-0837572.png","contentUrl":"https:\/\/www.blogsoestado.com\/danielmatos\/files\/2023\/05\/Screenshot_20230508-0837572.png"},{"@type":"BreadcrumbList","@id":"https:\/\/www.blogsoestado.com\/danielmatos\/flavio-dino-sera-ouvido-na-comissao-de-seguranca-publica-do-senado\/#breadcrumb","itemListElement":[{"@type":"ListItem","position":1,"name":"In\u00edcio","item":"https:\/\/www.blogsoestado.com\/danielmatos\/"},{"@type":"ListItem","position":2,"name":"A convite de bolsonarista, Fl\u00e1vio Dino ser\u00e1 ouvido na Comiss\u00e3o de Seguran\u00e7a P\u00fablica do Senado nessa ter\u00e7a-feira (9)"}]},{"@type":"WebSite","@id":"https:\/\/www.blogsoestado.com\/danielmatos\/#website","url":"https:\/\/www.blogsoestado.com\/danielmatos\/","name":"Daniel Matos","description":"","potentialAction":[{"@type":"SearchAction","target":{"@type":"EntryPoint","urlTemplate":"https:\/\/www.blogsoestado.com\/danielmatos\/?s={search_term_string}"},"query-input":{"@type":"PropertyValueSpecification","valueRequired":true,"valueName":"search_term_string"}}],"inLanguage":"pt-BR"}]}},"jetpack_featured_media_url":"","_links":{"self":[{"href":"https:\/\/www.blogsoestado.com\/danielmatos\/wp-json\/wp\/v2\/posts\/109388","targetHints":{"allow":["GET"]}}],"collection":[{"href":"https:\/\/www.blogsoestado.com\/danielmatos\/wp-json\/wp\/v2\/posts"}],"about":[{"href":"https:\/\/www.blogsoestado.com\/danielmatos\/wp-json\/wp\/v2\/types\/post"}],"replies":[{"embeddable":true,"href":"https:\/\/www.blogsoestado.com\/danielmatos\/wp-json\/wp\/v2\/comments?post=109388"}],"version-history":[{"count":0,"href":"https:\/\/www.blogsoestado.com\/danielmatos\/wp-json\/wp\/v2\/posts\/109388\/revisions"}],"wp:attachment":[{"href":"https:\/\/www.blogsoestado.com\/danielmatos\/wp-json\/wp\/v2\/media?parent=109388"}],"wp:term":[{"taxonomy":"category","embeddable":true,"href":"https:\/\/www.blogsoestado.com\/danielmatos\/wp-json\/wp\/v2\/categories?post=109388"},{"taxonomy":"post_tag","embeddable":true,"href":"https:\/\/www.blogsoestado.com\/danielmatos\/wp-json\/wp\/v2\/tags?post=109388"}],"curies":[{"name":"wp","href":"https:\/\/api.w.org\/{rel}","templated":true}]}}