{"id":109400,"date":"2023-05-08T11:18:31","date_gmt":"2023-05-08T14:18:31","guid":{"rendered":"https:\/\/www.blogsoestado.com\/danielmatos\/?p=109400"},"modified":"2023-05-08T11:18:31","modified_gmt":"2023-05-08T14:18:31","slug":"em-sao-jose-de-ribamar-criancas-atravessam-lamacal-no-percurso-ate-a-escola","status":"publish","type":"post","link":"https:\/\/www.blogsoestado.com\/danielmatos\/em-sao-jose-de-ribamar-criancas-atravessam-lamacal-no-percurso-ate-a-escola\/","title":{"rendered":"Em S\u00e3o Jos\u00e9 de Ribamar, crian\u00e7as atravessam lama\u00e7al no percurso at\u00e9 a escola"},"content":{"rendered":"\n<div class=\"wp-block-image\"><figure class=\"aligncenter size-large\"><a href=\"https:\/\/www.blogsoestado.com\/danielmatos\/files\/2023\/05\/Screenshot_20230508-111030-083.png\"><img decoding=\"async\" src=\"https:\/\/www.blogsoestado.com\/danielmatos\/files\/2023\/05\/Screenshot_20230508-111030-083-666x1024.png\" alt=\"\" class=\"wp-image-109401\"\/><\/a><figcaption>Crian\u00e7as tiram o cal\u00e7ado para caminhar no lama\u00e7al que existe no trajeto na ida \u00e0 escola e na volta para casa <\/figcaption><\/figure><\/div>\n\n\n\n<p>Um v\u00eddeo postado nas redes sociais mostra um grupo de estudantes, todos crian\u00e7as, caminhando em um lama\u00e7al no percurso at\u00e9 a escola. A cena deplor\u00e1vel foi registrada na localidade Itapari, em S\u00e3o Jos\u00e9 de Ribamar, munic\u00edpio da regi\u00e3o metropolitana de S\u00e3o Lu\u00eds cujo prefeito, Dr. Julinho (PL), vem investindo pesado em a\u00e7\u00f5es midi\u00e1ticas para tentar reposicionar sua imagem desgastada, de olho na elei\u00e7\u00e3o de 2024, em que buscar\u00e1 a renova\u00e7\u00e3o do mandato. <\/p>\n\n\n\n<p>Apesar de as imagens falarem por si, o autor fez quest\u00e3o de incluir um texto &#8211; com m\u00fasica de fundo em tom triste &#8211; para a apontar o culpado pela situa\u00e7\u00e3o dram\u00e1tica enfrentada pelos alunos e prever as consequ\u00eancias de tamanho descaso. Confira:<\/p>\n\n\n\n<p><em>&#8220;Quando um governante deixa as crian\u00e7as nessas condi\u00e7\u00f5es, est\u00e1 tentando acabar com a esperan\u00e7a no futuro dos alunos da nossa cidade&#8221;<\/em>, escreveu.<\/p>\n\n\n\n<p><strong><span class=\"has-inline-color has-vivid-red-color\">Clique <a href=\"https:\/\/youtube.com\/shorts\/59w3TahiZeo?feature=share4\">aqui<\/a><\/span><\/strong> <strong><span class=\"has-inline-color has-vivid-red-color\">e assista ao v\u00eddeo.<\/span><\/strong><\/p>\n","protected":false},"excerpt":{"rendered":"<p>Um v\u00eddeo postado nas redes sociais mostra um grupo de estudantes, todos crian\u00e7as, caminhando em um lama\u00e7al no percurso at\u00e9 [&hellip;]<\/p>\n","protected":false},"author":0,"featured_media":0,"comment_status":"open","ping_status":"open","sticky":false,"template":"","format":"standard","meta":{"site-sidebar-layout":"default","site-content-layout":"","ast-site-content-layout":"default","site-content-style":"default","site-sidebar-style":"default","ast-global-header-display":"","ast-banner-title-visibility":"","ast-main-header-display":"","ast-hfb-above-header-display":"","ast-hfb-below-header-display":"","ast-hfb-mobile-header-display":"","site-post-title":"","ast-breadcrumbs-content":"","ast-featured-img":"","footer-sml-layout":"","ast-disable-related-posts":"","theme-transparent-header-meta":"","adv-header-id-meta":"","stick-header-meta":"","header-above-stick-meta":"","header-main-stick-meta":"","header-below-stick-meta":"","astra-migrate-meta-layouts":"default","ast-page-background-enabled":"default","ast-page-background-meta":{"desktop":{"background-color":"var(--ast-global-color-5)","background-image":"","background-repeat":"repeat","background-position":"center center","background-size":"auto","background-attachment":"scroll","background-type":"","background-media":"","overlay-type":"","overlay-color":"","overlay-opacity":"","overlay-gradient":""},"tablet":{"background-color":"","background-image":"","background-repeat":"repeat","background-position":"center center","background-size":"auto","background-attachment":"scroll","background-type":"","background-media":"","overlay-type":"","overlay-color":"","overlay-opacity":"","overlay-gradient":""},"mobile":{"background-color":"","background-image":"","background-repeat":"repeat","background-position":"center center","background-size":"auto","background-attachment":"scroll","background-type":"","background-media":"","overlay-type":"","overlay-color":"","overlay-opacity":"","overlay-gradient":""}},"ast-content-background-meta":{"desktop":{"background-color":"var(--ast-global-color-4)","background-image":"","background-repeat":"repeat","background-position":"center center","background-size":"auto","background-attachment":"scroll","background-type":"","background-media":"","overlay-type":"","overlay-color":"","overlay-opacity":"","overlay-gradient":""},"tablet":{"background-color":"var(--ast-global-color-4)","background-image":"","background-repeat":"repeat","background-position":"center center","background-size":"auto","background-attachment":"scroll","background-type":"","background-media":"","overlay-type":"","overlay-color":"","overlay-opacity":"","overlay-gradient":""},"mobile":{"background-color":"var(--ast-global-color-4)","background-image":"","background-repeat":"repeat","background-position":"center center","background-size":"auto","background-attachment":"scroll","background-type":"","background-media":"","overlay-type":"","overlay-color":"","overlay-opacity":"","overlay-gradient":""}},"footnotes":""},"categories":[1],"tags":[],"class_list":["post-109400","post","type-post","status-publish","format-standard","hentry","category-sem-categoria"],"yoast_head":"<!-- This site is optimized with the Yoast SEO plugin v26.6 - https:\/\/yoast.com\/wordpress\/plugins\/seo\/ -->\n<title>Em S\u00e3o Jos\u00e9 de Ribamar, crian\u00e7as atravessam lama\u00e7al no percurso at\u00e9 a escola - Daniel Matos<\/title>\n<meta name=\"robots\" content=\"index, follow, max-snippet:-1, max-image-preview:large, max-video-preview:-1\" \/>\n<link rel=\"canonical\" href=\"https:\/\/www.blogsoestado.com\/danielmatos\/em-sao-jose-de-ribamar-criancas-atravessam-lamacal-no-percurso-ate-a-escola\/\" \/>\n<meta property=\"og:locale\" content=\"pt_BR\" \/>\n<meta property=\"og:type\" content=\"article\" \/>\n<meta property=\"og:title\" content=\"Em S\u00e3o Jos\u00e9 de Ribamar, crian\u00e7as atravessam lama\u00e7al no percurso at\u00e9 a escola - Daniel Matos\" \/>\n<meta property=\"og:description\" content=\"Um v\u00eddeo postado nas redes sociais mostra um grupo de estudantes, todos crian\u00e7as, caminhando em um lama\u00e7al no percurso at\u00e9 [&hellip;]\" \/>\n<meta property=\"og:url\" content=\"https:\/\/www.blogsoestado.com\/danielmatos\/em-sao-jose-de-ribamar-criancas-atravessam-lamacal-no-percurso-ate-a-escola\/\" \/>\n<meta property=\"og:site_name\" content=\"Daniel Matos\" \/>\n<meta property=\"article:published_time\" content=\"2023-05-08T14:18:31+00:00\" \/>\n<meta property=\"og:image\" content=\"https:\/\/www.blogsoestado.com\/danielmatos\/files\/2023\/05\/Screenshot_20230508-111030-083-666x1024.png\" \/>\n<meta name=\"twitter:card\" content=\"summary_large_image\" \/>\n<meta name=\"twitter:label1\" content=\"Est. tempo de leitura\" \/>\n\t<meta name=\"twitter:data1\" content=\"1 minuto\" \/>\n<script type=\"application\/ld+json\" class=\"yoast-schema-graph\">{\"@context\":\"https:\/\/schema.org\",\"@graph\":[{\"@type\":\"WebPage\",\"@id\":\"https:\/\/www.blogsoestado.com\/danielmatos\/em-sao-jose-de-ribamar-criancas-atravessam-lamacal-no-percurso-ate-a-escola\/\",\"url\":\"https:\/\/www.blogsoestado.com\/danielmatos\/em-sao-jose-de-ribamar-criancas-atravessam-lamacal-no-percurso-ate-a-escola\/\",\"name\":\"Em S\u00e3o Jos\u00e9 de Ribamar, crian\u00e7as atravessam lama\u00e7al no percurso at\u00e9 a escola - Daniel Matos\",\"isPartOf\":{\"@id\":\"https:\/\/www.blogsoestado.com\/danielmatos\/#website\"},\"primaryImageOfPage\":{\"@id\":\"https:\/\/www.blogsoestado.com\/danielmatos\/em-sao-jose-de-ribamar-criancas-atravessam-lamacal-no-percurso-ate-a-escola\/#primaryimage\"},\"image\":{\"@id\":\"https:\/\/www.blogsoestado.com\/danielmatos\/em-sao-jose-de-ribamar-criancas-atravessam-lamacal-no-percurso-ate-a-escola\/#primaryimage\"},\"thumbnailUrl\":\"https:\/\/www.blogsoestado.com\/danielmatos\/files\/2023\/05\/Screenshot_20230508-111030-083-666x1024.png\",\"datePublished\":\"2023-05-08T14:18:31+00:00\",\"author\":{\"@id\":\"\"},\"breadcrumb\":{\"@id\":\"https:\/\/www.blogsoestado.com\/danielmatos\/em-sao-jose-de-ribamar-criancas-atravessam-lamacal-no-percurso-ate-a-escola\/#breadcrumb\"},\"inLanguage\":\"pt-BR\",\"potentialAction\":[{\"@type\":\"ReadAction\",\"target\":[\"https:\/\/www.blogsoestado.com\/danielmatos\/em-sao-jose-de-ribamar-criancas-atravessam-lamacal-no-percurso-ate-a-escola\/\"]}]},{\"@type\":\"ImageObject\",\"inLanguage\":\"pt-BR\",\"@id\":\"https:\/\/www.blogsoestado.com\/danielmatos\/em-sao-jose-de-ribamar-criancas-atravessam-lamacal-no-percurso-ate-a-escola\/#primaryimage\",\"url\":\"https:\/\/www.blogsoestado.com\/danielmatos\/files\/2023\/05\/Screenshot_20230508-111030-083-666x1024.png\",\"contentUrl\":\"https:\/\/www.blogsoestado.com\/danielmatos\/files\/2023\/05\/Screenshot_20230508-111030-083-666x1024.png\"},{\"@type\":\"BreadcrumbList\",\"@id\":\"https:\/\/www.blogsoestado.com\/danielmatos\/em-sao-jose-de-ribamar-criancas-atravessam-lamacal-no-percurso-ate-a-escola\/#breadcrumb\",\"itemListElement\":[{\"@type\":\"ListItem\",\"position\":1,\"name\":\"In\u00edcio\",\"item\":\"https:\/\/www.blogsoestado.com\/danielmatos\/\"},{\"@type\":\"ListItem\",\"position\":2,\"name\":\"Em S\u00e3o Jos\u00e9 de Ribamar, crian\u00e7as atravessam lama\u00e7al no percurso at\u00e9 a escola\"}]},{\"@type\":\"WebSite\",\"@id\":\"https:\/\/www.blogsoestado.com\/danielmatos\/#website\",\"url\":\"https:\/\/www.blogsoestado.com\/danielmatos\/\",\"name\":\"Daniel Matos\",\"description\":\"\",\"potentialAction\":[{\"@type\":\"SearchAction\",\"target\":{\"@type\":\"EntryPoint\",\"urlTemplate\":\"https:\/\/www.blogsoestado.com\/danielmatos\/?s={search_term_string}\"},\"query-input\":{\"@type\":\"PropertyValueSpecification\",\"valueRequired\":true,\"valueName\":\"search_term_string\"}}],\"inLanguage\":\"pt-BR\"}]}<\/script>\n<!-- \/ Yoast SEO plugin. -->","yoast_head_json":{"title":"Em S\u00e3o Jos\u00e9 de Ribamar, crian\u00e7as atravessam lama\u00e7al no percurso at\u00e9 a escola - Daniel Matos","robots":{"index":"index","follow":"follow","max-snippet":"max-snippet:-1","max-image-preview":"max-image-preview:large","max-video-preview":"max-video-preview:-1"},"canonical":"https:\/\/www.blogsoestado.com\/danielmatos\/em-sao-jose-de-ribamar-criancas-atravessam-lamacal-no-percurso-ate-a-escola\/","og_locale":"pt_BR","og_type":"article","og_title":"Em S\u00e3o Jos\u00e9 de Ribamar, crian\u00e7as atravessam lama\u00e7al no percurso at\u00e9 a escola - Daniel Matos","og_description":"Um v\u00eddeo postado nas redes sociais mostra um grupo de estudantes, todos crian\u00e7as, caminhando em um lama\u00e7al no percurso at\u00e9 [&hellip;]","og_url":"https:\/\/www.blogsoestado.com\/danielmatos\/em-sao-jose-de-ribamar-criancas-atravessam-lamacal-no-percurso-ate-a-escola\/","og_site_name":"Daniel Matos","article_published_time":"2023-05-08T14:18:31+00:00","og_image":[{"url":"https:\/\/www.blogsoestado.com\/danielmatos\/files\/2023\/05\/Screenshot_20230508-111030-083-666x1024.png","type":"","width":"","height":""}],"twitter_card":"summary_large_image","twitter_misc":{"Est. tempo de leitura":"1 minuto"},"schema":{"@context":"https:\/\/schema.org","@graph":[{"@type":"WebPage","@id":"https:\/\/www.blogsoestado.com\/danielmatos\/em-sao-jose-de-ribamar-criancas-atravessam-lamacal-no-percurso-ate-a-escola\/","url":"https:\/\/www.blogsoestado.com\/danielmatos\/em-sao-jose-de-ribamar-criancas-atravessam-lamacal-no-percurso-ate-a-escola\/","name":"Em S\u00e3o Jos\u00e9 de Ribamar, crian\u00e7as atravessam lama\u00e7al no percurso at\u00e9 a escola - Daniel Matos","isPartOf":{"@id":"https:\/\/www.blogsoestado.com\/danielmatos\/#website"},"primaryImageOfPage":{"@id":"https:\/\/www.blogsoestado.com\/danielmatos\/em-sao-jose-de-ribamar-criancas-atravessam-lamacal-no-percurso-ate-a-escola\/#primaryimage"},"image":{"@id":"https:\/\/www.blogsoestado.com\/danielmatos\/em-sao-jose-de-ribamar-criancas-atravessam-lamacal-no-percurso-ate-a-escola\/#primaryimage"},"thumbnailUrl":"https:\/\/www.blogsoestado.com\/danielmatos\/files\/2023\/05\/Screenshot_20230508-111030-083-666x1024.png","datePublished":"2023-05-08T14:18:31+00:00","author":{"@id":""},"breadcrumb":{"@id":"https:\/\/www.blogsoestado.com\/danielmatos\/em-sao-jose-de-ribamar-criancas-atravessam-lamacal-no-percurso-ate-a-escola\/#breadcrumb"},"inLanguage":"pt-BR","potentialAction":[{"@type":"ReadAction","target":["https:\/\/www.blogsoestado.com\/danielmatos\/em-sao-jose-de-ribamar-criancas-atravessam-lamacal-no-percurso-ate-a-escola\/"]}]},{"@type":"ImageObject","inLanguage":"pt-BR","@id":"https:\/\/www.blogsoestado.com\/danielmatos\/em-sao-jose-de-ribamar-criancas-atravessam-lamacal-no-percurso-ate-a-escola\/#primaryimage","url":"https:\/\/www.blogsoestado.com\/danielmatos\/files\/2023\/05\/Screenshot_20230508-111030-083-666x1024.png","contentUrl":"https:\/\/www.blogsoestado.com\/danielmatos\/files\/2023\/05\/Screenshot_20230508-111030-083-666x1024.png"},{"@type":"BreadcrumbList","@id":"https:\/\/www.blogsoestado.com\/danielmatos\/em-sao-jose-de-ribamar-criancas-atravessam-lamacal-no-percurso-ate-a-escola\/#breadcrumb","itemListElement":[{"@type":"ListItem","position":1,"name":"In\u00edcio","item":"https:\/\/www.blogsoestado.com\/danielmatos\/"},{"@type":"ListItem","position":2,"name":"Em S\u00e3o Jos\u00e9 de Ribamar, crian\u00e7as atravessam lama\u00e7al no percurso at\u00e9 a escola"}]},{"@type":"WebSite","@id":"https:\/\/www.blogsoestado.com\/danielmatos\/#website","url":"https:\/\/www.blogsoestado.com\/danielmatos\/","name":"Daniel Matos","description":"","potentialAction":[{"@type":"SearchAction","target":{"@type":"EntryPoint","urlTemplate":"https:\/\/www.blogsoestado.com\/danielmatos\/?s={search_term_string}"},"query-input":{"@type":"PropertyValueSpecification","valueRequired":true,"valueName":"search_term_string"}}],"inLanguage":"pt-BR"}]}},"jetpack_featured_media_url":"","_links":{"self":[{"href":"https:\/\/www.blogsoestado.com\/danielmatos\/wp-json\/wp\/v2\/posts\/109400","targetHints":{"allow":["GET"]}}],"collection":[{"href":"https:\/\/www.blogsoestado.com\/danielmatos\/wp-json\/wp\/v2\/posts"}],"about":[{"href":"https:\/\/www.blogsoestado.com\/danielmatos\/wp-json\/wp\/v2\/types\/post"}],"replies":[{"embeddable":true,"href":"https:\/\/www.blogsoestado.com\/danielmatos\/wp-json\/wp\/v2\/comments?post=109400"}],"version-history":[{"count":0,"href":"https:\/\/www.blogsoestado.com\/danielmatos\/wp-json\/wp\/v2\/posts\/109400\/revisions"}],"wp:attachment":[{"href":"https:\/\/www.blogsoestado.com\/danielmatos\/wp-json\/wp\/v2\/media?parent=109400"}],"wp:term":[{"taxonomy":"category","embeddable":true,"href":"https:\/\/www.blogsoestado.com\/danielmatos\/wp-json\/wp\/v2\/categories?post=109400"},{"taxonomy":"post_tag","embeddable":true,"href":"https:\/\/www.blogsoestado.com\/danielmatos\/wp-json\/wp\/v2\/tags?post=109400"}],"curies":[{"name":"wp","href":"https:\/\/api.w.org\/{rel}","templated":true}]}}