{"id":109403,"date":"2023-05-08T11:39:00","date_gmt":"2023-05-08T14:39:00","guid":{"rendered":"https:\/\/www.blogsoestado.com\/danielmatos\/?p=109403"},"modified":"2023-05-08T11:39:00","modified_gmt":"2023-05-08T14:39:00","slug":"consun-aprova-resolucao-da-consulta-publica-para-reitor-e-vice-reitor-da-ufma","status":"publish","type":"post","link":"https:\/\/www.blogsoestado.com\/danielmatos\/consun-aprova-resolucao-da-consulta-publica-para-reitor-e-vice-reitor-da-ufma\/","title":{"rendered":"CONSUN aprova resolu\u00e7\u00e3o da consulta p\u00fablica para reitor e vice-reitor da UFMA"},"content":{"rendered":"\n<p><em><strong><span class=\"has-inline-color has-vivid-red-color\">Minuta foi discutida e aprovada na 149\u00aa Sess\u00e3o Ordin\u00e1ria, realizada via Google Meet com transmiss\u00e3o ao vivo pelo Youtube<\/span><\/strong><\/em><\/p>\n\n\n\n<div class=\"wp-block-image\"><figure class=\"aligncenter size-large\"><a href=\"https:\/\/www.blogsoestado.com\/danielmatos\/files\/2023\/05\/Screenshot_20230508-1135472.png\"><img decoding=\"async\" src=\"https:\/\/www.blogsoestado.com\/danielmatos\/files\/2023\/05\/Screenshot_20230508-1135472.png\" alt=\"\" class=\"wp-image-109404\"\/><\/a><figcaption>O reitor da UFMA, Natalino Salgado, conduziu a 149\u00aa Sess\u00e3o Ordin\u00e1ria do Conselho Universit\u00e1rio (CONSUN) que aprovou a minuta de resolu\u00e7\u00e3o da Consulta P\u00fablica para forma\u00e7\u00e3o de lista tr\u00edplice para a escolha dos cargos de reitor e vice-reitor<\/figcaption><\/figure><\/div>\n\n\n\n<p>A 149\u00aa Sess\u00e3o Ordin\u00e1ria do Conselho Universit\u00e1rio (CONSUN), realizada na manh\u00e3 da \u00faltima sexta-feira (5), aprovou a minuta de resolu\u00e7\u00e3o da Consulta P\u00fablica para forma\u00e7\u00e3o de lista tr\u00edplice para a escolha dos cargos de reitor e vice-reitor da Universidade Federal do Maranh\u00e3o (UFMA).<\/p>\n\n\n\n<p>A discuss\u00e3o e vota\u00e7\u00e3o do documento durou cerca de 4h30min e foi realizada por videoconfer\u00eancia. A relatora e conselheira Mar\u00edlia Cristina Viana, pr\u00f3-reitora da Progep, leu a minuta para as mais de 120 pessoas presentes na sala virtual, entre conselheiros e convidados.<\/p>\n\n\n\n<p>A Minuta foi elaborada pela comiss\u00e3o designada pela portaria 249\/2023 \u2013 Gabinete Reitoria, constitu\u00edda em 13 de mar\u00e7o de 2023 e composta pelos seguintes servidores: Marilia Cristina Valente Viana \u2013 pr\u00f3-reitora de Gest\u00e3o de Pessoas; professora Aline Alvares Melo \u2013 assessora do Gabinete da Reitoria; Amilton Bezerra Maia \u2013 superintendente de Tecnologia da Informa\u00e7\u00e3o; professor Arkley Bandeira Marques \u2013 assessor especial de Representa\u00e7\u00e3o Institucional; professora Lindalva Martins Maia Maciel \u2013 diretora do Centro de Ci\u00eancias Sociais; professor Romildo Martins Sampaio \u2013 pr\u00f3-reitor de Ensino; Suely Cipriano Milhomem Dantas, assessora do Gabinete da Reitoria.<\/p>\n\n\n\n<p>Depois de feita a leitura pela parecerista, o tema foi posto em discuss\u00e3o, tendo recebido dezenas de interven\u00e7\u00f5es, a favor e contra o documento e aspectos espec\u00edficos do processo de consulta p\u00fablica. Ao final, o presidente da Sess\u00e3o p\u00f4s o assunto em vota\u00e7\u00e3o, tendo sido aprovado por ampla maioria.<\/p>\n\n\n\n<p><strong>Comiss\u00e3o da Consulta P\u00fablica<\/strong>&nbsp;\u2013 Ap\u00f3s aprova\u00e7\u00e3o da minuta de resolu\u00e7\u00e3o, foi realizada a escolha dos membros, efetivos e suplentes, para a Comiss\u00e3o da Consulta P\u00fablica a Reitor e Vice-Reitor. Os membros foram escolhidos pelo conselho em vota\u00e7\u00e3o decrescente de votos.<\/p>\n\n\n\n<p>Com cinco indica\u00e7\u00f5es e, ap\u00f3s a sequ\u00eancia de vota\u00e7\u00f5es, a Comiss\u00e3o da Consulta P\u00fablica aprovada foi formada pelos seguintes conselheiros:<\/p>\n\n\n\n<ul class=\"wp-block-list\"><li>Em primeiro lugar, com 57 votos favor\u00e1veis, a diretora do Centro de Ci\u00eancias Sociais, professora Lindalva Maia, indicada como titular, e o coordenador do curso de direito do Centro de Ci\u00eancias de Imperatriz, professor Gabriel Ara\u00fajo, indicado como suplente;<\/li><li>Em segundo lugar, com 50 votos favor\u00e1veis, o coordenador do Programa de P\u00f3s-gradua\u00e7\u00e3o em Sa\u00fade do Adulto, professor Marcelo Sousa de Andrade, indicado como titular, e o coordenador do curso de licenciatura em educa\u00e7\u00e3o f\u00edsica do Centro de Ci\u00eancias de Pinheiro, professor Carlos Jos\u00e9 Moraes Dias, indicado como suplente.<\/li><li> Em terceiro lugar, com 49 votos a favor, o chefe do Departamento de Economia, Eric Santos, indicado como titular, e Ant\u00f4nio Francisco Padilha, indicado como suplente;<\/li><li>E, em quarto lugar, com 48 votos a favor, a chefe do Departamento de Patologia, professora Val\u00e9rio Monteiro, e a professora Ana Em\u00edlia Figueiredo, Diretora do DTED, indicada como suplente<\/li><li>J\u00e1 a chapa dos professores Ronaldo Ara\u00fajo, indicado como titular, e Jo\u00e3o de Deus Mendes da Silva, indicado como suplente, que obteve 12 votos, n\u00e3o entrou na Comiss\u00e3o, por conta da quantidade de vagas j\u00e1 estabelecidas.<\/li><\/ul>\n\n\n\n<p>A Comiss\u00e3o ter\u00e1 ainda representantes das entidades que fazem parte do CONSUN. Caber\u00e1 a esta Comiss\u00e3o o estabelecimento do edital com o detalhamento das regras para o processo da consulta p\u00fablica.<\/p>\n","protected":false},"excerpt":{"rendered":"<p>Minuta foi discutida e aprovada na 149\u00aa Sess\u00e3o Ordin\u00e1ria, realizada via Google Meet com transmiss\u00e3o ao vivo pelo Youtube A [&hellip;]<\/p>\n","protected":false},"author":0,"featured_media":0,"comment_status":"open","ping_status":"open","sticky":false,"template":"","format":"standard","meta":{"site-sidebar-layout":"default","site-content-layout":"","ast-site-content-layout":"default","site-content-style":"default","site-sidebar-style":"default","ast-global-header-display":"","ast-banner-title-visibility":"","ast-main-header-display":"","ast-hfb-above-header-display":"","ast-hfb-below-header-display":"","ast-hfb-mobile-header-display":"","site-post-title":"","ast-breadcrumbs-content":"","ast-featured-img":"","footer-sml-layout":"","ast-disable-related-posts":"","theme-transparent-header-meta":"","adv-header-id-meta":"","stick-header-meta":"","header-above-stick-meta":"","header-main-stick-meta":"","header-below-stick-meta":"","astra-migrate-meta-layouts":"default","ast-page-background-enabled":"default","ast-page-background-meta":{"desktop":{"background-color":"var(--ast-global-color-5)","background-image":"","background-repeat":"repeat","background-position":"center center","background-size":"auto","background-attachment":"scroll","background-type":"","background-media":"","overlay-type":"","overlay-color":"","overlay-opacity":"","overlay-gradient":""},"tablet":{"background-color":"","background-image":"","background-repeat":"repeat","background-position":"center center","background-size":"auto","background-attachment":"scroll","background-type":"","background-media":"","overlay-type":"","overlay-color":"","overlay-opacity":"","overlay-gradient":""},"mobile":{"background-color":"","background-image":"","background-repeat":"repeat","background-position":"center center","background-size":"auto","background-attachment":"scroll","background-type":"","background-media":"","overlay-type":"","overlay-color":"","overlay-opacity":"","overlay-gradient":""}},"ast-content-background-meta":{"desktop":{"background-color":"var(--ast-global-color-4)","background-image":"","background-repeat":"repeat","background-position":"center center","background-size":"auto","background-attachment":"scroll","background-type":"","background-media":"","overlay-type":"","overlay-color":"","overlay-opacity":"","overlay-gradient":""},"tablet":{"background-color":"var(--ast-global-color-4)","background-image":"","background-repeat":"repeat","background-position":"center center","background-size":"auto","background-attachment":"scroll","background-type":"","background-media":"","overlay-type":"","overlay-color":"","overlay-opacity":"","overlay-gradient":""},"mobile":{"background-color":"var(--ast-global-color-4)","background-image":"","background-repeat":"repeat","background-position":"center center","background-size":"auto","background-attachment":"scroll","background-type":"","background-media":"","overlay-type":"","overlay-color":"","overlay-opacity":"","overlay-gradient":""}},"footnotes":""},"categories":[1],"tags":[],"class_list":["post-109403","post","type-post","status-publish","format-standard","hentry","category-sem-categoria"],"yoast_head":"<!-- This site is optimized with the Yoast SEO plugin v26.6 - https:\/\/yoast.com\/wordpress\/plugins\/seo\/ -->\n<title>CONSUN aprova resolu\u00e7\u00e3o da consulta p\u00fablica para reitor e vice-reitor da UFMA - Daniel Matos<\/title>\n<meta name=\"robots\" content=\"index, follow, max-snippet:-1, max-image-preview:large, max-video-preview:-1\" \/>\n<link rel=\"canonical\" href=\"https:\/\/www.blogsoestado.com\/danielmatos\/consun-aprova-resolucao-da-consulta-publica-para-reitor-e-vice-reitor-da-ufma\/\" \/>\n<meta property=\"og:locale\" content=\"pt_BR\" \/>\n<meta property=\"og:type\" content=\"article\" \/>\n<meta property=\"og:title\" content=\"CONSUN aprova resolu\u00e7\u00e3o da consulta p\u00fablica para reitor e vice-reitor da UFMA - Daniel Matos\" \/>\n<meta property=\"og:description\" content=\"Minuta foi discutida e aprovada na 149\u00aa Sess\u00e3o Ordin\u00e1ria, realizada via Google Meet com transmiss\u00e3o ao vivo pelo Youtube A [&hellip;]\" \/>\n<meta property=\"og:url\" content=\"https:\/\/www.blogsoestado.com\/danielmatos\/consun-aprova-resolucao-da-consulta-publica-para-reitor-e-vice-reitor-da-ufma\/\" \/>\n<meta property=\"og:site_name\" content=\"Daniel Matos\" \/>\n<meta property=\"article:published_time\" content=\"2023-05-08T14:39:00+00:00\" \/>\n<meta property=\"og:image\" content=\"https:\/\/www.blogsoestado.com\/danielmatos\/files\/2023\/05\/Screenshot_20230508-1135472.png\" \/>\n<meta name=\"twitter:card\" content=\"summary_large_image\" \/>\n<meta name=\"twitter:label1\" content=\"Est. tempo de leitura\" \/>\n\t<meta name=\"twitter:data1\" content=\"3 minutos\" \/>\n<script type=\"application\/ld+json\" class=\"yoast-schema-graph\">{\"@context\":\"https:\/\/schema.org\",\"@graph\":[{\"@type\":\"WebPage\",\"@id\":\"https:\/\/www.blogsoestado.com\/danielmatos\/consun-aprova-resolucao-da-consulta-publica-para-reitor-e-vice-reitor-da-ufma\/\",\"url\":\"https:\/\/www.blogsoestado.com\/danielmatos\/consun-aprova-resolucao-da-consulta-publica-para-reitor-e-vice-reitor-da-ufma\/\",\"name\":\"CONSUN aprova resolu\u00e7\u00e3o da consulta p\u00fablica para reitor e vice-reitor da UFMA - Daniel Matos\",\"isPartOf\":{\"@id\":\"https:\/\/www.blogsoestado.com\/danielmatos\/#website\"},\"primaryImageOfPage\":{\"@id\":\"https:\/\/www.blogsoestado.com\/danielmatos\/consun-aprova-resolucao-da-consulta-publica-para-reitor-e-vice-reitor-da-ufma\/#primaryimage\"},\"image\":{\"@id\":\"https:\/\/www.blogsoestado.com\/danielmatos\/consun-aprova-resolucao-da-consulta-publica-para-reitor-e-vice-reitor-da-ufma\/#primaryimage\"},\"thumbnailUrl\":\"https:\/\/www.blogsoestado.com\/danielmatos\/files\/2023\/05\/Screenshot_20230508-1135472.png\",\"datePublished\":\"2023-05-08T14:39:00+00:00\",\"author\":{\"@id\":\"\"},\"breadcrumb\":{\"@id\":\"https:\/\/www.blogsoestado.com\/danielmatos\/consun-aprova-resolucao-da-consulta-publica-para-reitor-e-vice-reitor-da-ufma\/#breadcrumb\"},\"inLanguage\":\"pt-BR\",\"potentialAction\":[{\"@type\":\"ReadAction\",\"target\":[\"https:\/\/www.blogsoestado.com\/danielmatos\/consun-aprova-resolucao-da-consulta-publica-para-reitor-e-vice-reitor-da-ufma\/\"]}]},{\"@type\":\"ImageObject\",\"inLanguage\":\"pt-BR\",\"@id\":\"https:\/\/www.blogsoestado.com\/danielmatos\/consun-aprova-resolucao-da-consulta-publica-para-reitor-e-vice-reitor-da-ufma\/#primaryimage\",\"url\":\"https:\/\/www.blogsoestado.com\/danielmatos\/files\/2023\/05\/Screenshot_20230508-1135472.png\",\"contentUrl\":\"https:\/\/www.blogsoestado.com\/danielmatos\/files\/2023\/05\/Screenshot_20230508-1135472.png\"},{\"@type\":\"BreadcrumbList\",\"@id\":\"https:\/\/www.blogsoestado.com\/danielmatos\/consun-aprova-resolucao-da-consulta-publica-para-reitor-e-vice-reitor-da-ufma\/#breadcrumb\",\"itemListElement\":[{\"@type\":\"ListItem\",\"position\":1,\"name\":\"In\u00edcio\",\"item\":\"https:\/\/www.blogsoestado.com\/danielmatos\/\"},{\"@type\":\"ListItem\",\"position\":2,\"name\":\"CONSUN aprova resolu\u00e7\u00e3o da consulta p\u00fablica para reitor e vice-reitor da UFMA\"}]},{\"@type\":\"WebSite\",\"@id\":\"https:\/\/www.blogsoestado.com\/danielmatos\/#website\",\"url\":\"https:\/\/www.blogsoestado.com\/danielmatos\/\",\"name\":\"Daniel Matos\",\"description\":\"\",\"potentialAction\":[{\"@type\":\"SearchAction\",\"target\":{\"@type\":\"EntryPoint\",\"urlTemplate\":\"https:\/\/www.blogsoestado.com\/danielmatos\/?s={search_term_string}\"},\"query-input\":{\"@type\":\"PropertyValueSpecification\",\"valueRequired\":true,\"valueName\":\"search_term_string\"}}],\"inLanguage\":\"pt-BR\"}]}<\/script>\n<!-- \/ Yoast SEO plugin. -->","yoast_head_json":{"title":"CONSUN aprova resolu\u00e7\u00e3o da consulta p\u00fablica para reitor e vice-reitor da UFMA - Daniel Matos","robots":{"index":"index","follow":"follow","max-snippet":"max-snippet:-1","max-image-preview":"max-image-preview:large","max-video-preview":"max-video-preview:-1"},"canonical":"https:\/\/www.blogsoestado.com\/danielmatos\/consun-aprova-resolucao-da-consulta-publica-para-reitor-e-vice-reitor-da-ufma\/","og_locale":"pt_BR","og_type":"article","og_title":"CONSUN aprova resolu\u00e7\u00e3o da consulta p\u00fablica para reitor e vice-reitor da UFMA - Daniel Matos","og_description":"Minuta foi discutida e aprovada na 149\u00aa Sess\u00e3o Ordin\u00e1ria, realizada via Google Meet com transmiss\u00e3o ao vivo pelo Youtube A [&hellip;]","og_url":"https:\/\/www.blogsoestado.com\/danielmatos\/consun-aprova-resolucao-da-consulta-publica-para-reitor-e-vice-reitor-da-ufma\/","og_site_name":"Daniel Matos","article_published_time":"2023-05-08T14:39:00+00:00","og_image":[{"url":"https:\/\/www.blogsoestado.com\/danielmatos\/files\/2023\/05\/Screenshot_20230508-1135472.png","type":"","width":"","height":""}],"twitter_card":"summary_large_image","twitter_misc":{"Est. tempo de leitura":"3 minutos"},"schema":{"@context":"https:\/\/schema.org","@graph":[{"@type":"WebPage","@id":"https:\/\/www.blogsoestado.com\/danielmatos\/consun-aprova-resolucao-da-consulta-publica-para-reitor-e-vice-reitor-da-ufma\/","url":"https:\/\/www.blogsoestado.com\/danielmatos\/consun-aprova-resolucao-da-consulta-publica-para-reitor-e-vice-reitor-da-ufma\/","name":"CONSUN aprova resolu\u00e7\u00e3o da consulta p\u00fablica para reitor e vice-reitor da UFMA - Daniel Matos","isPartOf":{"@id":"https:\/\/www.blogsoestado.com\/danielmatos\/#website"},"primaryImageOfPage":{"@id":"https:\/\/www.blogsoestado.com\/danielmatos\/consun-aprova-resolucao-da-consulta-publica-para-reitor-e-vice-reitor-da-ufma\/#primaryimage"},"image":{"@id":"https:\/\/www.blogsoestado.com\/danielmatos\/consun-aprova-resolucao-da-consulta-publica-para-reitor-e-vice-reitor-da-ufma\/#primaryimage"},"thumbnailUrl":"https:\/\/www.blogsoestado.com\/danielmatos\/files\/2023\/05\/Screenshot_20230508-1135472.png","datePublished":"2023-05-08T14:39:00+00:00","author":{"@id":""},"breadcrumb":{"@id":"https:\/\/www.blogsoestado.com\/danielmatos\/consun-aprova-resolucao-da-consulta-publica-para-reitor-e-vice-reitor-da-ufma\/#breadcrumb"},"inLanguage":"pt-BR","potentialAction":[{"@type":"ReadAction","target":["https:\/\/www.blogsoestado.com\/danielmatos\/consun-aprova-resolucao-da-consulta-publica-para-reitor-e-vice-reitor-da-ufma\/"]}]},{"@type":"ImageObject","inLanguage":"pt-BR","@id":"https:\/\/www.blogsoestado.com\/danielmatos\/consun-aprova-resolucao-da-consulta-publica-para-reitor-e-vice-reitor-da-ufma\/#primaryimage","url":"https:\/\/www.blogsoestado.com\/danielmatos\/files\/2023\/05\/Screenshot_20230508-1135472.png","contentUrl":"https:\/\/www.blogsoestado.com\/danielmatos\/files\/2023\/05\/Screenshot_20230508-1135472.png"},{"@type":"BreadcrumbList","@id":"https:\/\/www.blogsoestado.com\/danielmatos\/consun-aprova-resolucao-da-consulta-publica-para-reitor-e-vice-reitor-da-ufma\/#breadcrumb","itemListElement":[{"@type":"ListItem","position":1,"name":"In\u00edcio","item":"https:\/\/www.blogsoestado.com\/danielmatos\/"},{"@type":"ListItem","position":2,"name":"CONSUN aprova resolu\u00e7\u00e3o da consulta p\u00fablica para reitor e vice-reitor da UFMA"}]},{"@type":"WebSite","@id":"https:\/\/www.blogsoestado.com\/danielmatos\/#website","url":"https:\/\/www.blogsoestado.com\/danielmatos\/","name":"Daniel Matos","description":"","potentialAction":[{"@type":"SearchAction","target":{"@type":"EntryPoint","urlTemplate":"https:\/\/www.blogsoestado.com\/danielmatos\/?s={search_term_string}"},"query-input":{"@type":"PropertyValueSpecification","valueRequired":true,"valueName":"search_term_string"}}],"inLanguage":"pt-BR"}]}},"jetpack_featured_media_url":"","_links":{"self":[{"href":"https:\/\/www.blogsoestado.com\/danielmatos\/wp-json\/wp\/v2\/posts\/109403","targetHints":{"allow":["GET"]}}],"collection":[{"href":"https:\/\/www.blogsoestado.com\/danielmatos\/wp-json\/wp\/v2\/posts"}],"about":[{"href":"https:\/\/www.blogsoestado.com\/danielmatos\/wp-json\/wp\/v2\/types\/post"}],"replies":[{"embeddable":true,"href":"https:\/\/www.blogsoestado.com\/danielmatos\/wp-json\/wp\/v2\/comments?post=109403"}],"version-history":[{"count":0,"href":"https:\/\/www.blogsoestado.com\/danielmatos\/wp-json\/wp\/v2\/posts\/109403\/revisions"}],"wp:attachment":[{"href":"https:\/\/www.blogsoestado.com\/danielmatos\/wp-json\/wp\/v2\/media?parent=109403"}],"wp:term":[{"taxonomy":"category","embeddable":true,"href":"https:\/\/www.blogsoestado.com\/danielmatos\/wp-json\/wp\/v2\/categories?post=109403"},{"taxonomy":"post_tag","embeddable":true,"href":"https:\/\/www.blogsoestado.com\/danielmatos\/wp-json\/wp\/v2\/tags?post=109403"}],"curies":[{"name":"wp","href":"https:\/\/api.w.org\/{rel}","templated":true}]}}