{"id":109410,"date":"2023-05-08T18:00:00","date_gmt":"2023-05-08T21:00:00","guid":{"rendered":"https:\/\/www.blogsoestado.com\/danielmatos\/?p=109410"},"modified":"2023-05-08T18:00:00","modified_gmt":"2023-05-08T21:00:00","slug":"gutemberg-araujo-quer-feirinha-semanal-do-agricultor-da-zona-rural-de-sao-luis","status":"publish","type":"post","link":"https:\/\/www.blogsoestado.com\/danielmatos\/gutemberg-araujo-quer-feirinha-semanal-do-agricultor-da-zona-rural-de-sao-luis\/","title":{"rendered":"Gutemberg Ara\u00fajo quer Feirinha Semanal do Agricultor da Zona Rural de S\u00e3o Lu\u00eds"},"content":{"rendered":"\n<p><em><strong><span class=\"has-inline-color has-vivid-red-color\">Parlamentar apresentou requerimento ao executivo municipal<\/span><\/strong><\/em><\/p>\n\n\n\n<div class=\"wp-block-image\"><figure class=\"aligncenter size-large\"><a href=\"https:\/\/www.blogsoestado.com\/danielmatos\/files\/2023\/05\/Screenshot_20230508-1712422.png\"><img decoding=\"async\" src=\"https:\/\/www.blogsoestado.com\/danielmatos\/files\/2023\/05\/Screenshot_20230508-1712422.png\" alt=\"\" class=\"wp-image-109417\"\/><\/a><figcaption>Gutemberg explicou que iniciativa deve contribuir \u201cdivulgando e fortalecendo esses espa\u00e7os t\u00e3o importantes para a agricultura e o desenvolvimento rural\u201d (<strong>Foto: <\/strong>Leonardo Mendon\u00e7a)<\/figcaption><\/figure><\/div>\n\n\n\n<p>A C\u00e2mara de S\u00e3o Lu\u00eds aprovou, na sess\u00e3o do \u00faltimo dia 2 de maio, um requerimento de autoria do vereador Gutemberg Ara\u00fajo (PSC) solicitando \u00e0 prefeitura a implanta\u00e7\u00e3o da Feirinha Semanal do Agricultor da Zona Rural de S\u00e3o Lu\u00eds.<\/p>\n\n\n\n<p>Segundo o pedido, a feirinha seria implantada com os mesmos moldes da Feirinha do Centro Hist\u00f3rico, realizada todos os domingos, no centro da capital. De acordo com a solicita\u00e7\u00e3o, o objetivo \u00e9 potencializar a agricultura familiar da regi\u00e3o e desenvolver a economia local.<\/p>\n\n\n\n<p>\u201cNosso objetivo \u00e9 viabilizar um local onde os agricultores da Zona Rural de S\u00e3o Lu\u00eds, cadastrados no Programa de Aquisi\u00e7\u00e3o de Alimentos (PAA), possam comercializar os seus produtos da agricultura familiar, que tem uma identidade regional e cultural, de boa qualidade e pre\u00e7os acess\u00edveis\u201d, explica Gutemberg Ara\u00fajo.<\/p>\n\n\n\n<p>De acordo com o requerimento, a implanta\u00e7\u00e3o da feirinha minimizaria as atuais dificuldades de log\u00edstica no escoamento da produ\u00e7\u00e3o da regi\u00e3o, al\u00e9m de suprir as necessidades b\u00e1sicas dos agricultores.<\/p>\n\n\n\n<p>\u201cAl\u00e9m disso, como a referida feirinha ser\u00e1 um local de comercializa\u00e7\u00e3o de produtos da agricultura familiar, a sua implementa\u00e7\u00e3o certamente ir\u00e1 proporcionar um ambiente de parceria e intera\u00e7\u00e3o coletiva entre os feirantes, divulgando e fortalecendo esses espa\u00e7os t\u00e3o importantes para a agricultura e o desenvolvimento rural\u201d, justifica o parlamentar.<\/p>\n","protected":false},"excerpt":{"rendered":"<p>Parlamentar apresentou requerimento ao executivo municipal A C\u00e2mara de S\u00e3o Lu\u00eds aprovou, na sess\u00e3o do \u00faltimo dia 2 de maio, [&hellip;]<\/p>\n","protected":false},"author":0,"featured_media":0,"comment_status":"open","ping_status":"open","sticky":false,"template":"","format":"standard","meta":{"site-sidebar-layout":"default","site-content-layout":"","ast-site-content-layout":"default","site-content-style":"default","site-sidebar-style":"default","ast-global-header-display":"","ast-banner-title-visibility":"","ast-main-header-display":"","ast-hfb-above-header-display":"","ast-hfb-below-header-display":"","ast-hfb-mobile-header-display":"","site-post-title":"","ast-breadcrumbs-content":"","ast-featured-img":"","footer-sml-layout":"","ast-disable-related-posts":"","theme-transparent-header-meta":"","adv-header-id-meta":"","stick-header-meta":"","header-above-stick-meta":"","header-main-stick-meta":"","header-below-stick-meta":"","astra-migrate-meta-layouts":"default","ast-page-background-enabled":"default","ast-page-background-meta":{"desktop":{"background-color":"var(--ast-global-color-5)","background-image":"","background-repeat":"repeat","background-position":"center center","background-size":"auto","background-attachment":"scroll","background-type":"","background-media":"","overlay-type":"","overlay-color":"","overlay-opacity":"","overlay-gradient":""},"tablet":{"background-color":"","background-image":"","background-repeat":"repeat","background-position":"center center","background-size":"auto","background-attachment":"scroll","background-type":"","background-media":"","overlay-type":"","overlay-color":"","overlay-opacity":"","overlay-gradient":""},"mobile":{"background-color":"","background-image":"","background-repeat":"repeat","background-position":"center center","background-size":"auto","background-attachment":"scroll","background-type":"","background-media":"","overlay-type":"","overlay-color":"","overlay-opacity":"","overlay-gradient":""}},"ast-content-background-meta":{"desktop":{"background-color":"var(--ast-global-color-4)","background-image":"","background-repeat":"repeat","background-position":"center center","background-size":"auto","background-attachment":"scroll","background-type":"","background-media":"","overlay-type":"","overlay-color":"","overlay-opacity":"","overlay-gradient":""},"tablet":{"background-color":"var(--ast-global-color-4)","background-image":"","background-repeat":"repeat","background-position":"center center","background-size":"auto","background-attachment":"scroll","background-type":"","background-media":"","overlay-type":"","overlay-color":"","overlay-opacity":"","overlay-gradient":""},"mobile":{"background-color":"var(--ast-global-color-4)","background-image":"","background-repeat":"repeat","background-position":"center center","background-size":"auto","background-attachment":"scroll","background-type":"","background-media":"","overlay-type":"","overlay-color":"","overlay-opacity":"","overlay-gradient":""}},"footnotes":""},"categories":[1],"tags":[],"class_list":["post-109410","post","type-post","status-publish","format-standard","hentry","category-sem-categoria"],"yoast_head":"<!-- This site is optimized with the Yoast SEO plugin v26.6 - https:\/\/yoast.com\/wordpress\/plugins\/seo\/ -->\n<title>Gutemberg Ara\u00fajo quer Feirinha Semanal do Agricultor da Zona Rural de S\u00e3o Lu\u00eds - Daniel Matos<\/title>\n<meta name=\"robots\" content=\"index, follow, max-snippet:-1, max-image-preview:large, max-video-preview:-1\" \/>\n<link rel=\"canonical\" href=\"https:\/\/www.blogsoestado.com\/danielmatos\/gutemberg-araujo-quer-feirinha-semanal-do-agricultor-da-zona-rural-de-sao-luis\/\" \/>\n<meta property=\"og:locale\" content=\"pt_BR\" \/>\n<meta property=\"og:type\" content=\"article\" \/>\n<meta property=\"og:title\" content=\"Gutemberg Ara\u00fajo quer Feirinha Semanal do Agricultor da Zona Rural de S\u00e3o Lu\u00eds - Daniel Matos\" \/>\n<meta property=\"og:description\" content=\"Parlamentar apresentou requerimento ao executivo municipal A C\u00e2mara de S\u00e3o Lu\u00eds aprovou, na sess\u00e3o do \u00faltimo dia 2 de maio, [&hellip;]\" \/>\n<meta property=\"og:url\" content=\"https:\/\/www.blogsoestado.com\/danielmatos\/gutemberg-araujo-quer-feirinha-semanal-do-agricultor-da-zona-rural-de-sao-luis\/\" \/>\n<meta property=\"og:site_name\" content=\"Daniel Matos\" \/>\n<meta property=\"article:published_time\" content=\"2023-05-08T21:00:00+00:00\" \/>\n<meta property=\"og:image\" content=\"https:\/\/www.blogsoestado.com\/danielmatos\/files\/2023\/05\/Screenshot_20230508-1712422.png\" \/>\n<meta name=\"twitter:card\" content=\"summary_large_image\" \/>\n<meta name=\"twitter:label1\" content=\"Est. tempo de leitura\" \/>\n\t<meta name=\"twitter:data1\" content=\"2 minutos\" \/>\n<script type=\"application\/ld+json\" class=\"yoast-schema-graph\">{\"@context\":\"https:\/\/schema.org\",\"@graph\":[{\"@type\":\"WebPage\",\"@id\":\"https:\/\/www.blogsoestado.com\/danielmatos\/gutemberg-araujo-quer-feirinha-semanal-do-agricultor-da-zona-rural-de-sao-luis\/\",\"url\":\"https:\/\/www.blogsoestado.com\/danielmatos\/gutemberg-araujo-quer-feirinha-semanal-do-agricultor-da-zona-rural-de-sao-luis\/\",\"name\":\"Gutemberg Ara\u00fajo quer Feirinha Semanal do Agricultor da Zona Rural de S\u00e3o Lu\u00eds - Daniel Matos\",\"isPartOf\":{\"@id\":\"https:\/\/www.blogsoestado.com\/danielmatos\/#website\"},\"primaryImageOfPage\":{\"@id\":\"https:\/\/www.blogsoestado.com\/danielmatos\/gutemberg-araujo-quer-feirinha-semanal-do-agricultor-da-zona-rural-de-sao-luis\/#primaryimage\"},\"image\":{\"@id\":\"https:\/\/www.blogsoestado.com\/danielmatos\/gutemberg-araujo-quer-feirinha-semanal-do-agricultor-da-zona-rural-de-sao-luis\/#primaryimage\"},\"thumbnailUrl\":\"https:\/\/www.blogsoestado.com\/danielmatos\/files\/2023\/05\/Screenshot_20230508-1712422.png\",\"datePublished\":\"2023-05-08T21:00:00+00:00\",\"author\":{\"@id\":\"\"},\"breadcrumb\":{\"@id\":\"https:\/\/www.blogsoestado.com\/danielmatos\/gutemberg-araujo-quer-feirinha-semanal-do-agricultor-da-zona-rural-de-sao-luis\/#breadcrumb\"},\"inLanguage\":\"pt-BR\",\"potentialAction\":[{\"@type\":\"ReadAction\",\"target\":[\"https:\/\/www.blogsoestado.com\/danielmatos\/gutemberg-araujo-quer-feirinha-semanal-do-agricultor-da-zona-rural-de-sao-luis\/\"]}]},{\"@type\":\"ImageObject\",\"inLanguage\":\"pt-BR\",\"@id\":\"https:\/\/www.blogsoestado.com\/danielmatos\/gutemberg-araujo-quer-feirinha-semanal-do-agricultor-da-zona-rural-de-sao-luis\/#primaryimage\",\"url\":\"https:\/\/www.blogsoestado.com\/danielmatos\/files\/2023\/05\/Screenshot_20230508-1712422.png\",\"contentUrl\":\"https:\/\/www.blogsoestado.com\/danielmatos\/files\/2023\/05\/Screenshot_20230508-1712422.png\"},{\"@type\":\"BreadcrumbList\",\"@id\":\"https:\/\/www.blogsoestado.com\/danielmatos\/gutemberg-araujo-quer-feirinha-semanal-do-agricultor-da-zona-rural-de-sao-luis\/#breadcrumb\",\"itemListElement\":[{\"@type\":\"ListItem\",\"position\":1,\"name\":\"In\u00edcio\",\"item\":\"https:\/\/www.blogsoestado.com\/danielmatos\/\"},{\"@type\":\"ListItem\",\"position\":2,\"name\":\"Gutemberg Ara\u00fajo quer Feirinha Semanal do Agricultor da Zona Rural de S\u00e3o Lu\u00eds\"}]},{\"@type\":\"WebSite\",\"@id\":\"https:\/\/www.blogsoestado.com\/danielmatos\/#website\",\"url\":\"https:\/\/www.blogsoestado.com\/danielmatos\/\",\"name\":\"Daniel Matos\",\"description\":\"\",\"potentialAction\":[{\"@type\":\"SearchAction\",\"target\":{\"@type\":\"EntryPoint\",\"urlTemplate\":\"https:\/\/www.blogsoestado.com\/danielmatos\/?s={search_term_string}\"},\"query-input\":{\"@type\":\"PropertyValueSpecification\",\"valueRequired\":true,\"valueName\":\"search_term_string\"}}],\"inLanguage\":\"pt-BR\"}]}<\/script>\n<!-- \/ Yoast SEO plugin. -->","yoast_head_json":{"title":"Gutemberg Ara\u00fajo quer Feirinha Semanal do Agricultor da Zona Rural de S\u00e3o Lu\u00eds - Daniel Matos","robots":{"index":"index","follow":"follow","max-snippet":"max-snippet:-1","max-image-preview":"max-image-preview:large","max-video-preview":"max-video-preview:-1"},"canonical":"https:\/\/www.blogsoestado.com\/danielmatos\/gutemberg-araujo-quer-feirinha-semanal-do-agricultor-da-zona-rural-de-sao-luis\/","og_locale":"pt_BR","og_type":"article","og_title":"Gutemberg Ara\u00fajo quer Feirinha Semanal do Agricultor da Zona Rural de S\u00e3o Lu\u00eds - Daniel Matos","og_description":"Parlamentar apresentou requerimento ao executivo municipal A C\u00e2mara de S\u00e3o Lu\u00eds aprovou, na sess\u00e3o do \u00faltimo dia 2 de maio, [&hellip;]","og_url":"https:\/\/www.blogsoestado.com\/danielmatos\/gutemberg-araujo-quer-feirinha-semanal-do-agricultor-da-zona-rural-de-sao-luis\/","og_site_name":"Daniel Matos","article_published_time":"2023-05-08T21:00:00+00:00","og_image":[{"url":"https:\/\/www.blogsoestado.com\/danielmatos\/files\/2023\/05\/Screenshot_20230508-1712422.png","type":"","width":"","height":""}],"twitter_card":"summary_large_image","twitter_misc":{"Est. tempo de leitura":"2 minutos"},"schema":{"@context":"https:\/\/schema.org","@graph":[{"@type":"WebPage","@id":"https:\/\/www.blogsoestado.com\/danielmatos\/gutemberg-araujo-quer-feirinha-semanal-do-agricultor-da-zona-rural-de-sao-luis\/","url":"https:\/\/www.blogsoestado.com\/danielmatos\/gutemberg-araujo-quer-feirinha-semanal-do-agricultor-da-zona-rural-de-sao-luis\/","name":"Gutemberg Ara\u00fajo quer Feirinha Semanal do Agricultor da Zona Rural de S\u00e3o Lu\u00eds - Daniel Matos","isPartOf":{"@id":"https:\/\/www.blogsoestado.com\/danielmatos\/#website"},"primaryImageOfPage":{"@id":"https:\/\/www.blogsoestado.com\/danielmatos\/gutemberg-araujo-quer-feirinha-semanal-do-agricultor-da-zona-rural-de-sao-luis\/#primaryimage"},"image":{"@id":"https:\/\/www.blogsoestado.com\/danielmatos\/gutemberg-araujo-quer-feirinha-semanal-do-agricultor-da-zona-rural-de-sao-luis\/#primaryimage"},"thumbnailUrl":"https:\/\/www.blogsoestado.com\/danielmatos\/files\/2023\/05\/Screenshot_20230508-1712422.png","datePublished":"2023-05-08T21:00:00+00:00","author":{"@id":""},"breadcrumb":{"@id":"https:\/\/www.blogsoestado.com\/danielmatos\/gutemberg-araujo-quer-feirinha-semanal-do-agricultor-da-zona-rural-de-sao-luis\/#breadcrumb"},"inLanguage":"pt-BR","potentialAction":[{"@type":"ReadAction","target":["https:\/\/www.blogsoestado.com\/danielmatos\/gutemberg-araujo-quer-feirinha-semanal-do-agricultor-da-zona-rural-de-sao-luis\/"]}]},{"@type":"ImageObject","inLanguage":"pt-BR","@id":"https:\/\/www.blogsoestado.com\/danielmatos\/gutemberg-araujo-quer-feirinha-semanal-do-agricultor-da-zona-rural-de-sao-luis\/#primaryimage","url":"https:\/\/www.blogsoestado.com\/danielmatos\/files\/2023\/05\/Screenshot_20230508-1712422.png","contentUrl":"https:\/\/www.blogsoestado.com\/danielmatos\/files\/2023\/05\/Screenshot_20230508-1712422.png"},{"@type":"BreadcrumbList","@id":"https:\/\/www.blogsoestado.com\/danielmatos\/gutemberg-araujo-quer-feirinha-semanal-do-agricultor-da-zona-rural-de-sao-luis\/#breadcrumb","itemListElement":[{"@type":"ListItem","position":1,"name":"In\u00edcio","item":"https:\/\/www.blogsoestado.com\/danielmatos\/"},{"@type":"ListItem","position":2,"name":"Gutemberg Ara\u00fajo quer Feirinha Semanal do Agricultor da Zona Rural de S\u00e3o Lu\u00eds"}]},{"@type":"WebSite","@id":"https:\/\/www.blogsoestado.com\/danielmatos\/#website","url":"https:\/\/www.blogsoestado.com\/danielmatos\/","name":"Daniel Matos","description":"","potentialAction":[{"@type":"SearchAction","target":{"@type":"EntryPoint","urlTemplate":"https:\/\/www.blogsoestado.com\/danielmatos\/?s={search_term_string}"},"query-input":{"@type":"PropertyValueSpecification","valueRequired":true,"valueName":"search_term_string"}}],"inLanguage":"pt-BR"}]}},"jetpack_featured_media_url":"","_links":{"self":[{"href":"https:\/\/www.blogsoestado.com\/danielmatos\/wp-json\/wp\/v2\/posts\/109410","targetHints":{"allow":["GET"]}}],"collection":[{"href":"https:\/\/www.blogsoestado.com\/danielmatos\/wp-json\/wp\/v2\/posts"}],"about":[{"href":"https:\/\/www.blogsoestado.com\/danielmatos\/wp-json\/wp\/v2\/types\/post"}],"replies":[{"embeddable":true,"href":"https:\/\/www.blogsoestado.com\/danielmatos\/wp-json\/wp\/v2\/comments?post=109410"}],"version-history":[{"count":0,"href":"https:\/\/www.blogsoestado.com\/danielmatos\/wp-json\/wp\/v2\/posts\/109410\/revisions"}],"wp:attachment":[{"href":"https:\/\/www.blogsoestado.com\/danielmatos\/wp-json\/wp\/v2\/media?parent=109410"}],"wp:term":[{"taxonomy":"category","embeddable":true,"href":"https:\/\/www.blogsoestado.com\/danielmatos\/wp-json\/wp\/v2\/categories?post=109410"},{"taxonomy":"post_tag","embeddable":true,"href":"https:\/\/www.blogsoestado.com\/danielmatos\/wp-json\/wp\/v2\/tags?post=109410"}],"curies":[{"name":"wp","href":"https:\/\/api.w.org\/{rel}","templated":true}]}}