{"id":109413,"date":"2023-05-08T17:08:11","date_gmt":"2023-05-08T20:08:11","guid":{"rendered":"https:\/\/www.blogsoestado.com\/danielmatos\/?p=109413"},"modified":"2023-05-08T17:08:11","modified_gmt":"2023-05-08T20:08:11","slug":"audiencia-publica-comissao-de-turismo-da-alema-discute-proibicao-de-transporte-predatorio-no-parque-dos-lencois-maranhenses","status":"publish","type":"post","link":"https:\/\/www.blogsoestado.com\/danielmatos\/audiencia-publica-comissao-de-turismo-da-alema-discute-proibicao-de-transporte-predatorio-no-parque-dos-lencois-maranhenses\/","title":{"rendered":"Audi\u00eancia p\u00fablica: Comiss\u00e3o de Turismo da Alema discute proibi\u00e7\u00e3o de transporte predat\u00f3rio no Parque dos Len\u00e7\u00f3is Maranhenses"},"content":{"rendered":"\n<p><strong><span class=\"has-inline-color has-vivid-red-color\">A reuni\u00e3o, realizada na C\u00e2mara de Vereadores do munic\u00edpio, foi conduzida pelo deputado Wellington do Curso, presidente da Comiss\u00e3o, e contou com a participa\u00e7\u00e3o de representantes de \u00f3rg\u00e3os p\u00fablicos, institui\u00e7\u00f5es tur\u00edsticas e ambientais e da sociedade civil<br \/>Ag\u00eancia Assembleia<\/span><\/strong> <\/p>\n\n\n\n<div class=\"wp-block-image\"><figure class=\"aligncenter size-large\"><a href=\"https:\/\/www.blogsoestado.com\/danielmatos\/files\/2023\/05\/Screenshot_20230508-1748042.png\"><img decoding=\"async\" src=\"https:\/\/www.blogsoestado.com\/danielmatos\/files\/2023\/05\/Screenshot_20230508-1748042.png\" alt=\"\" class=\"wp-image-109419\"\/><\/a><figcaption>A audi\u00eancia p\u00fablica aconteceu na C\u00e2mara de Vereadores de Santo Amaro e foi conduzida pelo deputado Wellington do Curso, presidente da Comiss\u00e3o de Turismo da Assembleia Legislativa<\/figcaption><\/figure><\/div>\n\n\n\n<p>A Comiss\u00e3o de Turismo da Assembleia Legislativa do Maranh\u00e3o realizou, nesta segunda-feira (8), Audi\u00eancia P\u00fablica para discutir a proibi\u00e7\u00e3o e fiscaliza\u00e7\u00e3o da circula\u00e7\u00e3o de UTVs no Parque Nacional dos Len\u00e7\u00f3is Maranhenses e no per\u00edmetro urbano de Barreirinhas. A reuni\u00e3o, realizada na C\u00e2mara de Vereadores do munic\u00edpio, foi conduzida pelo deputado Wellington do Curso, presidente da Comiss\u00e3o, e contou com a participa\u00e7\u00e3o de representantes de \u00f3rg\u00e3os p\u00fablicos, institui\u00e7\u00f5es tur\u00edsticas e ambientais e da sociedade civil.<\/p>\n\n\n\n<p>As UTVs s\u00e3o um modelo de buggy 4&#215;4 muito usado em competi\u00e7\u00f5es &nbsp;off-roads. Sua utiliza\u00e7\u00e3o nessas \u00e1reas protegidas tem sido considerada extremamente danosa \u00e0 vegeta\u00e7\u00e3o e ao meio ambiental local como um todo, al\u00e9m de proporcionar um turismo n\u00e3o condizente com a proposta do Parque.<\/p>\n\n\n\n<p>Segundo deputado Wellington, o n\u00famero desse tipo de ve\u00edculos &nbsp;circulando nas dunas tem suscitado &nbsp;preocupa\u00e7\u00e3o \u00e0s entidades da \u00e1rea e mobilizado a comunidade em torno da quest\u00e3o.<\/p>\n\n\n\n<p>&#8220;A nossa fun\u00e7\u00e3o aqui \u00e9 discutir essa problem\u00e1tica e provocar os entes estaduais, municipais e federais, por meio do ICMBio, para exigir a mitiga\u00e7\u00e3o desse problema e a fiscaliza\u00e7\u00e3o da Lei que j\u00e1 &nbsp;pro\u00edbe esses ve\u00edculos de adentraram ao Parque &nbsp;Nacional dos Len\u00e7\u00f3is Maranhenses. Vamos seguir firmes com esse debate e reivindicar a solu\u00e7\u00e3o dessa situa\u00e7\u00e3o para a prote\u00e7\u00e3o ambiental e o fortalecimento do turismo na regi\u00e3o&#8221;, afirmou o parlamentar.<\/p>\n\n\n\n<p>Wellington considerou positiva a audi\u00eancia, que abriu espa\u00e7o para ouvir todos os segmentos e a popula\u00e7\u00e3o sobre esse tema e outros que considera importantes para a regi\u00e3o. &#8220;A reuni\u00e3o nos permitiu mergulhar mais profundamente nesse assunto, assim como tamb\u00e9m abordar outras situa\u00e7\u00f5es que afetam essas comunidades, pois n\u00e3o adianta discutirmos desenvolvimento, sem atentarmos \u00e0s quest\u00f5es que proporcionem melhoria \u00e0 aualidade de vida da popula\u00e7\u00e3o&#8221;, acrescentou.<\/p>\n\n\n\n<p><strong>Atividade predat\u00f3ria <\/strong><\/p>\n\n\n\n<p>Presente \u00e0 audi\u00eancia, o presidente do Conselho Municipal de Turismo de Santo Amaro, Matteo Soussinr, afirmou que a inadequa\u00e7\u00e3o desse tipo de transporte, que considera agressivo ao meio ambiente, tem provocado um turismo predador em toda a regi\u00e3o dos Len\u00e7\u00f3is Maranhenses. &#8220;Eles n\u00e3o se encaixam na modalidade de visita\u00e7\u00e3o e contempla\u00e7\u00e3o proposta pelo Parque dos Len\u00e7\u00f3is Maranhenses, pois eles s\u00e3o usados para trilhas agressivas de competi\u00e7\u00f5es&#8221;, frisou.<\/p>\n\n\n\n<p>Visando mitigar o problema, o secret\u00e1rio de Turismo de Barreirinhas, F\u00e1bio Rocha, apresentou, durante a audi\u00eancia, o Termo de Acordo e Compromisso, no qual o Poder Executivo Municipal se prop\u00f5e a encaminhar \u00e0 C\u00e2mara de Vereadores, no prazo de 60 dias, um projeto de lei prevendo o disciplinamento e o controle da circula\u00e7\u00e3o de UTVs, quadriciclos e outros ve\u00edculos 4&#215;4 de uso off-road nos Parque dos Len\u00e7\u00f3is Maranhenses.<\/p>\n\n\n\n<p>&#8220;A prefeitura quer &nbsp;solucionar essa quest\u00e3o e \u00e9 isso o que faremos nos pr\u00f3ximos dias&#8221;, garantiu F\u00e1bio Rocha.<br \/>Segundo a presidente da C\u00e2mara Municipal de Barreirinhas, Irlanda Batista, o PL do Executivo ser\u00e1 analisado com muita aten\u00e7\u00e3o por todos os vereadores da Casa. &#8220;Porque \u00e9 do interesse de toda a comunidade que essa situa\u00e7\u00e3o tenha os encaminhamentos necess\u00e1rios em beneficio de todos os envolvidas&#8221; disse.<\/p>\n\n\n\n<p><strong>Disciplinamento<\/strong><\/p>\n\n\n\n<p>Fiscalizac\u00e3o e disciplinamento foram tamb\u00e9m quest\u00f5es abordadas pelo &nbsp;secret\u00e1rio de Turismo de Santo Amaro, Jackson de Sousa. &#8220;\u00c9 preocupante vermos tantos ve\u00edculos como estas UTVs circulando nos campos de dunas, o que torna premente o controle desse problema. Essa audi\u00eancia p\u00fablica \u00e9 fundamental para darmos as m\u00e3os e fazermos um trabalho conjunto pela prote\u00e7\u00e3o dos nossos Len\u00e7\u00f3is Maranhenses&#8221;, disse, acrescentando ainda que \u00e9 necess\u00e1ria maior fiscaliza\u00e7\u00e3o por parte do ICMBio, tendo em vista que h\u00e1 155 mil hectares de parque dispon\u00edvel \u00e0 visita\u00e7\u00e3o.<\/p>\n\n\n\n<p>No mesmo sentido se pronunciou o presidente do Instituto Rio Pregui\u00e7as, Ribamar Canavieira. &#8220;N\u00e3o somos contra o progressos, mas n\u00e3o o queremos a qualquer custo. E essa audi\u00eancia \u00e9 &nbsp;extremamente salutar para mostrarmos que o turismo na nossa regi\u00e3o n\u00e3o pode ser feita de forma desordenada, indiscriminada e criminosa. Se j\u00e1 existe uma lei proibindo, ent\u00e3o \u00e9 necess\u00e1ria a sua fiscaliza\u00e7\u00e3o&#8221;, afirmou.<\/p>\n","protected":false},"excerpt":{"rendered":"<p>A reuni\u00e3o, realizada na C\u00e2mara de Vereadores do munic\u00edpio, foi conduzida pelo deputado Wellington do Curso, presidente da Comiss\u00e3o, e [&hellip;]<\/p>\n","protected":false},"author":0,"featured_media":0,"comment_status":"open","ping_status":"open","sticky":false,"template":"","format":"standard","meta":{"site-sidebar-layout":"default","site-content-layout":"","ast-site-content-layout":"default","site-content-style":"default","site-sidebar-style":"default","ast-global-header-display":"","ast-banner-title-visibility":"","ast-main-header-display":"","ast-hfb-above-header-display":"","ast-hfb-below-header-display":"","ast-hfb-mobile-header-display":"","site-post-title":"","ast-breadcrumbs-content":"","ast-featured-img":"","footer-sml-layout":"","ast-disable-related-posts":"","theme-transparent-header-meta":"","adv-header-id-meta":"","stick-header-meta":"","header-above-stick-meta":"","header-main-stick-meta":"","header-below-stick-meta":"","astra-migrate-meta-layouts":"default","ast-page-background-enabled":"default","ast-page-background-meta":{"desktop":{"background-color":"var(--ast-global-color-5)","background-image":"","background-repeat":"repeat","background-position":"center center","background-size":"auto","background-attachment":"scroll","background-type":"","background-media":"","overlay-type":"","overlay-color":"","overlay-opacity":"","overlay-gradient":""},"tablet":{"background-color":"","background-image":"","background-repeat":"repeat","background-position":"center center","background-size":"auto","background-attachment":"scroll","background-type":"","background-media":"","overlay-type":"","overlay-color":"","overlay-opacity":"","overlay-gradient":""},"mobile":{"background-color":"","background-image":"","background-repeat":"repeat","background-position":"center center","background-size":"auto","background-attachment":"scroll","background-type":"","background-media":"","overlay-type":"","overlay-color":"","overlay-opacity":"","overlay-gradient":""}},"ast-content-background-meta":{"desktop":{"background-color":"var(--ast-global-color-4)","background-image":"","background-repeat":"repeat","background-position":"center center","background-size":"auto","background-attachment":"scroll","background-type":"","background-media":"","overlay-type":"","overlay-color":"","overlay-opacity":"","overlay-gradient":""},"tablet":{"background-color":"var(--ast-global-color-4)","background-image":"","background-repeat":"repeat","background-position":"center center","background-size":"auto","background-attachment":"scroll","background-type":"","background-media":"","overlay-type":"","overlay-color":"","overlay-opacity":"","overlay-gradient":""},"mobile":{"background-color":"var(--ast-global-color-4)","background-image":"","background-repeat":"repeat","background-position":"center center","background-size":"auto","background-attachment":"scroll","background-type":"","background-media":"","overlay-type":"","overlay-color":"","overlay-opacity":"","overlay-gradient":""}},"footnotes":""},"categories":[1],"tags":[],"class_list":["post-109413","post","type-post","status-publish","format-standard","hentry","category-sem-categoria"],"yoast_head":"<!-- This site is optimized with the Yoast SEO plugin v26.6 - https:\/\/yoast.com\/wordpress\/plugins\/seo\/ -->\n<title>Audi\u00eancia p\u00fablica: Comiss\u00e3o de Turismo da Alema discute proibi\u00e7\u00e3o de transporte predat\u00f3rio no Parque dos Len\u00e7\u00f3is Maranhenses - Daniel Matos<\/title>\n<meta name=\"robots\" content=\"index, follow, max-snippet:-1, max-image-preview:large, max-video-preview:-1\" \/>\n<link rel=\"canonical\" href=\"https:\/\/www.blogsoestado.com\/danielmatos\/audiencia-publica-comissao-de-turismo-da-alema-discute-proibicao-de-transporte-predatorio-no-parque-dos-lencois-maranhenses\/\" \/>\n<meta property=\"og:locale\" content=\"pt_BR\" \/>\n<meta property=\"og:type\" content=\"article\" \/>\n<meta property=\"og:title\" content=\"Audi\u00eancia p\u00fablica: Comiss\u00e3o de Turismo da Alema discute proibi\u00e7\u00e3o de transporte predat\u00f3rio no Parque dos Len\u00e7\u00f3is Maranhenses - Daniel Matos\" \/>\n<meta property=\"og:description\" content=\"A reuni\u00e3o, realizada na C\u00e2mara de Vereadores do munic\u00edpio, foi conduzida pelo deputado Wellington do Curso, presidente da Comiss\u00e3o, e [&hellip;]\" \/>\n<meta property=\"og:url\" content=\"https:\/\/www.blogsoestado.com\/danielmatos\/audiencia-publica-comissao-de-turismo-da-alema-discute-proibicao-de-transporte-predatorio-no-parque-dos-lencois-maranhenses\/\" \/>\n<meta property=\"og:site_name\" content=\"Daniel Matos\" \/>\n<meta property=\"article:published_time\" content=\"2023-05-08T20:08:11+00:00\" \/>\n<meta property=\"og:image\" content=\"https:\/\/www.blogsoestado.com\/danielmatos\/files\/2023\/05\/Screenshot_20230508-1748042.png\" \/>\n<meta name=\"twitter:card\" content=\"summary_large_image\" \/>\n<meta name=\"twitter:label1\" content=\"Est. tempo de leitura\" \/>\n\t<meta name=\"twitter:data1\" content=\"4 minutos\" \/>\n<script type=\"application\/ld+json\" class=\"yoast-schema-graph\">{\"@context\":\"https:\/\/schema.org\",\"@graph\":[{\"@type\":\"WebPage\",\"@id\":\"https:\/\/www.blogsoestado.com\/danielmatos\/audiencia-publica-comissao-de-turismo-da-alema-discute-proibicao-de-transporte-predatorio-no-parque-dos-lencois-maranhenses\/\",\"url\":\"https:\/\/www.blogsoestado.com\/danielmatos\/audiencia-publica-comissao-de-turismo-da-alema-discute-proibicao-de-transporte-predatorio-no-parque-dos-lencois-maranhenses\/\",\"name\":\"Audi\u00eancia p\u00fablica: Comiss\u00e3o de Turismo da Alema discute proibi\u00e7\u00e3o de transporte predat\u00f3rio no Parque dos Len\u00e7\u00f3is Maranhenses - Daniel Matos\",\"isPartOf\":{\"@id\":\"https:\/\/www.blogsoestado.com\/danielmatos\/#website\"},\"primaryImageOfPage\":{\"@id\":\"https:\/\/www.blogsoestado.com\/danielmatos\/audiencia-publica-comissao-de-turismo-da-alema-discute-proibicao-de-transporte-predatorio-no-parque-dos-lencois-maranhenses\/#primaryimage\"},\"image\":{\"@id\":\"https:\/\/www.blogsoestado.com\/danielmatos\/audiencia-publica-comissao-de-turismo-da-alema-discute-proibicao-de-transporte-predatorio-no-parque-dos-lencois-maranhenses\/#primaryimage\"},\"thumbnailUrl\":\"https:\/\/www.blogsoestado.com\/danielmatos\/files\/2023\/05\/Screenshot_20230508-1748042.png\",\"datePublished\":\"2023-05-08T20:08:11+00:00\",\"author\":{\"@id\":\"\"},\"breadcrumb\":{\"@id\":\"https:\/\/www.blogsoestado.com\/danielmatos\/audiencia-publica-comissao-de-turismo-da-alema-discute-proibicao-de-transporte-predatorio-no-parque-dos-lencois-maranhenses\/#breadcrumb\"},\"inLanguage\":\"pt-BR\",\"potentialAction\":[{\"@type\":\"ReadAction\",\"target\":[\"https:\/\/www.blogsoestado.com\/danielmatos\/audiencia-publica-comissao-de-turismo-da-alema-discute-proibicao-de-transporte-predatorio-no-parque-dos-lencois-maranhenses\/\"]}]},{\"@type\":\"ImageObject\",\"inLanguage\":\"pt-BR\",\"@id\":\"https:\/\/www.blogsoestado.com\/danielmatos\/audiencia-publica-comissao-de-turismo-da-alema-discute-proibicao-de-transporte-predatorio-no-parque-dos-lencois-maranhenses\/#primaryimage\",\"url\":\"https:\/\/www.blogsoestado.com\/danielmatos\/files\/2023\/05\/Screenshot_20230508-1748042.png\",\"contentUrl\":\"https:\/\/www.blogsoestado.com\/danielmatos\/files\/2023\/05\/Screenshot_20230508-1748042.png\"},{\"@type\":\"BreadcrumbList\",\"@id\":\"https:\/\/www.blogsoestado.com\/danielmatos\/audiencia-publica-comissao-de-turismo-da-alema-discute-proibicao-de-transporte-predatorio-no-parque-dos-lencois-maranhenses\/#breadcrumb\",\"itemListElement\":[{\"@type\":\"ListItem\",\"position\":1,\"name\":\"In\u00edcio\",\"item\":\"https:\/\/www.blogsoestado.com\/danielmatos\/\"},{\"@type\":\"ListItem\",\"position\":2,\"name\":\"Audi\u00eancia p\u00fablica: Comiss\u00e3o de Turismo da Alema discute proibi\u00e7\u00e3o de transporte predat\u00f3rio no Parque dos Len\u00e7\u00f3is Maranhenses\"}]},{\"@type\":\"WebSite\",\"@id\":\"https:\/\/www.blogsoestado.com\/danielmatos\/#website\",\"url\":\"https:\/\/www.blogsoestado.com\/danielmatos\/\",\"name\":\"Daniel Matos\",\"description\":\"\",\"potentialAction\":[{\"@type\":\"SearchAction\",\"target\":{\"@type\":\"EntryPoint\",\"urlTemplate\":\"https:\/\/www.blogsoestado.com\/danielmatos\/?s={search_term_string}\"},\"query-input\":{\"@type\":\"PropertyValueSpecification\",\"valueRequired\":true,\"valueName\":\"search_term_string\"}}],\"inLanguage\":\"pt-BR\"}]}<\/script>\n<!-- \/ Yoast SEO plugin. -->","yoast_head_json":{"title":"Audi\u00eancia p\u00fablica: Comiss\u00e3o de Turismo da Alema discute proibi\u00e7\u00e3o de transporte predat\u00f3rio no Parque dos Len\u00e7\u00f3is Maranhenses - Daniel Matos","robots":{"index":"index","follow":"follow","max-snippet":"max-snippet:-1","max-image-preview":"max-image-preview:large","max-video-preview":"max-video-preview:-1"},"canonical":"https:\/\/www.blogsoestado.com\/danielmatos\/audiencia-publica-comissao-de-turismo-da-alema-discute-proibicao-de-transporte-predatorio-no-parque-dos-lencois-maranhenses\/","og_locale":"pt_BR","og_type":"article","og_title":"Audi\u00eancia p\u00fablica: Comiss\u00e3o de Turismo da Alema discute proibi\u00e7\u00e3o de transporte predat\u00f3rio no Parque dos Len\u00e7\u00f3is Maranhenses - Daniel Matos","og_description":"A reuni\u00e3o, realizada na C\u00e2mara de Vereadores do munic\u00edpio, foi conduzida pelo deputado Wellington do Curso, presidente da Comiss\u00e3o, e [&hellip;]","og_url":"https:\/\/www.blogsoestado.com\/danielmatos\/audiencia-publica-comissao-de-turismo-da-alema-discute-proibicao-de-transporte-predatorio-no-parque-dos-lencois-maranhenses\/","og_site_name":"Daniel Matos","article_published_time":"2023-05-08T20:08:11+00:00","og_image":[{"url":"https:\/\/www.blogsoestado.com\/danielmatos\/files\/2023\/05\/Screenshot_20230508-1748042.png","type":"","width":"","height":""}],"twitter_card":"summary_large_image","twitter_misc":{"Est. tempo de leitura":"4 minutos"},"schema":{"@context":"https:\/\/schema.org","@graph":[{"@type":"WebPage","@id":"https:\/\/www.blogsoestado.com\/danielmatos\/audiencia-publica-comissao-de-turismo-da-alema-discute-proibicao-de-transporte-predatorio-no-parque-dos-lencois-maranhenses\/","url":"https:\/\/www.blogsoestado.com\/danielmatos\/audiencia-publica-comissao-de-turismo-da-alema-discute-proibicao-de-transporte-predatorio-no-parque-dos-lencois-maranhenses\/","name":"Audi\u00eancia p\u00fablica: Comiss\u00e3o de Turismo da Alema discute proibi\u00e7\u00e3o de transporte predat\u00f3rio no Parque dos Len\u00e7\u00f3is Maranhenses - Daniel Matos","isPartOf":{"@id":"https:\/\/www.blogsoestado.com\/danielmatos\/#website"},"primaryImageOfPage":{"@id":"https:\/\/www.blogsoestado.com\/danielmatos\/audiencia-publica-comissao-de-turismo-da-alema-discute-proibicao-de-transporte-predatorio-no-parque-dos-lencois-maranhenses\/#primaryimage"},"image":{"@id":"https:\/\/www.blogsoestado.com\/danielmatos\/audiencia-publica-comissao-de-turismo-da-alema-discute-proibicao-de-transporte-predatorio-no-parque-dos-lencois-maranhenses\/#primaryimage"},"thumbnailUrl":"https:\/\/www.blogsoestado.com\/danielmatos\/files\/2023\/05\/Screenshot_20230508-1748042.png","datePublished":"2023-05-08T20:08:11+00:00","author":{"@id":""},"breadcrumb":{"@id":"https:\/\/www.blogsoestado.com\/danielmatos\/audiencia-publica-comissao-de-turismo-da-alema-discute-proibicao-de-transporte-predatorio-no-parque-dos-lencois-maranhenses\/#breadcrumb"},"inLanguage":"pt-BR","potentialAction":[{"@type":"ReadAction","target":["https:\/\/www.blogsoestado.com\/danielmatos\/audiencia-publica-comissao-de-turismo-da-alema-discute-proibicao-de-transporte-predatorio-no-parque-dos-lencois-maranhenses\/"]}]},{"@type":"ImageObject","inLanguage":"pt-BR","@id":"https:\/\/www.blogsoestado.com\/danielmatos\/audiencia-publica-comissao-de-turismo-da-alema-discute-proibicao-de-transporte-predatorio-no-parque-dos-lencois-maranhenses\/#primaryimage","url":"https:\/\/www.blogsoestado.com\/danielmatos\/files\/2023\/05\/Screenshot_20230508-1748042.png","contentUrl":"https:\/\/www.blogsoestado.com\/danielmatos\/files\/2023\/05\/Screenshot_20230508-1748042.png"},{"@type":"BreadcrumbList","@id":"https:\/\/www.blogsoestado.com\/danielmatos\/audiencia-publica-comissao-de-turismo-da-alema-discute-proibicao-de-transporte-predatorio-no-parque-dos-lencois-maranhenses\/#breadcrumb","itemListElement":[{"@type":"ListItem","position":1,"name":"In\u00edcio","item":"https:\/\/www.blogsoestado.com\/danielmatos\/"},{"@type":"ListItem","position":2,"name":"Audi\u00eancia p\u00fablica: Comiss\u00e3o de Turismo da Alema discute proibi\u00e7\u00e3o de transporte predat\u00f3rio no Parque dos Len\u00e7\u00f3is Maranhenses"}]},{"@type":"WebSite","@id":"https:\/\/www.blogsoestado.com\/danielmatos\/#website","url":"https:\/\/www.blogsoestado.com\/danielmatos\/","name":"Daniel Matos","description":"","potentialAction":[{"@type":"SearchAction","target":{"@type":"EntryPoint","urlTemplate":"https:\/\/www.blogsoestado.com\/danielmatos\/?s={search_term_string}"},"query-input":{"@type":"PropertyValueSpecification","valueRequired":true,"valueName":"search_term_string"}}],"inLanguage":"pt-BR"}]}},"jetpack_featured_media_url":"","_links":{"self":[{"href":"https:\/\/www.blogsoestado.com\/danielmatos\/wp-json\/wp\/v2\/posts\/109413","targetHints":{"allow":["GET"]}}],"collection":[{"href":"https:\/\/www.blogsoestado.com\/danielmatos\/wp-json\/wp\/v2\/posts"}],"about":[{"href":"https:\/\/www.blogsoestado.com\/danielmatos\/wp-json\/wp\/v2\/types\/post"}],"replies":[{"embeddable":true,"href":"https:\/\/www.blogsoestado.com\/danielmatos\/wp-json\/wp\/v2\/comments?post=109413"}],"version-history":[{"count":0,"href":"https:\/\/www.blogsoestado.com\/danielmatos\/wp-json\/wp\/v2\/posts\/109413\/revisions"}],"wp:attachment":[{"href":"https:\/\/www.blogsoestado.com\/danielmatos\/wp-json\/wp\/v2\/media?parent=109413"}],"wp:term":[{"taxonomy":"category","embeddable":true,"href":"https:\/\/www.blogsoestado.com\/danielmatos\/wp-json\/wp\/v2\/categories?post=109413"},{"taxonomy":"post_tag","embeddable":true,"href":"https:\/\/www.blogsoestado.com\/danielmatos\/wp-json\/wp\/v2\/tags?post=109413"}],"curies":[{"name":"wp","href":"https:\/\/api.w.org\/{rel}","templated":true}]}}