{"id":109427,"date":"2023-05-08T21:29:18","date_gmt":"2023-05-09T00:29:18","guid":{"rendered":"https:\/\/www.blogsoestado.com\/danielmatos\/?p=109427"},"modified":"2023-05-08T21:29:18","modified_gmt":"2023-05-09T00:29:18","slug":"marcial-lima-fala-sobre-turismo-e-pede-apoio-para-documentario-sobre-o-bar-do-leo","status":"publish","type":"post","link":"https:\/\/www.blogsoestado.com\/danielmatos\/marcial-lima-fala-sobre-turismo-e-pede-apoio-para-documentario-sobre-o-bar-do-leo\/","title":{"rendered":"Marcial Lima fala sobre turismo e pede apoio para document\u00e1rio sobre o Bar do L\u00e9o"},"content":{"rendered":"\n<p><strong><span class=\"has-inline-color has-vivid-red-color\"><em>Local \u00e9 um dos espa\u00e7os culturais mais tradicionais da<\/em> capital<\/span><\/strong> <\/p>\n\n\n\n<div class=\"wp-block-image\"><figure class=\"aligncenter size-large\"><a href=\"https:\/\/www.blogsoestado.com\/danielmatos\/files\/2023\/05\/Screenshot_20230508-2126212.png\"><img decoding=\"async\" src=\"https:\/\/www.blogsoestado.com\/danielmatos\/files\/2023\/05\/Screenshot_20230508-2126212.png\" alt=\"\" class=\"wp-image-109428\"\/><\/a><figcaption>\u201c\u00c9 um ponto cultural de S\u00e3o Lu\u00eds, muitas pessoas visitam aquele local, pessoas que v\u00eam para c\u00e1 e tamb\u00e9m quem vive aqui. N\u00f3s precisamos tentar apoiar esse projeto\u201d, disse (<strong>Foto:<\/strong> Leonardo Mendon\u00e7a)<\/figcaption><\/figure><\/div>\n\n\n\n<p>O vereador Marcial Lima (Podemos) fez uso do pequeno expediente, na manh\u00e3 desta segunda-feira, 08, para falar sobre a import\u00e2ncia do turismo e da cultura para S\u00e3o Lu\u00eds.<\/p>\n\n\n\n<p>Ao iniciar o discurso, o parlamentar lembrou que no dia 8 de maio \u00e9 comemorado o Dia Nacional do Turismo. Ele ressaltou que S\u00e3o Lu\u00eds \u00e9 reconhecida por conta do seu potencial tur\u00edstico, rica em op\u00e7\u00f5es, com destaque para a arquitetura do Centro Hist\u00f3rico e as praias extensas.<\/p>\n\n\n\n<p>\u201cS\u00e3o Lu\u00eds naturalmente \u00e9 uma cidade tur\u00edstica. Apesar de todas as dificuldades que vive, muita gente vem para c\u00e1, \u00e9 uma cidade bem visitada. Quem anda pela cidade aos finais de semana e quem frequenta a vida social de S\u00e3o Lu\u00eds sabe como esta cidade \u00e9 visitada. O turismo \u00e9 muito forte\u201d, enfatizou.<\/p>\n\n\n\n<p><strong>Document\u00e1rio<\/strong><\/p>\n\n\n\n<p>Na ocasi\u00e3o, Marcial Lima pediu o apoio do presidente da C\u00e2mara de S\u00e3o Lu\u00eds, Paulo Victor (PCdoB), e do governador do Estado, Carlos Brand\u00e3o (PSB), para auxiliar na produ\u00e7\u00e3o de um document\u00e1rio que vai contar a hist\u00f3ria do Bar do L\u00e9o, ponto cultural da capital, localizado no Mercado dos Vinhais, que resiste ao tempo.<\/p>\n\n\n\n<p>\u201cO Bar do L\u00e9o funciona h\u00e1 44 anos dentro do mercado da antiga Cobal (Companhia Brasileira de Alimentos). Em janeiro, completar\u00e1 45 anos de funcionamento. Um grupo de pessoas que trabalham com cinema est\u00e3o produzindo um document\u00e1rio sobre a hist\u00f3ria do bar. \u00c9 um ponto cultural de S\u00e3o Lu\u00eds, muitas pessoas visitam aquele local, pessoas que v\u00eam para c\u00e1 e tamb\u00e9m quem vive aqui. N\u00f3s precisamos tentar apoiar esse projeto\u201d, disse.<\/p>\n\n\n\n<p>Por fim, o vereador informou que continua atuante em defesa da cultura do Estado do Maranh\u00e3o. \u201cN\u00f3s estamos firmes, principalmente na defesa da cultura feita com hist\u00f3ria. O Maranh\u00e3o tem hist\u00f3ria, contada \u00e0s vezes em um ambiente que a gente nem sequer frequenta, mas que quando voc\u00ea conhece percebe a import\u00e2ncia que \u00e9 a cultura deste Estado\u201d, concluiu.<\/p>\n","protected":false},"excerpt":{"rendered":"<p>Local \u00e9 um dos espa\u00e7os culturais mais tradicionais da capital O vereador Marcial Lima (Podemos) fez uso do pequeno expediente, [&hellip;]<\/p>\n","protected":false},"author":0,"featured_media":0,"comment_status":"open","ping_status":"open","sticky":false,"template":"","format":"standard","meta":{"site-sidebar-layout":"default","site-content-layout":"","ast-site-content-layout":"default","site-content-style":"default","site-sidebar-style":"default","ast-global-header-display":"","ast-banner-title-visibility":"","ast-main-header-display":"","ast-hfb-above-header-display":"","ast-hfb-below-header-display":"","ast-hfb-mobile-header-display":"","site-post-title":"","ast-breadcrumbs-content":"","ast-featured-img":"","footer-sml-layout":"","ast-disable-related-posts":"","theme-transparent-header-meta":"","adv-header-id-meta":"","stick-header-meta":"","header-above-stick-meta":"","header-main-stick-meta":"","header-below-stick-meta":"","astra-migrate-meta-layouts":"default","ast-page-background-enabled":"default","ast-page-background-meta":{"desktop":{"background-color":"var(--ast-global-color-5)","background-image":"","background-repeat":"repeat","background-position":"center center","background-size":"auto","background-attachment":"scroll","background-type":"","background-media":"","overlay-type":"","overlay-color":"","overlay-opacity":"","overlay-gradient":""},"tablet":{"background-color":"","background-image":"","background-repeat":"repeat","background-position":"center center","background-size":"auto","background-attachment":"scroll","background-type":"","background-media":"","overlay-type":"","overlay-color":"","overlay-opacity":"","overlay-gradient":""},"mobile":{"background-color":"","background-image":"","background-repeat":"repeat","background-position":"center center","background-size":"auto","background-attachment":"scroll","background-type":"","background-media":"","overlay-type":"","overlay-color":"","overlay-opacity":"","overlay-gradient":""}},"ast-content-background-meta":{"desktop":{"background-color":"var(--ast-global-color-4)","background-image":"","background-repeat":"repeat","background-position":"center center","background-size":"auto","background-attachment":"scroll","background-type":"","background-media":"","overlay-type":"","overlay-color":"","overlay-opacity":"","overlay-gradient":""},"tablet":{"background-color":"var(--ast-global-color-4)","background-image":"","background-repeat":"repeat","background-position":"center center","background-size":"auto","background-attachment":"scroll","background-type":"","background-media":"","overlay-type":"","overlay-color":"","overlay-opacity":"","overlay-gradient":""},"mobile":{"background-color":"var(--ast-global-color-4)","background-image":"","background-repeat":"repeat","background-position":"center center","background-size":"auto","background-attachment":"scroll","background-type":"","background-media":"","overlay-type":"","overlay-color":"","overlay-opacity":"","overlay-gradient":""}},"footnotes":""},"categories":[1],"tags":[],"class_list":["post-109427","post","type-post","status-publish","format-standard","hentry","category-sem-categoria"],"yoast_head":"<!-- This site is optimized with the Yoast SEO plugin v26.6 - https:\/\/yoast.com\/wordpress\/plugins\/seo\/ -->\n<title>Marcial Lima fala sobre turismo e pede apoio para document\u00e1rio sobre o Bar do L\u00e9o - Daniel Matos<\/title>\n<meta name=\"robots\" content=\"index, follow, max-snippet:-1, max-image-preview:large, max-video-preview:-1\" \/>\n<link rel=\"canonical\" href=\"https:\/\/www.blogsoestado.com\/danielmatos\/marcial-lima-fala-sobre-turismo-e-pede-apoio-para-documentario-sobre-o-bar-do-leo\/\" \/>\n<meta property=\"og:locale\" content=\"pt_BR\" \/>\n<meta property=\"og:type\" content=\"article\" \/>\n<meta property=\"og:title\" content=\"Marcial Lima fala sobre turismo e pede apoio para document\u00e1rio sobre o Bar do L\u00e9o - Daniel Matos\" \/>\n<meta property=\"og:description\" content=\"Local \u00e9 um dos espa\u00e7os culturais mais tradicionais da capital O vereador Marcial Lima (Podemos) fez uso do pequeno expediente, [&hellip;]\" \/>\n<meta property=\"og:url\" content=\"https:\/\/www.blogsoestado.com\/danielmatos\/marcial-lima-fala-sobre-turismo-e-pede-apoio-para-documentario-sobre-o-bar-do-leo\/\" \/>\n<meta property=\"og:site_name\" content=\"Daniel Matos\" \/>\n<meta property=\"article:published_time\" content=\"2023-05-09T00:29:18+00:00\" \/>\n<meta property=\"og:image\" content=\"https:\/\/www.blogsoestado.com\/danielmatos\/files\/2023\/05\/Screenshot_20230508-2126212.png\" \/>\n<meta name=\"twitter:card\" content=\"summary_large_image\" \/>\n<meta name=\"twitter:label1\" content=\"Est. tempo de leitura\" \/>\n\t<meta name=\"twitter:data1\" content=\"2 minutos\" \/>\n<script type=\"application\/ld+json\" class=\"yoast-schema-graph\">{\"@context\":\"https:\/\/schema.org\",\"@graph\":[{\"@type\":\"WebPage\",\"@id\":\"https:\/\/www.blogsoestado.com\/danielmatos\/marcial-lima-fala-sobre-turismo-e-pede-apoio-para-documentario-sobre-o-bar-do-leo\/\",\"url\":\"https:\/\/www.blogsoestado.com\/danielmatos\/marcial-lima-fala-sobre-turismo-e-pede-apoio-para-documentario-sobre-o-bar-do-leo\/\",\"name\":\"Marcial Lima fala sobre turismo e pede apoio para document\u00e1rio sobre o Bar do L\u00e9o - Daniel Matos\",\"isPartOf\":{\"@id\":\"https:\/\/www.blogsoestado.com\/danielmatos\/#website\"},\"primaryImageOfPage\":{\"@id\":\"https:\/\/www.blogsoestado.com\/danielmatos\/marcial-lima-fala-sobre-turismo-e-pede-apoio-para-documentario-sobre-o-bar-do-leo\/#primaryimage\"},\"image\":{\"@id\":\"https:\/\/www.blogsoestado.com\/danielmatos\/marcial-lima-fala-sobre-turismo-e-pede-apoio-para-documentario-sobre-o-bar-do-leo\/#primaryimage\"},\"thumbnailUrl\":\"https:\/\/www.blogsoestado.com\/danielmatos\/files\/2023\/05\/Screenshot_20230508-2126212.png\",\"datePublished\":\"2023-05-09T00:29:18+00:00\",\"author\":{\"@id\":\"\"},\"breadcrumb\":{\"@id\":\"https:\/\/www.blogsoestado.com\/danielmatos\/marcial-lima-fala-sobre-turismo-e-pede-apoio-para-documentario-sobre-o-bar-do-leo\/#breadcrumb\"},\"inLanguage\":\"pt-BR\",\"potentialAction\":[{\"@type\":\"ReadAction\",\"target\":[\"https:\/\/www.blogsoestado.com\/danielmatos\/marcial-lima-fala-sobre-turismo-e-pede-apoio-para-documentario-sobre-o-bar-do-leo\/\"]}]},{\"@type\":\"ImageObject\",\"inLanguage\":\"pt-BR\",\"@id\":\"https:\/\/www.blogsoestado.com\/danielmatos\/marcial-lima-fala-sobre-turismo-e-pede-apoio-para-documentario-sobre-o-bar-do-leo\/#primaryimage\",\"url\":\"https:\/\/www.blogsoestado.com\/danielmatos\/files\/2023\/05\/Screenshot_20230508-2126212.png\",\"contentUrl\":\"https:\/\/www.blogsoestado.com\/danielmatos\/files\/2023\/05\/Screenshot_20230508-2126212.png\"},{\"@type\":\"BreadcrumbList\",\"@id\":\"https:\/\/www.blogsoestado.com\/danielmatos\/marcial-lima-fala-sobre-turismo-e-pede-apoio-para-documentario-sobre-o-bar-do-leo\/#breadcrumb\",\"itemListElement\":[{\"@type\":\"ListItem\",\"position\":1,\"name\":\"In\u00edcio\",\"item\":\"https:\/\/www.blogsoestado.com\/danielmatos\/\"},{\"@type\":\"ListItem\",\"position\":2,\"name\":\"Marcial Lima fala sobre turismo e pede apoio para document\u00e1rio sobre o Bar do L\u00e9o\"}]},{\"@type\":\"WebSite\",\"@id\":\"https:\/\/www.blogsoestado.com\/danielmatos\/#website\",\"url\":\"https:\/\/www.blogsoestado.com\/danielmatos\/\",\"name\":\"Daniel Matos\",\"description\":\"\",\"potentialAction\":[{\"@type\":\"SearchAction\",\"target\":{\"@type\":\"EntryPoint\",\"urlTemplate\":\"https:\/\/www.blogsoestado.com\/danielmatos\/?s={search_term_string}\"},\"query-input\":{\"@type\":\"PropertyValueSpecification\",\"valueRequired\":true,\"valueName\":\"search_term_string\"}}],\"inLanguage\":\"pt-BR\"}]}<\/script>\n<!-- \/ Yoast SEO plugin. -->","yoast_head_json":{"title":"Marcial Lima fala sobre turismo e pede apoio para document\u00e1rio sobre o Bar do L\u00e9o - Daniel Matos","robots":{"index":"index","follow":"follow","max-snippet":"max-snippet:-1","max-image-preview":"max-image-preview:large","max-video-preview":"max-video-preview:-1"},"canonical":"https:\/\/www.blogsoestado.com\/danielmatos\/marcial-lima-fala-sobre-turismo-e-pede-apoio-para-documentario-sobre-o-bar-do-leo\/","og_locale":"pt_BR","og_type":"article","og_title":"Marcial Lima fala sobre turismo e pede apoio para document\u00e1rio sobre o Bar do L\u00e9o - Daniel Matos","og_description":"Local \u00e9 um dos espa\u00e7os culturais mais tradicionais da capital O vereador Marcial Lima (Podemos) fez uso do pequeno expediente, [&hellip;]","og_url":"https:\/\/www.blogsoestado.com\/danielmatos\/marcial-lima-fala-sobre-turismo-e-pede-apoio-para-documentario-sobre-o-bar-do-leo\/","og_site_name":"Daniel Matos","article_published_time":"2023-05-09T00:29:18+00:00","og_image":[{"url":"https:\/\/www.blogsoestado.com\/danielmatos\/files\/2023\/05\/Screenshot_20230508-2126212.png","type":"","width":"","height":""}],"twitter_card":"summary_large_image","twitter_misc":{"Est. tempo de leitura":"2 minutos"},"schema":{"@context":"https:\/\/schema.org","@graph":[{"@type":"WebPage","@id":"https:\/\/www.blogsoestado.com\/danielmatos\/marcial-lima-fala-sobre-turismo-e-pede-apoio-para-documentario-sobre-o-bar-do-leo\/","url":"https:\/\/www.blogsoestado.com\/danielmatos\/marcial-lima-fala-sobre-turismo-e-pede-apoio-para-documentario-sobre-o-bar-do-leo\/","name":"Marcial Lima fala sobre turismo e pede apoio para document\u00e1rio sobre o Bar do L\u00e9o - Daniel Matos","isPartOf":{"@id":"https:\/\/www.blogsoestado.com\/danielmatos\/#website"},"primaryImageOfPage":{"@id":"https:\/\/www.blogsoestado.com\/danielmatos\/marcial-lima-fala-sobre-turismo-e-pede-apoio-para-documentario-sobre-o-bar-do-leo\/#primaryimage"},"image":{"@id":"https:\/\/www.blogsoestado.com\/danielmatos\/marcial-lima-fala-sobre-turismo-e-pede-apoio-para-documentario-sobre-o-bar-do-leo\/#primaryimage"},"thumbnailUrl":"https:\/\/www.blogsoestado.com\/danielmatos\/files\/2023\/05\/Screenshot_20230508-2126212.png","datePublished":"2023-05-09T00:29:18+00:00","author":{"@id":""},"breadcrumb":{"@id":"https:\/\/www.blogsoestado.com\/danielmatos\/marcial-lima-fala-sobre-turismo-e-pede-apoio-para-documentario-sobre-o-bar-do-leo\/#breadcrumb"},"inLanguage":"pt-BR","potentialAction":[{"@type":"ReadAction","target":["https:\/\/www.blogsoestado.com\/danielmatos\/marcial-lima-fala-sobre-turismo-e-pede-apoio-para-documentario-sobre-o-bar-do-leo\/"]}]},{"@type":"ImageObject","inLanguage":"pt-BR","@id":"https:\/\/www.blogsoestado.com\/danielmatos\/marcial-lima-fala-sobre-turismo-e-pede-apoio-para-documentario-sobre-o-bar-do-leo\/#primaryimage","url":"https:\/\/www.blogsoestado.com\/danielmatos\/files\/2023\/05\/Screenshot_20230508-2126212.png","contentUrl":"https:\/\/www.blogsoestado.com\/danielmatos\/files\/2023\/05\/Screenshot_20230508-2126212.png"},{"@type":"BreadcrumbList","@id":"https:\/\/www.blogsoestado.com\/danielmatos\/marcial-lima-fala-sobre-turismo-e-pede-apoio-para-documentario-sobre-o-bar-do-leo\/#breadcrumb","itemListElement":[{"@type":"ListItem","position":1,"name":"In\u00edcio","item":"https:\/\/www.blogsoestado.com\/danielmatos\/"},{"@type":"ListItem","position":2,"name":"Marcial Lima fala sobre turismo e pede apoio para document\u00e1rio sobre o Bar do L\u00e9o"}]},{"@type":"WebSite","@id":"https:\/\/www.blogsoestado.com\/danielmatos\/#website","url":"https:\/\/www.blogsoestado.com\/danielmatos\/","name":"Daniel Matos","description":"","potentialAction":[{"@type":"SearchAction","target":{"@type":"EntryPoint","urlTemplate":"https:\/\/www.blogsoestado.com\/danielmatos\/?s={search_term_string}"},"query-input":{"@type":"PropertyValueSpecification","valueRequired":true,"valueName":"search_term_string"}}],"inLanguage":"pt-BR"}]}},"jetpack_featured_media_url":"","_links":{"self":[{"href":"https:\/\/www.blogsoestado.com\/danielmatos\/wp-json\/wp\/v2\/posts\/109427","targetHints":{"allow":["GET"]}}],"collection":[{"href":"https:\/\/www.blogsoestado.com\/danielmatos\/wp-json\/wp\/v2\/posts"}],"about":[{"href":"https:\/\/www.blogsoestado.com\/danielmatos\/wp-json\/wp\/v2\/types\/post"}],"replies":[{"embeddable":true,"href":"https:\/\/www.blogsoestado.com\/danielmatos\/wp-json\/wp\/v2\/comments?post=109427"}],"version-history":[{"count":0,"href":"https:\/\/www.blogsoestado.com\/danielmatos\/wp-json\/wp\/v2\/posts\/109427\/revisions"}],"wp:attachment":[{"href":"https:\/\/www.blogsoestado.com\/danielmatos\/wp-json\/wp\/v2\/media?parent=109427"}],"wp:term":[{"taxonomy":"category","embeddable":true,"href":"https:\/\/www.blogsoestado.com\/danielmatos\/wp-json\/wp\/v2\/categories?post=109427"},{"taxonomy":"post_tag","embeddable":true,"href":"https:\/\/www.blogsoestado.com\/danielmatos\/wp-json\/wp\/v2\/tags?post=109427"}],"curies":[{"name":"wp","href":"https:\/\/api.w.org\/{rel}","templated":true}]}}