{"id":109432,"date":"2023-05-08T22:55:21","date_gmt":"2023-05-09T01:55:21","guid":{"rendered":"https:\/\/www.blogsoestado.com\/danielmatos\/?p=109432"},"modified":"2023-05-08T22:55:21","modified_gmt":"2023-05-09T01:55:21","slug":"camara-inicia-discussao-sobre-admissibilidade-dos-pedidos-de-afastamento-de-eduardo-braide","status":"publish","type":"post","link":"https:\/\/www.blogsoestado.com\/danielmatos\/camara-inicia-discussao-sobre-admissibilidade-dos-pedidos-de-afastamento-de-eduardo-braide\/","title":{"rendered":"C\u00e2mara inicia discuss\u00e3o sobre admissibilidade dos pedidos de afastamento de Eduardo Braide"},"content":{"rendered":"\n<p><em><strong><span class=\"has-inline-color has-vivid-red-color\">Parlamento municipal recebeu tr\u00eas pedidos de afastamento do prefeito de S\u00e3o Lu\u00eds<\/span><\/strong><\/em><\/p>\n\n\n\n<div class=\"wp-block-image\"><figure class=\"aligncenter size-large\"><a href=\"https:\/\/www.blogsoestado.com\/danielmatos\/files\/2023\/05\/Screenshot_20230508-2257163-1.png\"><img decoding=\"async\" src=\"https:\/\/www.blogsoestado.com\/danielmatos\/files\/2023\/05\/Screenshot_20230508-2257163-1.png\" alt=\"\" class=\"wp-image-109439\"\/><\/a><figcaption>Vereadores v\u00e3o deliberar se d\u00e3o prosseguimento \u00e0s den\u00fancias de afastamento de Eduardo Braide\u00a0(<strong>Foto: <\/strong>Leonardo Mendon\u00e7a)<\/figcaption><\/figure><\/div>\n\n\n\n<p>O presidente da C\u00e2mara Municipal de S\u00e3o Lu\u00eds, Paulo Victor (PCdoB), explicou, durante sess\u00e3o ordin\u00e1ria desta segunda-feira (08), sobre os tr\u00e2mites que tratam do rito da admissibilidade ou n\u00e3o dos pedidos de impeachment contra o prefeito de S\u00e3o Lu\u00eds, Eduardo Braide (PSD).<\/p>\n\n\n\n<p>De acordo com o chefe do Legislativo, dos tr\u00eas pedidos de afastamento e de cassa\u00e7\u00e3o contra o gestor, que foram protocolados na semana passada na Casa, dois j\u00e1 contam com pareceres.&nbsp; Ele, entretanto, n\u00e3o deu maiores detalhes sobre as delibera\u00e7\u00f5es e apenas afirmou que os documentos tratando das provid\u00eancias ser\u00e3o enviados aos gabinetes dos vereadores.<\/p>\n\n\n\n<p>\u201cLembrando que hoje a gente tem que tomar a disposi\u00e7\u00e3o e eu tenho que remeter aos gabinetes de Vossas Excel\u00eancias os pedidos que chegaram a essa Casa, sendo que dois j\u00e1 foram analisados com pareceres pr\u00e9vios, que iremos fazer uma leitura pr\u00e9via com resumo dos pareceres e, logo em seguida, emitiremos para os gabinetes de Vossas Excel\u00eancias os pedidos de afastamento que deram entrada no decorrer da semana passada\u201d, declarou.<\/p>\n\n\n\n<p>Durante a sess\u00e3o, o vereador Umbelino J\u00fanior (sem partido), que no momento exercia a fun\u00e7\u00e3o de primeiro secret\u00e1rio da Mesa Diretora, leu dois pareceres da Procuradoria da Casa contr\u00e1rios aos pedidos de afastamento de Eduardo Braide. Um terceiro pedido de afastamento ainda est\u00e1 sendo analisado.&nbsp;<\/p>\n\n\n\n<p><strong>Tr\u00e2mite do processo&nbsp;&nbsp;&nbsp;&nbsp;<\/strong><\/p>\n\n\n\n<p>Conforme determina o Decreto-Lei 201\/67, o presidente da C\u00e2mara consultar\u00e1 o plen\u00e1rio da Casa sobre o recebimento da den\u00fancia. Se a maioria dos vereadores presentes decidir pelo recebimento da den\u00fancia, ser\u00e1 constitu\u00edda a Comiss\u00e3o Processante, com tr\u00eas vereadores definidos por meio de sorteio, bem como ser\u00e3o eleitos o presidente e o relator. A norma diz que o Legislativo tem at\u00e9 90 dias para concluir o processo.<\/p>\n","protected":false},"excerpt":{"rendered":"<p>Parlamento municipal recebeu tr\u00eas pedidos de afastamento do prefeito de S\u00e3o Lu\u00eds O presidente da C\u00e2mara Municipal de S\u00e3o Lu\u00eds, [&hellip;]<\/p>\n","protected":false},"author":0,"featured_media":0,"comment_status":"open","ping_status":"open","sticky":false,"template":"","format":"standard","meta":{"site-sidebar-layout":"default","site-content-layout":"","ast-site-content-layout":"default","site-content-style":"default","site-sidebar-style":"default","ast-global-header-display":"","ast-banner-title-visibility":"","ast-main-header-display":"","ast-hfb-above-header-display":"","ast-hfb-below-header-display":"","ast-hfb-mobile-header-display":"","site-post-title":"","ast-breadcrumbs-content":"","ast-featured-img":"","footer-sml-layout":"","ast-disable-related-posts":"","theme-transparent-header-meta":"","adv-header-id-meta":"","stick-header-meta":"","header-above-stick-meta":"","header-main-stick-meta":"","header-below-stick-meta":"","astra-migrate-meta-layouts":"default","ast-page-background-enabled":"default","ast-page-background-meta":{"desktop":{"background-color":"var(--ast-global-color-5)","background-image":"","background-repeat":"repeat","background-position":"center center","background-size":"auto","background-attachment":"scroll","background-type":"","background-media":"","overlay-type":"","overlay-color":"","overlay-opacity":"","overlay-gradient":""},"tablet":{"background-color":"","background-image":"","background-repeat":"repeat","background-position":"center center","background-size":"auto","background-attachment":"scroll","background-type":"","background-media":"","overlay-type":"","overlay-color":"","overlay-opacity":"","overlay-gradient":""},"mobile":{"background-color":"","background-image":"","background-repeat":"repeat","background-position":"center center","background-size":"auto","background-attachment":"scroll","background-type":"","background-media":"","overlay-type":"","overlay-color":"","overlay-opacity":"","overlay-gradient":""}},"ast-content-background-meta":{"desktop":{"background-color":"var(--ast-global-color-4)","background-image":"","background-repeat":"repeat","background-position":"center center","background-size":"auto","background-attachment":"scroll","background-type":"","background-media":"","overlay-type":"","overlay-color":"","overlay-opacity":"","overlay-gradient":""},"tablet":{"background-color":"var(--ast-global-color-4)","background-image":"","background-repeat":"repeat","background-position":"center center","background-size":"auto","background-attachment":"scroll","background-type":"","background-media":"","overlay-type":"","overlay-color":"","overlay-opacity":"","overlay-gradient":""},"mobile":{"background-color":"var(--ast-global-color-4)","background-image":"","background-repeat":"repeat","background-position":"center center","background-size":"auto","background-attachment":"scroll","background-type":"","background-media":"","overlay-type":"","overlay-color":"","overlay-opacity":"","overlay-gradient":""}},"footnotes":""},"categories":[1],"tags":[],"class_list":["post-109432","post","type-post","status-publish","format-standard","hentry","category-sem-categoria"],"yoast_head":"<!-- This site is optimized with the Yoast SEO plugin v26.6 - https:\/\/yoast.com\/wordpress\/plugins\/seo\/ -->\n<title>C\u00e2mara inicia discuss\u00e3o sobre admissibilidade dos pedidos de afastamento de Eduardo Braide - Daniel Matos<\/title>\n<meta name=\"robots\" content=\"index, follow, max-snippet:-1, max-image-preview:large, max-video-preview:-1\" \/>\n<link rel=\"canonical\" href=\"https:\/\/www.blogsoestado.com\/danielmatos\/camara-inicia-discussao-sobre-admissibilidade-dos-pedidos-de-afastamento-de-eduardo-braide\/\" \/>\n<meta property=\"og:locale\" content=\"pt_BR\" \/>\n<meta property=\"og:type\" content=\"article\" \/>\n<meta property=\"og:title\" content=\"C\u00e2mara inicia discuss\u00e3o sobre admissibilidade dos pedidos de afastamento de Eduardo Braide - Daniel Matos\" \/>\n<meta property=\"og:description\" content=\"Parlamento municipal recebeu tr\u00eas pedidos de afastamento do prefeito de S\u00e3o Lu\u00eds O presidente da C\u00e2mara Municipal de S\u00e3o Lu\u00eds, [&hellip;]\" \/>\n<meta property=\"og:url\" content=\"https:\/\/www.blogsoestado.com\/danielmatos\/camara-inicia-discussao-sobre-admissibilidade-dos-pedidos-de-afastamento-de-eduardo-braide\/\" \/>\n<meta property=\"og:site_name\" content=\"Daniel Matos\" \/>\n<meta property=\"article:published_time\" content=\"2023-05-09T01:55:21+00:00\" \/>\n<meta property=\"og:image\" content=\"https:\/\/www.blogsoestado.com\/danielmatos\/files\/2023\/05\/Screenshot_20230508-2257163-1.png\" \/>\n<meta name=\"twitter:card\" content=\"summary_large_image\" \/>\n<meta name=\"twitter:label1\" content=\"Est. tempo de leitura\" \/>\n\t<meta name=\"twitter:data1\" content=\"2 minutos\" \/>\n<script type=\"application\/ld+json\" class=\"yoast-schema-graph\">{\"@context\":\"https:\/\/schema.org\",\"@graph\":[{\"@type\":\"WebPage\",\"@id\":\"https:\/\/www.blogsoestado.com\/danielmatos\/camara-inicia-discussao-sobre-admissibilidade-dos-pedidos-de-afastamento-de-eduardo-braide\/\",\"url\":\"https:\/\/www.blogsoestado.com\/danielmatos\/camara-inicia-discussao-sobre-admissibilidade-dos-pedidos-de-afastamento-de-eduardo-braide\/\",\"name\":\"C\u00e2mara inicia discuss\u00e3o sobre admissibilidade dos pedidos de afastamento de Eduardo Braide - Daniel Matos\",\"isPartOf\":{\"@id\":\"https:\/\/www.blogsoestado.com\/danielmatos\/#website\"},\"primaryImageOfPage\":{\"@id\":\"https:\/\/www.blogsoestado.com\/danielmatos\/camara-inicia-discussao-sobre-admissibilidade-dos-pedidos-de-afastamento-de-eduardo-braide\/#primaryimage\"},\"image\":{\"@id\":\"https:\/\/www.blogsoestado.com\/danielmatos\/camara-inicia-discussao-sobre-admissibilidade-dos-pedidos-de-afastamento-de-eduardo-braide\/#primaryimage\"},\"thumbnailUrl\":\"https:\/\/www.blogsoestado.com\/danielmatos\/files\/2023\/05\/Screenshot_20230508-2257163-1.png\",\"datePublished\":\"2023-05-09T01:55:21+00:00\",\"author\":{\"@id\":\"\"},\"breadcrumb\":{\"@id\":\"https:\/\/www.blogsoestado.com\/danielmatos\/camara-inicia-discussao-sobre-admissibilidade-dos-pedidos-de-afastamento-de-eduardo-braide\/#breadcrumb\"},\"inLanguage\":\"pt-BR\",\"potentialAction\":[{\"@type\":\"ReadAction\",\"target\":[\"https:\/\/www.blogsoestado.com\/danielmatos\/camara-inicia-discussao-sobre-admissibilidade-dos-pedidos-de-afastamento-de-eduardo-braide\/\"]}]},{\"@type\":\"ImageObject\",\"inLanguage\":\"pt-BR\",\"@id\":\"https:\/\/www.blogsoestado.com\/danielmatos\/camara-inicia-discussao-sobre-admissibilidade-dos-pedidos-de-afastamento-de-eduardo-braide\/#primaryimage\",\"url\":\"https:\/\/www.blogsoestado.com\/danielmatos\/files\/2023\/05\/Screenshot_20230508-2257163-1.png\",\"contentUrl\":\"https:\/\/www.blogsoestado.com\/danielmatos\/files\/2023\/05\/Screenshot_20230508-2257163-1.png\"},{\"@type\":\"BreadcrumbList\",\"@id\":\"https:\/\/www.blogsoestado.com\/danielmatos\/camara-inicia-discussao-sobre-admissibilidade-dos-pedidos-de-afastamento-de-eduardo-braide\/#breadcrumb\",\"itemListElement\":[{\"@type\":\"ListItem\",\"position\":1,\"name\":\"In\u00edcio\",\"item\":\"https:\/\/www.blogsoestado.com\/danielmatos\/\"},{\"@type\":\"ListItem\",\"position\":2,\"name\":\"C\u00e2mara inicia discuss\u00e3o sobre admissibilidade dos pedidos de afastamento de Eduardo Braide\"}]},{\"@type\":\"WebSite\",\"@id\":\"https:\/\/www.blogsoestado.com\/danielmatos\/#website\",\"url\":\"https:\/\/www.blogsoestado.com\/danielmatos\/\",\"name\":\"Daniel Matos\",\"description\":\"\",\"potentialAction\":[{\"@type\":\"SearchAction\",\"target\":{\"@type\":\"EntryPoint\",\"urlTemplate\":\"https:\/\/www.blogsoestado.com\/danielmatos\/?s={search_term_string}\"},\"query-input\":{\"@type\":\"PropertyValueSpecification\",\"valueRequired\":true,\"valueName\":\"search_term_string\"}}],\"inLanguage\":\"pt-BR\"}]}<\/script>\n<!-- \/ Yoast SEO plugin. -->","yoast_head_json":{"title":"C\u00e2mara inicia discuss\u00e3o sobre admissibilidade dos pedidos de afastamento de Eduardo Braide - Daniel Matos","robots":{"index":"index","follow":"follow","max-snippet":"max-snippet:-1","max-image-preview":"max-image-preview:large","max-video-preview":"max-video-preview:-1"},"canonical":"https:\/\/www.blogsoestado.com\/danielmatos\/camara-inicia-discussao-sobre-admissibilidade-dos-pedidos-de-afastamento-de-eduardo-braide\/","og_locale":"pt_BR","og_type":"article","og_title":"C\u00e2mara inicia discuss\u00e3o sobre admissibilidade dos pedidos de afastamento de Eduardo Braide - Daniel Matos","og_description":"Parlamento municipal recebeu tr\u00eas pedidos de afastamento do prefeito de S\u00e3o Lu\u00eds O presidente da C\u00e2mara Municipal de S\u00e3o Lu\u00eds, [&hellip;]","og_url":"https:\/\/www.blogsoestado.com\/danielmatos\/camara-inicia-discussao-sobre-admissibilidade-dos-pedidos-de-afastamento-de-eduardo-braide\/","og_site_name":"Daniel Matos","article_published_time":"2023-05-09T01:55:21+00:00","og_image":[{"url":"https:\/\/www.blogsoestado.com\/danielmatos\/files\/2023\/05\/Screenshot_20230508-2257163-1.png","type":"","width":"","height":""}],"twitter_card":"summary_large_image","twitter_misc":{"Est. tempo de leitura":"2 minutos"},"schema":{"@context":"https:\/\/schema.org","@graph":[{"@type":"WebPage","@id":"https:\/\/www.blogsoestado.com\/danielmatos\/camara-inicia-discussao-sobre-admissibilidade-dos-pedidos-de-afastamento-de-eduardo-braide\/","url":"https:\/\/www.blogsoestado.com\/danielmatos\/camara-inicia-discussao-sobre-admissibilidade-dos-pedidos-de-afastamento-de-eduardo-braide\/","name":"C\u00e2mara inicia discuss\u00e3o sobre admissibilidade dos pedidos de afastamento de Eduardo Braide - Daniel Matos","isPartOf":{"@id":"https:\/\/www.blogsoestado.com\/danielmatos\/#website"},"primaryImageOfPage":{"@id":"https:\/\/www.blogsoestado.com\/danielmatos\/camara-inicia-discussao-sobre-admissibilidade-dos-pedidos-de-afastamento-de-eduardo-braide\/#primaryimage"},"image":{"@id":"https:\/\/www.blogsoestado.com\/danielmatos\/camara-inicia-discussao-sobre-admissibilidade-dos-pedidos-de-afastamento-de-eduardo-braide\/#primaryimage"},"thumbnailUrl":"https:\/\/www.blogsoestado.com\/danielmatos\/files\/2023\/05\/Screenshot_20230508-2257163-1.png","datePublished":"2023-05-09T01:55:21+00:00","author":{"@id":""},"breadcrumb":{"@id":"https:\/\/www.blogsoestado.com\/danielmatos\/camara-inicia-discussao-sobre-admissibilidade-dos-pedidos-de-afastamento-de-eduardo-braide\/#breadcrumb"},"inLanguage":"pt-BR","potentialAction":[{"@type":"ReadAction","target":["https:\/\/www.blogsoestado.com\/danielmatos\/camara-inicia-discussao-sobre-admissibilidade-dos-pedidos-de-afastamento-de-eduardo-braide\/"]}]},{"@type":"ImageObject","inLanguage":"pt-BR","@id":"https:\/\/www.blogsoestado.com\/danielmatos\/camara-inicia-discussao-sobre-admissibilidade-dos-pedidos-de-afastamento-de-eduardo-braide\/#primaryimage","url":"https:\/\/www.blogsoestado.com\/danielmatos\/files\/2023\/05\/Screenshot_20230508-2257163-1.png","contentUrl":"https:\/\/www.blogsoestado.com\/danielmatos\/files\/2023\/05\/Screenshot_20230508-2257163-1.png"},{"@type":"BreadcrumbList","@id":"https:\/\/www.blogsoestado.com\/danielmatos\/camara-inicia-discussao-sobre-admissibilidade-dos-pedidos-de-afastamento-de-eduardo-braide\/#breadcrumb","itemListElement":[{"@type":"ListItem","position":1,"name":"In\u00edcio","item":"https:\/\/www.blogsoestado.com\/danielmatos\/"},{"@type":"ListItem","position":2,"name":"C\u00e2mara inicia discuss\u00e3o sobre admissibilidade dos pedidos de afastamento de Eduardo Braide"}]},{"@type":"WebSite","@id":"https:\/\/www.blogsoestado.com\/danielmatos\/#website","url":"https:\/\/www.blogsoestado.com\/danielmatos\/","name":"Daniel Matos","description":"","potentialAction":[{"@type":"SearchAction","target":{"@type":"EntryPoint","urlTemplate":"https:\/\/www.blogsoestado.com\/danielmatos\/?s={search_term_string}"},"query-input":{"@type":"PropertyValueSpecification","valueRequired":true,"valueName":"search_term_string"}}],"inLanguage":"pt-BR"}]}},"jetpack_featured_media_url":"","_links":{"self":[{"href":"https:\/\/www.blogsoestado.com\/danielmatos\/wp-json\/wp\/v2\/posts\/109432","targetHints":{"allow":["GET"]}}],"collection":[{"href":"https:\/\/www.blogsoestado.com\/danielmatos\/wp-json\/wp\/v2\/posts"}],"about":[{"href":"https:\/\/www.blogsoestado.com\/danielmatos\/wp-json\/wp\/v2\/types\/post"}],"replies":[{"embeddable":true,"href":"https:\/\/www.blogsoestado.com\/danielmatos\/wp-json\/wp\/v2\/comments?post=109432"}],"version-history":[{"count":0,"href":"https:\/\/www.blogsoestado.com\/danielmatos\/wp-json\/wp\/v2\/posts\/109432\/revisions"}],"wp:attachment":[{"href":"https:\/\/www.blogsoestado.com\/danielmatos\/wp-json\/wp\/v2\/media?parent=109432"}],"wp:term":[{"taxonomy":"category","embeddable":true,"href":"https:\/\/www.blogsoestado.com\/danielmatos\/wp-json\/wp\/v2\/categories?post=109432"},{"taxonomy":"post_tag","embeddable":true,"href":"https:\/\/www.blogsoestado.com\/danielmatos\/wp-json\/wp\/v2\/tags?post=109432"}],"curies":[{"name":"wp","href":"https:\/\/api.w.org\/{rel}","templated":true}]}}