{"id":109441,"date":"2023-05-09T08:00:00","date_gmt":"2023-05-09T11:00:00","guid":{"rendered":"https:\/\/www.blogsoestado.com\/danielmatos\/?p=109441"},"modified":"2023-05-09T08:00:00","modified_gmt":"2023-05-09T11:00:00","slug":"por-risco-de-apagao-stj-libera-uso-de-linhas-da-eletronorte-em-terras-indigenas-no-maranhao","status":"publish","type":"post","link":"https:\/\/www.blogsoestado.com\/danielmatos\/por-risco-de-apagao-stj-libera-uso-de-linhas-da-eletronorte-em-terras-indigenas-no-maranhao\/","title":{"rendered":"Por risco de apag\u00e3o, STJ libera uso de linhas da Eletronorte em terras ind\u00edgenas no Maranh\u00e3o"},"content":{"rendered":"\n<div class=\"wp-block-image\"><figure class=\"aligncenter size-large\"><a href=\"https:\/\/www.blogsoestado.com\/danielmatos\/files\/2023\/05\/Screenshot_20230509-0019202.png\"><img decoding=\"async\" src=\"https:\/\/www.blogsoestado.com\/danielmatos\/files\/2023\/05\/Screenshot_20230509-0019202.png\" alt=\"\" class=\"wp-image-109442\"\/><\/a><figcaption>Linhas de transmiss\u00e3o de energia da Eletronorte no interior do Maranh\u00e3o <\/figcaption><\/figure><\/div>\n\n\n\n<p>Ao reconhecer o risco de graves danos a pelo menos 20 milh\u00f5es de pessoas, a presidente do Superior Tribunal de Justi\u00e7a (STJ), ministra Maria Thereza de Assis Moura, suspendeu, no \u00faltimo dia 5, os efeitos da&nbsp;liminar&nbsp;do Tribunal Regional Federal da 1\u00aa Regi\u00e3o (TRF1) que proibiu a Eletronorte de utilizar as linhas de transmiss\u00e3o de energia localizadas em terras ind\u00edgenas que passam pelos munic\u00edpios de Tucuru\u00ed, Marab\u00e1, <strong>Imperatriz<\/strong> e <strong>Presidente Dutra<\/strong>, nos estados do Par\u00e1 e do <strong>Maranh\u00e3o<\/strong>.<\/p>\n\n\n\n<p>Segundo a decis\u00e3o, a medida \u00e9 justificada para garantir o funcionamento do Sistema Interligado Nacional \u2013 n\u00e3o s\u00f3 na Regi\u00e3o Norte, mas em todo o pa\u00eds. &#8220;A documenta\u00e7\u00e3o juntada aos autos evidencia que o cumprimento da decis\u00e3o impugnada implica paralisar, totalmente, a utiliza\u00e7\u00e3o de linhas de transmiss\u00e3o de energia el\u00e9trica que integram o Sistema Interligado Nacional, as quais \u2013 importa observar \u2013 se encontram em funcionamento h\u00e1 quase 40 anos&#8221;, destacou.<\/p>\n\n\n\n<p>A disputa come\u00e7ou em 2013 com uma a\u00e7\u00e3o civil p\u00fablica movida pelo Minist\u00e9rio P\u00fablico Federal (MPF) contra a Eletronorte e o Ibama, sob a alega\u00e7\u00e3o de que as linhas teriam sido constru\u00eddas sem as devidas medidas de mitiga\u00e7\u00e3o de impactos sociais e culturais, exigidas para o deferimento da licen\u00e7a.<\/p>\n\n\n\n<p>Em 2019, acolhendo o pedido do MPF, a&nbsp;senten\u00e7a&nbsp;de primeiro grau determinou a apresenta\u00e7\u00e3o de estudos sobre o impacto do empreendimento nas comunidades ind\u00edgenas. Em 2021, o MPF buscou o cumprimento provis\u00f3rio da&nbsp;senten\u00e7a, exigindo da Eletronorte a apresenta\u00e7\u00e3o dos estudos. No ano seguinte, o Conselho Guajajara, admitido no processo como assistente litisconsorcial, pleiteou tutela de urg\u00eancia para suspender as atividades da empresa em terras ind\u00edgenas.<\/p>\n\n\n\n<h2 class=\"wp-block-heading\">Decis\u00e3o suspendeu &#8220;toda e qualquer&#8221; atividade nas terras ind\u00edgenas<\/h2>\n\n\n\n<p>A&nbsp;liminar, negada inicialmente, foi deferida ap\u00f3s reconsidera\u00e7\u00e3o do desembargador relator do caso no TRF1, que determinou a &#8220;suspens\u00e3o incontinenti de toda e qualquer atividade nas Terras Ind\u00edgenas Canabrava\/Guajajara, Rodeador, Lagoa Comprida e Urucu\/Juru\u00e1, bem assim das licen\u00e7as j\u00e1 concedidas ao empreendimento Linhas de Transmiss\u00e3o 500 kV Tucuru\u00ed \u2013 Marab\u00e1 \u2013 Imperatriz \u2013 Presidente Dutra&#8221;, at\u00e9 a realiza\u00e7\u00e3o do estudo do componente ind\u00edgena exigido pela&nbsp;senten\u00e7a.<\/p>\n\n\n\n<p>No pedido de suspens\u00e3o da&nbsp;liminar&nbsp;submetido ao STJ, a Eletronorte afirmou que a determina\u00e7\u00e3o do TRF1 representa grave risco para o sistema nacional de fornecimento de energia, violando o interesse p\u00fablico, com danos previs\u00edveis \u00e0 ordem, \u00e0 economia e \u00e0 seguran\u00e7a p\u00fablica.<\/p>\n\n\n\n<p>Segundo a empresa, a suspens\u00e3o da opera\u00e7\u00e3o das linhas comprometeria o fornecimento para todas as regi\u00f5es do pa\u00eds, pois o empreendimento faz parte do sistema nacional, com um potencial incalcul\u00e1vel de preju\u00edzos \u2013 inclusive para os pr\u00f3prios ind\u00edgenas.<\/p>\n\n\n\n<h2 class=\"wp-block-heading\">Ordem judicial traz o risco de apag\u00f5es generalizados<\/h2>\n\n\n\n<p>De acordo com a presidente do STJ, &#8220;uma determina\u00e7\u00e3o de tal jaez, ao impedir o fornecimento (transmiss\u00e3o) da energia gerada no Norte, tem o cond\u00e3o de afetar o sistema el\u00e9trico nacional como um todo, na medida em que interligado, trazendo o grave risco de seu comprometimento, inclusive, com apag\u00f5es generalizados&#8221;.<\/p>\n\n\n\n<p>Ao suspender a decis\u00e3o do TRF1, ela mencionou um estudo do Operador Nacional do Sistema El\u00e9trico (ONS) segundo o qual a interrup\u00e7\u00e3o das atividades da empresa na regi\u00e3o poderia prejudicar mais de 20 milh\u00f5es de pessoas, tanto pelo desabastecimento como pela falta de manuten\u00e7\u00e3o das linhas.<\/p>\n\n\n\n<h2 class=\"wp-block-heading\">Juiz recha\u00e7ou a paralisa\u00e7\u00e3o do servi\u00e7o p\u00fablico<\/h2>\n\n\n\n<p>A ministra se referiu tamb\u00e9m \u00e0 decis\u00e3o do juiz de primeiro grau, que, ao rejeitar enfaticamente o pedido de tutela de urg\u00eancia, considerou que as provid\u00eancias para a realiza\u00e7\u00e3o do estudo sobre os impactos nas comunidades ind\u00edgenas e para a mitiga\u00e7\u00e3o de eventuais danos do empreendimento &#8220;n\u00e3o devem alcan\u00e7ar a paralisa\u00e7\u00e3o de servi\u00e7o p\u00fablico de relevant\u00edssimo e inequ\u00edvoco interesse p\u00fablico nacional&#8221;.<\/p>\n\n\n\n<p>Ao concluir a decis\u00e3o, a presidente do STJ ressaltou que a permiss\u00e3o para a opera\u00e7\u00e3o das linhas n\u00e3o implica nenhum ju\u00edzo de valor sobre as obriga\u00e7\u00f5es impostas pela&nbsp;senten\u00e7a, tais como a repara\u00e7\u00e3o econ\u00f4mica em benef\u00edcio das comunidades, ou sobre a pretens\u00e3o dos ind\u00edgenas \u2013quest\u00f5es que ser\u00e3o analisadas pelas inst\u00e2ncias ordin\u00e1rias, j\u00e1 que a&nbsp;apela\u00e7\u00e3o&nbsp;contra a&nbsp;senten\u00e7a&nbsp;ainda nem foi julgada.<br \/><\/p>\n","protected":false},"excerpt":{"rendered":"<p>Ao reconhecer o risco de graves danos a pelo menos 20 milh\u00f5es de pessoas, a presidente do Superior Tribunal de [&hellip;]<\/p>\n","protected":false},"author":0,"featured_media":0,"comment_status":"open","ping_status":"open","sticky":false,"template":"","format":"standard","meta":{"site-sidebar-layout":"default","site-content-layout":"","ast-site-content-layout":"default","site-content-style":"default","site-sidebar-style":"default","ast-global-header-display":"","ast-banner-title-visibility":"","ast-main-header-display":"","ast-hfb-above-header-display":"","ast-hfb-below-header-display":"","ast-hfb-mobile-header-display":"","site-post-title":"","ast-breadcrumbs-content":"","ast-featured-img":"","footer-sml-layout":"","ast-disable-related-posts":"","theme-transparent-header-meta":"","adv-header-id-meta":"","stick-header-meta":"","header-above-stick-meta":"","header-main-stick-meta":"","header-below-stick-meta":"","astra-migrate-meta-layouts":"default","ast-page-background-enabled":"default","ast-page-background-meta":{"desktop":{"background-color":"var(--ast-global-color-5)","background-image":"","background-repeat":"repeat","background-position":"center center","background-size":"auto","background-attachment":"scroll","background-type":"","background-media":"","overlay-type":"","overlay-color":"","overlay-opacity":"","overlay-gradient":""},"tablet":{"background-color":"","background-image":"","background-repeat":"repeat","background-position":"center center","background-size":"auto","background-attachment":"scroll","background-type":"","background-media":"","overlay-type":"","overlay-color":"","overlay-opacity":"","overlay-gradient":""},"mobile":{"background-color":"","background-image":"","background-repeat":"repeat","background-position":"center center","background-size":"auto","background-attachment":"scroll","background-type":"","background-media":"","overlay-type":"","overlay-color":"","overlay-opacity":"","overlay-gradient":""}},"ast-content-background-meta":{"desktop":{"background-color":"var(--ast-global-color-4)","background-image":"","background-repeat":"repeat","background-position":"center center","background-size":"auto","background-attachment":"scroll","background-type":"","background-media":"","overlay-type":"","overlay-color":"","overlay-opacity":"","overlay-gradient":""},"tablet":{"background-color":"var(--ast-global-color-4)","background-image":"","background-repeat":"repeat","background-position":"center center","background-size":"auto","background-attachment":"scroll","background-type":"","background-media":"","overlay-type":"","overlay-color":"","overlay-opacity":"","overlay-gradient":""},"mobile":{"background-color":"var(--ast-global-color-4)","background-image":"","background-repeat":"repeat","background-position":"center center","background-size":"auto","background-attachment":"scroll","background-type":"","background-media":"","overlay-type":"","overlay-color":"","overlay-opacity":"","overlay-gradient":""}},"footnotes":""},"categories":[1],"tags":[],"class_list":["post-109441","post","type-post","status-publish","format-standard","hentry","category-sem-categoria"],"yoast_head":"<!-- This site is optimized with the Yoast SEO plugin v26.6 - https:\/\/yoast.com\/wordpress\/plugins\/seo\/ -->\n<title>Por risco de apag\u00e3o, STJ libera uso de linhas da Eletronorte em terras ind\u00edgenas no Maranh\u00e3o - Daniel Matos<\/title>\n<meta name=\"robots\" content=\"index, follow, max-snippet:-1, max-image-preview:large, max-video-preview:-1\" \/>\n<link rel=\"canonical\" href=\"https:\/\/www.blogsoestado.com\/danielmatos\/por-risco-de-apagao-stj-libera-uso-de-linhas-da-eletronorte-em-terras-indigenas-no-maranhao\/\" \/>\n<meta property=\"og:locale\" content=\"pt_BR\" \/>\n<meta property=\"og:type\" content=\"article\" \/>\n<meta property=\"og:title\" content=\"Por risco de apag\u00e3o, STJ libera uso de linhas da Eletronorte em terras ind\u00edgenas no Maranh\u00e3o - Daniel Matos\" \/>\n<meta property=\"og:description\" content=\"Ao reconhecer o risco de graves danos a pelo menos 20 milh\u00f5es de pessoas, a presidente do Superior Tribunal de [&hellip;]\" \/>\n<meta property=\"og:url\" content=\"https:\/\/www.blogsoestado.com\/danielmatos\/por-risco-de-apagao-stj-libera-uso-de-linhas-da-eletronorte-em-terras-indigenas-no-maranhao\/\" \/>\n<meta property=\"og:site_name\" content=\"Daniel Matos\" \/>\n<meta property=\"article:published_time\" content=\"2023-05-09T11:00:00+00:00\" \/>\n<meta property=\"og:image\" content=\"https:\/\/www.blogsoestado.com\/danielmatos\/files\/2023\/05\/Screenshot_20230509-0019202.png\" \/>\n<meta name=\"twitter:card\" content=\"summary_large_image\" \/>\n<meta name=\"twitter:label1\" content=\"Est. tempo de leitura\" \/>\n\t<meta name=\"twitter:data1\" content=\"4 minutos\" \/>\n<script type=\"application\/ld+json\" class=\"yoast-schema-graph\">{\"@context\":\"https:\/\/schema.org\",\"@graph\":[{\"@type\":\"WebPage\",\"@id\":\"https:\/\/www.blogsoestado.com\/danielmatos\/por-risco-de-apagao-stj-libera-uso-de-linhas-da-eletronorte-em-terras-indigenas-no-maranhao\/\",\"url\":\"https:\/\/www.blogsoestado.com\/danielmatos\/por-risco-de-apagao-stj-libera-uso-de-linhas-da-eletronorte-em-terras-indigenas-no-maranhao\/\",\"name\":\"Por risco de apag\u00e3o, STJ libera uso de linhas da Eletronorte em terras ind\u00edgenas no Maranh\u00e3o - Daniel Matos\",\"isPartOf\":{\"@id\":\"https:\/\/www.blogsoestado.com\/danielmatos\/#website\"},\"primaryImageOfPage\":{\"@id\":\"https:\/\/www.blogsoestado.com\/danielmatos\/por-risco-de-apagao-stj-libera-uso-de-linhas-da-eletronorte-em-terras-indigenas-no-maranhao\/#primaryimage\"},\"image\":{\"@id\":\"https:\/\/www.blogsoestado.com\/danielmatos\/por-risco-de-apagao-stj-libera-uso-de-linhas-da-eletronorte-em-terras-indigenas-no-maranhao\/#primaryimage\"},\"thumbnailUrl\":\"https:\/\/www.blogsoestado.com\/danielmatos\/files\/2023\/05\/Screenshot_20230509-0019202.png\",\"datePublished\":\"2023-05-09T11:00:00+00:00\",\"author\":{\"@id\":\"\"},\"breadcrumb\":{\"@id\":\"https:\/\/www.blogsoestado.com\/danielmatos\/por-risco-de-apagao-stj-libera-uso-de-linhas-da-eletronorte-em-terras-indigenas-no-maranhao\/#breadcrumb\"},\"inLanguage\":\"pt-BR\",\"potentialAction\":[{\"@type\":\"ReadAction\",\"target\":[\"https:\/\/www.blogsoestado.com\/danielmatos\/por-risco-de-apagao-stj-libera-uso-de-linhas-da-eletronorte-em-terras-indigenas-no-maranhao\/\"]}]},{\"@type\":\"ImageObject\",\"inLanguage\":\"pt-BR\",\"@id\":\"https:\/\/www.blogsoestado.com\/danielmatos\/por-risco-de-apagao-stj-libera-uso-de-linhas-da-eletronorte-em-terras-indigenas-no-maranhao\/#primaryimage\",\"url\":\"https:\/\/www.blogsoestado.com\/danielmatos\/files\/2023\/05\/Screenshot_20230509-0019202.png\",\"contentUrl\":\"https:\/\/www.blogsoestado.com\/danielmatos\/files\/2023\/05\/Screenshot_20230509-0019202.png\"},{\"@type\":\"BreadcrumbList\",\"@id\":\"https:\/\/www.blogsoestado.com\/danielmatos\/por-risco-de-apagao-stj-libera-uso-de-linhas-da-eletronorte-em-terras-indigenas-no-maranhao\/#breadcrumb\",\"itemListElement\":[{\"@type\":\"ListItem\",\"position\":1,\"name\":\"In\u00edcio\",\"item\":\"https:\/\/www.blogsoestado.com\/danielmatos\/\"},{\"@type\":\"ListItem\",\"position\":2,\"name\":\"Por risco de apag\u00e3o, STJ libera uso de linhas da Eletronorte em terras ind\u00edgenas no Maranh\u00e3o\"}]},{\"@type\":\"WebSite\",\"@id\":\"https:\/\/www.blogsoestado.com\/danielmatos\/#website\",\"url\":\"https:\/\/www.blogsoestado.com\/danielmatos\/\",\"name\":\"Daniel Matos\",\"description\":\"\",\"potentialAction\":[{\"@type\":\"SearchAction\",\"target\":{\"@type\":\"EntryPoint\",\"urlTemplate\":\"https:\/\/www.blogsoestado.com\/danielmatos\/?s={search_term_string}\"},\"query-input\":{\"@type\":\"PropertyValueSpecification\",\"valueRequired\":true,\"valueName\":\"search_term_string\"}}],\"inLanguage\":\"pt-BR\"}]}<\/script>\n<!-- \/ Yoast SEO plugin. -->","yoast_head_json":{"title":"Por risco de apag\u00e3o, STJ libera uso de linhas da Eletronorte em terras ind\u00edgenas no Maranh\u00e3o - Daniel Matos","robots":{"index":"index","follow":"follow","max-snippet":"max-snippet:-1","max-image-preview":"max-image-preview:large","max-video-preview":"max-video-preview:-1"},"canonical":"https:\/\/www.blogsoestado.com\/danielmatos\/por-risco-de-apagao-stj-libera-uso-de-linhas-da-eletronorte-em-terras-indigenas-no-maranhao\/","og_locale":"pt_BR","og_type":"article","og_title":"Por risco de apag\u00e3o, STJ libera uso de linhas da Eletronorte em terras ind\u00edgenas no Maranh\u00e3o - Daniel Matos","og_description":"Ao reconhecer o risco de graves danos a pelo menos 20 milh\u00f5es de pessoas, a presidente do Superior Tribunal de [&hellip;]","og_url":"https:\/\/www.blogsoestado.com\/danielmatos\/por-risco-de-apagao-stj-libera-uso-de-linhas-da-eletronorte-em-terras-indigenas-no-maranhao\/","og_site_name":"Daniel Matos","article_published_time":"2023-05-09T11:00:00+00:00","og_image":[{"url":"https:\/\/www.blogsoestado.com\/danielmatos\/files\/2023\/05\/Screenshot_20230509-0019202.png","type":"","width":"","height":""}],"twitter_card":"summary_large_image","twitter_misc":{"Est. tempo de leitura":"4 minutos"},"schema":{"@context":"https:\/\/schema.org","@graph":[{"@type":"WebPage","@id":"https:\/\/www.blogsoestado.com\/danielmatos\/por-risco-de-apagao-stj-libera-uso-de-linhas-da-eletronorte-em-terras-indigenas-no-maranhao\/","url":"https:\/\/www.blogsoestado.com\/danielmatos\/por-risco-de-apagao-stj-libera-uso-de-linhas-da-eletronorte-em-terras-indigenas-no-maranhao\/","name":"Por risco de apag\u00e3o, STJ libera uso de linhas da Eletronorte em terras ind\u00edgenas no Maranh\u00e3o - Daniel Matos","isPartOf":{"@id":"https:\/\/www.blogsoestado.com\/danielmatos\/#website"},"primaryImageOfPage":{"@id":"https:\/\/www.blogsoestado.com\/danielmatos\/por-risco-de-apagao-stj-libera-uso-de-linhas-da-eletronorte-em-terras-indigenas-no-maranhao\/#primaryimage"},"image":{"@id":"https:\/\/www.blogsoestado.com\/danielmatos\/por-risco-de-apagao-stj-libera-uso-de-linhas-da-eletronorte-em-terras-indigenas-no-maranhao\/#primaryimage"},"thumbnailUrl":"https:\/\/www.blogsoestado.com\/danielmatos\/files\/2023\/05\/Screenshot_20230509-0019202.png","datePublished":"2023-05-09T11:00:00+00:00","author":{"@id":""},"breadcrumb":{"@id":"https:\/\/www.blogsoestado.com\/danielmatos\/por-risco-de-apagao-stj-libera-uso-de-linhas-da-eletronorte-em-terras-indigenas-no-maranhao\/#breadcrumb"},"inLanguage":"pt-BR","potentialAction":[{"@type":"ReadAction","target":["https:\/\/www.blogsoestado.com\/danielmatos\/por-risco-de-apagao-stj-libera-uso-de-linhas-da-eletronorte-em-terras-indigenas-no-maranhao\/"]}]},{"@type":"ImageObject","inLanguage":"pt-BR","@id":"https:\/\/www.blogsoestado.com\/danielmatos\/por-risco-de-apagao-stj-libera-uso-de-linhas-da-eletronorte-em-terras-indigenas-no-maranhao\/#primaryimage","url":"https:\/\/www.blogsoestado.com\/danielmatos\/files\/2023\/05\/Screenshot_20230509-0019202.png","contentUrl":"https:\/\/www.blogsoestado.com\/danielmatos\/files\/2023\/05\/Screenshot_20230509-0019202.png"},{"@type":"BreadcrumbList","@id":"https:\/\/www.blogsoestado.com\/danielmatos\/por-risco-de-apagao-stj-libera-uso-de-linhas-da-eletronorte-em-terras-indigenas-no-maranhao\/#breadcrumb","itemListElement":[{"@type":"ListItem","position":1,"name":"In\u00edcio","item":"https:\/\/www.blogsoestado.com\/danielmatos\/"},{"@type":"ListItem","position":2,"name":"Por risco de apag\u00e3o, STJ libera uso de linhas da Eletronorte em terras ind\u00edgenas no Maranh\u00e3o"}]},{"@type":"WebSite","@id":"https:\/\/www.blogsoestado.com\/danielmatos\/#website","url":"https:\/\/www.blogsoestado.com\/danielmatos\/","name":"Daniel Matos","description":"","potentialAction":[{"@type":"SearchAction","target":{"@type":"EntryPoint","urlTemplate":"https:\/\/www.blogsoestado.com\/danielmatos\/?s={search_term_string}"},"query-input":{"@type":"PropertyValueSpecification","valueRequired":true,"valueName":"search_term_string"}}],"inLanguage":"pt-BR"}]}},"jetpack_featured_media_url":"","_links":{"self":[{"href":"https:\/\/www.blogsoestado.com\/danielmatos\/wp-json\/wp\/v2\/posts\/109441","targetHints":{"allow":["GET"]}}],"collection":[{"href":"https:\/\/www.blogsoestado.com\/danielmatos\/wp-json\/wp\/v2\/posts"}],"about":[{"href":"https:\/\/www.blogsoestado.com\/danielmatos\/wp-json\/wp\/v2\/types\/post"}],"replies":[{"embeddable":true,"href":"https:\/\/www.blogsoestado.com\/danielmatos\/wp-json\/wp\/v2\/comments?post=109441"}],"version-history":[{"count":0,"href":"https:\/\/www.blogsoestado.com\/danielmatos\/wp-json\/wp\/v2\/posts\/109441\/revisions"}],"wp:attachment":[{"href":"https:\/\/www.blogsoestado.com\/danielmatos\/wp-json\/wp\/v2\/media?parent=109441"}],"wp:term":[{"taxonomy":"category","embeddable":true,"href":"https:\/\/www.blogsoestado.com\/danielmatos\/wp-json\/wp\/v2\/categories?post=109441"},{"taxonomy":"post_tag","embeddable":true,"href":"https:\/\/www.blogsoestado.com\/danielmatos\/wp-json\/wp\/v2\/tags?post=109441"}],"curies":[{"name":"wp","href":"https:\/\/api.w.org\/{rel}","templated":true}]}}