{"id":109460,"date":"2023-05-09T09:56:15","date_gmt":"2023-05-09T12:56:15","guid":{"rendered":"https:\/\/www.blogsoestado.com\/danielmatos\/?p=109460"},"modified":"2023-05-09T09:56:15","modified_gmt":"2023-05-09T12:56:15","slug":"outrora-bolsonarista-deputado-maranhense-vira-vice-lider-do-governo-lula-na-camara-federal-e-deve-votar-sim-ao-pl-da-censura","status":"publish","type":"post","link":"https:\/\/www.blogsoestado.com\/danielmatos\/outrora-bolsonarista-deputado-maranhense-vira-vice-lider-do-governo-lula-na-camara-federal-e-deve-votar-sim-ao-pl-da-censura\/","title":{"rendered":"Outrora indeciso sobre o PL da Censura, ex-bolsonarista Marreca Filho vira vice-l\u00edder do governo Lula na C\u00e2mara Federal e deve votar sim \u00e0 proposta"},"content":{"rendered":"\n<div class=\"wp-block-image\"><figure class=\"aligncenter size-large\"><a href=\"https:\/\/www.blogsoestado.com\/danielmatos\/files\/2023\/05\/204566-1.jpg\"><img decoding=\"async\" src=\"https:\/\/www.blogsoestado.com\/danielmatos\/files\/2023\/05\/204566-1.jpg\" alt=\"\" class=\"wp-image-109462\"\/><\/a><figcaption>O deputado federal maranhense Marreca Filho tende a por fim \u00e0 indecis\u00e3o a firmar entendimento pela aprova\u00e7\u00e3o do PL da Censura ap\u00f3s tornar-se vice-l\u00edder s\u00f3 governo Lula na C\u00e2mara<\/figcaption><\/figure><\/div>\n\n\n\n<p>O deputado maranhense Marreca Filho (Patriota) foi nomeado nessa segunda-feira (8) vice-l\u00edder do governo Lula na C\u00e2mara Federal. Outrora aliado do ex-presidente Jair Bolsonaro, o parlamentar deve mudar radicalmente seu posicionamento pol\u00edtico, inclusive na vota\u00e7\u00e3o do PL 2630, chamado pela oposi\u00e7\u00e3o de PL da Censura.<\/p>\n\n\n\n<p>Apontado pela imprensa especializada como indeciso em rela\u00e7\u00e3o \u00e0 proposta, Marreca Filho se absteve de votar na sess\u00e3o em que foi apreciada a urg\u00eancia da mat\u00e9ria, aprovada em plen\u00e1rio pelo placar de 238 a 192, em 25 de abril. <\/p>\n\n\n\n<p>Agora, com a miss\u00e3o de defender os interesses do atual governo na C\u00e2mara Federal, o jovem deputado tende a firmar entendimento favor\u00e1vel \u00e0 proposta de regulamentar a internet no Brasil, especialmente a divulga\u00e7\u00e3o de conte\u00fado nas redes sociais.<\/p>\n\n\n\n<p><strong>Derrota<\/strong><\/p>\n\n\n\n<p>Vale lembrar que por receio de uma iminente derrota na aprecia\u00e7\u00e3o do m\u00e9rito do projeto, o relator da proposta, deputado federal Orlando Silva (PCdoB-SP), pediu a suspens\u00e3o da vota\u00e7\u00e3o, que seria realizada no \u00faltimo dia 2, fato interpretado como fracasso retumbante de Lula. O parlamentar governista cedeu \u00e0 press\u00e3o das companhias de tecnologia, em especial do Google, e da oposi\u00e7\u00e3o de parlamentares de direita, principalmente os apoiadores do ex-presidente Jair Bolsonaro. <\/p>\n\n\n\n<p>Com mais de 90 emendas ao seu texto, Orlando Silva pediu o adiamento da vota\u00e7\u00e3o na C\u00e2mara, alegando que precisaria de mais tempo para analisar as sugest\u00f5es.<\/p>\n","protected":false},"excerpt":{"rendered":"<p>O deputado maranhense Marreca Filho (Patriota) foi nomeado nessa segunda-feira (8) vice-l\u00edder do governo Lula na C\u00e2mara Federal. Outrora aliado [&hellip;]<\/p>\n","protected":false},"author":0,"featured_media":0,"comment_status":"open","ping_status":"open","sticky":false,"template":"","format":"standard","meta":{"site-sidebar-layout":"default","site-content-layout":"","ast-site-content-layout":"default","site-content-style":"default","site-sidebar-style":"default","ast-global-header-display":"","ast-banner-title-visibility":"","ast-main-header-display":"","ast-hfb-above-header-display":"","ast-hfb-below-header-display":"","ast-hfb-mobile-header-display":"","site-post-title":"","ast-breadcrumbs-content":"","ast-featured-img":"","footer-sml-layout":"","ast-disable-related-posts":"","theme-transparent-header-meta":"","adv-header-id-meta":"","stick-header-meta":"","header-above-stick-meta":"","header-main-stick-meta":"","header-below-stick-meta":"","astra-migrate-meta-layouts":"default","ast-page-background-enabled":"default","ast-page-background-meta":{"desktop":{"background-color":"var(--ast-global-color-5)","background-image":"","background-repeat":"repeat","background-position":"center center","background-size":"auto","background-attachment":"scroll","background-type":"","background-media":"","overlay-type":"","overlay-color":"","overlay-opacity":"","overlay-gradient":""},"tablet":{"background-color":"","background-image":"","background-repeat":"repeat","background-position":"center center","background-size":"auto","background-attachment":"scroll","background-type":"","background-media":"","overlay-type":"","overlay-color":"","overlay-opacity":"","overlay-gradient":""},"mobile":{"background-color":"","background-image":"","background-repeat":"repeat","background-position":"center center","background-size":"auto","background-attachment":"scroll","background-type":"","background-media":"","overlay-type":"","overlay-color":"","overlay-opacity":"","overlay-gradient":""}},"ast-content-background-meta":{"desktop":{"background-color":"var(--ast-global-color-4)","background-image":"","background-repeat":"repeat","background-position":"center center","background-size":"auto","background-attachment":"scroll","background-type":"","background-media":"","overlay-type":"","overlay-color":"","overlay-opacity":"","overlay-gradient":""},"tablet":{"background-color":"var(--ast-global-color-4)","background-image":"","background-repeat":"repeat","background-position":"center center","background-size":"auto","background-attachment":"scroll","background-type":"","background-media":"","overlay-type":"","overlay-color":"","overlay-opacity":"","overlay-gradient":""},"mobile":{"background-color":"var(--ast-global-color-4)","background-image":"","background-repeat":"repeat","background-position":"center center","background-size":"auto","background-attachment":"scroll","background-type":"","background-media":"","overlay-type":"","overlay-color":"","overlay-opacity":"","overlay-gradient":""}},"footnotes":""},"categories":[1],"tags":[],"class_list":["post-109460","post","type-post","status-publish","format-standard","hentry","category-sem-categoria"],"yoast_head":"<!-- This site is optimized with the Yoast SEO plugin v26.6 - https:\/\/yoast.com\/wordpress\/plugins\/seo\/ -->\n<title>Outrora indeciso sobre o PL da Censura, ex-bolsonarista Marreca Filho vira vice-l\u00edder do governo Lula na C\u00e2mara Federal e deve votar sim \u00e0 proposta - Daniel Matos<\/title>\n<meta name=\"robots\" content=\"index, follow, max-snippet:-1, max-image-preview:large, max-video-preview:-1\" \/>\n<link rel=\"canonical\" href=\"https:\/\/www.blogsoestado.com\/danielmatos\/outrora-bolsonarista-deputado-maranhense-vira-vice-lider-do-governo-lula-na-camara-federal-e-deve-votar-sim-ao-pl-da-censura\/\" \/>\n<meta property=\"og:locale\" content=\"pt_BR\" \/>\n<meta property=\"og:type\" content=\"article\" \/>\n<meta property=\"og:title\" content=\"Outrora indeciso sobre o PL da Censura, ex-bolsonarista Marreca Filho vira vice-l\u00edder do governo Lula na C\u00e2mara Federal e deve votar sim \u00e0 proposta - Daniel Matos\" \/>\n<meta property=\"og:description\" content=\"O deputado maranhense Marreca Filho (Patriota) foi nomeado nessa segunda-feira (8) vice-l\u00edder do governo Lula na C\u00e2mara Federal. Outrora aliado [&hellip;]\" \/>\n<meta property=\"og:url\" content=\"https:\/\/www.blogsoestado.com\/danielmatos\/outrora-bolsonarista-deputado-maranhense-vira-vice-lider-do-governo-lula-na-camara-federal-e-deve-votar-sim-ao-pl-da-censura\/\" \/>\n<meta property=\"og:site_name\" content=\"Daniel Matos\" \/>\n<meta property=\"article:published_time\" content=\"2023-05-09T12:56:15+00:00\" \/>\n<meta property=\"og:image\" content=\"https:\/\/www.blogsoestado.com\/danielmatos\/files\/2023\/05\/204566-1.jpg\" \/>\n<meta name=\"twitter:card\" content=\"summary_large_image\" \/>\n<meta name=\"twitter:label1\" content=\"Est. tempo de leitura\" \/>\n\t<meta name=\"twitter:data1\" content=\"2 minutos\" \/>\n<script type=\"application\/ld+json\" class=\"yoast-schema-graph\">{\"@context\":\"https:\/\/schema.org\",\"@graph\":[{\"@type\":\"WebPage\",\"@id\":\"https:\/\/www.blogsoestado.com\/danielmatos\/outrora-bolsonarista-deputado-maranhense-vira-vice-lider-do-governo-lula-na-camara-federal-e-deve-votar-sim-ao-pl-da-censura\/\",\"url\":\"https:\/\/www.blogsoestado.com\/danielmatos\/outrora-bolsonarista-deputado-maranhense-vira-vice-lider-do-governo-lula-na-camara-federal-e-deve-votar-sim-ao-pl-da-censura\/\",\"name\":\"Outrora indeciso sobre o PL da Censura, ex-bolsonarista Marreca Filho vira vice-l\u00edder do governo Lula na C\u00e2mara Federal e deve votar sim \u00e0 proposta - Daniel Matos\",\"isPartOf\":{\"@id\":\"https:\/\/www.blogsoestado.com\/danielmatos\/#website\"},\"primaryImageOfPage\":{\"@id\":\"https:\/\/www.blogsoestado.com\/danielmatos\/outrora-bolsonarista-deputado-maranhense-vira-vice-lider-do-governo-lula-na-camara-federal-e-deve-votar-sim-ao-pl-da-censura\/#primaryimage\"},\"image\":{\"@id\":\"https:\/\/www.blogsoestado.com\/danielmatos\/outrora-bolsonarista-deputado-maranhense-vira-vice-lider-do-governo-lula-na-camara-federal-e-deve-votar-sim-ao-pl-da-censura\/#primaryimage\"},\"thumbnailUrl\":\"https:\/\/www.blogsoestado.com\/danielmatos\/files\/2023\/05\/204566-1.jpg\",\"datePublished\":\"2023-05-09T12:56:15+00:00\",\"author\":{\"@id\":\"\"},\"breadcrumb\":{\"@id\":\"https:\/\/www.blogsoestado.com\/danielmatos\/outrora-bolsonarista-deputado-maranhense-vira-vice-lider-do-governo-lula-na-camara-federal-e-deve-votar-sim-ao-pl-da-censura\/#breadcrumb\"},\"inLanguage\":\"pt-BR\",\"potentialAction\":[{\"@type\":\"ReadAction\",\"target\":[\"https:\/\/www.blogsoestado.com\/danielmatos\/outrora-bolsonarista-deputado-maranhense-vira-vice-lider-do-governo-lula-na-camara-federal-e-deve-votar-sim-ao-pl-da-censura\/\"]}]},{\"@type\":\"ImageObject\",\"inLanguage\":\"pt-BR\",\"@id\":\"https:\/\/www.blogsoestado.com\/danielmatos\/outrora-bolsonarista-deputado-maranhense-vira-vice-lider-do-governo-lula-na-camara-federal-e-deve-votar-sim-ao-pl-da-censura\/#primaryimage\",\"url\":\"https:\/\/www.blogsoestado.com\/danielmatos\/files\/2023\/05\/204566-1.jpg\",\"contentUrl\":\"https:\/\/www.blogsoestado.com\/danielmatos\/files\/2023\/05\/204566-1.jpg\"},{\"@type\":\"BreadcrumbList\",\"@id\":\"https:\/\/www.blogsoestado.com\/danielmatos\/outrora-bolsonarista-deputado-maranhense-vira-vice-lider-do-governo-lula-na-camara-federal-e-deve-votar-sim-ao-pl-da-censura\/#breadcrumb\",\"itemListElement\":[{\"@type\":\"ListItem\",\"position\":1,\"name\":\"In\u00edcio\",\"item\":\"https:\/\/www.blogsoestado.com\/danielmatos\/\"},{\"@type\":\"ListItem\",\"position\":2,\"name\":\"Outrora indeciso sobre o PL da Censura, ex-bolsonarista Marreca Filho vira vice-l\u00edder do governo Lula na C\u00e2mara Federal e deve votar sim \u00e0 proposta\"}]},{\"@type\":\"WebSite\",\"@id\":\"https:\/\/www.blogsoestado.com\/danielmatos\/#website\",\"url\":\"https:\/\/www.blogsoestado.com\/danielmatos\/\",\"name\":\"Daniel Matos\",\"description\":\"\",\"potentialAction\":[{\"@type\":\"SearchAction\",\"target\":{\"@type\":\"EntryPoint\",\"urlTemplate\":\"https:\/\/www.blogsoestado.com\/danielmatos\/?s={search_term_string}\"},\"query-input\":{\"@type\":\"PropertyValueSpecification\",\"valueRequired\":true,\"valueName\":\"search_term_string\"}}],\"inLanguage\":\"pt-BR\"}]}<\/script>\n<!-- \/ Yoast SEO plugin. -->","yoast_head_json":{"title":"Outrora indeciso sobre o PL da Censura, ex-bolsonarista Marreca Filho vira vice-l\u00edder do governo Lula na C\u00e2mara Federal e deve votar sim \u00e0 proposta - Daniel Matos","robots":{"index":"index","follow":"follow","max-snippet":"max-snippet:-1","max-image-preview":"max-image-preview:large","max-video-preview":"max-video-preview:-1"},"canonical":"https:\/\/www.blogsoestado.com\/danielmatos\/outrora-bolsonarista-deputado-maranhense-vira-vice-lider-do-governo-lula-na-camara-federal-e-deve-votar-sim-ao-pl-da-censura\/","og_locale":"pt_BR","og_type":"article","og_title":"Outrora indeciso sobre o PL da Censura, ex-bolsonarista Marreca Filho vira vice-l\u00edder do governo Lula na C\u00e2mara Federal e deve votar sim \u00e0 proposta - Daniel Matos","og_description":"O deputado maranhense Marreca Filho (Patriota) foi nomeado nessa segunda-feira (8) vice-l\u00edder do governo Lula na C\u00e2mara Federal. Outrora aliado [&hellip;]","og_url":"https:\/\/www.blogsoestado.com\/danielmatos\/outrora-bolsonarista-deputado-maranhense-vira-vice-lider-do-governo-lula-na-camara-federal-e-deve-votar-sim-ao-pl-da-censura\/","og_site_name":"Daniel Matos","article_published_time":"2023-05-09T12:56:15+00:00","og_image":[{"url":"https:\/\/www.blogsoestado.com\/danielmatos\/files\/2023\/05\/204566-1.jpg","type":"","width":"","height":""}],"twitter_card":"summary_large_image","twitter_misc":{"Est. tempo de leitura":"2 minutos"},"schema":{"@context":"https:\/\/schema.org","@graph":[{"@type":"WebPage","@id":"https:\/\/www.blogsoestado.com\/danielmatos\/outrora-bolsonarista-deputado-maranhense-vira-vice-lider-do-governo-lula-na-camara-federal-e-deve-votar-sim-ao-pl-da-censura\/","url":"https:\/\/www.blogsoestado.com\/danielmatos\/outrora-bolsonarista-deputado-maranhense-vira-vice-lider-do-governo-lula-na-camara-federal-e-deve-votar-sim-ao-pl-da-censura\/","name":"Outrora indeciso sobre o PL da Censura, ex-bolsonarista Marreca Filho vira vice-l\u00edder do governo Lula na C\u00e2mara Federal e deve votar sim \u00e0 proposta - Daniel Matos","isPartOf":{"@id":"https:\/\/www.blogsoestado.com\/danielmatos\/#website"},"primaryImageOfPage":{"@id":"https:\/\/www.blogsoestado.com\/danielmatos\/outrora-bolsonarista-deputado-maranhense-vira-vice-lider-do-governo-lula-na-camara-federal-e-deve-votar-sim-ao-pl-da-censura\/#primaryimage"},"image":{"@id":"https:\/\/www.blogsoestado.com\/danielmatos\/outrora-bolsonarista-deputado-maranhense-vira-vice-lider-do-governo-lula-na-camara-federal-e-deve-votar-sim-ao-pl-da-censura\/#primaryimage"},"thumbnailUrl":"https:\/\/www.blogsoestado.com\/danielmatos\/files\/2023\/05\/204566-1.jpg","datePublished":"2023-05-09T12:56:15+00:00","author":{"@id":""},"breadcrumb":{"@id":"https:\/\/www.blogsoestado.com\/danielmatos\/outrora-bolsonarista-deputado-maranhense-vira-vice-lider-do-governo-lula-na-camara-federal-e-deve-votar-sim-ao-pl-da-censura\/#breadcrumb"},"inLanguage":"pt-BR","potentialAction":[{"@type":"ReadAction","target":["https:\/\/www.blogsoestado.com\/danielmatos\/outrora-bolsonarista-deputado-maranhense-vira-vice-lider-do-governo-lula-na-camara-federal-e-deve-votar-sim-ao-pl-da-censura\/"]}]},{"@type":"ImageObject","inLanguage":"pt-BR","@id":"https:\/\/www.blogsoestado.com\/danielmatos\/outrora-bolsonarista-deputado-maranhense-vira-vice-lider-do-governo-lula-na-camara-federal-e-deve-votar-sim-ao-pl-da-censura\/#primaryimage","url":"https:\/\/www.blogsoestado.com\/danielmatos\/files\/2023\/05\/204566-1.jpg","contentUrl":"https:\/\/www.blogsoestado.com\/danielmatos\/files\/2023\/05\/204566-1.jpg"},{"@type":"BreadcrumbList","@id":"https:\/\/www.blogsoestado.com\/danielmatos\/outrora-bolsonarista-deputado-maranhense-vira-vice-lider-do-governo-lula-na-camara-federal-e-deve-votar-sim-ao-pl-da-censura\/#breadcrumb","itemListElement":[{"@type":"ListItem","position":1,"name":"In\u00edcio","item":"https:\/\/www.blogsoestado.com\/danielmatos\/"},{"@type":"ListItem","position":2,"name":"Outrora indeciso sobre o PL da Censura, ex-bolsonarista Marreca Filho vira vice-l\u00edder do governo Lula na C\u00e2mara Federal e deve votar sim \u00e0 proposta"}]},{"@type":"WebSite","@id":"https:\/\/www.blogsoestado.com\/danielmatos\/#website","url":"https:\/\/www.blogsoestado.com\/danielmatos\/","name":"Daniel Matos","description":"","potentialAction":[{"@type":"SearchAction","target":{"@type":"EntryPoint","urlTemplate":"https:\/\/www.blogsoestado.com\/danielmatos\/?s={search_term_string}"},"query-input":{"@type":"PropertyValueSpecification","valueRequired":true,"valueName":"search_term_string"}}],"inLanguage":"pt-BR"}]}},"jetpack_featured_media_url":"","_links":{"self":[{"href":"https:\/\/www.blogsoestado.com\/danielmatos\/wp-json\/wp\/v2\/posts\/109460","targetHints":{"allow":["GET"]}}],"collection":[{"href":"https:\/\/www.blogsoestado.com\/danielmatos\/wp-json\/wp\/v2\/posts"}],"about":[{"href":"https:\/\/www.blogsoestado.com\/danielmatos\/wp-json\/wp\/v2\/types\/post"}],"replies":[{"embeddable":true,"href":"https:\/\/www.blogsoestado.com\/danielmatos\/wp-json\/wp\/v2\/comments?post=109460"}],"version-history":[{"count":0,"href":"https:\/\/www.blogsoestado.com\/danielmatos\/wp-json\/wp\/v2\/posts\/109460\/revisions"}],"wp:attachment":[{"href":"https:\/\/www.blogsoestado.com\/danielmatos\/wp-json\/wp\/v2\/media?parent=109460"}],"wp:term":[{"taxonomy":"category","embeddable":true,"href":"https:\/\/www.blogsoestado.com\/danielmatos\/wp-json\/wp\/v2\/categories?post=109460"},{"taxonomy":"post_tag","embeddable":true,"href":"https:\/\/www.blogsoestado.com\/danielmatos\/wp-json\/wp\/v2\/tags?post=109460"}],"curies":[{"name":"wp","href":"https:\/\/api.w.org\/{rel}","templated":true}]}}