{"id":109475,"date":"2023-05-09T19:33:58","date_gmt":"2023-05-09T22:33:58","guid":{"rendered":"https:\/\/www.blogsoestado.com\/danielmatos\/?p=109475"},"modified":"2023-05-09T19:33:58","modified_gmt":"2023-05-09T22:33:58","slug":"em-prestigiada-solenidade-prefeita-paula-azevedo-abre-campanha-maio-amarelo-em-paco-do-lumiar","status":"publish","type":"post","link":"https:\/\/www.blogsoestado.com\/danielmatos\/em-prestigiada-solenidade-prefeita-paula-azevedo-abre-campanha-maio-amarelo-em-paco-do-lumiar\/","title":{"rendered":"Em prestigiada solenidade, prefeita Paula Azevedo abre campanha Maio Amarelo em Pa\u00e7o do Lumiar"},"content":{"rendered":"\n<div class=\"wp-block-image\"><figure class=\"aligncenter size-large\"><a href=\"https:\/\/www.blogsoestado.com\/danielmatos\/files\/2023\/05\/Screenshot_20230509-1920322.png\"><img decoding=\"async\" src=\"https:\/\/www.blogsoestado.com\/danielmatos\/files\/2023\/05\/Screenshot_20230509-1920322.png\" alt=\"\" class=\"wp-image-109478\"\/><\/a><figcaption>A prefeita Paula Azevedo com gestores de tr\u00e2nsito de Pa\u00e7o do Lumiar no lan\u00e7amento da campanha Maio Amarelo no munic\u00edpio<\/figcaption><\/figure><\/div>\n\n\n\n<p>A prefeita de Pa\u00e7o do Lumiar, munic\u00edpio da regi\u00e3o metropolitana de S\u00e3o Lu\u00eds, Paula Azevedo(PCdoB), conduziu, na manh\u00e3 desta ter\u00e7a-feira (9), no audit\u00f3rio do Instituto de Ensino Superior Franciscano (IESF), no Maiob\u00e3o, a solenidade de lan\u00e7amento da campanha Maio Amarelo, que este ano tem como tema \u201cNo Tr\u00e2nsito, Escolha a Vida\u201d.&nbsp;<\/p>\n\n\n\n<p>No evento, que contou com a presen\u00e7a de autoridades locais e estadual, o vice-presidente da Ag\u00eancia de Mobilidade Urbana do Governo do Estado (MOB), Ronaldo Braga, representou o governador Carlos Brand\u00e3o(PSB).<\/p>\n\n\n\n<div class=\"wp-block-image\"><figure class=\"aligncenter size-large\"><a href=\"https:\/\/www.blogsoestado.com\/danielmatos\/files\/2023\/05\/Screenshot_20230509-1921052.png\"><img decoding=\"async\" src=\"https:\/\/www.blogsoestado.com\/danielmatos\/files\/2023\/05\/Screenshot_20230509-1921052.png\" alt=\"\" class=\"wp-image-109479\"\/><\/a><figcaption>A prefeita Paula Azevedo em registro com agentes de fiscaliza\u00e7\u00e3o de tr\u00e2nsito de Pa\u00e7o do Lumiar <\/figcaption><\/figure><\/div>\n\n\n\n<p>O movimento Maio Amarelo foi criado pelo Observat\u00f3rio Nacional de Seguran\u00e7a Vi\u00e1ria em 2014 e tem como objetivo chamar aten\u00e7\u00e3o da sociedade para o alto \u00edndice de mortes e feridos no tr\u00e2nsito.\u00a0 Ao fazer uso da fala, a prefeita ressaltou a import\u00e2ncia da soma de esfor\u00e7os para que as a\u00e7\u00f5es produzam o resultado esperado.<\/p>\n\n\n\n<p>\u201cTemos um m\u00eas dedicado a blitz educativa em ruas, pra\u00e7as e rotat\u00f3rias da cidade, bem como palestras nas escolas, com a finalidade de envolver crian\u00e7as, jovens e adultos, e para alcan\u00e7ar o objetivo de demonstrar o quanto a vida \u00e9 importante, faz- se necess\u00e1rio o engajamento,\u00a0 compromisso e aten\u00e7\u00e3o de todos\u201d, ressaltou a prefeita.<\/p>\n\n\n\n<div class=\"wp-block-image\"><figure class=\"aligncenter size-large\"><a href=\"https:\/\/www.blogsoestado.com\/danielmatos\/files\/2023\/05\/Screenshot_20230509-1921322.png\"><img decoding=\"async\" src=\"https:\/\/www.blogsoestado.com\/danielmatos\/files\/2023\/05\/Screenshot_20230509-1921322.png\" alt=\"\" class=\"wp-image-109480\"\/><\/a><figcaption>Paula Azevedo e equipe de gestores de tr\u00e2nsito exibem certificado alusivo \u00e0 campanha Maio Amarelo<\/figcaption><\/figure><\/div>\n\n\n\n<p>O secret\u00e1rio municipal de Mobilidade Urbana de Pa\u00e7o do Lumiar (SEMUR), P\u00e1dua Nazareno, lembrou que a Campanha Maio Amarelo \u00e9 mais um esfor\u00e7o dos \u00f3rg\u00e3os que trabalham com educa\u00e7\u00e3o para o tr\u00e2nsito, no sentido de reduzir os dados estat\u00edsticos. \u201cHoje, ainda se observa o elevado n\u00famero de v\u00edtimas nas ocorr\u00eancias, e atrav\u00e9s do Maio Amarelo, nos mobilizamos objetivando reduzir os acidentes fatais ou n\u00e3o, j\u00e1 que esse feito depende muito da mudan\u00e7a de comportamento e da forma como as pessoas se comportam no tr\u00e2nsito\u201d, esclareceu.<\/p>\n\n\n\n<div class=\"wp-block-image\"><figure class=\"aligncenter size-large\"><a href=\"https:\/\/www.blogsoestado.com\/danielmatos\/files\/2023\/05\/Screenshot_20230509-1921592.png\"><img decoding=\"async\" src=\"https:\/\/www.blogsoestado.com\/danielmatos\/files\/2023\/05\/Screenshot_20230509-1921592.png\" alt=\"\" class=\"wp-image-109481\"\/><\/a><figcaption>Cerim\u00f4nia de lan\u00e7amento da campanha Maio Amarelo em Pa\u00e7o do Lumiar foi bastante prestigiada, inclusive por estudantes <\/figcaption><\/figure><\/div>\n\n\n\n<p>O vice-presidente da MOB, Ronaldo Braga, parabenizou o planejamento em rela\u00e7\u00e3o \u00e0 campanha e enfatizou a import\u00e2ncia da parceria entre Estado e Munic\u00edpio para garantir mais seguran\u00e7a no tr\u00e2nsito. \u201cEstou aqui\u00a0 com o apoio do nosso governador Brand\u00e3o para parabenizar esta iniciativa louv\u00e1vel, que deveria ser seguida por mais de 5 mil prefeituras em todo o pa\u00eds. Se todos tivessem o apoio, como aqui, certeza que salvar\u00edamos muito mais vidas\u201d, comentou o presidente.<\/p>\n","protected":false},"excerpt":{"rendered":"<p>A prefeita de Pa\u00e7o do Lumiar, munic\u00edpio da regi\u00e3o metropolitana de S\u00e3o Lu\u00eds, Paula Azevedo(PCdoB), conduziu, na manh\u00e3 desta ter\u00e7a-feira [&hellip;]<\/p>\n","protected":false},"author":0,"featured_media":0,"comment_status":"open","ping_status":"open","sticky":false,"template":"","format":"standard","meta":{"site-sidebar-layout":"default","site-content-layout":"","ast-site-content-layout":"default","site-content-style":"default","site-sidebar-style":"default","ast-global-header-display":"","ast-banner-title-visibility":"","ast-main-header-display":"","ast-hfb-above-header-display":"","ast-hfb-below-header-display":"","ast-hfb-mobile-header-display":"","site-post-title":"","ast-breadcrumbs-content":"","ast-featured-img":"","footer-sml-layout":"","ast-disable-related-posts":"","theme-transparent-header-meta":"","adv-header-id-meta":"","stick-header-meta":"","header-above-stick-meta":"","header-main-stick-meta":"","header-below-stick-meta":"","astra-migrate-meta-layouts":"default","ast-page-background-enabled":"default","ast-page-background-meta":{"desktop":{"background-color":"var(--ast-global-color-5)","background-image":"","background-repeat":"repeat","background-position":"center center","background-size":"auto","background-attachment":"scroll","background-type":"","background-media":"","overlay-type":"","overlay-color":"","overlay-opacity":"","overlay-gradient":""},"tablet":{"background-color":"","background-image":"","background-repeat":"repeat","background-position":"center center","background-size":"auto","background-attachment":"scroll","background-type":"","background-media":"","overlay-type":"","overlay-color":"","overlay-opacity":"","overlay-gradient":""},"mobile":{"background-color":"","background-image":"","background-repeat":"repeat","background-position":"center center","background-size":"auto","background-attachment":"scroll","background-type":"","background-media":"","overlay-type":"","overlay-color":"","overlay-opacity":"","overlay-gradient":""}},"ast-content-background-meta":{"desktop":{"background-color":"var(--ast-global-color-4)","background-image":"","background-repeat":"repeat","background-position":"center center","background-size":"auto","background-attachment":"scroll","background-type":"","background-media":"","overlay-type":"","overlay-color":"","overlay-opacity":"","overlay-gradient":""},"tablet":{"background-color":"var(--ast-global-color-4)","background-image":"","background-repeat":"repeat","background-position":"center center","background-size":"auto","background-attachment":"scroll","background-type":"","background-media":"","overlay-type":"","overlay-color":"","overlay-opacity":"","overlay-gradient":""},"mobile":{"background-color":"var(--ast-global-color-4)","background-image":"","background-repeat":"repeat","background-position":"center center","background-size":"auto","background-attachment":"scroll","background-type":"","background-media":"","overlay-type":"","overlay-color":"","overlay-opacity":"","overlay-gradient":""}},"footnotes":""},"categories":[1],"tags":[],"class_list":["post-109475","post","type-post","status-publish","format-standard","hentry","category-sem-categoria"],"yoast_head":"<!-- This site is optimized with the Yoast SEO plugin v26.6 - https:\/\/yoast.com\/wordpress\/plugins\/seo\/ -->\n<title>Em prestigiada solenidade, prefeita Paula Azevedo abre campanha Maio Amarelo em Pa\u00e7o do Lumiar - Daniel Matos<\/title>\n<meta name=\"robots\" content=\"index, follow, max-snippet:-1, max-image-preview:large, max-video-preview:-1\" \/>\n<link rel=\"canonical\" href=\"https:\/\/www.blogsoestado.com\/danielmatos\/em-prestigiada-solenidade-prefeita-paula-azevedo-abre-campanha-maio-amarelo-em-paco-do-lumiar\/\" \/>\n<meta property=\"og:locale\" content=\"pt_BR\" \/>\n<meta property=\"og:type\" content=\"article\" \/>\n<meta property=\"og:title\" content=\"Em prestigiada solenidade, prefeita Paula Azevedo abre campanha Maio Amarelo em Pa\u00e7o do Lumiar - Daniel Matos\" \/>\n<meta property=\"og:description\" content=\"A prefeita de Pa\u00e7o do Lumiar, munic\u00edpio da regi\u00e3o metropolitana de S\u00e3o Lu\u00eds, Paula Azevedo(PCdoB), conduziu, na manh\u00e3 desta ter\u00e7a-feira [&hellip;]\" \/>\n<meta property=\"og:url\" content=\"https:\/\/www.blogsoestado.com\/danielmatos\/em-prestigiada-solenidade-prefeita-paula-azevedo-abre-campanha-maio-amarelo-em-paco-do-lumiar\/\" \/>\n<meta property=\"og:site_name\" content=\"Daniel Matos\" \/>\n<meta property=\"article:published_time\" content=\"2023-05-09T22:33:58+00:00\" \/>\n<meta property=\"og:image\" content=\"https:\/\/www.blogsoestado.com\/danielmatos\/files\/2023\/05\/Screenshot_20230509-1920322.png\" \/>\n<meta name=\"twitter:card\" content=\"summary_large_image\" \/>\n<meta name=\"twitter:label1\" content=\"Est. tempo de leitura\" \/>\n\t<meta name=\"twitter:data1\" content=\"3 minutos\" \/>\n<script type=\"application\/ld+json\" class=\"yoast-schema-graph\">{\"@context\":\"https:\/\/schema.org\",\"@graph\":[{\"@type\":\"WebPage\",\"@id\":\"https:\/\/www.blogsoestado.com\/danielmatos\/em-prestigiada-solenidade-prefeita-paula-azevedo-abre-campanha-maio-amarelo-em-paco-do-lumiar\/\",\"url\":\"https:\/\/www.blogsoestado.com\/danielmatos\/em-prestigiada-solenidade-prefeita-paula-azevedo-abre-campanha-maio-amarelo-em-paco-do-lumiar\/\",\"name\":\"Em prestigiada solenidade, prefeita Paula Azevedo abre campanha Maio Amarelo em Pa\u00e7o do Lumiar - Daniel Matos\",\"isPartOf\":{\"@id\":\"https:\/\/www.blogsoestado.com\/danielmatos\/#website\"},\"primaryImageOfPage\":{\"@id\":\"https:\/\/www.blogsoestado.com\/danielmatos\/em-prestigiada-solenidade-prefeita-paula-azevedo-abre-campanha-maio-amarelo-em-paco-do-lumiar\/#primaryimage\"},\"image\":{\"@id\":\"https:\/\/www.blogsoestado.com\/danielmatos\/em-prestigiada-solenidade-prefeita-paula-azevedo-abre-campanha-maio-amarelo-em-paco-do-lumiar\/#primaryimage\"},\"thumbnailUrl\":\"https:\/\/www.blogsoestado.com\/danielmatos\/files\/2023\/05\/Screenshot_20230509-1920322.png\",\"datePublished\":\"2023-05-09T22:33:58+00:00\",\"author\":{\"@id\":\"\"},\"breadcrumb\":{\"@id\":\"https:\/\/www.blogsoestado.com\/danielmatos\/em-prestigiada-solenidade-prefeita-paula-azevedo-abre-campanha-maio-amarelo-em-paco-do-lumiar\/#breadcrumb\"},\"inLanguage\":\"pt-BR\",\"potentialAction\":[{\"@type\":\"ReadAction\",\"target\":[\"https:\/\/www.blogsoestado.com\/danielmatos\/em-prestigiada-solenidade-prefeita-paula-azevedo-abre-campanha-maio-amarelo-em-paco-do-lumiar\/\"]}]},{\"@type\":\"ImageObject\",\"inLanguage\":\"pt-BR\",\"@id\":\"https:\/\/www.blogsoestado.com\/danielmatos\/em-prestigiada-solenidade-prefeita-paula-azevedo-abre-campanha-maio-amarelo-em-paco-do-lumiar\/#primaryimage\",\"url\":\"https:\/\/www.blogsoestado.com\/danielmatos\/files\/2023\/05\/Screenshot_20230509-1920322.png\",\"contentUrl\":\"https:\/\/www.blogsoestado.com\/danielmatos\/files\/2023\/05\/Screenshot_20230509-1920322.png\"},{\"@type\":\"BreadcrumbList\",\"@id\":\"https:\/\/www.blogsoestado.com\/danielmatos\/em-prestigiada-solenidade-prefeita-paula-azevedo-abre-campanha-maio-amarelo-em-paco-do-lumiar\/#breadcrumb\",\"itemListElement\":[{\"@type\":\"ListItem\",\"position\":1,\"name\":\"In\u00edcio\",\"item\":\"https:\/\/www.blogsoestado.com\/danielmatos\/\"},{\"@type\":\"ListItem\",\"position\":2,\"name\":\"Em prestigiada solenidade, prefeita Paula Azevedo abre campanha Maio Amarelo em Pa\u00e7o do Lumiar\"}]},{\"@type\":\"WebSite\",\"@id\":\"https:\/\/www.blogsoestado.com\/danielmatos\/#website\",\"url\":\"https:\/\/www.blogsoestado.com\/danielmatos\/\",\"name\":\"Daniel Matos\",\"description\":\"\",\"potentialAction\":[{\"@type\":\"SearchAction\",\"target\":{\"@type\":\"EntryPoint\",\"urlTemplate\":\"https:\/\/www.blogsoestado.com\/danielmatos\/?s={search_term_string}\"},\"query-input\":{\"@type\":\"PropertyValueSpecification\",\"valueRequired\":true,\"valueName\":\"search_term_string\"}}],\"inLanguage\":\"pt-BR\"}]}<\/script>\n<!-- \/ Yoast SEO plugin. -->","yoast_head_json":{"title":"Em prestigiada solenidade, prefeita Paula Azevedo abre campanha Maio Amarelo em Pa\u00e7o do Lumiar - Daniel Matos","robots":{"index":"index","follow":"follow","max-snippet":"max-snippet:-1","max-image-preview":"max-image-preview:large","max-video-preview":"max-video-preview:-1"},"canonical":"https:\/\/www.blogsoestado.com\/danielmatos\/em-prestigiada-solenidade-prefeita-paula-azevedo-abre-campanha-maio-amarelo-em-paco-do-lumiar\/","og_locale":"pt_BR","og_type":"article","og_title":"Em prestigiada solenidade, prefeita Paula Azevedo abre campanha Maio Amarelo em Pa\u00e7o do Lumiar - Daniel Matos","og_description":"A prefeita de Pa\u00e7o do Lumiar, munic\u00edpio da regi\u00e3o metropolitana de S\u00e3o Lu\u00eds, Paula Azevedo(PCdoB), conduziu, na manh\u00e3 desta ter\u00e7a-feira [&hellip;]","og_url":"https:\/\/www.blogsoestado.com\/danielmatos\/em-prestigiada-solenidade-prefeita-paula-azevedo-abre-campanha-maio-amarelo-em-paco-do-lumiar\/","og_site_name":"Daniel Matos","article_published_time":"2023-05-09T22:33:58+00:00","og_image":[{"url":"https:\/\/www.blogsoestado.com\/danielmatos\/files\/2023\/05\/Screenshot_20230509-1920322.png","type":"","width":"","height":""}],"twitter_card":"summary_large_image","twitter_misc":{"Est. tempo de leitura":"3 minutos"},"schema":{"@context":"https:\/\/schema.org","@graph":[{"@type":"WebPage","@id":"https:\/\/www.blogsoestado.com\/danielmatos\/em-prestigiada-solenidade-prefeita-paula-azevedo-abre-campanha-maio-amarelo-em-paco-do-lumiar\/","url":"https:\/\/www.blogsoestado.com\/danielmatos\/em-prestigiada-solenidade-prefeita-paula-azevedo-abre-campanha-maio-amarelo-em-paco-do-lumiar\/","name":"Em prestigiada solenidade, prefeita Paula Azevedo abre campanha Maio Amarelo em Pa\u00e7o do Lumiar - Daniel Matos","isPartOf":{"@id":"https:\/\/www.blogsoestado.com\/danielmatos\/#website"},"primaryImageOfPage":{"@id":"https:\/\/www.blogsoestado.com\/danielmatos\/em-prestigiada-solenidade-prefeita-paula-azevedo-abre-campanha-maio-amarelo-em-paco-do-lumiar\/#primaryimage"},"image":{"@id":"https:\/\/www.blogsoestado.com\/danielmatos\/em-prestigiada-solenidade-prefeita-paula-azevedo-abre-campanha-maio-amarelo-em-paco-do-lumiar\/#primaryimage"},"thumbnailUrl":"https:\/\/www.blogsoestado.com\/danielmatos\/files\/2023\/05\/Screenshot_20230509-1920322.png","datePublished":"2023-05-09T22:33:58+00:00","author":{"@id":""},"breadcrumb":{"@id":"https:\/\/www.blogsoestado.com\/danielmatos\/em-prestigiada-solenidade-prefeita-paula-azevedo-abre-campanha-maio-amarelo-em-paco-do-lumiar\/#breadcrumb"},"inLanguage":"pt-BR","potentialAction":[{"@type":"ReadAction","target":["https:\/\/www.blogsoestado.com\/danielmatos\/em-prestigiada-solenidade-prefeita-paula-azevedo-abre-campanha-maio-amarelo-em-paco-do-lumiar\/"]}]},{"@type":"ImageObject","inLanguage":"pt-BR","@id":"https:\/\/www.blogsoestado.com\/danielmatos\/em-prestigiada-solenidade-prefeita-paula-azevedo-abre-campanha-maio-amarelo-em-paco-do-lumiar\/#primaryimage","url":"https:\/\/www.blogsoestado.com\/danielmatos\/files\/2023\/05\/Screenshot_20230509-1920322.png","contentUrl":"https:\/\/www.blogsoestado.com\/danielmatos\/files\/2023\/05\/Screenshot_20230509-1920322.png"},{"@type":"BreadcrumbList","@id":"https:\/\/www.blogsoestado.com\/danielmatos\/em-prestigiada-solenidade-prefeita-paula-azevedo-abre-campanha-maio-amarelo-em-paco-do-lumiar\/#breadcrumb","itemListElement":[{"@type":"ListItem","position":1,"name":"In\u00edcio","item":"https:\/\/www.blogsoestado.com\/danielmatos\/"},{"@type":"ListItem","position":2,"name":"Em prestigiada solenidade, prefeita Paula Azevedo abre campanha Maio Amarelo em Pa\u00e7o do Lumiar"}]},{"@type":"WebSite","@id":"https:\/\/www.blogsoestado.com\/danielmatos\/#website","url":"https:\/\/www.blogsoestado.com\/danielmatos\/","name":"Daniel Matos","description":"","potentialAction":[{"@type":"SearchAction","target":{"@type":"EntryPoint","urlTemplate":"https:\/\/www.blogsoestado.com\/danielmatos\/?s={search_term_string}"},"query-input":{"@type":"PropertyValueSpecification","valueRequired":true,"valueName":"search_term_string"}}],"inLanguage":"pt-BR"}]}},"jetpack_featured_media_url":"","_links":{"self":[{"href":"https:\/\/www.blogsoestado.com\/danielmatos\/wp-json\/wp\/v2\/posts\/109475","targetHints":{"allow":["GET"]}}],"collection":[{"href":"https:\/\/www.blogsoestado.com\/danielmatos\/wp-json\/wp\/v2\/posts"}],"about":[{"href":"https:\/\/www.blogsoestado.com\/danielmatos\/wp-json\/wp\/v2\/types\/post"}],"replies":[{"embeddable":true,"href":"https:\/\/www.blogsoestado.com\/danielmatos\/wp-json\/wp\/v2\/comments?post=109475"}],"version-history":[{"count":0,"href":"https:\/\/www.blogsoestado.com\/danielmatos\/wp-json\/wp\/v2\/posts\/109475\/revisions"}],"wp:attachment":[{"href":"https:\/\/www.blogsoestado.com\/danielmatos\/wp-json\/wp\/v2\/media?parent=109475"}],"wp:term":[{"taxonomy":"category","embeddable":true,"href":"https:\/\/www.blogsoestado.com\/danielmatos\/wp-json\/wp\/v2\/categories?post=109475"},{"taxonomy":"post_tag","embeddable":true,"href":"https:\/\/www.blogsoestado.com\/danielmatos\/wp-json\/wp\/v2\/tags?post=109475"}],"curies":[{"name":"wp","href":"https:\/\/api.w.org\/{rel}","templated":true}]}}