{"id":109483,"date":"2023-05-09T20:19:14","date_gmt":"2023-05-09T23:19:14","guid":{"rendered":"https:\/\/www.blogsoestado.com\/danielmatos\/?p=109483"},"modified":"2023-05-09T20:19:14","modified_gmt":"2023-05-09T23:19:14","slug":"paulo-victor-destinara-emendas-no-valor-de-r-370-mil-para-festa-de-sao-marcal","status":"publish","type":"post","link":"https:\/\/www.blogsoestado.com\/danielmatos\/paulo-victor-destinara-emendas-no-valor-de-r-370-mil-para-festa-de-sao-marcal\/","title":{"rendered":"Paulo Victor destinar\u00e1 emendas no valor de R$ 370 mil para festa de S\u00e3o Mar\u00e7al"},"content":{"rendered":"\n<p><em><strong><span class=\"has-inline-color has-vivid-red-color\">An\u00fancio ocorreu durante a sess\u00e3o plen\u00e1ria desta ter\u00e7a-feira no Legislativo ludovicense<\/span><\/strong><\/em><\/p>\n\n\n\n<div class=\"wp-block-image\"><figure class=\"aligncenter size-large\"><a href=\"https:\/\/www.blogsoestado.com\/danielmatos\/files\/2023\/05\/Screenshot_20230509-2010112.png\"><img decoding=\"async\" src=\"https:\/\/www.blogsoestado.com\/danielmatos\/files\/2023\/05\/Screenshot_20230509-2010112.png\" alt=\"\" class=\"wp-image-109484\"\/><\/a><figcaption>O presidente da C\u00e2mara Municipal de S\u00e3o Lu\u00eds, Paulo Victor, cumprimenta brincante de bumba meu boi que levou seu pandeir\u00e3o para a sess\u00e3o plen\u00e1ria<\/figcaption><\/figure><\/div>\n\n\n\n<p>O presidente da C\u00e2mara Municipal de S\u00e3o Lu\u00eds, Paulo Victor (PCdoB) anunciou a destina\u00e7\u00e3o de emendas parlamentares no valor de R$ 370 mil reais para Festa de Mar\u00e7al que ocorre todos os anos na madrugada do dia 30 de junho, reunindo milhares de brincantes de bumba meu boi, no bairro do Jo\u00e3o Paulo, na capital maranhense.<\/p>\n\n\n\n<p>\u201cN\u00f3s temos uma reclama\u00e7\u00e3o ativa ao longo dos anos sobre a contribui\u00e7\u00e3o dos poderes tanto do estado quanto do munic\u00edpio em rela\u00e7\u00e3o \u00e0s atividades que s\u00e3o desempenhadas no S\u00e3o Mar\u00e7al, que \u00e9 o maior cortejo popular e folcl\u00f3rico do mundo e que acontece no bairro do Jo\u00e3o Paulo, sobretudo, o Governo do Estado \u2013 eu estive na pasta no ano passado -manteve, mant\u00e9m e, acredito que manter\u00e1 sua estrutura de som e a estrutura para passagem das brincadeiras na avenida. Eu sei da labuta e da for\u00e7a que todos os integrantes e donos de bumba-boi fazem para passar e se manterem naquele circuito que \u00e9 hist\u00f3rico. Por isso, eu anuncio em p\u00fablico aqui, a destina\u00e7\u00e3o de toda a minha emenda parlamentar de R$ 370 mil reais para a festa de S\u00e3o Mar\u00e7al para que sejam pagos os cach\u00eas destas entidades folcl\u00f3ricas e juninas\u201d, declarou. <\/p>\n\n\n\n<p>O an\u00fancio foi feito durante a sess\u00e3o ordin\u00e1ria desta ter\u00e7a-feira (09) e ocorreu, ap\u00f3s sugest\u00f5es apresentadas por um dos vereadores, que participaram dos trabalhos legislativos. Em seu discurso, o chefe do Legislativo ludovicense falou dos desafios que as brincadeiras enfrentam todos os anos para participar do evento que vai completar 96 anos em 2023.<\/p>\n\n\n\n<p>\u201cO meu maior e macro respeito pelo que voc\u00eas [donos de brincadeiras] fazem por nossa cultura e por nossa cidade, cujo eixo cultural mant\u00e9m nossa cidade hist\u00f3rica no plano mundial. Muito obrigado a todos e aos colegas pela disposi\u00e7\u00e3o da ideia\u201d, completou.<\/p>\n\n\n\n<div class=\"wp-block-image\"><figure class=\"aligncenter size-large\"><a href=\"https:\/\/www.blogsoestado.com\/danielmatos\/files\/2023\/05\/Screenshot_20230509-2011162.png\"><img decoding=\"async\" src=\"https:\/\/www.blogsoestado.com\/danielmatos\/files\/2023\/05\/Screenshot_20230509-2011162.png\" alt=\"\" class=\"wp-image-109486\"\/><\/a><figcaption>Paulo Victor anuncia a destina\u00e7\u00e3o das emendas no valor de R$ 370 para apoiar o festejo de S\u00e3o Mar\u00e7al, no bairro Jo\u00e3o Paulo<\/figcaption><\/figure><\/div>\n\n\n\n<p><strong>Como surgiu?<\/strong><\/p>\n\n\n\n<p>A festa de S\u00e3o Mar\u00e7al ocorre no dia 30 de junho, marcado pelo Encontro dos Batalh\u00f5es de Bumba Meu Boi, no bairro do Jo\u00e3o Paulo, reunindo bois de matraca, com in\u00edcio desde as 6h da manh\u00e3 e se estendendo at\u00e9 a madrugada do dia 1\u00b0 de julho. Durante todo o dia, cerca de 300 mil pessoas participam da festa. As atra\u00e7\u00f5es mais aguardadas s\u00e3o os bois da Maioba, Maracan\u00e3, Pindoba, Igua\u00edba e S\u00e3o Jos\u00e9 de Ribamar.<\/p>\n\n\n\n<p>A festa de S\u00e3o Mar\u00e7al teria surgido a partir da proibi\u00e7\u00e3o aos grupos de bumba-meu-boi de seguirem para a \u00e1rea do centro da cidade, sob pretexto de manuten\u00e7\u00e3o da seguran\u00e7a, ordem e tranquilidade, em raz\u00e3o da discrimina\u00e7\u00e3o contra a cultura popular. Como a pol\u00edcia n\u00e3o permitia que os brincantes passassem do Areal do Jo\u00e3o Paulo, o local se tornou ponto de encontro dos grupos e foi se consolidando a cada ano e se expandindo.<\/p>\n\n\n\n<p>Outra vers\u00e3o afirma que o primeiro encontro de bois no Jo\u00e3o Paulo ocorreu em 29 de junho de 1928, quando os batalh\u00f5es do S\u00edtio do Apicum, o Boi do Lugar dos \u00cdndios, do povoado de S\u00e3o Jos\u00e9 dos \u00cdndios, em S\u00e3o Jos\u00e9 de Ribamar, (e talvez o Boi da Maioba) se reuniram sob o pedido de Jos\u00e9 Pac\u00edfico de Moraes, comerciante, apreciador da cultura popular, que resolveu reproduzir, em seu bairro, um encontro que j\u00e1 ocorria desde 1924, todo dia 29, em honra a S\u00e3o Pedro, na ent\u00e3o Vila do Anil. Com o passar dos anos, a brincadeira foi se multiplicando e sua aceita\u00e7\u00e3o nos bairros urbanos foi aumentando.<\/p>\n\n\n\n<div class=\"wp-block-image\"><figure class=\"aligncenter size-large\"><a href=\"https:\/\/www.blogsoestado.com\/danielmatos\/files\/2023\/05\/Screenshot_20230509-2010482.png\"><img decoding=\"async\" src=\"https:\/\/www.blogsoestado.com\/danielmatos\/files\/2023\/05\/Screenshot_20230509-2010482.png\" alt=\"\" class=\"wp-image-109485\"\/><\/a><figcaption>Dirigentes e brincantes de bumba meu boi comemoraram as a\u00e7\u00f5es do Poser Legislativo em favor da cultura popular <\/figcaption><\/figure><\/div>\n\n\n\n<p>O encontro ocorreu todos os anos at\u00e9 1949, quando se transferiu para o Monte Castelo, ficando l\u00e1 somente um ano. Depois, foi para o Bairro de F\u00e1tima, e passou por outros bairros at\u00e9 retornar ao Jo\u00e3o Paulo, em 1959. Somente na d\u00e9cada 1980, a festa ganhou a forma que tem hoje.<\/p>\n","protected":false},"excerpt":{"rendered":"<p>An\u00fancio ocorreu durante a sess\u00e3o plen\u00e1ria desta ter\u00e7a-feira no Legislativo ludovicense O presidente da C\u00e2mara Municipal de S\u00e3o Lu\u00eds, Paulo [&hellip;]<\/p>\n","protected":false},"author":0,"featured_media":0,"comment_status":"open","ping_status":"open","sticky":false,"template":"","format":"standard","meta":{"site-sidebar-layout":"default","site-content-layout":"","ast-site-content-layout":"default","site-content-style":"default","site-sidebar-style":"default","ast-global-header-display":"","ast-banner-title-visibility":"","ast-main-header-display":"","ast-hfb-above-header-display":"","ast-hfb-below-header-display":"","ast-hfb-mobile-header-display":"","site-post-title":"","ast-breadcrumbs-content":"","ast-featured-img":"","footer-sml-layout":"","ast-disable-related-posts":"","theme-transparent-header-meta":"","adv-header-id-meta":"","stick-header-meta":"","header-above-stick-meta":"","header-main-stick-meta":"","header-below-stick-meta":"","astra-migrate-meta-layouts":"default","ast-page-background-enabled":"default","ast-page-background-meta":{"desktop":{"background-color":"var(--ast-global-color-5)","background-image":"","background-repeat":"repeat","background-position":"center center","background-size":"auto","background-attachment":"scroll","background-type":"","background-media":"","overlay-type":"","overlay-color":"","overlay-opacity":"","overlay-gradient":""},"tablet":{"background-color":"","background-image":"","background-repeat":"repeat","background-position":"center center","background-size":"auto","background-attachment":"scroll","background-type":"","background-media":"","overlay-type":"","overlay-color":"","overlay-opacity":"","overlay-gradient":""},"mobile":{"background-color":"","background-image":"","background-repeat":"repeat","background-position":"center center","background-size":"auto","background-attachment":"scroll","background-type":"","background-media":"","overlay-type":"","overlay-color":"","overlay-opacity":"","overlay-gradient":""}},"ast-content-background-meta":{"desktop":{"background-color":"var(--ast-global-color-4)","background-image":"","background-repeat":"repeat","background-position":"center center","background-size":"auto","background-attachment":"scroll","background-type":"","background-media":"","overlay-type":"","overlay-color":"","overlay-opacity":"","overlay-gradient":""},"tablet":{"background-color":"var(--ast-global-color-4)","background-image":"","background-repeat":"repeat","background-position":"center center","background-size":"auto","background-attachment":"scroll","background-type":"","background-media":"","overlay-type":"","overlay-color":"","overlay-opacity":"","overlay-gradient":""},"mobile":{"background-color":"var(--ast-global-color-4)","background-image":"","background-repeat":"repeat","background-position":"center center","background-size":"auto","background-attachment":"scroll","background-type":"","background-media":"","overlay-type":"","overlay-color":"","overlay-opacity":"","overlay-gradient":""}},"footnotes":""},"categories":[1],"tags":[],"class_list":["post-109483","post","type-post","status-publish","format-standard","hentry","category-sem-categoria"],"yoast_head":"<!-- This site is optimized with the Yoast SEO plugin v26.6 - https:\/\/yoast.com\/wordpress\/plugins\/seo\/ -->\n<title>Paulo Victor destinar\u00e1 emendas no valor de R$ 370 mil para festa de S\u00e3o Mar\u00e7al - Daniel Matos<\/title>\n<meta name=\"robots\" content=\"index, follow, max-snippet:-1, max-image-preview:large, max-video-preview:-1\" \/>\n<link rel=\"canonical\" href=\"https:\/\/www.blogsoestado.com\/danielmatos\/paulo-victor-destinara-emendas-no-valor-de-r-370-mil-para-festa-de-sao-marcal\/\" \/>\n<meta property=\"og:locale\" content=\"pt_BR\" \/>\n<meta property=\"og:type\" content=\"article\" \/>\n<meta property=\"og:title\" content=\"Paulo Victor destinar\u00e1 emendas no valor de R$ 370 mil para festa de S\u00e3o Mar\u00e7al - Daniel Matos\" \/>\n<meta property=\"og:description\" content=\"An\u00fancio ocorreu durante a sess\u00e3o plen\u00e1ria desta ter\u00e7a-feira no Legislativo ludovicense O presidente da C\u00e2mara Municipal de S\u00e3o Lu\u00eds, Paulo [&hellip;]\" \/>\n<meta property=\"og:url\" content=\"https:\/\/www.blogsoestado.com\/danielmatos\/paulo-victor-destinara-emendas-no-valor-de-r-370-mil-para-festa-de-sao-marcal\/\" \/>\n<meta property=\"og:site_name\" content=\"Daniel Matos\" \/>\n<meta property=\"article:published_time\" content=\"2023-05-09T23:19:14+00:00\" \/>\n<meta property=\"og:image\" content=\"https:\/\/www.blogsoestado.com\/danielmatos\/files\/2023\/05\/Screenshot_20230509-2010112.png\" \/>\n<meta name=\"twitter:card\" content=\"summary_large_image\" \/>\n<meta name=\"twitter:label1\" content=\"Est. tempo de leitura\" \/>\n\t<meta name=\"twitter:data1\" content=\"4 minutos\" \/>\n<script type=\"application\/ld+json\" class=\"yoast-schema-graph\">{\"@context\":\"https:\/\/schema.org\",\"@graph\":[{\"@type\":\"WebPage\",\"@id\":\"https:\/\/www.blogsoestado.com\/danielmatos\/paulo-victor-destinara-emendas-no-valor-de-r-370-mil-para-festa-de-sao-marcal\/\",\"url\":\"https:\/\/www.blogsoestado.com\/danielmatos\/paulo-victor-destinara-emendas-no-valor-de-r-370-mil-para-festa-de-sao-marcal\/\",\"name\":\"Paulo Victor destinar\u00e1 emendas no valor de R$ 370 mil para festa de S\u00e3o Mar\u00e7al - Daniel Matos\",\"isPartOf\":{\"@id\":\"https:\/\/www.blogsoestado.com\/danielmatos\/#website\"},\"primaryImageOfPage\":{\"@id\":\"https:\/\/www.blogsoestado.com\/danielmatos\/paulo-victor-destinara-emendas-no-valor-de-r-370-mil-para-festa-de-sao-marcal\/#primaryimage\"},\"image\":{\"@id\":\"https:\/\/www.blogsoestado.com\/danielmatos\/paulo-victor-destinara-emendas-no-valor-de-r-370-mil-para-festa-de-sao-marcal\/#primaryimage\"},\"thumbnailUrl\":\"https:\/\/www.blogsoestado.com\/danielmatos\/files\/2023\/05\/Screenshot_20230509-2010112.png\",\"datePublished\":\"2023-05-09T23:19:14+00:00\",\"author\":{\"@id\":\"\"},\"breadcrumb\":{\"@id\":\"https:\/\/www.blogsoestado.com\/danielmatos\/paulo-victor-destinara-emendas-no-valor-de-r-370-mil-para-festa-de-sao-marcal\/#breadcrumb\"},\"inLanguage\":\"pt-BR\",\"potentialAction\":[{\"@type\":\"ReadAction\",\"target\":[\"https:\/\/www.blogsoestado.com\/danielmatos\/paulo-victor-destinara-emendas-no-valor-de-r-370-mil-para-festa-de-sao-marcal\/\"]}]},{\"@type\":\"ImageObject\",\"inLanguage\":\"pt-BR\",\"@id\":\"https:\/\/www.blogsoestado.com\/danielmatos\/paulo-victor-destinara-emendas-no-valor-de-r-370-mil-para-festa-de-sao-marcal\/#primaryimage\",\"url\":\"https:\/\/www.blogsoestado.com\/danielmatos\/files\/2023\/05\/Screenshot_20230509-2010112.png\",\"contentUrl\":\"https:\/\/www.blogsoestado.com\/danielmatos\/files\/2023\/05\/Screenshot_20230509-2010112.png\"},{\"@type\":\"BreadcrumbList\",\"@id\":\"https:\/\/www.blogsoestado.com\/danielmatos\/paulo-victor-destinara-emendas-no-valor-de-r-370-mil-para-festa-de-sao-marcal\/#breadcrumb\",\"itemListElement\":[{\"@type\":\"ListItem\",\"position\":1,\"name\":\"In\u00edcio\",\"item\":\"https:\/\/www.blogsoestado.com\/danielmatos\/\"},{\"@type\":\"ListItem\",\"position\":2,\"name\":\"Paulo Victor destinar\u00e1 emendas no valor de R$ 370 mil para festa de S\u00e3o Mar\u00e7al\"}]},{\"@type\":\"WebSite\",\"@id\":\"https:\/\/www.blogsoestado.com\/danielmatos\/#website\",\"url\":\"https:\/\/www.blogsoestado.com\/danielmatos\/\",\"name\":\"Daniel Matos\",\"description\":\"\",\"potentialAction\":[{\"@type\":\"SearchAction\",\"target\":{\"@type\":\"EntryPoint\",\"urlTemplate\":\"https:\/\/www.blogsoestado.com\/danielmatos\/?s={search_term_string}\"},\"query-input\":{\"@type\":\"PropertyValueSpecification\",\"valueRequired\":true,\"valueName\":\"search_term_string\"}}],\"inLanguage\":\"pt-BR\"}]}<\/script>\n<!-- \/ Yoast SEO plugin. -->","yoast_head_json":{"title":"Paulo Victor destinar\u00e1 emendas no valor de R$ 370 mil para festa de S\u00e3o Mar\u00e7al - Daniel Matos","robots":{"index":"index","follow":"follow","max-snippet":"max-snippet:-1","max-image-preview":"max-image-preview:large","max-video-preview":"max-video-preview:-1"},"canonical":"https:\/\/www.blogsoestado.com\/danielmatos\/paulo-victor-destinara-emendas-no-valor-de-r-370-mil-para-festa-de-sao-marcal\/","og_locale":"pt_BR","og_type":"article","og_title":"Paulo Victor destinar\u00e1 emendas no valor de R$ 370 mil para festa de S\u00e3o Mar\u00e7al - Daniel Matos","og_description":"An\u00fancio ocorreu durante a sess\u00e3o plen\u00e1ria desta ter\u00e7a-feira no Legislativo ludovicense O presidente da C\u00e2mara Municipal de S\u00e3o Lu\u00eds, Paulo [&hellip;]","og_url":"https:\/\/www.blogsoestado.com\/danielmatos\/paulo-victor-destinara-emendas-no-valor-de-r-370-mil-para-festa-de-sao-marcal\/","og_site_name":"Daniel Matos","article_published_time":"2023-05-09T23:19:14+00:00","og_image":[{"url":"https:\/\/www.blogsoestado.com\/danielmatos\/files\/2023\/05\/Screenshot_20230509-2010112.png","type":"","width":"","height":""}],"twitter_card":"summary_large_image","twitter_misc":{"Est. tempo de leitura":"4 minutos"},"schema":{"@context":"https:\/\/schema.org","@graph":[{"@type":"WebPage","@id":"https:\/\/www.blogsoestado.com\/danielmatos\/paulo-victor-destinara-emendas-no-valor-de-r-370-mil-para-festa-de-sao-marcal\/","url":"https:\/\/www.blogsoestado.com\/danielmatos\/paulo-victor-destinara-emendas-no-valor-de-r-370-mil-para-festa-de-sao-marcal\/","name":"Paulo Victor destinar\u00e1 emendas no valor de R$ 370 mil para festa de S\u00e3o Mar\u00e7al - Daniel Matos","isPartOf":{"@id":"https:\/\/www.blogsoestado.com\/danielmatos\/#website"},"primaryImageOfPage":{"@id":"https:\/\/www.blogsoestado.com\/danielmatos\/paulo-victor-destinara-emendas-no-valor-de-r-370-mil-para-festa-de-sao-marcal\/#primaryimage"},"image":{"@id":"https:\/\/www.blogsoestado.com\/danielmatos\/paulo-victor-destinara-emendas-no-valor-de-r-370-mil-para-festa-de-sao-marcal\/#primaryimage"},"thumbnailUrl":"https:\/\/www.blogsoestado.com\/danielmatos\/files\/2023\/05\/Screenshot_20230509-2010112.png","datePublished":"2023-05-09T23:19:14+00:00","author":{"@id":""},"breadcrumb":{"@id":"https:\/\/www.blogsoestado.com\/danielmatos\/paulo-victor-destinara-emendas-no-valor-de-r-370-mil-para-festa-de-sao-marcal\/#breadcrumb"},"inLanguage":"pt-BR","potentialAction":[{"@type":"ReadAction","target":["https:\/\/www.blogsoestado.com\/danielmatos\/paulo-victor-destinara-emendas-no-valor-de-r-370-mil-para-festa-de-sao-marcal\/"]}]},{"@type":"ImageObject","inLanguage":"pt-BR","@id":"https:\/\/www.blogsoestado.com\/danielmatos\/paulo-victor-destinara-emendas-no-valor-de-r-370-mil-para-festa-de-sao-marcal\/#primaryimage","url":"https:\/\/www.blogsoestado.com\/danielmatos\/files\/2023\/05\/Screenshot_20230509-2010112.png","contentUrl":"https:\/\/www.blogsoestado.com\/danielmatos\/files\/2023\/05\/Screenshot_20230509-2010112.png"},{"@type":"BreadcrumbList","@id":"https:\/\/www.blogsoestado.com\/danielmatos\/paulo-victor-destinara-emendas-no-valor-de-r-370-mil-para-festa-de-sao-marcal\/#breadcrumb","itemListElement":[{"@type":"ListItem","position":1,"name":"In\u00edcio","item":"https:\/\/www.blogsoestado.com\/danielmatos\/"},{"@type":"ListItem","position":2,"name":"Paulo Victor destinar\u00e1 emendas no valor de R$ 370 mil para festa de S\u00e3o Mar\u00e7al"}]},{"@type":"WebSite","@id":"https:\/\/www.blogsoestado.com\/danielmatos\/#website","url":"https:\/\/www.blogsoestado.com\/danielmatos\/","name":"Daniel Matos","description":"","potentialAction":[{"@type":"SearchAction","target":{"@type":"EntryPoint","urlTemplate":"https:\/\/www.blogsoestado.com\/danielmatos\/?s={search_term_string}"},"query-input":{"@type":"PropertyValueSpecification","valueRequired":true,"valueName":"search_term_string"}}],"inLanguage":"pt-BR"}]}},"jetpack_featured_media_url":"","_links":{"self":[{"href":"https:\/\/www.blogsoestado.com\/danielmatos\/wp-json\/wp\/v2\/posts\/109483","targetHints":{"allow":["GET"]}}],"collection":[{"href":"https:\/\/www.blogsoestado.com\/danielmatos\/wp-json\/wp\/v2\/posts"}],"about":[{"href":"https:\/\/www.blogsoestado.com\/danielmatos\/wp-json\/wp\/v2\/types\/post"}],"replies":[{"embeddable":true,"href":"https:\/\/www.blogsoestado.com\/danielmatos\/wp-json\/wp\/v2\/comments?post=109483"}],"version-history":[{"count":0,"href":"https:\/\/www.blogsoestado.com\/danielmatos\/wp-json\/wp\/v2\/posts\/109483\/revisions"}],"wp:attachment":[{"href":"https:\/\/www.blogsoestado.com\/danielmatos\/wp-json\/wp\/v2\/media?parent=109483"}],"wp:term":[{"taxonomy":"category","embeddable":true,"href":"https:\/\/www.blogsoestado.com\/danielmatos\/wp-json\/wp\/v2\/categories?post=109483"},{"taxonomy":"post_tag","embeddable":true,"href":"https:\/\/www.blogsoestado.com\/danielmatos\/wp-json\/wp\/v2\/tags?post=109483"}],"curies":[{"name":"wp","href":"https:\/\/api.w.org\/{rel}","templated":true}]}}