{"id":109488,"date":"2023-05-09T21:20:35","date_gmt":"2023-05-10T00:20:35","guid":{"rendered":"https:\/\/www.blogsoestado.com\/danielmatos\/?p=109488"},"modified":"2023-05-09T21:20:35","modified_gmt":"2023-05-10T00:20:35","slug":"senador-quis-saber-como-flavio-dino-desarmara-criminosos-e-colega-defendeu-afastamento-e-prisao-do-ministro","status":"publish","type":"post","link":"https:\/\/www.blogsoestado.com\/danielmatos\/senador-quis-saber-como-flavio-dino-desarmara-criminosos-e-colega-defendeu-afastamento-e-prisao-do-ministro\/","title":{"rendered":"Senador quis saber como Fl\u00e1vio Dino desarmar\u00e1 o crime organizado e colega defendeu afastamento e pris\u00e3o do ministro"},"content":{"rendered":"\n<div class=\"wp-block-image\"><figure class=\"aligncenter size-large\"><a href=\"https:\/\/www.blogsoestado.com\/danielmatos\/files\/2023\/05\/Screenshot_20230509-2108522.png\"><img decoding=\"async\" src=\"https:\/\/www.blogsoestado.com\/danielmatos\/files\/2023\/05\/Screenshot_20230509-2108522.png\" alt=\"\" class=\"wp-image-109489\"\/><\/a><figcaption>Fl\u00e1vio Dino foi confrontado com questionamentos duros em pelo menos dois momentos da audi\u00eancia na Comiss\u00e3o de Seguran\u00e7a P\u00fablica do Senado<\/figcaption><\/figure><\/div>\n\n\n\n<p>O ministro da Justi\u00e7a, Fl\u00e1vio Dino, at\u00e9 que tentou tripudiar de membros da oposi\u00e7\u00e3o que o confrontaram com durante audi\u00eancia na Comiss\u00e3o de Seguran\u00e7a P\u00fablica do Senado Federal, nesta ter\u00e7a-feira (9), mas foi emparedado em pelo menos dois momentos. Em um deles, o senador Magno Malta (PL-ES) indagou como Dino far\u00e1 para apreender o arsenal em poder das organiza\u00e7\u00f5es criminosas que aterrorizam o Brasil em meio \u00e0s a\u00e7\u00f5es de desarmamento da popula\u00e7\u00e3o do pa\u00eds. J\u00e1 o senador Marcos do Val (Podemos-ES) repudiou a atua\u00e7\u00e3o do ministro nos atos golpistas de 8 de janeiro e defendeu seu afastamento do cargo e pris\u00e3o.<\/p>\n\n\n\n<p>Autor do do convite a Fl\u00e1vio Dino,  Magno Malta defendeu o acesso de colecionadores, atiradores desportivos e ca\u00e7adores \u2014 conhecidos como CACs \u2014 \u00e0s armas de fogo.<\/p>\n\n\n\n<p>\u2014 O senhor disse que essas armas s\u00e3o desviadas. O indiv\u00edduo que se tornou CAC para cometer crime \u00e9 marginal, \u00e9 bandido. Quero saber \u00e9 como Vossa Excel\u00eancia vai fazer para desarmar as organiza\u00e7\u00f5es criminosas. Desarmar o cidad\u00e3o de bem, o senhor j\u00e1 disse como fazer. Agora quero saber como desarmar as organiza\u00e7\u00f5es criminosas \u2014 questionou.  <\/p>\n\n\n\n<p><strong>8 de janeiro<\/strong><\/p>\n\n\n\n<p>O senador Marcos do Val (Podemos-ES) criticou a atua\u00e7\u00e3o de Fl\u00e1vio Dino durante os atos golpistas do dia 8 de janeiro. As investiga\u00e7\u00f5es sobre o caso resultaram na pris\u00e3o de Anderson Torres, antecessor de Dino no Minist\u00e9rio da Justi\u00e7a e, \u00e0 \u00e9poca dos ataques, secret\u00e1rio de Seguran\u00e7a P\u00fablica do Distrito Federal.<\/p>\n\n\n\n<p>\u2014 Um relat\u00f3rio da Abin [Ag\u00eancia Brasileira de Intelig\u00eancia] ao qual tive acesso em momento algum cita a possibilidade uma manifesta\u00e7\u00e3o pac\u00edfica. Pelo contr\u00e1rio: \u00e9 super detalhista. Esse documento diariamente chegava para o GSI [Gabinete de Seguran\u00e7a Institucional] e para o Minist\u00e9rio da Justi\u00e7a. Em todo momento era dito que teria depreda\u00e7\u00e3o e tentativa de tomar o poder. Espero que o ministro Fl\u00e1vio Dino seja afastado e, se poss\u00edvel, at\u00e9 preso, como foi o Anderson Torres \u2014 disse Marcos do Val.<\/p>\n\n\n\n<p>Dino rebateu, afirmando que o senador apresentou dados inver\u00eddicos.<\/p>\n\n\n\n<p>\u2014 J\u00e1 disse e vou dizer mais uma vez: n\u00e3o recebi relat\u00f3rio da Abin. N\u00e3o adianta pegar trechos de entrevistas para pescar contradi\u00e7\u00f5es inexistentes, a n\u00e3o ser na sua mente. Essas constru\u00e7\u00f5es mentais que o senhor faz, muito singulares, n\u00e3o t\u00eam suporte nos fatos. [&#8230;] Fui juiz e nunca fiz conluio com Minist\u00e9rio P\u00fablico. Nunca tive senten\u00e7a anulada. Por ter sido um juiz honesto, n\u00e3o admito que ningu\u00e9m venha dizer que eu tenho que ser preso. Isso \u00e9 desrespeito. Quem tem honra defende. \u00c9 a contund\u00eancia dos justos \u2014 respondeu Flavio Dino.<\/p>\n\n\n\n<p>Mais informa\u00e7\u00f5es sobre a audi\u00eancia com Fl\u00e1vio Dino na Comiss\u00e3o de Seguran\u00e7a P\u00fablica do Senado est\u00e3o dispon\u00edveis <a href=\"https:\/\/www12.senado.leg.br\/noticias\/materias\/2023\/05\/09\/em-debate-com-senadores-dino-anuncia-operacoes-para-apreender-armas-nao-recadastradas\">aqui<\/a>.<\/p>\n","protected":false},"excerpt":{"rendered":"<p>O ministro da Justi\u00e7a, Fl\u00e1vio Dino, at\u00e9 que tentou tripudiar de membros da oposi\u00e7\u00e3o que o confrontaram com durante audi\u00eancia [&hellip;]<\/p>\n","protected":false},"author":0,"featured_media":0,"comment_status":"open","ping_status":"open","sticky":false,"template":"","format":"standard","meta":{"site-sidebar-layout":"default","site-content-layout":"","ast-site-content-layout":"default","site-content-style":"default","site-sidebar-style":"default","ast-global-header-display":"","ast-banner-title-visibility":"","ast-main-header-display":"","ast-hfb-above-header-display":"","ast-hfb-below-header-display":"","ast-hfb-mobile-header-display":"","site-post-title":"","ast-breadcrumbs-content":"","ast-featured-img":"","footer-sml-layout":"","ast-disable-related-posts":"","theme-transparent-header-meta":"","adv-header-id-meta":"","stick-header-meta":"","header-above-stick-meta":"","header-main-stick-meta":"","header-below-stick-meta":"","astra-migrate-meta-layouts":"default","ast-page-background-enabled":"default","ast-page-background-meta":{"desktop":{"background-color":"var(--ast-global-color-5)","background-image":"","background-repeat":"repeat","background-position":"center center","background-size":"auto","background-attachment":"scroll","background-type":"","background-media":"","overlay-type":"","overlay-color":"","overlay-opacity":"","overlay-gradient":""},"tablet":{"background-color":"","background-image":"","background-repeat":"repeat","background-position":"center center","background-size":"auto","background-attachment":"scroll","background-type":"","background-media":"","overlay-type":"","overlay-color":"","overlay-opacity":"","overlay-gradient":""},"mobile":{"background-color":"","background-image":"","background-repeat":"repeat","background-position":"center center","background-size":"auto","background-attachment":"scroll","background-type":"","background-media":"","overlay-type":"","overlay-color":"","overlay-opacity":"","overlay-gradient":""}},"ast-content-background-meta":{"desktop":{"background-color":"var(--ast-global-color-4)","background-image":"","background-repeat":"repeat","background-position":"center center","background-size":"auto","background-attachment":"scroll","background-type":"","background-media":"","overlay-type":"","overlay-color":"","overlay-opacity":"","overlay-gradient":""},"tablet":{"background-color":"var(--ast-global-color-4)","background-image":"","background-repeat":"repeat","background-position":"center center","background-size":"auto","background-attachment":"scroll","background-type":"","background-media":"","overlay-type":"","overlay-color":"","overlay-opacity":"","overlay-gradient":""},"mobile":{"background-color":"var(--ast-global-color-4)","background-image":"","background-repeat":"repeat","background-position":"center center","background-size":"auto","background-attachment":"scroll","background-type":"","background-media":"","overlay-type":"","overlay-color":"","overlay-opacity":"","overlay-gradient":""}},"footnotes":""},"categories":[1],"tags":[],"class_list":["post-109488","post","type-post","status-publish","format-standard","hentry","category-sem-categoria"],"yoast_head":"<!-- This site is optimized with the Yoast SEO plugin v26.6 - https:\/\/yoast.com\/wordpress\/plugins\/seo\/ -->\n<title>Senador quis saber como Fl\u00e1vio Dino desarmar\u00e1 o crime organizado e colega defendeu afastamento e pris\u00e3o do ministro - Daniel Matos<\/title>\n<meta name=\"robots\" content=\"index, follow, max-snippet:-1, max-image-preview:large, max-video-preview:-1\" \/>\n<link rel=\"canonical\" href=\"https:\/\/www.blogsoestado.com\/danielmatos\/senador-quis-saber-como-flavio-dino-desarmara-criminosos-e-colega-defendeu-afastamento-e-prisao-do-ministro\/\" \/>\n<meta property=\"og:locale\" content=\"pt_BR\" \/>\n<meta property=\"og:type\" content=\"article\" \/>\n<meta property=\"og:title\" content=\"Senador quis saber como Fl\u00e1vio Dino desarmar\u00e1 o crime organizado e colega defendeu afastamento e pris\u00e3o do ministro - Daniel Matos\" \/>\n<meta property=\"og:description\" content=\"O ministro da Justi\u00e7a, Fl\u00e1vio Dino, at\u00e9 que tentou tripudiar de membros da oposi\u00e7\u00e3o que o confrontaram com durante audi\u00eancia [&hellip;]\" \/>\n<meta property=\"og:url\" content=\"https:\/\/www.blogsoestado.com\/danielmatos\/senador-quis-saber-como-flavio-dino-desarmara-criminosos-e-colega-defendeu-afastamento-e-prisao-do-ministro\/\" \/>\n<meta property=\"og:site_name\" content=\"Daniel Matos\" \/>\n<meta property=\"article:published_time\" content=\"2023-05-10T00:20:35+00:00\" \/>\n<meta property=\"og:image\" content=\"https:\/\/www.blogsoestado.com\/danielmatos\/files\/2023\/05\/Screenshot_20230509-2108522.png\" \/>\n<meta name=\"twitter:card\" content=\"summary_large_image\" \/>\n<meta name=\"twitter:label1\" content=\"Est. tempo de leitura\" \/>\n\t<meta name=\"twitter:data1\" content=\"3 minutos\" \/>\n<script type=\"application\/ld+json\" class=\"yoast-schema-graph\">{\"@context\":\"https:\/\/schema.org\",\"@graph\":[{\"@type\":\"WebPage\",\"@id\":\"https:\/\/www.blogsoestado.com\/danielmatos\/senador-quis-saber-como-flavio-dino-desarmara-criminosos-e-colega-defendeu-afastamento-e-prisao-do-ministro\/\",\"url\":\"https:\/\/www.blogsoestado.com\/danielmatos\/senador-quis-saber-como-flavio-dino-desarmara-criminosos-e-colega-defendeu-afastamento-e-prisao-do-ministro\/\",\"name\":\"Senador quis saber como Fl\u00e1vio Dino desarmar\u00e1 o crime organizado e colega defendeu afastamento e pris\u00e3o do ministro - Daniel Matos\",\"isPartOf\":{\"@id\":\"https:\/\/www.blogsoestado.com\/danielmatos\/#website\"},\"primaryImageOfPage\":{\"@id\":\"https:\/\/www.blogsoestado.com\/danielmatos\/senador-quis-saber-como-flavio-dino-desarmara-criminosos-e-colega-defendeu-afastamento-e-prisao-do-ministro\/#primaryimage\"},\"image\":{\"@id\":\"https:\/\/www.blogsoestado.com\/danielmatos\/senador-quis-saber-como-flavio-dino-desarmara-criminosos-e-colega-defendeu-afastamento-e-prisao-do-ministro\/#primaryimage\"},\"thumbnailUrl\":\"https:\/\/www.blogsoestado.com\/danielmatos\/files\/2023\/05\/Screenshot_20230509-2108522.png\",\"datePublished\":\"2023-05-10T00:20:35+00:00\",\"author\":{\"@id\":\"\"},\"breadcrumb\":{\"@id\":\"https:\/\/www.blogsoestado.com\/danielmatos\/senador-quis-saber-como-flavio-dino-desarmara-criminosos-e-colega-defendeu-afastamento-e-prisao-do-ministro\/#breadcrumb\"},\"inLanguage\":\"pt-BR\",\"potentialAction\":[{\"@type\":\"ReadAction\",\"target\":[\"https:\/\/www.blogsoestado.com\/danielmatos\/senador-quis-saber-como-flavio-dino-desarmara-criminosos-e-colega-defendeu-afastamento-e-prisao-do-ministro\/\"]}]},{\"@type\":\"ImageObject\",\"inLanguage\":\"pt-BR\",\"@id\":\"https:\/\/www.blogsoestado.com\/danielmatos\/senador-quis-saber-como-flavio-dino-desarmara-criminosos-e-colega-defendeu-afastamento-e-prisao-do-ministro\/#primaryimage\",\"url\":\"https:\/\/www.blogsoestado.com\/danielmatos\/files\/2023\/05\/Screenshot_20230509-2108522.png\",\"contentUrl\":\"https:\/\/www.blogsoestado.com\/danielmatos\/files\/2023\/05\/Screenshot_20230509-2108522.png\"},{\"@type\":\"BreadcrumbList\",\"@id\":\"https:\/\/www.blogsoestado.com\/danielmatos\/senador-quis-saber-como-flavio-dino-desarmara-criminosos-e-colega-defendeu-afastamento-e-prisao-do-ministro\/#breadcrumb\",\"itemListElement\":[{\"@type\":\"ListItem\",\"position\":1,\"name\":\"In\u00edcio\",\"item\":\"https:\/\/www.blogsoestado.com\/danielmatos\/\"},{\"@type\":\"ListItem\",\"position\":2,\"name\":\"Senador quis saber como Fl\u00e1vio Dino desarmar\u00e1 o crime organizado e colega defendeu afastamento e pris\u00e3o do ministro\"}]},{\"@type\":\"WebSite\",\"@id\":\"https:\/\/www.blogsoestado.com\/danielmatos\/#website\",\"url\":\"https:\/\/www.blogsoestado.com\/danielmatos\/\",\"name\":\"Daniel Matos\",\"description\":\"\",\"potentialAction\":[{\"@type\":\"SearchAction\",\"target\":{\"@type\":\"EntryPoint\",\"urlTemplate\":\"https:\/\/www.blogsoestado.com\/danielmatos\/?s={search_term_string}\"},\"query-input\":{\"@type\":\"PropertyValueSpecification\",\"valueRequired\":true,\"valueName\":\"search_term_string\"}}],\"inLanguage\":\"pt-BR\"}]}<\/script>\n<!-- \/ Yoast SEO plugin. -->","yoast_head_json":{"title":"Senador quis saber como Fl\u00e1vio Dino desarmar\u00e1 o crime organizado e colega defendeu afastamento e pris\u00e3o do ministro - Daniel Matos","robots":{"index":"index","follow":"follow","max-snippet":"max-snippet:-1","max-image-preview":"max-image-preview:large","max-video-preview":"max-video-preview:-1"},"canonical":"https:\/\/www.blogsoestado.com\/danielmatos\/senador-quis-saber-como-flavio-dino-desarmara-criminosos-e-colega-defendeu-afastamento-e-prisao-do-ministro\/","og_locale":"pt_BR","og_type":"article","og_title":"Senador quis saber como Fl\u00e1vio Dino desarmar\u00e1 o crime organizado e colega defendeu afastamento e pris\u00e3o do ministro - Daniel Matos","og_description":"O ministro da Justi\u00e7a, Fl\u00e1vio Dino, at\u00e9 que tentou tripudiar de membros da oposi\u00e7\u00e3o que o confrontaram com durante audi\u00eancia [&hellip;]","og_url":"https:\/\/www.blogsoestado.com\/danielmatos\/senador-quis-saber-como-flavio-dino-desarmara-criminosos-e-colega-defendeu-afastamento-e-prisao-do-ministro\/","og_site_name":"Daniel Matos","article_published_time":"2023-05-10T00:20:35+00:00","og_image":[{"url":"https:\/\/www.blogsoestado.com\/danielmatos\/files\/2023\/05\/Screenshot_20230509-2108522.png","type":"","width":"","height":""}],"twitter_card":"summary_large_image","twitter_misc":{"Est. tempo de leitura":"3 minutos"},"schema":{"@context":"https:\/\/schema.org","@graph":[{"@type":"WebPage","@id":"https:\/\/www.blogsoestado.com\/danielmatos\/senador-quis-saber-como-flavio-dino-desarmara-criminosos-e-colega-defendeu-afastamento-e-prisao-do-ministro\/","url":"https:\/\/www.blogsoestado.com\/danielmatos\/senador-quis-saber-como-flavio-dino-desarmara-criminosos-e-colega-defendeu-afastamento-e-prisao-do-ministro\/","name":"Senador quis saber como Fl\u00e1vio Dino desarmar\u00e1 o crime organizado e colega defendeu afastamento e pris\u00e3o do ministro - Daniel Matos","isPartOf":{"@id":"https:\/\/www.blogsoestado.com\/danielmatos\/#website"},"primaryImageOfPage":{"@id":"https:\/\/www.blogsoestado.com\/danielmatos\/senador-quis-saber-como-flavio-dino-desarmara-criminosos-e-colega-defendeu-afastamento-e-prisao-do-ministro\/#primaryimage"},"image":{"@id":"https:\/\/www.blogsoestado.com\/danielmatos\/senador-quis-saber-como-flavio-dino-desarmara-criminosos-e-colega-defendeu-afastamento-e-prisao-do-ministro\/#primaryimage"},"thumbnailUrl":"https:\/\/www.blogsoestado.com\/danielmatos\/files\/2023\/05\/Screenshot_20230509-2108522.png","datePublished":"2023-05-10T00:20:35+00:00","author":{"@id":""},"breadcrumb":{"@id":"https:\/\/www.blogsoestado.com\/danielmatos\/senador-quis-saber-como-flavio-dino-desarmara-criminosos-e-colega-defendeu-afastamento-e-prisao-do-ministro\/#breadcrumb"},"inLanguage":"pt-BR","potentialAction":[{"@type":"ReadAction","target":["https:\/\/www.blogsoestado.com\/danielmatos\/senador-quis-saber-como-flavio-dino-desarmara-criminosos-e-colega-defendeu-afastamento-e-prisao-do-ministro\/"]}]},{"@type":"ImageObject","inLanguage":"pt-BR","@id":"https:\/\/www.blogsoestado.com\/danielmatos\/senador-quis-saber-como-flavio-dino-desarmara-criminosos-e-colega-defendeu-afastamento-e-prisao-do-ministro\/#primaryimage","url":"https:\/\/www.blogsoestado.com\/danielmatos\/files\/2023\/05\/Screenshot_20230509-2108522.png","contentUrl":"https:\/\/www.blogsoestado.com\/danielmatos\/files\/2023\/05\/Screenshot_20230509-2108522.png"},{"@type":"BreadcrumbList","@id":"https:\/\/www.blogsoestado.com\/danielmatos\/senador-quis-saber-como-flavio-dino-desarmara-criminosos-e-colega-defendeu-afastamento-e-prisao-do-ministro\/#breadcrumb","itemListElement":[{"@type":"ListItem","position":1,"name":"In\u00edcio","item":"https:\/\/www.blogsoestado.com\/danielmatos\/"},{"@type":"ListItem","position":2,"name":"Senador quis saber como Fl\u00e1vio Dino desarmar\u00e1 o crime organizado e colega defendeu afastamento e pris\u00e3o do ministro"}]},{"@type":"WebSite","@id":"https:\/\/www.blogsoestado.com\/danielmatos\/#website","url":"https:\/\/www.blogsoestado.com\/danielmatos\/","name":"Daniel Matos","description":"","potentialAction":[{"@type":"SearchAction","target":{"@type":"EntryPoint","urlTemplate":"https:\/\/www.blogsoestado.com\/danielmatos\/?s={search_term_string}"},"query-input":{"@type":"PropertyValueSpecification","valueRequired":true,"valueName":"search_term_string"}}],"inLanguage":"pt-BR"}]}},"jetpack_featured_media_url":"","_links":{"self":[{"href":"https:\/\/www.blogsoestado.com\/danielmatos\/wp-json\/wp\/v2\/posts\/109488","targetHints":{"allow":["GET"]}}],"collection":[{"href":"https:\/\/www.blogsoestado.com\/danielmatos\/wp-json\/wp\/v2\/posts"}],"about":[{"href":"https:\/\/www.blogsoestado.com\/danielmatos\/wp-json\/wp\/v2\/types\/post"}],"replies":[{"embeddable":true,"href":"https:\/\/www.blogsoestado.com\/danielmatos\/wp-json\/wp\/v2\/comments?post=109488"}],"version-history":[{"count":0,"href":"https:\/\/www.blogsoestado.com\/danielmatos\/wp-json\/wp\/v2\/posts\/109488\/revisions"}],"wp:attachment":[{"href":"https:\/\/www.blogsoestado.com\/danielmatos\/wp-json\/wp\/v2\/media?parent=109488"}],"wp:term":[{"taxonomy":"category","embeddable":true,"href":"https:\/\/www.blogsoestado.com\/danielmatos\/wp-json\/wp\/v2\/categories?post=109488"},{"taxonomy":"post_tag","embeddable":true,"href":"https:\/\/www.blogsoestado.com\/danielmatos\/wp-json\/wp\/v2\/tags?post=109488"}],"curies":[{"name":"wp","href":"https:\/\/api.w.org\/{rel}","templated":true}]}}