{"id":109493,"date":"2023-05-10T06:00:00","date_gmt":"2023-05-10T09:00:00","guid":{"rendered":"https:\/\/www.blogsoestado.com\/danielmatos\/?p=109493"},"modified":"2023-05-10T06:00:00","modified_gmt":"2023-05-10T09:00:00","slug":"marcial-lima-defende-descentralizacao-de-arraiais-juninos-e-mais-investimentos-para-o-sao-joao","status":"publish","type":"post","link":"https:\/\/www.blogsoestado.com\/danielmatos\/marcial-lima-defende-descentralizacao-de-arraiais-juninos-e-mais-investimentos-para-o-sao-joao\/","title":{"rendered":"Marcial Lima defende descentraliza\u00e7\u00e3o de arraiais juninos e mais investimentos para o S\u00e3o Jo\u00e3o"},"content":{"rendered":"\n<p><em><strong><span class=\"has-inline-color has-vivid-red-color\">Vereador destacou a gera\u00e7\u00e3o de oportunidades de trabalho que os arraiais promovem na cidade<\/span><\/strong><\/em><\/p>\n\n\n\n<div class=\"wp-block-image\"><figure class=\"aligncenter size-large\"><a href=\"https:\/\/www.blogsoestado.com\/danielmatos\/files\/2023\/05\/Screenshot_20230510-0104332.png\"><img decoding=\"async\" src=\"https:\/\/www.blogsoestado.com\/danielmatos\/files\/2023\/05\/Screenshot_20230510-0104332.png\" alt=\"\" class=\"wp-image-109494\"\/><\/a><figcaption>\u201c\u00c9 preciso que o povo de toda a cidade tenha a oportunidade de ver o S\u00e3o Jo\u00e3o do Maranh\u00e3o\u201d, disse defendendo a descentraliza\u00e7\u00e3o (<strong>Foto<\/strong>: Fabr\u00edcio Cunha)<\/figcaption><\/figure><\/div>\n\n\n\n<p>\u201cN\u00f3s precisamos descentralizar as festas de S\u00e3o Jo\u00e3o, levando os grandes arraiais para a zona rural da cidade, dando, assim, mais oportunidades de apresenta\u00e7\u00e3o para as manifesta\u00e7\u00f5es culturais do estado\u201d, disse Marcial Lima (Podemos), na sess\u00e3o ordin\u00e1ria desta quarta-feira (09), na C\u00e2mara Municipal.&nbsp;<\/p>\n\n\n\n<p>De acordo com o vereador, \u00e9 inadmiss\u00edvel que o Maracan\u00e3, por exemplo, local tradicional de realiza\u00e7\u00e3o da Festa da Ju\u00e7ara, n\u00e3o abrigue um grande arraial. \u201c\u00c9 preciso que o povo de toda a cidade tenha a oportunidade de ver o S\u00e3o Jo\u00e3o do Maranh\u00e3o, porque quem est\u00e1 l\u00e1 no Maracan\u00e3, quem est\u00e1 l\u00e1 na Estiva, quem est\u00e1 nos locais mais long\u00ednquos desta ilha, em sua maioria, n\u00e3o consegue vir para os arraiais que ficam no entorno do Centro da cidade\u201d, pontuou.<\/p>\n\n\n\n<p>Al\u00e9m da valoriza\u00e7\u00e3o da manifesta\u00e7\u00e3o cultural em si, Marcial destacou a gera\u00e7\u00e3o de oportunidades de trabalho que os arraiais promovem nesses locais e na cidade. \u201cGanham as manifesta\u00e7\u00f5es culturais, que aumentam no n\u00famero de apresenta\u00e7\u00f5es e consequentemente no seu custeio, ganha a empresa que os transporta, ganha o transporte alternativo, ganha o taxista, ganha quem vende a \u00e1gua, a bebida, a comida\u2026 porque \u00e9 a noite toda funcionando\u201d, disse o parlamentar, lembrando que a circula\u00e7\u00e3o de dinheiro fica bastante aquecida neste per\u00edodo de festas \u2013&nbsp; n\u00e3o s\u00f3 devido a participa\u00e7\u00e3o da popula\u00e7\u00e3o local, mas pela intensifica\u00e7\u00e3o do turismo na cidade.<\/p>\n\n\n\n<p>O vereador tamb\u00e9m ressaltou, que como incentivador e produtor cultural, sente que a capital maranhense ainda tem muito o que aprender com cidades que se destacam pela realiza\u00e7\u00e3o de grandes festas neste per\u00edodo. Segundo ele, Campina Grande, na Para\u00edba, cidade onde morou por um longo per\u00edodo e que \u00e9 conhecida nacionalmente por realizar o \u201cMaior S\u00e3o Jo\u00e3o do Mundo\u201d, h\u00e1 muito investimento. E que isto inclui o hor\u00e1rio de encerramento das festas, que vai at\u00e9 o amanhecer.<\/p>\n\n\n\n<p>\u201cN\u00e3o se admite que um Boi que sai para suas apresenta\u00e7\u00f5es a meia noite, \u00e0s 4h da manh\u00e3 tenha que parar\u201d, disse Marcial, acrescentando que como organizador de arraial, este \u00e9 um ponto de entrave para o desenvolvimento do setor. Referindo-se a projetos em tramita\u00e7\u00e3o no Legislativo Municipal que ampliam o hor\u00e1rio de funcionamento de estabelecimentos e festas, sugeriu uma defini\u00e7\u00e3o quanto ao tema, para impulsionar a cultura na cidade.<\/p>\n","protected":false},"excerpt":{"rendered":"<p>Vereador destacou a gera\u00e7\u00e3o de oportunidades de trabalho que os arraiais promovem na cidade \u201cN\u00f3s precisamos descentralizar as festas de [&hellip;]<\/p>\n","protected":false},"author":0,"featured_media":0,"comment_status":"open","ping_status":"open","sticky":false,"template":"","format":"standard","meta":{"site-sidebar-layout":"default","site-content-layout":"","ast-site-content-layout":"default","site-content-style":"default","site-sidebar-style":"default","ast-global-header-display":"","ast-banner-title-visibility":"","ast-main-header-display":"","ast-hfb-above-header-display":"","ast-hfb-below-header-display":"","ast-hfb-mobile-header-display":"","site-post-title":"","ast-breadcrumbs-content":"","ast-featured-img":"","footer-sml-layout":"","ast-disable-related-posts":"","theme-transparent-header-meta":"","adv-header-id-meta":"","stick-header-meta":"","header-above-stick-meta":"","header-main-stick-meta":"","header-below-stick-meta":"","astra-migrate-meta-layouts":"default","ast-page-background-enabled":"default","ast-page-background-meta":{"desktop":{"background-color":"var(--ast-global-color-5)","background-image":"","background-repeat":"repeat","background-position":"center center","background-size":"auto","background-attachment":"scroll","background-type":"","background-media":"","overlay-type":"","overlay-color":"","overlay-opacity":"","overlay-gradient":""},"tablet":{"background-color":"","background-image":"","background-repeat":"repeat","background-position":"center center","background-size":"auto","background-attachment":"scroll","background-type":"","background-media":"","overlay-type":"","overlay-color":"","overlay-opacity":"","overlay-gradient":""},"mobile":{"background-color":"","background-image":"","background-repeat":"repeat","background-position":"center center","background-size":"auto","background-attachment":"scroll","background-type":"","background-media":"","overlay-type":"","overlay-color":"","overlay-opacity":"","overlay-gradient":""}},"ast-content-background-meta":{"desktop":{"background-color":"var(--ast-global-color-4)","background-image":"","background-repeat":"repeat","background-position":"center center","background-size":"auto","background-attachment":"scroll","background-type":"","background-media":"","overlay-type":"","overlay-color":"","overlay-opacity":"","overlay-gradient":""},"tablet":{"background-color":"var(--ast-global-color-4)","background-image":"","background-repeat":"repeat","background-position":"center center","background-size":"auto","background-attachment":"scroll","background-type":"","background-media":"","overlay-type":"","overlay-color":"","overlay-opacity":"","overlay-gradient":""},"mobile":{"background-color":"var(--ast-global-color-4)","background-image":"","background-repeat":"repeat","background-position":"center center","background-size":"auto","background-attachment":"scroll","background-type":"","background-media":"","overlay-type":"","overlay-color":"","overlay-opacity":"","overlay-gradient":""}},"footnotes":""},"categories":[1],"tags":[],"class_list":["post-109493","post","type-post","status-publish","format-standard","hentry","category-sem-categoria"],"yoast_head":"<!-- This site is optimized with the Yoast SEO plugin v26.6 - https:\/\/yoast.com\/wordpress\/plugins\/seo\/ -->\n<title>Marcial Lima defende descentraliza\u00e7\u00e3o de arraiais juninos e mais investimentos para o S\u00e3o Jo\u00e3o - Daniel Matos<\/title>\n<meta name=\"robots\" content=\"index, follow, max-snippet:-1, max-image-preview:large, max-video-preview:-1\" \/>\n<link rel=\"canonical\" href=\"https:\/\/www.blogsoestado.com\/danielmatos\/marcial-lima-defende-descentralizacao-de-arraiais-juninos-e-mais-investimentos-para-o-sao-joao\/\" \/>\n<meta property=\"og:locale\" content=\"pt_BR\" \/>\n<meta property=\"og:type\" content=\"article\" \/>\n<meta property=\"og:title\" content=\"Marcial Lima defende descentraliza\u00e7\u00e3o de arraiais juninos e mais investimentos para o S\u00e3o Jo\u00e3o - Daniel Matos\" \/>\n<meta property=\"og:description\" content=\"Vereador destacou a gera\u00e7\u00e3o de oportunidades de trabalho que os arraiais promovem na cidade \u201cN\u00f3s precisamos descentralizar as festas de [&hellip;]\" \/>\n<meta property=\"og:url\" content=\"https:\/\/www.blogsoestado.com\/danielmatos\/marcial-lima-defende-descentralizacao-de-arraiais-juninos-e-mais-investimentos-para-o-sao-joao\/\" \/>\n<meta property=\"og:site_name\" content=\"Daniel Matos\" \/>\n<meta property=\"article:published_time\" content=\"2023-05-10T09:00:00+00:00\" \/>\n<meta property=\"og:image\" content=\"https:\/\/www.blogsoestado.com\/danielmatos\/files\/2023\/05\/Screenshot_20230510-0104332.png\" \/>\n<meta name=\"twitter:card\" content=\"summary_large_image\" \/>\n<meta name=\"twitter:label1\" content=\"Est. tempo de leitura\" \/>\n\t<meta name=\"twitter:data1\" content=\"3 minutos\" \/>\n<script type=\"application\/ld+json\" class=\"yoast-schema-graph\">{\"@context\":\"https:\/\/schema.org\",\"@graph\":[{\"@type\":\"WebPage\",\"@id\":\"https:\/\/www.blogsoestado.com\/danielmatos\/marcial-lima-defende-descentralizacao-de-arraiais-juninos-e-mais-investimentos-para-o-sao-joao\/\",\"url\":\"https:\/\/www.blogsoestado.com\/danielmatos\/marcial-lima-defende-descentralizacao-de-arraiais-juninos-e-mais-investimentos-para-o-sao-joao\/\",\"name\":\"Marcial Lima defende descentraliza\u00e7\u00e3o de arraiais juninos e mais investimentos para o S\u00e3o Jo\u00e3o - Daniel Matos\",\"isPartOf\":{\"@id\":\"https:\/\/www.blogsoestado.com\/danielmatos\/#website\"},\"primaryImageOfPage\":{\"@id\":\"https:\/\/www.blogsoestado.com\/danielmatos\/marcial-lima-defende-descentralizacao-de-arraiais-juninos-e-mais-investimentos-para-o-sao-joao\/#primaryimage\"},\"image\":{\"@id\":\"https:\/\/www.blogsoestado.com\/danielmatos\/marcial-lima-defende-descentralizacao-de-arraiais-juninos-e-mais-investimentos-para-o-sao-joao\/#primaryimage\"},\"thumbnailUrl\":\"https:\/\/www.blogsoestado.com\/danielmatos\/files\/2023\/05\/Screenshot_20230510-0104332.png\",\"datePublished\":\"2023-05-10T09:00:00+00:00\",\"author\":{\"@id\":\"\"},\"breadcrumb\":{\"@id\":\"https:\/\/www.blogsoestado.com\/danielmatos\/marcial-lima-defende-descentralizacao-de-arraiais-juninos-e-mais-investimentos-para-o-sao-joao\/#breadcrumb\"},\"inLanguage\":\"pt-BR\",\"potentialAction\":[{\"@type\":\"ReadAction\",\"target\":[\"https:\/\/www.blogsoestado.com\/danielmatos\/marcial-lima-defende-descentralizacao-de-arraiais-juninos-e-mais-investimentos-para-o-sao-joao\/\"]}]},{\"@type\":\"ImageObject\",\"inLanguage\":\"pt-BR\",\"@id\":\"https:\/\/www.blogsoestado.com\/danielmatos\/marcial-lima-defende-descentralizacao-de-arraiais-juninos-e-mais-investimentos-para-o-sao-joao\/#primaryimage\",\"url\":\"https:\/\/www.blogsoestado.com\/danielmatos\/files\/2023\/05\/Screenshot_20230510-0104332.png\",\"contentUrl\":\"https:\/\/www.blogsoestado.com\/danielmatos\/files\/2023\/05\/Screenshot_20230510-0104332.png\"},{\"@type\":\"BreadcrumbList\",\"@id\":\"https:\/\/www.blogsoestado.com\/danielmatos\/marcial-lima-defende-descentralizacao-de-arraiais-juninos-e-mais-investimentos-para-o-sao-joao\/#breadcrumb\",\"itemListElement\":[{\"@type\":\"ListItem\",\"position\":1,\"name\":\"In\u00edcio\",\"item\":\"https:\/\/www.blogsoestado.com\/danielmatos\/\"},{\"@type\":\"ListItem\",\"position\":2,\"name\":\"Marcial Lima defende descentraliza\u00e7\u00e3o de arraiais juninos e mais investimentos para o S\u00e3o Jo\u00e3o\"}]},{\"@type\":\"WebSite\",\"@id\":\"https:\/\/www.blogsoestado.com\/danielmatos\/#website\",\"url\":\"https:\/\/www.blogsoestado.com\/danielmatos\/\",\"name\":\"Daniel Matos\",\"description\":\"\",\"potentialAction\":[{\"@type\":\"SearchAction\",\"target\":{\"@type\":\"EntryPoint\",\"urlTemplate\":\"https:\/\/www.blogsoestado.com\/danielmatos\/?s={search_term_string}\"},\"query-input\":{\"@type\":\"PropertyValueSpecification\",\"valueRequired\":true,\"valueName\":\"search_term_string\"}}],\"inLanguage\":\"pt-BR\"}]}<\/script>\n<!-- \/ Yoast SEO plugin. -->","yoast_head_json":{"title":"Marcial Lima defende descentraliza\u00e7\u00e3o de arraiais juninos e mais investimentos para o S\u00e3o Jo\u00e3o - Daniel Matos","robots":{"index":"index","follow":"follow","max-snippet":"max-snippet:-1","max-image-preview":"max-image-preview:large","max-video-preview":"max-video-preview:-1"},"canonical":"https:\/\/www.blogsoestado.com\/danielmatos\/marcial-lima-defende-descentralizacao-de-arraiais-juninos-e-mais-investimentos-para-o-sao-joao\/","og_locale":"pt_BR","og_type":"article","og_title":"Marcial Lima defende descentraliza\u00e7\u00e3o de arraiais juninos e mais investimentos para o S\u00e3o Jo\u00e3o - Daniel Matos","og_description":"Vereador destacou a gera\u00e7\u00e3o de oportunidades de trabalho que os arraiais promovem na cidade \u201cN\u00f3s precisamos descentralizar as festas de [&hellip;]","og_url":"https:\/\/www.blogsoestado.com\/danielmatos\/marcial-lima-defende-descentralizacao-de-arraiais-juninos-e-mais-investimentos-para-o-sao-joao\/","og_site_name":"Daniel Matos","article_published_time":"2023-05-10T09:00:00+00:00","og_image":[{"url":"https:\/\/www.blogsoestado.com\/danielmatos\/files\/2023\/05\/Screenshot_20230510-0104332.png","type":"","width":"","height":""}],"twitter_card":"summary_large_image","twitter_misc":{"Est. tempo de leitura":"3 minutos"},"schema":{"@context":"https:\/\/schema.org","@graph":[{"@type":"WebPage","@id":"https:\/\/www.blogsoestado.com\/danielmatos\/marcial-lima-defende-descentralizacao-de-arraiais-juninos-e-mais-investimentos-para-o-sao-joao\/","url":"https:\/\/www.blogsoestado.com\/danielmatos\/marcial-lima-defende-descentralizacao-de-arraiais-juninos-e-mais-investimentos-para-o-sao-joao\/","name":"Marcial Lima defende descentraliza\u00e7\u00e3o de arraiais juninos e mais investimentos para o S\u00e3o Jo\u00e3o - Daniel Matos","isPartOf":{"@id":"https:\/\/www.blogsoestado.com\/danielmatos\/#website"},"primaryImageOfPage":{"@id":"https:\/\/www.blogsoestado.com\/danielmatos\/marcial-lima-defende-descentralizacao-de-arraiais-juninos-e-mais-investimentos-para-o-sao-joao\/#primaryimage"},"image":{"@id":"https:\/\/www.blogsoestado.com\/danielmatos\/marcial-lima-defende-descentralizacao-de-arraiais-juninos-e-mais-investimentos-para-o-sao-joao\/#primaryimage"},"thumbnailUrl":"https:\/\/www.blogsoestado.com\/danielmatos\/files\/2023\/05\/Screenshot_20230510-0104332.png","datePublished":"2023-05-10T09:00:00+00:00","author":{"@id":""},"breadcrumb":{"@id":"https:\/\/www.blogsoestado.com\/danielmatos\/marcial-lima-defende-descentralizacao-de-arraiais-juninos-e-mais-investimentos-para-o-sao-joao\/#breadcrumb"},"inLanguage":"pt-BR","potentialAction":[{"@type":"ReadAction","target":["https:\/\/www.blogsoestado.com\/danielmatos\/marcial-lima-defende-descentralizacao-de-arraiais-juninos-e-mais-investimentos-para-o-sao-joao\/"]}]},{"@type":"ImageObject","inLanguage":"pt-BR","@id":"https:\/\/www.blogsoestado.com\/danielmatos\/marcial-lima-defende-descentralizacao-de-arraiais-juninos-e-mais-investimentos-para-o-sao-joao\/#primaryimage","url":"https:\/\/www.blogsoestado.com\/danielmatos\/files\/2023\/05\/Screenshot_20230510-0104332.png","contentUrl":"https:\/\/www.blogsoestado.com\/danielmatos\/files\/2023\/05\/Screenshot_20230510-0104332.png"},{"@type":"BreadcrumbList","@id":"https:\/\/www.blogsoestado.com\/danielmatos\/marcial-lima-defende-descentralizacao-de-arraiais-juninos-e-mais-investimentos-para-o-sao-joao\/#breadcrumb","itemListElement":[{"@type":"ListItem","position":1,"name":"In\u00edcio","item":"https:\/\/www.blogsoestado.com\/danielmatos\/"},{"@type":"ListItem","position":2,"name":"Marcial Lima defende descentraliza\u00e7\u00e3o de arraiais juninos e mais investimentos para o S\u00e3o Jo\u00e3o"}]},{"@type":"WebSite","@id":"https:\/\/www.blogsoestado.com\/danielmatos\/#website","url":"https:\/\/www.blogsoestado.com\/danielmatos\/","name":"Daniel Matos","description":"","potentialAction":[{"@type":"SearchAction","target":{"@type":"EntryPoint","urlTemplate":"https:\/\/www.blogsoestado.com\/danielmatos\/?s={search_term_string}"},"query-input":{"@type":"PropertyValueSpecification","valueRequired":true,"valueName":"search_term_string"}}],"inLanguage":"pt-BR"}]}},"jetpack_featured_media_url":"","_links":{"self":[{"href":"https:\/\/www.blogsoestado.com\/danielmatos\/wp-json\/wp\/v2\/posts\/109493","targetHints":{"allow":["GET"]}}],"collection":[{"href":"https:\/\/www.blogsoestado.com\/danielmatos\/wp-json\/wp\/v2\/posts"}],"about":[{"href":"https:\/\/www.blogsoestado.com\/danielmatos\/wp-json\/wp\/v2\/types\/post"}],"replies":[{"embeddable":true,"href":"https:\/\/www.blogsoestado.com\/danielmatos\/wp-json\/wp\/v2\/comments?post=109493"}],"version-history":[{"count":0,"href":"https:\/\/www.blogsoestado.com\/danielmatos\/wp-json\/wp\/v2\/posts\/109493\/revisions"}],"wp:attachment":[{"href":"https:\/\/www.blogsoestado.com\/danielmatos\/wp-json\/wp\/v2\/media?parent=109493"}],"wp:term":[{"taxonomy":"category","embeddable":true,"href":"https:\/\/www.blogsoestado.com\/danielmatos\/wp-json\/wp\/v2\/categories?post=109493"},{"taxonomy":"post_tag","embeddable":true,"href":"https:\/\/www.blogsoestado.com\/danielmatos\/wp-json\/wp\/v2\/tags?post=109493"}],"curies":[{"name":"wp","href":"https:\/\/api.w.org\/{rel}","templated":true}]}}