{"id":109507,"date":"2023-05-10T11:11:27","date_gmt":"2023-05-10T14:11:27","guid":{"rendered":"https:\/\/www.blogsoestado.com\/danielmatos\/?p=109507"},"modified":"2023-05-10T11:11:27","modified_gmt":"2023-05-10T14:11:27","slug":"em-sao-jose-de-ribamar-prefeito-julinho-quer-criar-mais-5-secretarias-no-ano-pre-eleitoral","status":"publish","type":"post","link":"https:\/\/www.blogsoestado.com\/danielmatos\/em-sao-jose-de-ribamar-prefeito-julinho-quer-criar-mais-5-secretarias-no-ano-pre-eleitoral\/","title":{"rendered":"Em S\u00e3o Jos\u00e9 de Ribamar, prefeito Julinho envia \u00e0 C\u00e2mara projeto que cria mais 5 secretarias em pleno ano pr\u00e9-eleitoral"},"content":{"rendered":"\n<p><strong><span class=\"has-inline-color has-vivid-red-color\">Proposta prev\u00ea a cria\u00e7\u00e3o da Secretaria Municipal de M\u00eddia e Publicidade (SEMMIP), mesmo j\u00e1 existindo no organograma da prefeitura a pasta da Comunica\u00e7\u00e3o<\/span><\/strong> <\/p>\n\n\n\n<div class=\"wp-block-image\"><figure class=\"aligncenter size-large\"><a href=\"https:\/\/www.blogsoestado.com\/danielmatos\/files\/2023\/05\/Screenshot_20230510-1123052.png\"><img decoding=\"async\" src=\"https:\/\/www.blogsoestado.com\/danielmatos\/files\/2023\/05\/Screenshot_20230510-1123052.png\" alt=\"\" class=\"wp-image-109510\"\/><\/a><figcaption>O prefeito Dr. Julinho quer inchar a m\u00e1quina p\u00fablica municipal de S\u00e3o Jos\u00e9 de Ribamar com mais cinco secretarias faltando pouco mais de um ano e quatro meses para a elei\u00e7\u00e3o em que tentar\u00e1 renovar o mandato<\/figcaption><\/figure><\/div>\n\n\n\n<p>A pretexto de fazer uma reforma administrativa em sua gest\u00e3o, o prefeito de S\u00e3o Jos\u00e9 de Ribamar, Dr. Julinho (PL), enviou \u00e0 Camara Municipal um projeto de lei que prev\u00ea a cria\u00e7\u00e3o de cinco novas secretarias. O incha\u00e7o da m\u00e1quina p\u00fablica \u00e9 alvo de uma s\u00e9rie de cr\u00edticas por ocorrer no per\u00edodo em que os efeitos danosos da pandemia de Covid-19 ainda comprometem a economia e em pleno ano eleitoral. <\/p>\n\n\n\n<p>De acordo com o projeto de lei de autoria do Poder Executivo, ser\u00e3o criadas as seguintes pastas: Secretaria Municipal de Cultura e Turismo (SEMCULT), Secretaria Municipal de Esporte e Lazer (SEMDEL), Secretaria Municipal Extraordin\u00e1ria de Ind\u00fastria e Com\u00e9rcio (SEMIC), Secretaria Municipal Extraordin\u00e1ria de Articula\u00e7\u00e3o e Desenvolvimento Regional (SEMAD) e Secretaria Municipal de M\u00eddia e Publicidade (SEMMIP).<\/p>\n\n\n\n<p>Ao se pronunciar no plen\u00e1rio, o presidente da C\u00e2mara de Vereadores de S\u00e3o Jos\u00e9 de Ribamar, Dudu Diniz (Cidadania), se manifestou contra a cria\u00e7\u00e3o das cinco novas secretarias na estrutura da administra\u00e7\u00e3o municipal, argumentando que a medida do prefeito Julinho gera impacto no momento em que a popula\u00e7\u00e3o ainda sofre os impactos da pandemia do novo coronav\u00edrus. O chefe do Legislativo ribamarense observou, no entanto, que, mesmo n\u00e3o vendo sentido, seu posicionamento contr\u00e1rio \u00e0 proposta n\u00e3o pode se sobrepor ao rito da casa. <strong><span class=\"has-inline-color has-vivid-red-color\">Assista ao v\u00eddeo <a href=\"https:\/\/youtu.be\/dRkcgPaTAuk\">aqui<\/a><\/span><\/strong>.<\/p>\n\n\n\n<p>Dudu Diniz condenou, ainda, a cria\u00e7\u00e3o da Secretaria Municipal Extraordin\u00e1ria de M\u00eddia e Publicidade (SEMMIP), uma vez que no organograma da prefeitura j\u00e1 existe a pasta da Comunica\u00e7\u00e3o.<\/p>\n\n\n\n<p>Abaixo, a mat\u00e9ria encaminhada pelo prefeito Dr. Julinho \u00e0 Camara Municipal de S\u00e3o Jos\u00e9 de Ribamar referente \u00e0 reforma administrativa: <\/p>\n\n\n\n<figure class=\"wp-block-image size-large\"><a href=\"https:\/\/www.blogsoestado.com\/danielmatos\/files\/2023\/05\/IMG-20230509-WA0889.jpg\"><img decoding=\"async\" src=\"https:\/\/www.blogsoestado.com\/danielmatos\/files\/2023\/05\/IMG-20230509-WA0889.jpg\" alt=\"\" class=\"wp-image-109508\"\/><\/a><\/figure>\n","protected":false},"excerpt":{"rendered":"<p>Proposta prev\u00ea a cria\u00e7\u00e3o da Secretaria Municipal de M\u00eddia e Publicidade (SEMMIP), mesmo j\u00e1 existindo no organograma da prefeitura a [&hellip;]<\/p>\n","protected":false},"author":0,"featured_media":0,"comment_status":"open","ping_status":"open","sticky":false,"template":"","format":"standard","meta":{"site-sidebar-layout":"default","site-content-layout":"","ast-site-content-layout":"default","site-content-style":"default","site-sidebar-style":"default","ast-global-header-display":"","ast-banner-title-visibility":"","ast-main-header-display":"","ast-hfb-above-header-display":"","ast-hfb-below-header-display":"","ast-hfb-mobile-header-display":"","site-post-title":"","ast-breadcrumbs-content":"","ast-featured-img":"","footer-sml-layout":"","ast-disable-related-posts":"","theme-transparent-header-meta":"","adv-header-id-meta":"","stick-header-meta":"","header-above-stick-meta":"","header-main-stick-meta":"","header-below-stick-meta":"","astra-migrate-meta-layouts":"default","ast-page-background-enabled":"default","ast-page-background-meta":{"desktop":{"background-color":"var(--ast-global-color-5)","background-image":"","background-repeat":"repeat","background-position":"center center","background-size":"auto","background-attachment":"scroll","background-type":"","background-media":"","overlay-type":"","overlay-color":"","overlay-opacity":"","overlay-gradient":""},"tablet":{"background-color":"","background-image":"","background-repeat":"repeat","background-position":"center center","background-size":"auto","background-attachment":"scroll","background-type":"","background-media":"","overlay-type":"","overlay-color":"","overlay-opacity":"","overlay-gradient":""},"mobile":{"background-color":"","background-image":"","background-repeat":"repeat","background-position":"center center","background-size":"auto","background-attachment":"scroll","background-type":"","background-media":"","overlay-type":"","overlay-color":"","overlay-opacity":"","overlay-gradient":""}},"ast-content-background-meta":{"desktop":{"background-color":"var(--ast-global-color-4)","background-image":"","background-repeat":"repeat","background-position":"center center","background-size":"auto","background-attachment":"scroll","background-type":"","background-media":"","overlay-type":"","overlay-color":"","overlay-opacity":"","overlay-gradient":""},"tablet":{"background-color":"var(--ast-global-color-4)","background-image":"","background-repeat":"repeat","background-position":"center center","background-size":"auto","background-attachment":"scroll","background-type":"","background-media":"","overlay-type":"","overlay-color":"","overlay-opacity":"","overlay-gradient":""},"mobile":{"background-color":"var(--ast-global-color-4)","background-image":"","background-repeat":"repeat","background-position":"center center","background-size":"auto","background-attachment":"scroll","background-type":"","background-media":"","overlay-type":"","overlay-color":"","overlay-opacity":"","overlay-gradient":""}},"footnotes":""},"categories":[1],"tags":[],"class_list":["post-109507","post","type-post","status-publish","format-standard","hentry","category-sem-categoria"],"yoast_head":"<!-- This site is optimized with the Yoast SEO plugin v26.6 - https:\/\/yoast.com\/wordpress\/plugins\/seo\/ -->\n<title>Em S\u00e3o Jos\u00e9 de Ribamar, prefeito Julinho envia \u00e0 C\u00e2mara projeto que cria mais 5 secretarias em pleno ano pr\u00e9-eleitoral - Daniel Matos<\/title>\n<meta name=\"robots\" content=\"index, follow, max-snippet:-1, max-image-preview:large, max-video-preview:-1\" \/>\n<link rel=\"canonical\" href=\"https:\/\/www.blogsoestado.com\/danielmatos\/em-sao-jose-de-ribamar-prefeito-julinho-quer-criar-mais-5-secretarias-no-ano-pre-eleitoral\/\" \/>\n<meta property=\"og:locale\" content=\"pt_BR\" \/>\n<meta property=\"og:type\" content=\"article\" \/>\n<meta property=\"og:title\" content=\"Em S\u00e3o Jos\u00e9 de Ribamar, prefeito Julinho envia \u00e0 C\u00e2mara projeto que cria mais 5 secretarias em pleno ano pr\u00e9-eleitoral - Daniel Matos\" \/>\n<meta property=\"og:description\" content=\"Proposta prev\u00ea a cria\u00e7\u00e3o da Secretaria Municipal de M\u00eddia e Publicidade (SEMMIP), mesmo j\u00e1 existindo no organograma da prefeitura a [&hellip;]\" \/>\n<meta property=\"og:url\" content=\"https:\/\/www.blogsoestado.com\/danielmatos\/em-sao-jose-de-ribamar-prefeito-julinho-quer-criar-mais-5-secretarias-no-ano-pre-eleitoral\/\" \/>\n<meta property=\"og:site_name\" content=\"Daniel Matos\" \/>\n<meta property=\"article:published_time\" content=\"2023-05-10T14:11:27+00:00\" \/>\n<meta property=\"og:image\" content=\"https:\/\/www.blogsoestado.com\/danielmatos\/files\/2023\/05\/Screenshot_20230510-1123052.png\" \/>\n<meta name=\"twitter:card\" content=\"summary_large_image\" \/>\n<meta name=\"twitter:label1\" content=\"Est. tempo de leitura\" \/>\n\t<meta name=\"twitter:data1\" content=\"2 minutos\" \/>\n<script type=\"application\/ld+json\" class=\"yoast-schema-graph\">{\"@context\":\"https:\/\/schema.org\",\"@graph\":[{\"@type\":\"WebPage\",\"@id\":\"https:\/\/www.blogsoestado.com\/danielmatos\/em-sao-jose-de-ribamar-prefeito-julinho-quer-criar-mais-5-secretarias-no-ano-pre-eleitoral\/\",\"url\":\"https:\/\/www.blogsoestado.com\/danielmatos\/em-sao-jose-de-ribamar-prefeito-julinho-quer-criar-mais-5-secretarias-no-ano-pre-eleitoral\/\",\"name\":\"Em S\u00e3o Jos\u00e9 de Ribamar, prefeito Julinho envia \u00e0 C\u00e2mara projeto que cria mais 5 secretarias em pleno ano pr\u00e9-eleitoral - Daniel Matos\",\"isPartOf\":{\"@id\":\"https:\/\/www.blogsoestado.com\/danielmatos\/#website\"},\"primaryImageOfPage\":{\"@id\":\"https:\/\/www.blogsoestado.com\/danielmatos\/em-sao-jose-de-ribamar-prefeito-julinho-quer-criar-mais-5-secretarias-no-ano-pre-eleitoral\/#primaryimage\"},\"image\":{\"@id\":\"https:\/\/www.blogsoestado.com\/danielmatos\/em-sao-jose-de-ribamar-prefeito-julinho-quer-criar-mais-5-secretarias-no-ano-pre-eleitoral\/#primaryimage\"},\"thumbnailUrl\":\"https:\/\/www.blogsoestado.com\/danielmatos\/files\/2023\/05\/Screenshot_20230510-1123052.png\",\"datePublished\":\"2023-05-10T14:11:27+00:00\",\"author\":{\"@id\":\"\"},\"breadcrumb\":{\"@id\":\"https:\/\/www.blogsoestado.com\/danielmatos\/em-sao-jose-de-ribamar-prefeito-julinho-quer-criar-mais-5-secretarias-no-ano-pre-eleitoral\/#breadcrumb\"},\"inLanguage\":\"pt-BR\",\"potentialAction\":[{\"@type\":\"ReadAction\",\"target\":[\"https:\/\/www.blogsoestado.com\/danielmatos\/em-sao-jose-de-ribamar-prefeito-julinho-quer-criar-mais-5-secretarias-no-ano-pre-eleitoral\/\"]}]},{\"@type\":\"ImageObject\",\"inLanguage\":\"pt-BR\",\"@id\":\"https:\/\/www.blogsoestado.com\/danielmatos\/em-sao-jose-de-ribamar-prefeito-julinho-quer-criar-mais-5-secretarias-no-ano-pre-eleitoral\/#primaryimage\",\"url\":\"https:\/\/www.blogsoestado.com\/danielmatos\/files\/2023\/05\/Screenshot_20230510-1123052.png\",\"contentUrl\":\"https:\/\/www.blogsoestado.com\/danielmatos\/files\/2023\/05\/Screenshot_20230510-1123052.png\"},{\"@type\":\"BreadcrumbList\",\"@id\":\"https:\/\/www.blogsoestado.com\/danielmatos\/em-sao-jose-de-ribamar-prefeito-julinho-quer-criar-mais-5-secretarias-no-ano-pre-eleitoral\/#breadcrumb\",\"itemListElement\":[{\"@type\":\"ListItem\",\"position\":1,\"name\":\"In\u00edcio\",\"item\":\"https:\/\/www.blogsoestado.com\/danielmatos\/\"},{\"@type\":\"ListItem\",\"position\":2,\"name\":\"Em S\u00e3o Jos\u00e9 de Ribamar, prefeito Julinho envia \u00e0 C\u00e2mara projeto que cria mais 5 secretarias em pleno ano pr\u00e9-eleitoral\"}]},{\"@type\":\"WebSite\",\"@id\":\"https:\/\/www.blogsoestado.com\/danielmatos\/#website\",\"url\":\"https:\/\/www.blogsoestado.com\/danielmatos\/\",\"name\":\"Daniel Matos\",\"description\":\"\",\"potentialAction\":[{\"@type\":\"SearchAction\",\"target\":{\"@type\":\"EntryPoint\",\"urlTemplate\":\"https:\/\/www.blogsoestado.com\/danielmatos\/?s={search_term_string}\"},\"query-input\":{\"@type\":\"PropertyValueSpecification\",\"valueRequired\":true,\"valueName\":\"search_term_string\"}}],\"inLanguage\":\"pt-BR\"}]}<\/script>\n<!-- \/ Yoast SEO plugin. -->","yoast_head_json":{"title":"Em S\u00e3o Jos\u00e9 de Ribamar, prefeito Julinho envia \u00e0 C\u00e2mara projeto que cria mais 5 secretarias em pleno ano pr\u00e9-eleitoral - Daniel Matos","robots":{"index":"index","follow":"follow","max-snippet":"max-snippet:-1","max-image-preview":"max-image-preview:large","max-video-preview":"max-video-preview:-1"},"canonical":"https:\/\/www.blogsoestado.com\/danielmatos\/em-sao-jose-de-ribamar-prefeito-julinho-quer-criar-mais-5-secretarias-no-ano-pre-eleitoral\/","og_locale":"pt_BR","og_type":"article","og_title":"Em S\u00e3o Jos\u00e9 de Ribamar, prefeito Julinho envia \u00e0 C\u00e2mara projeto que cria mais 5 secretarias em pleno ano pr\u00e9-eleitoral - Daniel Matos","og_description":"Proposta prev\u00ea a cria\u00e7\u00e3o da Secretaria Municipal de M\u00eddia e Publicidade (SEMMIP), mesmo j\u00e1 existindo no organograma da prefeitura a [&hellip;]","og_url":"https:\/\/www.blogsoestado.com\/danielmatos\/em-sao-jose-de-ribamar-prefeito-julinho-quer-criar-mais-5-secretarias-no-ano-pre-eleitoral\/","og_site_name":"Daniel Matos","article_published_time":"2023-05-10T14:11:27+00:00","og_image":[{"url":"https:\/\/www.blogsoestado.com\/danielmatos\/files\/2023\/05\/Screenshot_20230510-1123052.png","type":"","width":"","height":""}],"twitter_card":"summary_large_image","twitter_misc":{"Est. tempo de leitura":"2 minutos"},"schema":{"@context":"https:\/\/schema.org","@graph":[{"@type":"WebPage","@id":"https:\/\/www.blogsoestado.com\/danielmatos\/em-sao-jose-de-ribamar-prefeito-julinho-quer-criar-mais-5-secretarias-no-ano-pre-eleitoral\/","url":"https:\/\/www.blogsoestado.com\/danielmatos\/em-sao-jose-de-ribamar-prefeito-julinho-quer-criar-mais-5-secretarias-no-ano-pre-eleitoral\/","name":"Em S\u00e3o Jos\u00e9 de Ribamar, prefeito Julinho envia \u00e0 C\u00e2mara projeto que cria mais 5 secretarias em pleno ano pr\u00e9-eleitoral - Daniel Matos","isPartOf":{"@id":"https:\/\/www.blogsoestado.com\/danielmatos\/#website"},"primaryImageOfPage":{"@id":"https:\/\/www.blogsoestado.com\/danielmatos\/em-sao-jose-de-ribamar-prefeito-julinho-quer-criar-mais-5-secretarias-no-ano-pre-eleitoral\/#primaryimage"},"image":{"@id":"https:\/\/www.blogsoestado.com\/danielmatos\/em-sao-jose-de-ribamar-prefeito-julinho-quer-criar-mais-5-secretarias-no-ano-pre-eleitoral\/#primaryimage"},"thumbnailUrl":"https:\/\/www.blogsoestado.com\/danielmatos\/files\/2023\/05\/Screenshot_20230510-1123052.png","datePublished":"2023-05-10T14:11:27+00:00","author":{"@id":""},"breadcrumb":{"@id":"https:\/\/www.blogsoestado.com\/danielmatos\/em-sao-jose-de-ribamar-prefeito-julinho-quer-criar-mais-5-secretarias-no-ano-pre-eleitoral\/#breadcrumb"},"inLanguage":"pt-BR","potentialAction":[{"@type":"ReadAction","target":["https:\/\/www.blogsoestado.com\/danielmatos\/em-sao-jose-de-ribamar-prefeito-julinho-quer-criar-mais-5-secretarias-no-ano-pre-eleitoral\/"]}]},{"@type":"ImageObject","inLanguage":"pt-BR","@id":"https:\/\/www.blogsoestado.com\/danielmatos\/em-sao-jose-de-ribamar-prefeito-julinho-quer-criar-mais-5-secretarias-no-ano-pre-eleitoral\/#primaryimage","url":"https:\/\/www.blogsoestado.com\/danielmatos\/files\/2023\/05\/Screenshot_20230510-1123052.png","contentUrl":"https:\/\/www.blogsoestado.com\/danielmatos\/files\/2023\/05\/Screenshot_20230510-1123052.png"},{"@type":"BreadcrumbList","@id":"https:\/\/www.blogsoestado.com\/danielmatos\/em-sao-jose-de-ribamar-prefeito-julinho-quer-criar-mais-5-secretarias-no-ano-pre-eleitoral\/#breadcrumb","itemListElement":[{"@type":"ListItem","position":1,"name":"In\u00edcio","item":"https:\/\/www.blogsoestado.com\/danielmatos\/"},{"@type":"ListItem","position":2,"name":"Em S\u00e3o Jos\u00e9 de Ribamar, prefeito Julinho envia \u00e0 C\u00e2mara projeto que cria mais 5 secretarias em pleno ano pr\u00e9-eleitoral"}]},{"@type":"WebSite","@id":"https:\/\/www.blogsoestado.com\/danielmatos\/#website","url":"https:\/\/www.blogsoestado.com\/danielmatos\/","name":"Daniel Matos","description":"","potentialAction":[{"@type":"SearchAction","target":{"@type":"EntryPoint","urlTemplate":"https:\/\/www.blogsoestado.com\/danielmatos\/?s={search_term_string}"},"query-input":{"@type":"PropertyValueSpecification","valueRequired":true,"valueName":"search_term_string"}}],"inLanguage":"pt-BR"}]}},"jetpack_featured_media_url":"","_links":{"self":[{"href":"https:\/\/www.blogsoestado.com\/danielmatos\/wp-json\/wp\/v2\/posts\/109507","targetHints":{"allow":["GET"]}}],"collection":[{"href":"https:\/\/www.blogsoestado.com\/danielmatos\/wp-json\/wp\/v2\/posts"}],"about":[{"href":"https:\/\/www.blogsoestado.com\/danielmatos\/wp-json\/wp\/v2\/types\/post"}],"replies":[{"embeddable":true,"href":"https:\/\/www.blogsoestado.com\/danielmatos\/wp-json\/wp\/v2\/comments?post=109507"}],"version-history":[{"count":0,"href":"https:\/\/www.blogsoestado.com\/danielmatos\/wp-json\/wp\/v2\/posts\/109507\/revisions"}],"wp:attachment":[{"href":"https:\/\/www.blogsoestado.com\/danielmatos\/wp-json\/wp\/v2\/media?parent=109507"}],"wp:term":[{"taxonomy":"category","embeddable":true,"href":"https:\/\/www.blogsoestado.com\/danielmatos\/wp-json\/wp\/v2\/categories?post=109507"},{"taxonomy":"post_tag","embeddable":true,"href":"https:\/\/www.blogsoestado.com\/danielmatos\/wp-json\/wp\/v2\/tags?post=109507"}],"curies":[{"name":"wp","href":"https:\/\/api.w.org\/{rel}","templated":true}]}}