{"id":109512,"date":"2023-05-10T13:56:22","date_gmt":"2023-05-10T16:56:22","guid":{"rendered":"https:\/\/www.blogsoestado.com\/danielmatos\/?p=109512"},"modified":"2023-05-10T13:56:22","modified_gmt":"2023-05-10T16:56:22","slug":"candidatura-do-professor-doutor-carvalho-a-reitor-da-ufma-sera-lancada-nesta-sexta-feira-dia-12-na-associacao-dos-magistrados","status":"publish","type":"post","link":"https:\/\/www.blogsoestado.com\/danielmatos\/candidatura-do-professor-doutor-carvalho-a-reitor-da-ufma-sera-lancada-nesta-sexta-feira-dia-12-na-associacao-dos-magistrados\/","title":{"rendered":"Pr\u00e9-candidatura do professor-doutor Fernando Carvalho a reitor da UFMA ser\u00e1 lan\u00e7ada nesta sexta-feira, dia 12, na Associa\u00e7\u00e3o dos Magistrados"},"content":{"rendered":"\n<div class=\"wp-block-image\"><figure class=\"alignleft size-large\"><a href=\"https:\/\/www.blogsoestado.com\/danielmatos\/files\/2023\/05\/IMG-20221206-WA0042.jpg\"><img decoding=\"async\" src=\"https:\/\/www.blogsoestado.com\/danielmatos\/files\/2023\/05\/IMG-20221206-WA0042.jpg\" alt=\"\" class=\"wp-image-109513\"\/><\/a><figcaption>Fernando Carvalho encabe\u00e7a a chapa &#8220;Mais UFMA&#8221;, que disputa os cargos de reitor e vice-reitor da UFMA<\/figcaption><\/figure><\/div>\n\n\n\n<p>Um jantar a ser realizado na Associa\u00e7\u00e3o dos Magistrados do Maranh\u00e3o (AMMA) receber\u00e1 os pr\u00e9-candidatos \u00e0 reitoria e vice-reitoria da Universidade Federal do Maranh\u00e3o (UFMA). O evento \u00e9 um grande ato realizado pelo &#8220;Mais UFMA&#8221;, em que re\u00fane candidatos \u00e0 reitoria e vice-reitoria, no caso da Profa. Zefinha Bentivi e do Prof. Leonardo Soares.<\/p>\n\n\n\n<p>Fernando Carvalho \u00e9 professor titular da Universidade, colecionando duas gest\u00f5es frente \u00e0 Pr\u00f3-Reitoria de Pesquisa, P\u00f3s-Gradua\u00e7\u00e3o e Inova\u00e7\u00e3o (PPPG &#8211; 2007\/2015), nas duas primeiras gest\u00f5es de Natalino Salgado. <\/p>\n\n\n\n<p>Tornou-se Vice-Reitor, fortalecendo o legado de Natalino Salgado entre 2015 e 2019 e, na terceira gest\u00e3o de Natalino, a PPPGI foi reformulada e transformada nMahaiuma Ag\u00eancia, com o objetivo de articular eixos importantes ao ensino da p\u00f3s-gradua\u00e7\u00e3o, \u00e0 pesquisa, inova\u00e7\u00e3o, empreendedorismo e internacionaliza\u00e7\u00e3o.<\/p>\n","protected":false},"excerpt":{"rendered":"<p>Um jantar a ser realizado na Associa\u00e7\u00e3o dos Magistrados do Maranh\u00e3o (AMMA) receber\u00e1 os pr\u00e9-candidatos \u00e0 reitoria e vice-reitoria da [&hellip;]<\/p>\n","protected":false},"author":0,"featured_media":0,"comment_status":"open","ping_status":"open","sticky":false,"template":"","format":"standard","meta":{"site-sidebar-layout":"default","site-content-layout":"","ast-site-content-layout":"default","site-content-style":"default","site-sidebar-style":"default","ast-global-header-display":"","ast-banner-title-visibility":"","ast-main-header-display":"","ast-hfb-above-header-display":"","ast-hfb-below-header-display":"","ast-hfb-mobile-header-display":"","site-post-title":"","ast-breadcrumbs-content":"","ast-featured-img":"","footer-sml-layout":"","ast-disable-related-posts":"","theme-transparent-header-meta":"","adv-header-id-meta":"","stick-header-meta":"","header-above-stick-meta":"","header-main-stick-meta":"","header-below-stick-meta":"","astra-migrate-meta-layouts":"default","ast-page-background-enabled":"default","ast-page-background-meta":{"desktop":{"background-color":"var(--ast-global-color-5)","background-image":"","background-repeat":"repeat","background-position":"center center","background-size":"auto","background-attachment":"scroll","background-type":"","background-media":"","overlay-type":"","overlay-color":"","overlay-opacity":"","overlay-gradient":""},"tablet":{"background-color":"","background-image":"","background-repeat":"repeat","background-position":"center center","background-size":"auto","background-attachment":"scroll","background-type":"","background-media":"","overlay-type":"","overlay-color":"","overlay-opacity":"","overlay-gradient":""},"mobile":{"background-color":"","background-image":"","background-repeat":"repeat","background-position":"center center","background-size":"auto","background-attachment":"scroll","background-type":"","background-media":"","overlay-type":"","overlay-color":"","overlay-opacity":"","overlay-gradient":""}},"ast-content-background-meta":{"desktop":{"background-color":"var(--ast-global-color-4)","background-image":"","background-repeat":"repeat","background-position":"center center","background-size":"auto","background-attachment":"scroll","background-type":"","background-media":"","overlay-type":"","overlay-color":"","overlay-opacity":"","overlay-gradient":""},"tablet":{"background-color":"var(--ast-global-color-4)","background-image":"","background-repeat":"repeat","background-position":"center center","background-size":"auto","background-attachment":"scroll","background-type":"","background-media":"","overlay-type":"","overlay-color":"","overlay-opacity":"","overlay-gradient":""},"mobile":{"background-color":"var(--ast-global-color-4)","background-image":"","background-repeat":"repeat","background-position":"center center","background-size":"auto","background-attachment":"scroll","background-type":"","background-media":"","overlay-type":"","overlay-color":"","overlay-opacity":"","overlay-gradient":""}},"footnotes":""},"categories":[1],"tags":[],"class_list":["post-109512","post","type-post","status-publish","format-standard","hentry","category-sem-categoria"],"yoast_head":"<!-- This site is optimized with the Yoast SEO plugin v26.6 - https:\/\/yoast.com\/wordpress\/plugins\/seo\/ -->\n<title>Pr\u00e9-candidatura do professor-doutor Fernando Carvalho a reitor da UFMA ser\u00e1 lan\u00e7ada nesta sexta-feira, dia 12, na Associa\u00e7\u00e3o dos Magistrados - Daniel Matos<\/title>\n<meta name=\"robots\" content=\"index, follow, max-snippet:-1, max-image-preview:large, max-video-preview:-1\" \/>\n<link rel=\"canonical\" href=\"https:\/\/www.blogsoestado.com\/danielmatos\/candidatura-do-professor-doutor-carvalho-a-reitor-da-ufma-sera-lancada-nesta-sexta-feira-dia-12-na-associacao-dos-magistrados\/\" \/>\n<meta property=\"og:locale\" content=\"pt_BR\" \/>\n<meta property=\"og:type\" content=\"article\" \/>\n<meta property=\"og:title\" content=\"Pr\u00e9-candidatura do professor-doutor Fernando Carvalho a reitor da UFMA ser\u00e1 lan\u00e7ada nesta sexta-feira, dia 12, na Associa\u00e7\u00e3o dos Magistrados - Daniel Matos\" \/>\n<meta property=\"og:description\" content=\"Um jantar a ser realizado na Associa\u00e7\u00e3o dos Magistrados do Maranh\u00e3o (AMMA) receber\u00e1 os pr\u00e9-candidatos \u00e0 reitoria e vice-reitoria da [&hellip;]\" \/>\n<meta property=\"og:url\" content=\"https:\/\/www.blogsoestado.com\/danielmatos\/candidatura-do-professor-doutor-carvalho-a-reitor-da-ufma-sera-lancada-nesta-sexta-feira-dia-12-na-associacao-dos-magistrados\/\" \/>\n<meta property=\"og:site_name\" content=\"Daniel Matos\" \/>\n<meta property=\"article:published_time\" content=\"2023-05-10T16:56:22+00:00\" \/>\n<meta property=\"og:image\" content=\"https:\/\/www.blogsoestado.com\/danielmatos\/files\/2023\/05\/IMG-20221206-WA0042.jpg\" \/>\n<meta name=\"twitter:card\" content=\"summary_large_image\" \/>\n<meta name=\"twitter:label1\" content=\"Est. tempo de leitura\" \/>\n\t<meta name=\"twitter:data1\" content=\"1 minuto\" \/>\n<script type=\"application\/ld+json\" class=\"yoast-schema-graph\">{\"@context\":\"https:\/\/schema.org\",\"@graph\":[{\"@type\":\"WebPage\",\"@id\":\"https:\/\/www.blogsoestado.com\/danielmatos\/candidatura-do-professor-doutor-carvalho-a-reitor-da-ufma-sera-lancada-nesta-sexta-feira-dia-12-na-associacao-dos-magistrados\/\",\"url\":\"https:\/\/www.blogsoestado.com\/danielmatos\/candidatura-do-professor-doutor-carvalho-a-reitor-da-ufma-sera-lancada-nesta-sexta-feira-dia-12-na-associacao-dos-magistrados\/\",\"name\":\"Pr\u00e9-candidatura do professor-doutor Fernando Carvalho a reitor da UFMA ser\u00e1 lan\u00e7ada nesta sexta-feira, dia 12, na Associa\u00e7\u00e3o dos Magistrados - Daniel Matos\",\"isPartOf\":{\"@id\":\"https:\/\/www.blogsoestado.com\/danielmatos\/#website\"},\"primaryImageOfPage\":{\"@id\":\"https:\/\/www.blogsoestado.com\/danielmatos\/candidatura-do-professor-doutor-carvalho-a-reitor-da-ufma-sera-lancada-nesta-sexta-feira-dia-12-na-associacao-dos-magistrados\/#primaryimage\"},\"image\":{\"@id\":\"https:\/\/www.blogsoestado.com\/danielmatos\/candidatura-do-professor-doutor-carvalho-a-reitor-da-ufma-sera-lancada-nesta-sexta-feira-dia-12-na-associacao-dos-magistrados\/#primaryimage\"},\"thumbnailUrl\":\"https:\/\/www.blogsoestado.com\/danielmatos\/files\/2023\/05\/IMG-20221206-WA0042.jpg\",\"datePublished\":\"2023-05-10T16:56:22+00:00\",\"author\":{\"@id\":\"\"},\"breadcrumb\":{\"@id\":\"https:\/\/www.blogsoestado.com\/danielmatos\/candidatura-do-professor-doutor-carvalho-a-reitor-da-ufma-sera-lancada-nesta-sexta-feira-dia-12-na-associacao-dos-magistrados\/#breadcrumb\"},\"inLanguage\":\"pt-BR\",\"potentialAction\":[{\"@type\":\"ReadAction\",\"target\":[\"https:\/\/www.blogsoestado.com\/danielmatos\/candidatura-do-professor-doutor-carvalho-a-reitor-da-ufma-sera-lancada-nesta-sexta-feira-dia-12-na-associacao-dos-magistrados\/\"]}]},{\"@type\":\"ImageObject\",\"inLanguage\":\"pt-BR\",\"@id\":\"https:\/\/www.blogsoestado.com\/danielmatos\/candidatura-do-professor-doutor-carvalho-a-reitor-da-ufma-sera-lancada-nesta-sexta-feira-dia-12-na-associacao-dos-magistrados\/#primaryimage\",\"url\":\"https:\/\/www.blogsoestado.com\/danielmatos\/files\/2023\/05\/IMG-20221206-WA0042.jpg\",\"contentUrl\":\"https:\/\/www.blogsoestado.com\/danielmatos\/files\/2023\/05\/IMG-20221206-WA0042.jpg\"},{\"@type\":\"BreadcrumbList\",\"@id\":\"https:\/\/www.blogsoestado.com\/danielmatos\/candidatura-do-professor-doutor-carvalho-a-reitor-da-ufma-sera-lancada-nesta-sexta-feira-dia-12-na-associacao-dos-magistrados\/#breadcrumb\",\"itemListElement\":[{\"@type\":\"ListItem\",\"position\":1,\"name\":\"In\u00edcio\",\"item\":\"https:\/\/www.blogsoestado.com\/danielmatos\/\"},{\"@type\":\"ListItem\",\"position\":2,\"name\":\"Pr\u00e9-candidatura do professor-doutor Fernando Carvalho a reitor da UFMA ser\u00e1 lan\u00e7ada nesta sexta-feira, dia 12, na Associa\u00e7\u00e3o dos Magistrados\"}]},{\"@type\":\"WebSite\",\"@id\":\"https:\/\/www.blogsoestado.com\/danielmatos\/#website\",\"url\":\"https:\/\/www.blogsoestado.com\/danielmatos\/\",\"name\":\"Daniel Matos\",\"description\":\"\",\"potentialAction\":[{\"@type\":\"SearchAction\",\"target\":{\"@type\":\"EntryPoint\",\"urlTemplate\":\"https:\/\/www.blogsoestado.com\/danielmatos\/?s={search_term_string}\"},\"query-input\":{\"@type\":\"PropertyValueSpecification\",\"valueRequired\":true,\"valueName\":\"search_term_string\"}}],\"inLanguage\":\"pt-BR\"}]}<\/script>\n<!-- \/ Yoast SEO plugin. -->","yoast_head_json":{"title":"Pr\u00e9-candidatura do professor-doutor Fernando Carvalho a reitor da UFMA ser\u00e1 lan\u00e7ada nesta sexta-feira, dia 12, na Associa\u00e7\u00e3o dos Magistrados - Daniel Matos","robots":{"index":"index","follow":"follow","max-snippet":"max-snippet:-1","max-image-preview":"max-image-preview:large","max-video-preview":"max-video-preview:-1"},"canonical":"https:\/\/www.blogsoestado.com\/danielmatos\/candidatura-do-professor-doutor-carvalho-a-reitor-da-ufma-sera-lancada-nesta-sexta-feira-dia-12-na-associacao-dos-magistrados\/","og_locale":"pt_BR","og_type":"article","og_title":"Pr\u00e9-candidatura do professor-doutor Fernando Carvalho a reitor da UFMA ser\u00e1 lan\u00e7ada nesta sexta-feira, dia 12, na Associa\u00e7\u00e3o dos Magistrados - Daniel Matos","og_description":"Um jantar a ser realizado na Associa\u00e7\u00e3o dos Magistrados do Maranh\u00e3o (AMMA) receber\u00e1 os pr\u00e9-candidatos \u00e0 reitoria e vice-reitoria da [&hellip;]","og_url":"https:\/\/www.blogsoestado.com\/danielmatos\/candidatura-do-professor-doutor-carvalho-a-reitor-da-ufma-sera-lancada-nesta-sexta-feira-dia-12-na-associacao-dos-magistrados\/","og_site_name":"Daniel Matos","article_published_time":"2023-05-10T16:56:22+00:00","og_image":[{"url":"https:\/\/www.blogsoestado.com\/danielmatos\/files\/2023\/05\/IMG-20221206-WA0042.jpg","type":"","width":"","height":""}],"twitter_card":"summary_large_image","twitter_misc":{"Est. tempo de leitura":"1 minuto"},"schema":{"@context":"https:\/\/schema.org","@graph":[{"@type":"WebPage","@id":"https:\/\/www.blogsoestado.com\/danielmatos\/candidatura-do-professor-doutor-carvalho-a-reitor-da-ufma-sera-lancada-nesta-sexta-feira-dia-12-na-associacao-dos-magistrados\/","url":"https:\/\/www.blogsoestado.com\/danielmatos\/candidatura-do-professor-doutor-carvalho-a-reitor-da-ufma-sera-lancada-nesta-sexta-feira-dia-12-na-associacao-dos-magistrados\/","name":"Pr\u00e9-candidatura do professor-doutor Fernando Carvalho a reitor da UFMA ser\u00e1 lan\u00e7ada nesta sexta-feira, dia 12, na Associa\u00e7\u00e3o dos Magistrados - Daniel Matos","isPartOf":{"@id":"https:\/\/www.blogsoestado.com\/danielmatos\/#website"},"primaryImageOfPage":{"@id":"https:\/\/www.blogsoestado.com\/danielmatos\/candidatura-do-professor-doutor-carvalho-a-reitor-da-ufma-sera-lancada-nesta-sexta-feira-dia-12-na-associacao-dos-magistrados\/#primaryimage"},"image":{"@id":"https:\/\/www.blogsoestado.com\/danielmatos\/candidatura-do-professor-doutor-carvalho-a-reitor-da-ufma-sera-lancada-nesta-sexta-feira-dia-12-na-associacao-dos-magistrados\/#primaryimage"},"thumbnailUrl":"https:\/\/www.blogsoestado.com\/danielmatos\/files\/2023\/05\/IMG-20221206-WA0042.jpg","datePublished":"2023-05-10T16:56:22+00:00","author":{"@id":""},"breadcrumb":{"@id":"https:\/\/www.blogsoestado.com\/danielmatos\/candidatura-do-professor-doutor-carvalho-a-reitor-da-ufma-sera-lancada-nesta-sexta-feira-dia-12-na-associacao-dos-magistrados\/#breadcrumb"},"inLanguage":"pt-BR","potentialAction":[{"@type":"ReadAction","target":["https:\/\/www.blogsoestado.com\/danielmatos\/candidatura-do-professor-doutor-carvalho-a-reitor-da-ufma-sera-lancada-nesta-sexta-feira-dia-12-na-associacao-dos-magistrados\/"]}]},{"@type":"ImageObject","inLanguage":"pt-BR","@id":"https:\/\/www.blogsoestado.com\/danielmatos\/candidatura-do-professor-doutor-carvalho-a-reitor-da-ufma-sera-lancada-nesta-sexta-feira-dia-12-na-associacao-dos-magistrados\/#primaryimage","url":"https:\/\/www.blogsoestado.com\/danielmatos\/files\/2023\/05\/IMG-20221206-WA0042.jpg","contentUrl":"https:\/\/www.blogsoestado.com\/danielmatos\/files\/2023\/05\/IMG-20221206-WA0042.jpg"},{"@type":"BreadcrumbList","@id":"https:\/\/www.blogsoestado.com\/danielmatos\/candidatura-do-professor-doutor-carvalho-a-reitor-da-ufma-sera-lancada-nesta-sexta-feira-dia-12-na-associacao-dos-magistrados\/#breadcrumb","itemListElement":[{"@type":"ListItem","position":1,"name":"In\u00edcio","item":"https:\/\/www.blogsoestado.com\/danielmatos\/"},{"@type":"ListItem","position":2,"name":"Pr\u00e9-candidatura do professor-doutor Fernando Carvalho a reitor da UFMA ser\u00e1 lan\u00e7ada nesta sexta-feira, dia 12, na Associa\u00e7\u00e3o dos Magistrados"}]},{"@type":"WebSite","@id":"https:\/\/www.blogsoestado.com\/danielmatos\/#website","url":"https:\/\/www.blogsoestado.com\/danielmatos\/","name":"Daniel Matos","description":"","potentialAction":[{"@type":"SearchAction","target":{"@type":"EntryPoint","urlTemplate":"https:\/\/www.blogsoestado.com\/danielmatos\/?s={search_term_string}"},"query-input":{"@type":"PropertyValueSpecification","valueRequired":true,"valueName":"search_term_string"}}],"inLanguage":"pt-BR"}]}},"jetpack_featured_media_url":"","_links":{"self":[{"href":"https:\/\/www.blogsoestado.com\/danielmatos\/wp-json\/wp\/v2\/posts\/109512","targetHints":{"allow":["GET"]}}],"collection":[{"href":"https:\/\/www.blogsoestado.com\/danielmatos\/wp-json\/wp\/v2\/posts"}],"about":[{"href":"https:\/\/www.blogsoestado.com\/danielmatos\/wp-json\/wp\/v2\/types\/post"}],"replies":[{"embeddable":true,"href":"https:\/\/www.blogsoestado.com\/danielmatos\/wp-json\/wp\/v2\/comments?post=109512"}],"version-history":[{"count":0,"href":"https:\/\/www.blogsoestado.com\/danielmatos\/wp-json\/wp\/v2\/posts\/109512\/revisions"}],"wp:attachment":[{"href":"https:\/\/www.blogsoestado.com\/danielmatos\/wp-json\/wp\/v2\/media?parent=109512"}],"wp:term":[{"taxonomy":"category","embeddable":true,"href":"https:\/\/www.blogsoestado.com\/danielmatos\/wp-json\/wp\/v2\/categories?post=109512"},{"taxonomy":"post_tag","embeddable":true,"href":"https:\/\/www.blogsoestado.com\/danielmatos\/wp-json\/wp\/v2\/tags?post=109512"}],"curies":[{"name":"wp","href":"https:\/\/api.w.org\/{rel}","templated":true}]}}