{"id":109517,"date":"2023-05-10T15:56:01","date_gmt":"2023-05-10T18:56:01","guid":{"rendered":"https:\/\/www.blogsoestado.com\/danielmatos\/?p=109517"},"modified":"2023-05-10T15:56:01","modified_gmt":"2023-05-10T18:56:01","slug":"para-prestigiar-as-maes-prefeito-fabio-gentil-pagara-1a-parcela-do-13o-nessa-sexta-feira-dia-12","status":"publish","type":"post","link":"https:\/\/www.blogsoestado.com\/danielmatos\/para-prestigiar-as-maes-prefeito-fabio-gentil-pagara-1a-parcela-do-13o-nessa-sexta-feira-dia-12\/","title":{"rendered":"Para prestigiar o Dia das M\u00e3es, prefeito F\u00e1bio Gentil pagar\u00e1 1\u00aa parcela do 13\u00ba nessa sexta-feira, dia 12"},"content":{"rendered":"\n<div class=\"wp-block-image\"><figure class=\"aligncenter size-large\"><a href=\"https:\/\/www.blogsoestado.com\/danielmatos\/files\/2023\/05\/Screenshot_20230510-1544192.png\"><img decoding=\"async\" src=\"https:\/\/www.blogsoestado.com\/danielmatos\/files\/2023\/05\/Screenshot_20230510-1544192.png\" alt=\"\" class=\"wp-image-109519\"\/><\/a><figcaption>O prefeito F\u00e1bio Gentil deu a boa not\u00edcia aos servidores p\u00fablicos de Caxias direto do Mirante da Balaiada <\/figcaption><\/figure><\/div>\n\n\n\n<p>Como forma de prestigiar o Dia das M\u00e3es, que ser\u00e1 comemorado no pr\u00f3ximo domingo (14), a Prefeitura de Caxias efetuar\u00e1 o pagamento da 1\u00aa parcela do 13\u00ba sal\u00e1rio aos servidores p\u00fablicos municipais nessa sexta-feira, dia 12. O pr\u00f3prio prefeito F\u00e1bio Gentil fez quest\u00e3o de dar a boa not\u00edcia em v\u00eddeo gravado no cen\u00e1rio encantador do Mirante da Balaiada, postado nas redes sociais.<\/p>\n\n\n\n<p>Com a medida, Caxias torna-se uma das primeiras cidades do Brasil a liberar metade do abono ao funcionalismo p\u00fablico, mais uma demonstra\u00e7\u00e3o de seriedade e compromisso da atual gest\u00e3o com aqueles que fazem funcionar a m\u00e1quina p\u00fablica.<\/p>\n\n\n\n<p>O prefeito destacou que o pagamento ser\u00e1 feito a todos os servidores caxienses, exceto a secret\u00e1rios municipais, secret\u00e1rios-adjuntos, supervisores e coordenadores, que receber\u00e3o na segunda etapa, em julho.<\/p>\n\n\n\n<p>F\u00e1bio Gentil ressaltou que ao antecipar a primeira parcela do 13\u00ba, a Prefeitura de Caxias fomenta a economia local e d\u00e1 aos funcion\u00e1rios p\u00fablicos municipais a oportunidade de comprar o t\u00e3o merecido presente para as suas m\u00e3es.<\/p>\n\n\n\n<p><span class=\"has-inline-color has-pale-cyan-blue-color\"><strong>Clique <a href=\"https:\/\/youtu.be\/m7pg9ca4xZY\">aqui<\/a> e assista ao v\u00eddeo.<\/strong><\/span><\/p>\n","protected":false},"excerpt":{"rendered":"<p>Como forma de prestigiar o Dia das M\u00e3es, que ser\u00e1 comemorado no pr\u00f3ximo domingo (14), a Prefeitura de Caxias efetuar\u00e1 [&hellip;]<\/p>\n","protected":false},"author":0,"featured_media":0,"comment_status":"open","ping_status":"open","sticky":false,"template":"","format":"standard","meta":{"site-sidebar-layout":"default","site-content-layout":"","ast-site-content-layout":"default","site-content-style":"default","site-sidebar-style":"default","ast-global-header-display":"","ast-banner-title-visibility":"","ast-main-header-display":"","ast-hfb-above-header-display":"","ast-hfb-below-header-display":"","ast-hfb-mobile-header-display":"","site-post-title":"","ast-breadcrumbs-content":"","ast-featured-img":"","footer-sml-layout":"","ast-disable-related-posts":"","theme-transparent-header-meta":"","adv-header-id-meta":"","stick-header-meta":"","header-above-stick-meta":"","header-main-stick-meta":"","header-below-stick-meta":"","astra-migrate-meta-layouts":"default","ast-page-background-enabled":"default","ast-page-background-meta":{"desktop":{"background-color":"var(--ast-global-color-5)","background-image":"","background-repeat":"repeat","background-position":"center center","background-size":"auto","background-attachment":"scroll","background-type":"","background-media":"","overlay-type":"","overlay-color":"","overlay-opacity":"","overlay-gradient":""},"tablet":{"background-color":"","background-image":"","background-repeat":"repeat","background-position":"center center","background-size":"auto","background-attachment":"scroll","background-type":"","background-media":"","overlay-type":"","overlay-color":"","overlay-opacity":"","overlay-gradient":""},"mobile":{"background-color":"","background-image":"","background-repeat":"repeat","background-position":"center center","background-size":"auto","background-attachment":"scroll","background-type":"","background-media":"","overlay-type":"","overlay-color":"","overlay-opacity":"","overlay-gradient":""}},"ast-content-background-meta":{"desktop":{"background-color":"var(--ast-global-color-4)","background-image":"","background-repeat":"repeat","background-position":"center center","background-size":"auto","background-attachment":"scroll","background-type":"","background-media":"","overlay-type":"","overlay-color":"","overlay-opacity":"","overlay-gradient":""},"tablet":{"background-color":"var(--ast-global-color-4)","background-image":"","background-repeat":"repeat","background-position":"center center","background-size":"auto","background-attachment":"scroll","background-type":"","background-media":"","overlay-type":"","overlay-color":"","overlay-opacity":"","overlay-gradient":""},"mobile":{"background-color":"var(--ast-global-color-4)","background-image":"","background-repeat":"repeat","background-position":"center center","background-size":"auto","background-attachment":"scroll","background-type":"","background-media":"","overlay-type":"","overlay-color":"","overlay-opacity":"","overlay-gradient":""}},"footnotes":""},"categories":[1],"tags":[],"class_list":["post-109517","post","type-post","status-publish","format-standard","hentry","category-sem-categoria"],"yoast_head":"<!-- This site is optimized with the Yoast SEO plugin v26.6 - https:\/\/yoast.com\/wordpress\/plugins\/seo\/ -->\n<title>Para prestigiar o Dia das M\u00e3es, prefeito F\u00e1bio Gentil pagar\u00e1 1\u00aa parcela do 13\u00ba nessa sexta-feira, dia 12 - Daniel Matos<\/title>\n<meta name=\"robots\" content=\"index, follow, max-snippet:-1, max-image-preview:large, max-video-preview:-1\" \/>\n<link rel=\"canonical\" href=\"https:\/\/www.blogsoestado.com\/danielmatos\/para-prestigiar-as-maes-prefeito-fabio-gentil-pagara-1a-parcela-do-13o-nessa-sexta-feira-dia-12\/\" \/>\n<meta property=\"og:locale\" content=\"pt_BR\" \/>\n<meta property=\"og:type\" content=\"article\" \/>\n<meta property=\"og:title\" content=\"Para prestigiar o Dia das M\u00e3es, prefeito F\u00e1bio Gentil pagar\u00e1 1\u00aa parcela do 13\u00ba nessa sexta-feira, dia 12 - Daniel Matos\" \/>\n<meta property=\"og:description\" content=\"Como forma de prestigiar o Dia das M\u00e3es, que ser\u00e1 comemorado no pr\u00f3ximo domingo (14), a Prefeitura de Caxias efetuar\u00e1 [&hellip;]\" \/>\n<meta property=\"og:url\" content=\"https:\/\/www.blogsoestado.com\/danielmatos\/para-prestigiar-as-maes-prefeito-fabio-gentil-pagara-1a-parcela-do-13o-nessa-sexta-feira-dia-12\/\" \/>\n<meta property=\"og:site_name\" content=\"Daniel Matos\" \/>\n<meta property=\"article:published_time\" content=\"2023-05-10T18:56:01+00:00\" \/>\n<meta property=\"og:image\" content=\"https:\/\/www.blogsoestado.com\/danielmatos\/files\/2023\/05\/Screenshot_20230510-1544192.png\" \/>\n<meta name=\"twitter:card\" content=\"summary_large_image\" \/>\n<meta name=\"twitter:label1\" content=\"Est. tempo de leitura\" \/>\n\t<meta name=\"twitter:data1\" content=\"2 minutos\" \/>\n<script type=\"application\/ld+json\" class=\"yoast-schema-graph\">{\"@context\":\"https:\/\/schema.org\",\"@graph\":[{\"@type\":\"WebPage\",\"@id\":\"https:\/\/www.blogsoestado.com\/danielmatos\/para-prestigiar-as-maes-prefeito-fabio-gentil-pagara-1a-parcela-do-13o-nessa-sexta-feira-dia-12\/\",\"url\":\"https:\/\/www.blogsoestado.com\/danielmatos\/para-prestigiar-as-maes-prefeito-fabio-gentil-pagara-1a-parcela-do-13o-nessa-sexta-feira-dia-12\/\",\"name\":\"Para prestigiar o Dia das M\u00e3es, prefeito F\u00e1bio Gentil pagar\u00e1 1\u00aa parcela do 13\u00ba nessa sexta-feira, dia 12 - Daniel Matos\",\"isPartOf\":{\"@id\":\"https:\/\/www.blogsoestado.com\/danielmatos\/#website\"},\"primaryImageOfPage\":{\"@id\":\"https:\/\/www.blogsoestado.com\/danielmatos\/para-prestigiar-as-maes-prefeito-fabio-gentil-pagara-1a-parcela-do-13o-nessa-sexta-feira-dia-12\/#primaryimage\"},\"image\":{\"@id\":\"https:\/\/www.blogsoestado.com\/danielmatos\/para-prestigiar-as-maes-prefeito-fabio-gentil-pagara-1a-parcela-do-13o-nessa-sexta-feira-dia-12\/#primaryimage\"},\"thumbnailUrl\":\"https:\/\/www.blogsoestado.com\/danielmatos\/files\/2023\/05\/Screenshot_20230510-1544192.png\",\"datePublished\":\"2023-05-10T18:56:01+00:00\",\"author\":{\"@id\":\"\"},\"breadcrumb\":{\"@id\":\"https:\/\/www.blogsoestado.com\/danielmatos\/para-prestigiar-as-maes-prefeito-fabio-gentil-pagara-1a-parcela-do-13o-nessa-sexta-feira-dia-12\/#breadcrumb\"},\"inLanguage\":\"pt-BR\",\"potentialAction\":[{\"@type\":\"ReadAction\",\"target\":[\"https:\/\/www.blogsoestado.com\/danielmatos\/para-prestigiar-as-maes-prefeito-fabio-gentil-pagara-1a-parcela-do-13o-nessa-sexta-feira-dia-12\/\"]}]},{\"@type\":\"ImageObject\",\"inLanguage\":\"pt-BR\",\"@id\":\"https:\/\/www.blogsoestado.com\/danielmatos\/para-prestigiar-as-maes-prefeito-fabio-gentil-pagara-1a-parcela-do-13o-nessa-sexta-feira-dia-12\/#primaryimage\",\"url\":\"https:\/\/www.blogsoestado.com\/danielmatos\/files\/2023\/05\/Screenshot_20230510-1544192.png\",\"contentUrl\":\"https:\/\/www.blogsoestado.com\/danielmatos\/files\/2023\/05\/Screenshot_20230510-1544192.png\"},{\"@type\":\"BreadcrumbList\",\"@id\":\"https:\/\/www.blogsoestado.com\/danielmatos\/para-prestigiar-as-maes-prefeito-fabio-gentil-pagara-1a-parcela-do-13o-nessa-sexta-feira-dia-12\/#breadcrumb\",\"itemListElement\":[{\"@type\":\"ListItem\",\"position\":1,\"name\":\"In\u00edcio\",\"item\":\"https:\/\/www.blogsoestado.com\/danielmatos\/\"},{\"@type\":\"ListItem\",\"position\":2,\"name\":\"Para prestigiar o Dia das M\u00e3es, prefeito F\u00e1bio Gentil pagar\u00e1 1\u00aa parcela do 13\u00ba nessa sexta-feira, dia 12\"}]},{\"@type\":\"WebSite\",\"@id\":\"https:\/\/www.blogsoestado.com\/danielmatos\/#website\",\"url\":\"https:\/\/www.blogsoestado.com\/danielmatos\/\",\"name\":\"Daniel Matos\",\"description\":\"\",\"potentialAction\":[{\"@type\":\"SearchAction\",\"target\":{\"@type\":\"EntryPoint\",\"urlTemplate\":\"https:\/\/www.blogsoestado.com\/danielmatos\/?s={search_term_string}\"},\"query-input\":{\"@type\":\"PropertyValueSpecification\",\"valueRequired\":true,\"valueName\":\"search_term_string\"}}],\"inLanguage\":\"pt-BR\"}]}<\/script>\n<!-- \/ Yoast SEO plugin. -->","yoast_head_json":{"title":"Para prestigiar o Dia das M\u00e3es, prefeito F\u00e1bio Gentil pagar\u00e1 1\u00aa parcela do 13\u00ba nessa sexta-feira, dia 12 - Daniel Matos","robots":{"index":"index","follow":"follow","max-snippet":"max-snippet:-1","max-image-preview":"max-image-preview:large","max-video-preview":"max-video-preview:-1"},"canonical":"https:\/\/www.blogsoestado.com\/danielmatos\/para-prestigiar-as-maes-prefeito-fabio-gentil-pagara-1a-parcela-do-13o-nessa-sexta-feira-dia-12\/","og_locale":"pt_BR","og_type":"article","og_title":"Para prestigiar o Dia das M\u00e3es, prefeito F\u00e1bio Gentil pagar\u00e1 1\u00aa parcela do 13\u00ba nessa sexta-feira, dia 12 - Daniel Matos","og_description":"Como forma de prestigiar o Dia das M\u00e3es, que ser\u00e1 comemorado no pr\u00f3ximo domingo (14), a Prefeitura de Caxias efetuar\u00e1 [&hellip;]","og_url":"https:\/\/www.blogsoestado.com\/danielmatos\/para-prestigiar-as-maes-prefeito-fabio-gentil-pagara-1a-parcela-do-13o-nessa-sexta-feira-dia-12\/","og_site_name":"Daniel Matos","article_published_time":"2023-05-10T18:56:01+00:00","og_image":[{"url":"https:\/\/www.blogsoestado.com\/danielmatos\/files\/2023\/05\/Screenshot_20230510-1544192.png","type":"","width":"","height":""}],"twitter_card":"summary_large_image","twitter_misc":{"Est. tempo de leitura":"2 minutos"},"schema":{"@context":"https:\/\/schema.org","@graph":[{"@type":"WebPage","@id":"https:\/\/www.blogsoestado.com\/danielmatos\/para-prestigiar-as-maes-prefeito-fabio-gentil-pagara-1a-parcela-do-13o-nessa-sexta-feira-dia-12\/","url":"https:\/\/www.blogsoestado.com\/danielmatos\/para-prestigiar-as-maes-prefeito-fabio-gentil-pagara-1a-parcela-do-13o-nessa-sexta-feira-dia-12\/","name":"Para prestigiar o Dia das M\u00e3es, prefeito F\u00e1bio Gentil pagar\u00e1 1\u00aa parcela do 13\u00ba nessa sexta-feira, dia 12 - Daniel Matos","isPartOf":{"@id":"https:\/\/www.blogsoestado.com\/danielmatos\/#website"},"primaryImageOfPage":{"@id":"https:\/\/www.blogsoestado.com\/danielmatos\/para-prestigiar-as-maes-prefeito-fabio-gentil-pagara-1a-parcela-do-13o-nessa-sexta-feira-dia-12\/#primaryimage"},"image":{"@id":"https:\/\/www.blogsoestado.com\/danielmatos\/para-prestigiar-as-maes-prefeito-fabio-gentil-pagara-1a-parcela-do-13o-nessa-sexta-feira-dia-12\/#primaryimage"},"thumbnailUrl":"https:\/\/www.blogsoestado.com\/danielmatos\/files\/2023\/05\/Screenshot_20230510-1544192.png","datePublished":"2023-05-10T18:56:01+00:00","author":{"@id":""},"breadcrumb":{"@id":"https:\/\/www.blogsoestado.com\/danielmatos\/para-prestigiar-as-maes-prefeito-fabio-gentil-pagara-1a-parcela-do-13o-nessa-sexta-feira-dia-12\/#breadcrumb"},"inLanguage":"pt-BR","potentialAction":[{"@type":"ReadAction","target":["https:\/\/www.blogsoestado.com\/danielmatos\/para-prestigiar-as-maes-prefeito-fabio-gentil-pagara-1a-parcela-do-13o-nessa-sexta-feira-dia-12\/"]}]},{"@type":"ImageObject","inLanguage":"pt-BR","@id":"https:\/\/www.blogsoestado.com\/danielmatos\/para-prestigiar-as-maes-prefeito-fabio-gentil-pagara-1a-parcela-do-13o-nessa-sexta-feira-dia-12\/#primaryimage","url":"https:\/\/www.blogsoestado.com\/danielmatos\/files\/2023\/05\/Screenshot_20230510-1544192.png","contentUrl":"https:\/\/www.blogsoestado.com\/danielmatos\/files\/2023\/05\/Screenshot_20230510-1544192.png"},{"@type":"BreadcrumbList","@id":"https:\/\/www.blogsoestado.com\/danielmatos\/para-prestigiar-as-maes-prefeito-fabio-gentil-pagara-1a-parcela-do-13o-nessa-sexta-feira-dia-12\/#breadcrumb","itemListElement":[{"@type":"ListItem","position":1,"name":"In\u00edcio","item":"https:\/\/www.blogsoestado.com\/danielmatos\/"},{"@type":"ListItem","position":2,"name":"Para prestigiar o Dia das M\u00e3es, prefeito F\u00e1bio Gentil pagar\u00e1 1\u00aa parcela do 13\u00ba nessa sexta-feira, dia 12"}]},{"@type":"WebSite","@id":"https:\/\/www.blogsoestado.com\/danielmatos\/#website","url":"https:\/\/www.blogsoestado.com\/danielmatos\/","name":"Daniel Matos","description":"","potentialAction":[{"@type":"SearchAction","target":{"@type":"EntryPoint","urlTemplate":"https:\/\/www.blogsoestado.com\/danielmatos\/?s={search_term_string}"},"query-input":{"@type":"PropertyValueSpecification","valueRequired":true,"valueName":"search_term_string"}}],"inLanguage":"pt-BR"}]}},"jetpack_featured_media_url":"","_links":{"self":[{"href":"https:\/\/www.blogsoestado.com\/danielmatos\/wp-json\/wp\/v2\/posts\/109517","targetHints":{"allow":["GET"]}}],"collection":[{"href":"https:\/\/www.blogsoestado.com\/danielmatos\/wp-json\/wp\/v2\/posts"}],"about":[{"href":"https:\/\/www.blogsoestado.com\/danielmatos\/wp-json\/wp\/v2\/types\/post"}],"replies":[{"embeddable":true,"href":"https:\/\/www.blogsoestado.com\/danielmatos\/wp-json\/wp\/v2\/comments?post=109517"}],"version-history":[{"count":0,"href":"https:\/\/www.blogsoestado.com\/danielmatos\/wp-json\/wp\/v2\/posts\/109517\/revisions"}],"wp:attachment":[{"href":"https:\/\/www.blogsoestado.com\/danielmatos\/wp-json\/wp\/v2\/media?parent=109517"}],"wp:term":[{"taxonomy":"category","embeddable":true,"href":"https:\/\/www.blogsoestado.com\/danielmatos\/wp-json\/wp\/v2\/categories?post=109517"},{"taxonomy":"post_tag","embeddable":true,"href":"https:\/\/www.blogsoestado.com\/danielmatos\/wp-json\/wp\/v2\/tags?post=109517"}],"curies":[{"name":"wp","href":"https:\/\/api.w.org\/{rel}","templated":true}]}}