{"id":109527,"date":"2023-05-10T19:49:45","date_gmt":"2023-05-10T22:49:45","guid":{"rendered":"https:\/\/www.blogsoestado.com\/danielmatos\/?p=109527"},"modified":"2023-05-10T19:49:45","modified_gmt":"2023-05-10T22:49:45","slug":"iracema-vale-assina-termo-de-implantacao-do-programa-papel-zero-na-assembleia-legislativa","status":"publish","type":"post","link":"https:\/\/www.blogsoestado.com\/danielmatos\/iracema-vale-assina-termo-de-implantacao-do-programa-papel-zero-na-assembleia-legislativa\/","title":{"rendered":"Iracema Vale assina termo de implanta\u00e7\u00e3o do programa \u2018Papel Zero\u2019 na Assembleia Legislativa"},"content":{"rendered":"\n<p><strong><span class=\"has-inline-color has-vivid-red-color\">Programa foi lan\u00e7ado em 2018 pela Secretaria de Estado do Meio Ambiente e Recursos Naturais. Desde ent\u00e3o, traz celeridade e sustentabilidade para os processos administrativos<\/span><\/strong><\/p>\n\n\n\n<div class=\"wp-block-image\"><figure class=\"aligncenter size-large\"><a href=\"https:\/\/www.blogsoestado.com\/danielmatos\/files\/2023\/05\/Screenshot_20230510-1945342.png\"><img decoding=\"async\" src=\"https:\/\/www.blogsoestado.com\/danielmatos\/files\/2023\/05\/Screenshot_20230510-1945342.png\" alt=\"\" class=\"wp-image-109528\"\/><\/a><figcaption>Presidente da Alema, Iracema Vale, assina digitalmente o termo de implanta\u00e7\u00e3o do programa \u2018Papel Zero\u2019<\/figcaption><\/figure><\/div>\n\n\n\n<p>A presidente da Assembleia Legislativa do Maranh\u00e3o, deputada Iracema Vale (PSB), reuniu-se, na tarde de\u00a0ter\u00e7a-feira (9), com o secret\u00e1rio de Estado do Meio Ambiente e Recursos Naturais, Pedro Chagas, para assinar o termo de implanta\u00e7\u00e3o do programa \u2018Papel Zero\u2019 no Parlamento Estadual, que busca promover o uso de processos e documentos por meios eletr\u00f4nicos.<\/p>\n\n\n\n<p>\u201cA preserva\u00e7\u00e3o do meio ambiente \u00e9 uma responsabilidade de todos n\u00f3s e a Assembleia n\u00e3o ficaria de fora desse projeto. Queremos ser exemplo. Para tanto, vamos reduzir significativamente&nbsp;o uso do papel em nossos processos administrativos. Hoje, compartilhamos conhecimentos e, em breve, experi\u00eancias inovadoras\u201d, afirmou a chefe do Legislativo maranhense.<\/p>\n\n\n\n<p>Segundo Pedro Chagas, o programa foi lan\u00e7ado em 2018 e, desde ent\u00e3o, traz celeridade e sustentabilidade para os processos administrativos. \u201cAl\u00e9m disso, \u00e9 gerado um valor econ\u00f4mico para a cooperativa de catadores. Estamos buscando parceria com todos os \u00f3rg\u00e3os e esse \u00e9 mais um passo para a moderniza\u00e7\u00e3o da Assembleia Legislativa\u201d, afirmou o secret\u00e1rio.<\/p>\n\n\n\n<div class=\"wp-block-image\"><figure class=\"aligncenter size-large\"><a href=\"https:\/\/www.blogsoestado.com\/danielmatos\/files\/2023\/05\/Screenshot_20230510-1946302.png\"><img decoding=\"async\" src=\"https:\/\/www.blogsoestado.com\/danielmatos\/files\/2023\/05\/Screenshot_20230510-1946302.png\" alt=\"\" class=\"wp-image-109529\"\/><\/a><figcaption>Presidente Iracema Vale, secret\u00e1rio Pedro Chagas e demais autoridades durante reuni\u00e3o<\/figcaption><\/figure><\/div>\n\n\n\n<p>De acordo com o diretor de Tecnologia da Informa\u00e7\u00e3o da Assembleia, William Nunes, o prazo \u00e9 de que em at\u00e9 sete meses o programa esteja implantado totalmente na Casa do Povo.<\/p>\n\n\n\n<p>\u201cAl\u00e9m do projeto contribuir diretamente para a preserva\u00e7\u00e3o do meio ambiente, tamb\u00e9m aumentar\u00e1 a agilidade na tramita\u00e7\u00e3o e, consequentemente, nas tomadas de decis\u00e3o internas\u201d, concluiu.<\/p>\n","protected":false},"excerpt":{"rendered":"<p>Programa foi lan\u00e7ado em 2018 pela Secretaria de Estado do Meio Ambiente e Recursos Naturais. Desde ent\u00e3o, traz celeridade e [&hellip;]<\/p>\n","protected":false},"author":0,"featured_media":0,"comment_status":"open","ping_status":"open","sticky":false,"template":"","format":"standard","meta":{"site-sidebar-layout":"default","site-content-layout":"","ast-site-content-layout":"default","site-content-style":"default","site-sidebar-style":"default","ast-global-header-display":"","ast-banner-title-visibility":"","ast-main-header-display":"","ast-hfb-above-header-display":"","ast-hfb-below-header-display":"","ast-hfb-mobile-header-display":"","site-post-title":"","ast-breadcrumbs-content":"","ast-featured-img":"","footer-sml-layout":"","ast-disable-related-posts":"","theme-transparent-header-meta":"","adv-header-id-meta":"","stick-header-meta":"","header-above-stick-meta":"","header-main-stick-meta":"","header-below-stick-meta":"","astra-migrate-meta-layouts":"default","ast-page-background-enabled":"default","ast-page-background-meta":{"desktop":{"background-color":"var(--ast-global-color-5)","background-image":"","background-repeat":"repeat","background-position":"center center","background-size":"auto","background-attachment":"scroll","background-type":"","background-media":"","overlay-type":"","overlay-color":"","overlay-opacity":"","overlay-gradient":""},"tablet":{"background-color":"","background-image":"","background-repeat":"repeat","background-position":"center center","background-size":"auto","background-attachment":"scroll","background-type":"","background-media":"","overlay-type":"","overlay-color":"","overlay-opacity":"","overlay-gradient":""},"mobile":{"background-color":"","background-image":"","background-repeat":"repeat","background-position":"center center","background-size":"auto","background-attachment":"scroll","background-type":"","background-media":"","overlay-type":"","overlay-color":"","overlay-opacity":"","overlay-gradient":""}},"ast-content-background-meta":{"desktop":{"background-color":"var(--ast-global-color-4)","background-image":"","background-repeat":"repeat","background-position":"center center","background-size":"auto","background-attachment":"scroll","background-type":"","background-media":"","overlay-type":"","overlay-color":"","overlay-opacity":"","overlay-gradient":""},"tablet":{"background-color":"var(--ast-global-color-4)","background-image":"","background-repeat":"repeat","background-position":"center center","background-size":"auto","background-attachment":"scroll","background-type":"","background-media":"","overlay-type":"","overlay-color":"","overlay-opacity":"","overlay-gradient":""},"mobile":{"background-color":"var(--ast-global-color-4)","background-image":"","background-repeat":"repeat","background-position":"center center","background-size":"auto","background-attachment":"scroll","background-type":"","background-media":"","overlay-type":"","overlay-color":"","overlay-opacity":"","overlay-gradient":""}},"footnotes":""},"categories":[1],"tags":[],"class_list":["post-109527","post","type-post","status-publish","format-standard","hentry","category-sem-categoria"],"yoast_head":"<!-- This site is optimized with the Yoast SEO plugin v26.6 - https:\/\/yoast.com\/wordpress\/plugins\/seo\/ -->\n<title>Iracema Vale assina termo de implanta\u00e7\u00e3o do programa \u2018Papel Zero\u2019 na Assembleia Legislativa - Daniel Matos<\/title>\n<meta name=\"robots\" content=\"index, follow, max-snippet:-1, max-image-preview:large, max-video-preview:-1\" \/>\n<link rel=\"canonical\" href=\"https:\/\/www.blogsoestado.com\/danielmatos\/iracema-vale-assina-termo-de-implantacao-do-programa-papel-zero-na-assembleia-legislativa\/\" \/>\n<meta property=\"og:locale\" content=\"pt_BR\" \/>\n<meta property=\"og:type\" content=\"article\" \/>\n<meta property=\"og:title\" content=\"Iracema Vale assina termo de implanta\u00e7\u00e3o do programa \u2018Papel Zero\u2019 na Assembleia Legislativa - Daniel Matos\" \/>\n<meta property=\"og:description\" content=\"Programa foi lan\u00e7ado em 2018 pela Secretaria de Estado do Meio Ambiente e Recursos Naturais. Desde ent\u00e3o, traz celeridade e [&hellip;]\" \/>\n<meta property=\"og:url\" content=\"https:\/\/www.blogsoestado.com\/danielmatos\/iracema-vale-assina-termo-de-implantacao-do-programa-papel-zero-na-assembleia-legislativa\/\" \/>\n<meta property=\"og:site_name\" content=\"Daniel Matos\" \/>\n<meta property=\"article:published_time\" content=\"2023-05-10T22:49:45+00:00\" \/>\n<meta property=\"og:image\" content=\"https:\/\/www.blogsoestado.com\/danielmatos\/files\/2023\/05\/Screenshot_20230510-1945342.png\" \/>\n<meta name=\"twitter:card\" content=\"summary_large_image\" \/>\n<meta name=\"twitter:label1\" content=\"Est. tempo de leitura\" \/>\n\t<meta name=\"twitter:data1\" content=\"2 minutos\" \/>\n<script type=\"application\/ld+json\" class=\"yoast-schema-graph\">{\"@context\":\"https:\/\/schema.org\",\"@graph\":[{\"@type\":\"WebPage\",\"@id\":\"https:\/\/www.blogsoestado.com\/danielmatos\/iracema-vale-assina-termo-de-implantacao-do-programa-papel-zero-na-assembleia-legislativa\/\",\"url\":\"https:\/\/www.blogsoestado.com\/danielmatos\/iracema-vale-assina-termo-de-implantacao-do-programa-papel-zero-na-assembleia-legislativa\/\",\"name\":\"Iracema Vale assina termo de implanta\u00e7\u00e3o do programa \u2018Papel Zero\u2019 na Assembleia Legislativa - Daniel Matos\",\"isPartOf\":{\"@id\":\"https:\/\/www.blogsoestado.com\/danielmatos\/#website\"},\"primaryImageOfPage\":{\"@id\":\"https:\/\/www.blogsoestado.com\/danielmatos\/iracema-vale-assina-termo-de-implantacao-do-programa-papel-zero-na-assembleia-legislativa\/#primaryimage\"},\"image\":{\"@id\":\"https:\/\/www.blogsoestado.com\/danielmatos\/iracema-vale-assina-termo-de-implantacao-do-programa-papel-zero-na-assembleia-legislativa\/#primaryimage\"},\"thumbnailUrl\":\"https:\/\/www.blogsoestado.com\/danielmatos\/files\/2023\/05\/Screenshot_20230510-1945342.png\",\"datePublished\":\"2023-05-10T22:49:45+00:00\",\"author\":{\"@id\":\"\"},\"breadcrumb\":{\"@id\":\"https:\/\/www.blogsoestado.com\/danielmatos\/iracema-vale-assina-termo-de-implantacao-do-programa-papel-zero-na-assembleia-legislativa\/#breadcrumb\"},\"inLanguage\":\"pt-BR\",\"potentialAction\":[{\"@type\":\"ReadAction\",\"target\":[\"https:\/\/www.blogsoestado.com\/danielmatos\/iracema-vale-assina-termo-de-implantacao-do-programa-papel-zero-na-assembleia-legislativa\/\"]}]},{\"@type\":\"ImageObject\",\"inLanguage\":\"pt-BR\",\"@id\":\"https:\/\/www.blogsoestado.com\/danielmatos\/iracema-vale-assina-termo-de-implantacao-do-programa-papel-zero-na-assembleia-legislativa\/#primaryimage\",\"url\":\"https:\/\/www.blogsoestado.com\/danielmatos\/files\/2023\/05\/Screenshot_20230510-1945342.png\",\"contentUrl\":\"https:\/\/www.blogsoestado.com\/danielmatos\/files\/2023\/05\/Screenshot_20230510-1945342.png\"},{\"@type\":\"BreadcrumbList\",\"@id\":\"https:\/\/www.blogsoestado.com\/danielmatos\/iracema-vale-assina-termo-de-implantacao-do-programa-papel-zero-na-assembleia-legislativa\/#breadcrumb\",\"itemListElement\":[{\"@type\":\"ListItem\",\"position\":1,\"name\":\"In\u00edcio\",\"item\":\"https:\/\/www.blogsoestado.com\/danielmatos\/\"},{\"@type\":\"ListItem\",\"position\":2,\"name\":\"Iracema Vale assina termo de implanta\u00e7\u00e3o do programa \u2018Papel Zero\u2019 na Assembleia Legislativa\"}]},{\"@type\":\"WebSite\",\"@id\":\"https:\/\/www.blogsoestado.com\/danielmatos\/#website\",\"url\":\"https:\/\/www.blogsoestado.com\/danielmatos\/\",\"name\":\"Daniel Matos\",\"description\":\"\",\"potentialAction\":[{\"@type\":\"SearchAction\",\"target\":{\"@type\":\"EntryPoint\",\"urlTemplate\":\"https:\/\/www.blogsoestado.com\/danielmatos\/?s={search_term_string}\"},\"query-input\":{\"@type\":\"PropertyValueSpecification\",\"valueRequired\":true,\"valueName\":\"search_term_string\"}}],\"inLanguage\":\"pt-BR\"}]}<\/script>\n<!-- \/ Yoast SEO plugin. -->","yoast_head_json":{"title":"Iracema Vale assina termo de implanta\u00e7\u00e3o do programa \u2018Papel Zero\u2019 na Assembleia Legislativa - Daniel Matos","robots":{"index":"index","follow":"follow","max-snippet":"max-snippet:-1","max-image-preview":"max-image-preview:large","max-video-preview":"max-video-preview:-1"},"canonical":"https:\/\/www.blogsoestado.com\/danielmatos\/iracema-vale-assina-termo-de-implantacao-do-programa-papel-zero-na-assembleia-legislativa\/","og_locale":"pt_BR","og_type":"article","og_title":"Iracema Vale assina termo de implanta\u00e7\u00e3o do programa \u2018Papel Zero\u2019 na Assembleia Legislativa - Daniel Matos","og_description":"Programa foi lan\u00e7ado em 2018 pela Secretaria de Estado do Meio Ambiente e Recursos Naturais. Desde ent\u00e3o, traz celeridade e [&hellip;]","og_url":"https:\/\/www.blogsoestado.com\/danielmatos\/iracema-vale-assina-termo-de-implantacao-do-programa-papel-zero-na-assembleia-legislativa\/","og_site_name":"Daniel Matos","article_published_time":"2023-05-10T22:49:45+00:00","og_image":[{"url":"https:\/\/www.blogsoestado.com\/danielmatos\/files\/2023\/05\/Screenshot_20230510-1945342.png","type":"","width":"","height":""}],"twitter_card":"summary_large_image","twitter_misc":{"Est. tempo de leitura":"2 minutos"},"schema":{"@context":"https:\/\/schema.org","@graph":[{"@type":"WebPage","@id":"https:\/\/www.blogsoestado.com\/danielmatos\/iracema-vale-assina-termo-de-implantacao-do-programa-papel-zero-na-assembleia-legislativa\/","url":"https:\/\/www.blogsoestado.com\/danielmatos\/iracema-vale-assina-termo-de-implantacao-do-programa-papel-zero-na-assembleia-legislativa\/","name":"Iracema Vale assina termo de implanta\u00e7\u00e3o do programa \u2018Papel Zero\u2019 na Assembleia Legislativa - Daniel Matos","isPartOf":{"@id":"https:\/\/www.blogsoestado.com\/danielmatos\/#website"},"primaryImageOfPage":{"@id":"https:\/\/www.blogsoestado.com\/danielmatos\/iracema-vale-assina-termo-de-implantacao-do-programa-papel-zero-na-assembleia-legislativa\/#primaryimage"},"image":{"@id":"https:\/\/www.blogsoestado.com\/danielmatos\/iracema-vale-assina-termo-de-implantacao-do-programa-papel-zero-na-assembleia-legislativa\/#primaryimage"},"thumbnailUrl":"https:\/\/www.blogsoestado.com\/danielmatos\/files\/2023\/05\/Screenshot_20230510-1945342.png","datePublished":"2023-05-10T22:49:45+00:00","author":{"@id":""},"breadcrumb":{"@id":"https:\/\/www.blogsoestado.com\/danielmatos\/iracema-vale-assina-termo-de-implantacao-do-programa-papel-zero-na-assembleia-legislativa\/#breadcrumb"},"inLanguage":"pt-BR","potentialAction":[{"@type":"ReadAction","target":["https:\/\/www.blogsoestado.com\/danielmatos\/iracema-vale-assina-termo-de-implantacao-do-programa-papel-zero-na-assembleia-legislativa\/"]}]},{"@type":"ImageObject","inLanguage":"pt-BR","@id":"https:\/\/www.blogsoestado.com\/danielmatos\/iracema-vale-assina-termo-de-implantacao-do-programa-papel-zero-na-assembleia-legislativa\/#primaryimage","url":"https:\/\/www.blogsoestado.com\/danielmatos\/files\/2023\/05\/Screenshot_20230510-1945342.png","contentUrl":"https:\/\/www.blogsoestado.com\/danielmatos\/files\/2023\/05\/Screenshot_20230510-1945342.png"},{"@type":"BreadcrumbList","@id":"https:\/\/www.blogsoestado.com\/danielmatos\/iracema-vale-assina-termo-de-implantacao-do-programa-papel-zero-na-assembleia-legislativa\/#breadcrumb","itemListElement":[{"@type":"ListItem","position":1,"name":"In\u00edcio","item":"https:\/\/www.blogsoestado.com\/danielmatos\/"},{"@type":"ListItem","position":2,"name":"Iracema Vale assina termo de implanta\u00e7\u00e3o do programa \u2018Papel Zero\u2019 na Assembleia Legislativa"}]},{"@type":"WebSite","@id":"https:\/\/www.blogsoestado.com\/danielmatos\/#website","url":"https:\/\/www.blogsoestado.com\/danielmatos\/","name":"Daniel Matos","description":"","potentialAction":[{"@type":"SearchAction","target":{"@type":"EntryPoint","urlTemplate":"https:\/\/www.blogsoestado.com\/danielmatos\/?s={search_term_string}"},"query-input":{"@type":"PropertyValueSpecification","valueRequired":true,"valueName":"search_term_string"}}],"inLanguage":"pt-BR"}]}},"jetpack_featured_media_url":"","_links":{"self":[{"href":"https:\/\/www.blogsoestado.com\/danielmatos\/wp-json\/wp\/v2\/posts\/109527","targetHints":{"allow":["GET"]}}],"collection":[{"href":"https:\/\/www.blogsoestado.com\/danielmatos\/wp-json\/wp\/v2\/posts"}],"about":[{"href":"https:\/\/www.blogsoestado.com\/danielmatos\/wp-json\/wp\/v2\/types\/post"}],"replies":[{"embeddable":true,"href":"https:\/\/www.blogsoestado.com\/danielmatos\/wp-json\/wp\/v2\/comments?post=109527"}],"version-history":[{"count":0,"href":"https:\/\/www.blogsoestado.com\/danielmatos\/wp-json\/wp\/v2\/posts\/109527\/revisions"}],"wp:attachment":[{"href":"https:\/\/www.blogsoestado.com\/danielmatos\/wp-json\/wp\/v2\/media?parent=109527"}],"wp:term":[{"taxonomy":"category","embeddable":true,"href":"https:\/\/www.blogsoestado.com\/danielmatos\/wp-json\/wp\/v2\/categories?post=109527"},{"taxonomy":"post_tag","embeddable":true,"href":"https:\/\/www.blogsoestado.com\/danielmatos\/wp-json\/wp\/v2\/tags?post=109527"}],"curies":[{"name":"wp","href":"https:\/\/api.w.org\/{rel}","templated":true}]}}