{"id":109668,"date":"2023-05-15T00:12:19","date_gmt":"2023-05-15T03:12:19","guid":{"rendered":"https:\/\/www.blogsoestado.com\/danielmatos\/?p=109668"},"modified":"2023-05-15T00:12:19","modified_gmt":"2023-05-15T03:12:19","slug":"prefeita-paula-azevedo-entrega-139-titulos-de-propriedade-em-paco-do-lumiar","status":"publish","type":"post","link":"https:\/\/www.blogsoestado.com\/danielmatos\/prefeita-paula-azevedo-entrega-139-titulos-de-propriedade-em-paco-do-lumiar\/","title":{"rendered":"Prefeita Paula Azevedo entrega 139 t\u00edtulos de propriedade em Pa\u00e7o do Lumiar"},"content":{"rendered":"\n<p><em><strong><span class=\"has-inline-color has-vivid-red-color\">Desde o in\u00edcio da gest\u00e3o, em 2019, 3.000 fam\u00edlias foram beneficiadas com a regulariza\u00e7\u00e3o dos seus im\u00f3veis<\/span><\/strong><\/em><\/p>\n\n\n\n<div class=\"wp-block-image\"><figure class=\"aligncenter size-large\"><a href=\"https:\/\/www.blogsoestado.com\/danielmatos\/files\/2023\/05\/Screenshot_20230515-0017202.png\"><img decoding=\"async\" src=\"https:\/\/www.blogsoestado.com\/danielmatos\/files\/2023\/05\/Screenshot_20230515-0017202.png\" alt=\"\" class=\"wp-image-109677\"\/><\/a><figcaption>A prefeita Paula Azevedo com grupo de moradores de Pa\u00e7o do Lumiar que receberam t\u00edtulos de propriedade<\/figcaption><\/figure><\/div>\n\n\n\n<p>Uma grande festa marcou a entrega, na manh\u00e3 de s\u00e1bado (13), de 139 t\u00edtulos de propriedade de terra a fam\u00edlias das comunidades Alto Paran\u00e3 I e II, no munic\u00edpio de Pa\u00e7o do Lumiar. A solenidade aconteceu na rua 5 do Alto Paran\u00e3 I e contou com a presen\u00e7a da Prefeita Paula Azevedo(PCdoB) autoridades do legislativo e executivo Estadual e Municipal, e lideran\u00e7as comunit\u00e1rias municipais.<\/p>\n\n\n\n<div class=\"wp-block-image\"><figure class=\"aligncenter size-large\"><a href=\"https:\/\/www.blogsoestado.com\/danielmatos\/files\/2023\/05\/Screenshot_20230515-0020472.png\"><img decoding=\"async\" src=\"https:\/\/www.blogsoestado.com\/danielmatos\/files\/2023\/05\/Screenshot_20230515-0020472.png\" alt=\"\" class=\"wp-image-109678\"\/><\/a><figcaption>Populares contemplados com t\u00edtulos de propriedade comemoraram a obten\u00e7\u00e3o do benef\u00edcio<\/figcaption><\/figure><\/div>\n\n\n\n<p>A gestora Paula Azevedo estava acompanhada de todo o seu secretariado e assessores, e dos correligion\u00e1rios M\u00e1rcio Jerry, deputado federal, e Rodrigo Lago, deputado estadual e atual 1\u00ba vice-presidente da Assembleia Legislativa. A prefeita falou da import\u00e2ncia da regulariza\u00e7\u00e3o fundi\u00e1ria para dar dignidade \u00e0s fam\u00edlias que viveram d\u00e9cadas em \u00e1reas urbanas e rurais sem qualquer tipo de seguran\u00e7a jur\u00eddica. <\/p>\n\n\n\n<p>\u201cEsse \u00e9 um momento \u00fanico na hist\u00f3ria da nossa cidade. Estamos entregando hoje 139 t\u00edtulos de propriedade de terra; somando j\u00e1 3 mil entregues na gest\u00e3o. E nossa expectativa \u00e9 passar dos 4 mil t\u00edtulos, antes que eu deixe a administra\u00e7\u00e3o no ano que vem\u201d, destacou a prefeita, agradecendo pelo trabalho e determina\u00e7\u00e3o da equipe da Regulariza\u00e7\u00e3o Fundi\u00e1ria do Munic\u00edpio, e pela parceria do cart\u00f3rio de registro de im\u00f3veis de Pa\u00e7o do Lumiar, na pessoa de Felipe Truccolo, presente \u00e0 solenidade.<\/p>\n\n\n\n<div class=\"wp-block-image\"><figure class=\"aligncenter size-large\"><a href=\"https:\/\/www.blogsoestado.com\/danielmatos\/files\/2023\/05\/Screenshot_20230515-0024492.png\"><img decoding=\"async\" src=\"https:\/\/www.blogsoestado.com\/danielmatos\/files\/2023\/05\/Screenshot_20230515-0024492.png\" alt=\"\" class=\"wp-image-109679\"\/><\/a><figcaption>Equipe da Prefeitura de Pa\u00e7o do Lumiar trabalhou com efici\u00eancia para entregar os t\u00edtulos de terra aos cidad\u00e3os<\/figcaption><\/figure><\/div>\n\n\n\n<p>O deputado M\u00e1rcio Jerry parabenizou a gestora pela amplia\u00e7\u00e3o das conquistas, assegurando a fam\u00edlias de \u00e1reas carentes de Pa\u00e7o do Lumiar o direito \u00e0 propriedade, com o t\u00edtulo de terra sendo expedido gratuitamente. \u201cParab\u00e9ns \u00e0 prefeita Paula Azevedo e \u00e0s comunidades do Alto Paran\u00e3 I e II por essa grande conquista\u201d, ressaltou o parlamentar.<\/p>\n\n\n\n<p>O deputado Rodrigo Lago fez men\u00e7\u00e3o \u00e0 grande transforma\u00e7\u00e3o pela qual tem passado o munic\u00edpio desde que a prefeita Paula assumiu o executivo. \u201cAqui tem obras sendo entregues praticamente todos os dias. Sou um defensor da gest\u00e3o, pois vejo o quanto o munic\u00edpio tem conquistado desde que ela assumiu. Para mim, ela prova, todos os dias, sua capacidade para gerir a cidade de Pa\u00e7o do Lumiar. Parab\u00e9ns a Paula Azevedo e ao povo luminense\u201d, frisou Rodrigo Lago. <\/p>\n\n\n\n<div class=\"wp-block-image\"><figure class=\"aligncenter size-large\"><a href=\"https:\/\/www.blogsoestado.com\/danielmatos\/files\/2023\/05\/Screenshot_20230515-0043592.png\"><img decoding=\"async\" src=\"https:\/\/www.blogsoestado.com\/danielmatos\/files\/2023\/05\/Screenshot_20230515-0043592.png\" alt=\"\" class=\"wp-image-109687\"\/><\/a><figcaption>A prefeita de Pa\u00e7o do Lumiar, Paula Azevedo, com o deputado federal M\u00e1rcio Jerry e o deputado estadual Rodrigo Lago, que prestigiaram a entrega dos t\u00edtulos de propriedade<\/figcaption><\/figure><\/div>\n\n\n\n<p>O secret\u00e1rio de Infraestrutura e Urbanismo de Pa\u00e7o do Lumiar (SEMIU), Walburg Neto, informou que o Poder P\u00fablico est\u00e1 trabalhando para entregar outros t\u00edtulos \u00e0s comunidades do Alto Paran\u00e3 I e II. \u201cHoje, foram entregues 139, de um total de 476 que iremos entregar. Sei que a regulariza\u00e7\u00e3o fundi\u00e1ria n\u00e3o \u00e9 um servi\u00e7o que leva cimento ou asfalto para as comunidades, mas, com certeza, leva dignidade e seguran\u00e7a jur\u00eddica para quem recebe\u201d, assinalou o secret\u00e1rio Walburg Neto.<\/p>\n\n\n\n<p>A coordenadora do Programa de Regulariza\u00e7\u00e3o Fundi\u00e1ria, J\u00e9ssica Arruda &#8211; que foi homenageada pela prefeita Paula Azevedo durante o ato, em virtude da recente maternidade e de ser v\u00e9spera do Dia das M\u00e3es &#8211; explicou que a regulariza\u00e7\u00e3o fundi\u00e1ria leva benef\u00edcios n\u00e3o s\u00f3 para as fam\u00edlias de Pa\u00e7o do Lumiar, mas tamb\u00e9m para as empresas e reparti\u00e7\u00f5es p\u00fablicas, a exemplo de creches escolas e cemit\u00e9rios.<\/p>\n\n\n\n<div class=\"wp-block-image\"><figure class=\"aligncenter size-large\"><a href=\"https:\/\/www.blogsoestado.com\/danielmatos\/files\/2023\/05\/Screenshot_20230515-0037532-1.png\"><img decoding=\"async\" src=\"https:\/\/www.blogsoestado.com\/danielmatos\/files\/2023\/05\/Screenshot_20230515-0037532-1.png\" alt=\"\" class=\"wp-image-109686\"\/><\/a><figcaption>A prefeita Paula Azevedo recebe abra\u00e7o afetuoso de cidad\u00e3 em agradecimento pela a\u00e7\u00e3o de regulariza\u00e7\u00e3o fundi\u00e1ria<\/figcaption><\/figure><\/div>\n\n\n\n<p>Segundo ela, todas as ruas do munic\u00edpio j\u00e1 foram georreferenciadas, o que significa que todos os bairros j\u00e1 est\u00e3o oficialmente estruturados. \u201cQueremos n\u00e3o s\u00f3 alcan\u00e7ar a meta que estabelecemos em 2019, quando a prefeita Paula assumiu, mas ultrapassar os 4 mil im\u00f3veis regularizados, com entrega dos t\u00edtulos de propriedade nas m\u00e3os dos seus donos\u201d, destacou J\u00e9ssica Arruda.<\/p>\n\n\n\n<p>Maria do Socorro Nascimento de Oliveira, da Avenida 7, Quadra 1, N\u00ba 12, no Alto Paran\u00e3 I, foi uma das beneficiadas com o recebimento do t\u00edtulo de propriedade. \u201cEstou muito feliz por esse belo presente do Dia das M\u00e3es, que esperei por mais de 20 anos. Obrigada\u201d, disse.<\/p>\n\n\n\n<div class=\"wp-block-image\"><figure class=\"aligncenter size-large\"><a href=\"https:\/\/www.blogsoestado.com\/danielmatos\/files\/2023\/05\/Screenshot_20230515-0039462.png\"><img decoding=\"async\" src=\"https:\/\/www.blogsoestado.com\/danielmatos\/files\/2023\/05\/Screenshot_20230515-0039462.png\" alt=\"\" class=\"wp-image-109689\"\/><\/a><figcaption>A prefeita Paula Azevedo cumprimenta cidad\u00e3os contemplados com t\u00edtulos de propriedade<\/figcaption><\/figure><\/div>\n\n\n\n<p>\u201cEsse \u00e9 um dos melhores presentes que eu poderia receber hoje, depois de 30 anos morando aqui. Estou muito feliz (l\u00e1grimas e voz embargada), pois agora sei que poderei deixar esse im\u00f3vel para os meus filhos, que criei sozinha e com a ajuda de Deus\u201d, falou emocionada Maria da Concei\u00e7\u00e3o Rocha Sousa, da Avenida 7, Quadra 1, N\u00ba 14, do Alto Paran\u00e3 I.<\/p>\n","protected":false},"excerpt":{"rendered":"<p>Desde o in\u00edcio da gest\u00e3o, em 2019, 3.000 fam\u00edlias foram beneficiadas com a regulariza\u00e7\u00e3o dos seus im\u00f3veis Uma grande festa [&hellip;]<\/p>\n","protected":false},"author":0,"featured_media":0,"comment_status":"open","ping_status":"open","sticky":false,"template":"","format":"standard","meta":{"site-sidebar-layout":"default","site-content-layout":"","ast-site-content-layout":"default","site-content-style":"default","site-sidebar-style":"default","ast-global-header-display":"","ast-banner-title-visibility":"","ast-main-header-display":"","ast-hfb-above-header-display":"","ast-hfb-below-header-display":"","ast-hfb-mobile-header-display":"","site-post-title":"","ast-breadcrumbs-content":"","ast-featured-img":"","footer-sml-layout":"","ast-disable-related-posts":"","theme-transparent-header-meta":"","adv-header-id-meta":"","stick-header-meta":"","header-above-stick-meta":"","header-main-stick-meta":"","header-below-stick-meta":"","astra-migrate-meta-layouts":"default","ast-page-background-enabled":"default","ast-page-background-meta":{"desktop":{"background-color":"var(--ast-global-color-5)","background-image":"","background-repeat":"repeat","background-position":"center center","background-size":"auto","background-attachment":"scroll","background-type":"","background-media":"","overlay-type":"","overlay-color":"","overlay-opacity":"","overlay-gradient":""},"tablet":{"background-color":"","background-image":"","background-repeat":"repeat","background-position":"center center","background-size":"auto","background-attachment":"scroll","background-type":"","background-media":"","overlay-type":"","overlay-color":"","overlay-opacity":"","overlay-gradient":""},"mobile":{"background-color":"","background-image":"","background-repeat":"repeat","background-position":"center center","background-size":"auto","background-attachment":"scroll","background-type":"","background-media":"","overlay-type":"","overlay-color":"","overlay-opacity":"","overlay-gradient":""}},"ast-content-background-meta":{"desktop":{"background-color":"var(--ast-global-color-4)","background-image":"","background-repeat":"repeat","background-position":"center center","background-size":"auto","background-attachment":"scroll","background-type":"","background-media":"","overlay-type":"","overlay-color":"","overlay-opacity":"","overlay-gradient":""},"tablet":{"background-color":"var(--ast-global-color-4)","background-image":"","background-repeat":"repeat","background-position":"center center","background-size":"auto","background-attachment":"scroll","background-type":"","background-media":"","overlay-type":"","overlay-color":"","overlay-opacity":"","overlay-gradient":""},"mobile":{"background-color":"var(--ast-global-color-4)","background-image":"","background-repeat":"repeat","background-position":"center center","background-size":"auto","background-attachment":"scroll","background-type":"","background-media":"","overlay-type":"","overlay-color":"","overlay-opacity":"","overlay-gradient":""}},"footnotes":""},"categories":[1],"tags":[],"class_list":["post-109668","post","type-post","status-publish","format-standard","hentry","category-sem-categoria"],"yoast_head":"<!-- This site is optimized with the Yoast SEO plugin v26.6 - https:\/\/yoast.com\/wordpress\/plugins\/seo\/ -->\n<title>Prefeita Paula Azevedo entrega 139 t\u00edtulos de propriedade em Pa\u00e7o do Lumiar - Daniel Matos<\/title>\n<meta name=\"robots\" content=\"index, follow, max-snippet:-1, max-image-preview:large, max-video-preview:-1\" \/>\n<link rel=\"canonical\" href=\"https:\/\/www.blogsoestado.com\/danielmatos\/prefeita-paula-azevedo-entrega-139-titulos-de-propriedade-em-paco-do-lumiar\/\" \/>\n<meta property=\"og:locale\" content=\"pt_BR\" \/>\n<meta property=\"og:type\" content=\"article\" \/>\n<meta property=\"og:title\" content=\"Prefeita Paula Azevedo entrega 139 t\u00edtulos de propriedade em Pa\u00e7o do Lumiar - Daniel Matos\" \/>\n<meta property=\"og:description\" content=\"Desde o in\u00edcio da gest\u00e3o, em 2019, 3.000 fam\u00edlias foram beneficiadas com a regulariza\u00e7\u00e3o dos seus im\u00f3veis Uma grande festa [&hellip;]\" \/>\n<meta property=\"og:url\" content=\"https:\/\/www.blogsoestado.com\/danielmatos\/prefeita-paula-azevedo-entrega-139-titulos-de-propriedade-em-paco-do-lumiar\/\" \/>\n<meta property=\"og:site_name\" content=\"Daniel Matos\" \/>\n<meta property=\"article:published_time\" content=\"2023-05-15T03:12:19+00:00\" \/>\n<meta property=\"og:image\" content=\"https:\/\/www.blogsoestado.com\/danielmatos\/files\/2023\/05\/Screenshot_20230515-0017202.png\" \/>\n<meta name=\"twitter:card\" content=\"summary_large_image\" \/>\n<meta name=\"twitter:label1\" content=\"Est. tempo de leitura\" \/>\n\t<meta name=\"twitter:data1\" content=\"5 minutos\" \/>\n<script type=\"application\/ld+json\" class=\"yoast-schema-graph\">{\"@context\":\"https:\/\/schema.org\",\"@graph\":[{\"@type\":\"WebPage\",\"@id\":\"https:\/\/www.blogsoestado.com\/danielmatos\/prefeita-paula-azevedo-entrega-139-titulos-de-propriedade-em-paco-do-lumiar\/\",\"url\":\"https:\/\/www.blogsoestado.com\/danielmatos\/prefeita-paula-azevedo-entrega-139-titulos-de-propriedade-em-paco-do-lumiar\/\",\"name\":\"Prefeita Paula Azevedo entrega 139 t\u00edtulos de propriedade em Pa\u00e7o do Lumiar - Daniel Matos\",\"isPartOf\":{\"@id\":\"https:\/\/www.blogsoestado.com\/danielmatos\/#website\"},\"primaryImageOfPage\":{\"@id\":\"https:\/\/www.blogsoestado.com\/danielmatos\/prefeita-paula-azevedo-entrega-139-titulos-de-propriedade-em-paco-do-lumiar\/#primaryimage\"},\"image\":{\"@id\":\"https:\/\/www.blogsoestado.com\/danielmatos\/prefeita-paula-azevedo-entrega-139-titulos-de-propriedade-em-paco-do-lumiar\/#primaryimage\"},\"thumbnailUrl\":\"https:\/\/www.blogsoestado.com\/danielmatos\/files\/2023\/05\/Screenshot_20230515-0017202.png\",\"datePublished\":\"2023-05-15T03:12:19+00:00\",\"author\":{\"@id\":\"\"},\"breadcrumb\":{\"@id\":\"https:\/\/www.blogsoestado.com\/danielmatos\/prefeita-paula-azevedo-entrega-139-titulos-de-propriedade-em-paco-do-lumiar\/#breadcrumb\"},\"inLanguage\":\"pt-BR\",\"potentialAction\":[{\"@type\":\"ReadAction\",\"target\":[\"https:\/\/www.blogsoestado.com\/danielmatos\/prefeita-paula-azevedo-entrega-139-titulos-de-propriedade-em-paco-do-lumiar\/\"]}]},{\"@type\":\"ImageObject\",\"inLanguage\":\"pt-BR\",\"@id\":\"https:\/\/www.blogsoestado.com\/danielmatos\/prefeita-paula-azevedo-entrega-139-titulos-de-propriedade-em-paco-do-lumiar\/#primaryimage\",\"url\":\"https:\/\/www.blogsoestado.com\/danielmatos\/files\/2023\/05\/Screenshot_20230515-0017202.png\",\"contentUrl\":\"https:\/\/www.blogsoestado.com\/danielmatos\/files\/2023\/05\/Screenshot_20230515-0017202.png\"},{\"@type\":\"BreadcrumbList\",\"@id\":\"https:\/\/www.blogsoestado.com\/danielmatos\/prefeita-paula-azevedo-entrega-139-titulos-de-propriedade-em-paco-do-lumiar\/#breadcrumb\",\"itemListElement\":[{\"@type\":\"ListItem\",\"position\":1,\"name\":\"In\u00edcio\",\"item\":\"https:\/\/www.blogsoestado.com\/danielmatos\/\"},{\"@type\":\"ListItem\",\"position\":2,\"name\":\"Prefeita Paula Azevedo entrega 139 t\u00edtulos de propriedade em Pa\u00e7o do Lumiar\"}]},{\"@type\":\"WebSite\",\"@id\":\"https:\/\/www.blogsoestado.com\/danielmatos\/#website\",\"url\":\"https:\/\/www.blogsoestado.com\/danielmatos\/\",\"name\":\"Daniel Matos\",\"description\":\"\",\"potentialAction\":[{\"@type\":\"SearchAction\",\"target\":{\"@type\":\"EntryPoint\",\"urlTemplate\":\"https:\/\/www.blogsoestado.com\/danielmatos\/?s={search_term_string}\"},\"query-input\":{\"@type\":\"PropertyValueSpecification\",\"valueRequired\":true,\"valueName\":\"search_term_string\"}}],\"inLanguage\":\"pt-BR\"}]}<\/script>\n<!-- \/ Yoast SEO plugin. -->","yoast_head_json":{"title":"Prefeita Paula Azevedo entrega 139 t\u00edtulos de propriedade em Pa\u00e7o do Lumiar - Daniel Matos","robots":{"index":"index","follow":"follow","max-snippet":"max-snippet:-1","max-image-preview":"max-image-preview:large","max-video-preview":"max-video-preview:-1"},"canonical":"https:\/\/www.blogsoestado.com\/danielmatos\/prefeita-paula-azevedo-entrega-139-titulos-de-propriedade-em-paco-do-lumiar\/","og_locale":"pt_BR","og_type":"article","og_title":"Prefeita Paula Azevedo entrega 139 t\u00edtulos de propriedade em Pa\u00e7o do Lumiar - Daniel Matos","og_description":"Desde o in\u00edcio da gest\u00e3o, em 2019, 3.000 fam\u00edlias foram beneficiadas com a regulariza\u00e7\u00e3o dos seus im\u00f3veis Uma grande festa [&hellip;]","og_url":"https:\/\/www.blogsoestado.com\/danielmatos\/prefeita-paula-azevedo-entrega-139-titulos-de-propriedade-em-paco-do-lumiar\/","og_site_name":"Daniel Matos","article_published_time":"2023-05-15T03:12:19+00:00","og_image":[{"url":"https:\/\/www.blogsoestado.com\/danielmatos\/files\/2023\/05\/Screenshot_20230515-0017202.png","type":"","width":"","height":""}],"twitter_card":"summary_large_image","twitter_misc":{"Est. tempo de leitura":"5 minutos"},"schema":{"@context":"https:\/\/schema.org","@graph":[{"@type":"WebPage","@id":"https:\/\/www.blogsoestado.com\/danielmatos\/prefeita-paula-azevedo-entrega-139-titulos-de-propriedade-em-paco-do-lumiar\/","url":"https:\/\/www.blogsoestado.com\/danielmatos\/prefeita-paula-azevedo-entrega-139-titulos-de-propriedade-em-paco-do-lumiar\/","name":"Prefeita Paula Azevedo entrega 139 t\u00edtulos de propriedade em Pa\u00e7o do Lumiar - Daniel Matos","isPartOf":{"@id":"https:\/\/www.blogsoestado.com\/danielmatos\/#website"},"primaryImageOfPage":{"@id":"https:\/\/www.blogsoestado.com\/danielmatos\/prefeita-paula-azevedo-entrega-139-titulos-de-propriedade-em-paco-do-lumiar\/#primaryimage"},"image":{"@id":"https:\/\/www.blogsoestado.com\/danielmatos\/prefeita-paula-azevedo-entrega-139-titulos-de-propriedade-em-paco-do-lumiar\/#primaryimage"},"thumbnailUrl":"https:\/\/www.blogsoestado.com\/danielmatos\/files\/2023\/05\/Screenshot_20230515-0017202.png","datePublished":"2023-05-15T03:12:19+00:00","author":{"@id":""},"breadcrumb":{"@id":"https:\/\/www.blogsoestado.com\/danielmatos\/prefeita-paula-azevedo-entrega-139-titulos-de-propriedade-em-paco-do-lumiar\/#breadcrumb"},"inLanguage":"pt-BR","potentialAction":[{"@type":"ReadAction","target":["https:\/\/www.blogsoestado.com\/danielmatos\/prefeita-paula-azevedo-entrega-139-titulos-de-propriedade-em-paco-do-lumiar\/"]}]},{"@type":"ImageObject","inLanguage":"pt-BR","@id":"https:\/\/www.blogsoestado.com\/danielmatos\/prefeita-paula-azevedo-entrega-139-titulos-de-propriedade-em-paco-do-lumiar\/#primaryimage","url":"https:\/\/www.blogsoestado.com\/danielmatos\/files\/2023\/05\/Screenshot_20230515-0017202.png","contentUrl":"https:\/\/www.blogsoestado.com\/danielmatos\/files\/2023\/05\/Screenshot_20230515-0017202.png"},{"@type":"BreadcrumbList","@id":"https:\/\/www.blogsoestado.com\/danielmatos\/prefeita-paula-azevedo-entrega-139-titulos-de-propriedade-em-paco-do-lumiar\/#breadcrumb","itemListElement":[{"@type":"ListItem","position":1,"name":"In\u00edcio","item":"https:\/\/www.blogsoestado.com\/danielmatos\/"},{"@type":"ListItem","position":2,"name":"Prefeita Paula Azevedo entrega 139 t\u00edtulos de propriedade em Pa\u00e7o do Lumiar"}]},{"@type":"WebSite","@id":"https:\/\/www.blogsoestado.com\/danielmatos\/#website","url":"https:\/\/www.blogsoestado.com\/danielmatos\/","name":"Daniel Matos","description":"","potentialAction":[{"@type":"SearchAction","target":{"@type":"EntryPoint","urlTemplate":"https:\/\/www.blogsoestado.com\/danielmatos\/?s={search_term_string}"},"query-input":{"@type":"PropertyValueSpecification","valueRequired":true,"valueName":"search_term_string"}}],"inLanguage":"pt-BR"}]}},"jetpack_featured_media_url":"","_links":{"self":[{"href":"https:\/\/www.blogsoestado.com\/danielmatos\/wp-json\/wp\/v2\/posts\/109668","targetHints":{"allow":["GET"]}}],"collection":[{"href":"https:\/\/www.blogsoestado.com\/danielmatos\/wp-json\/wp\/v2\/posts"}],"about":[{"href":"https:\/\/www.blogsoestado.com\/danielmatos\/wp-json\/wp\/v2\/types\/post"}],"replies":[{"embeddable":true,"href":"https:\/\/www.blogsoestado.com\/danielmatos\/wp-json\/wp\/v2\/comments?post=109668"}],"version-history":[{"count":0,"href":"https:\/\/www.blogsoestado.com\/danielmatos\/wp-json\/wp\/v2\/posts\/109668\/revisions"}],"wp:attachment":[{"href":"https:\/\/www.blogsoestado.com\/danielmatos\/wp-json\/wp\/v2\/media?parent=109668"}],"wp:term":[{"taxonomy":"category","embeddable":true,"href":"https:\/\/www.blogsoestado.com\/danielmatos\/wp-json\/wp\/v2\/categories?post=109668"},{"taxonomy":"post_tag","embeddable":true,"href":"https:\/\/www.blogsoestado.com\/danielmatos\/wp-json\/wp\/v2\/tags?post=109668"}],"curies":[{"name":"wp","href":"https:\/\/api.w.org\/{rel}","templated":true}]}}