{"id":109708,"date":"2023-05-15T16:56:40","date_gmt":"2023-05-15T19:56:40","guid":{"rendered":"https:\/\/www.blogsoestado.com\/danielmatos\/?p=109708"},"modified":"2023-05-15T16:56:40","modified_gmt":"2023-05-15T19:56:40","slug":"dr-gutemberg-percorre-varios-bairros-de-sao-luis-entregando-cestas-basicas-em-homenagem-a-semana-das-maes","status":"publish","type":"post","link":"https:\/\/www.blogsoestado.com\/danielmatos\/dr-gutemberg-percorre-varios-bairros-de-sao-luis-entregando-cestas-basicas-em-homenagem-a-semana-das-maes\/","title":{"rendered":"Dr. Gutemberg percorre v\u00e1rios bairros de S\u00e3o Lu\u00eds entregando cestas b\u00e1sicas em homenagem \u00e0 Semana das M\u00e3es"},"content":{"rendered":"\n<div class=\"wp-block-image\"><figure class=\"aligncenter size-large\"><a href=\"https:\/\/www.blogsoestado.com\/danielmatos\/files\/2023\/05\/Screenshot_20230515-1647372.png\"><img decoding=\"async\" src=\"https:\/\/www.blogsoestado.com\/danielmatos\/files\/2023\/05\/Screenshot_20230515-1647372.png\" alt=\"\" class=\"wp-image-109709\"\/><\/a><figcaption>Dr. Gutemberg em um dos bairros de S\u00e3o Lu\u00eds onde alegrou o Dia das M\u00e3es com programa\u00e7\u00e3o especial<\/figcaption><\/figure><\/div>\n\n\n\n<p>Foi com um ato de amor e solidariedade, que o m\u00e9dico e vereador Dr. Gutemberg celebrou o Dia das M\u00e3es. Na semana dessa data especial, o vereador percorreu v\u00e1rios bairros da capital maranhense realizando a entrega de cestas b\u00e1sicas para as m\u00e3es, al\u00e9m de proporcionar outras a\u00e7\u00f5es sociais.<\/p>\n\n\n\n<p>\u201cMe sinto muito feliz em poder ajudar essas fam\u00edlias. Somos engajados e comprometidos com as causas sociais. Agrade\u00e7o a parceria do presidente da C\u00e2mara, vereador Paulo Victor, e do Governo do Estado na entrega das cestas b\u00e1sicas. A palavra m\u00e3e \u00e9 sin\u00f4nimo de amor, cuidado, for\u00e7a e coragem! Todo dia \u00e9 dia das m\u00e3es. Que Deus aben\u00e7oe e proteja as m\u00e3es maranhenses e as m\u00e3es do nosso Brasil\u201d, disse Dr. Gutemberg.<\/p>\n\n\n\n<p>Al\u00e9m da entrega dos alimentos, as m\u00e3es do Residencial Maria Arag\u00e3o receberam uma edi\u00e7\u00e3o especial do Programa Cuidando de Voc\u00ea, idealizado pelo Dr. Gutemberg. As m\u00e3es foram presenteadas com aulas de dan\u00e7a e outras a\u00e7\u00f5es. O presidente da C\u00e2mara Municipal de S\u00e3o Lu\u00eds, Paulo Victor, tamb\u00e9m participou da a\u00e7\u00e3o, ajudando com a entrega das cestas b\u00e1sicas.<\/p>\n\n\n\n<p>O ato solid\u00e1rio do Dr. Gutemberg aqueceu os cora\u00e7\u00f5es de diversas m\u00e3es e ajudou v\u00e1rias fam\u00edlias que passam dificuldades. A moradora Dalva Dinis, do Residencial Maria Arag\u00e3o, destacou que a ajuda veio em boa hora.<\/p>\n\n\n\n<p>\u201cA cesta de alimentos veio em boa hora. Nosso dinheiro \u00e9 sempre contado. E um gesto desses ajuda em nossas refei\u00e7\u00f5es. Dr. Gutemberg tem um cora\u00e7\u00e3o imenso, cheio de bondade. Agrade\u00e7o muito a parceria dele a nossa comunidade\u201d, disse Dalva.<\/p>\n\n\n\n<p>No residencial Amendoeira, que tamb\u00e9m recebe a\u00e7\u00f5es do Projeto Cuidando de Voc\u00ea, a moradora Eliene Silva tamb\u00e9m agradeceu.<\/p>\n\n\n\n<p>\u201cEm nome de todas as m\u00e3es agrade\u00e7o ao Dr. Gutemberg por essa linda doa\u00e7\u00e3o de cestas e pela realiza\u00e7\u00e3o do Projeto Cuidando de Voc\u00ea em nossa comunidade. Esse projeto do Dr. Gutemberg leva sa\u00fade para todas n\u00f3s. Muito obrigada, Dr. Gutemberg\u201d, agradeceu.<\/p>\n\n\n\n<p>A l\u00edder comunit\u00e1ria, Sharline de Sena Corr\u00eaa, tamb\u00e9m ressaltou o envolvimento social do Dr. Gutemberg com a comunidade.<\/p>\n\n\n\n<div class=\"wp-block-image\"><figure class=\"aligncenter size-large\"><a href=\"https:\/\/www.blogsoestado.com\/danielmatos\/files\/2023\/05\/Screenshot_20230515-1648462.png\"><img decoding=\"async\" src=\"https:\/\/www.blogsoestado.com\/danielmatos\/files\/2023\/05\/Screenshot_20230515-1648462.png\" alt=\"\" class=\"wp-image-109710\"\/><\/a><figcaption>O vereador recebe abra\u00e7o afetuoso de uma das m\u00e3es que homenageou na data especial<\/figcaption><\/figure><\/div>\n\n\n\n<p>\u201cDr. Gutemberg apoia as nossas aulas de dan\u00e7a, trouxe ainda o projeto social \u2018\u00d3culos + Vis\u00e3o\u2019 com bons m\u00e9dicos oftalmologistas. E assim v\u00e1rios moradores, pela primeira vez, receberam \u00f3culos. O nosso m\u00e9dico e vereador sempre est\u00e1 presente com uma grande sensibilidade para escutar os nossos pedidos e nos trazer v\u00e1rios benef\u00edcios. Agrade\u00e7o todo o carinho que o Dr. Gutemberg tem com nossa comunidade\u201d, afirma Sharline.<\/p>\n\n\n\n<p>Parlamentar atuante na causa social, Dr. Gutemberg tem como marca do seu mandato a presen\u00e7a constante nas comunidades para escutar a demanda da popula\u00e7\u00e3o e tamb\u00e9m levar dignidade com a\u00e7\u00f5es sociais.<\/p>\n\n\n\n<p>S\u00e3o exemplos de projetos sociais desenvolvidos pelo vereador Dr. Gutemberg: o projeto \u2018Cuidando de Voc\u00ea\u2019 com a\u00e7\u00f5es de sa\u00fade, esporte e lazer; o projeto \u2018Odonto M\u00f3vel\u2019 para cuidar da sa\u00fade bucal dos ludovicenses; e o projeto \u2018\u00d3culos + Vis\u00e3o\u2019, que oferta consultas oftalmol\u00f3gicas e uma gama de servi\u00e7os sociais. O projeto \u2018\u00d3culos + Vis\u00e3o\u2019 encerrou sua primeira edi\u00e7\u00e3o com a entrega de 600 \u00f3culos em diversas comunidades.<\/p>\n","protected":false},"excerpt":{"rendered":"<p>Foi com um ato de amor e solidariedade, que o m\u00e9dico e vereador Dr. Gutemberg celebrou o Dia das M\u00e3es. [&hellip;]<\/p>\n","protected":false},"author":0,"featured_media":0,"comment_status":"open","ping_status":"open","sticky":false,"template":"","format":"standard","meta":{"site-sidebar-layout":"default","site-content-layout":"","ast-site-content-layout":"default","site-content-style":"default","site-sidebar-style":"default","ast-global-header-display":"","ast-banner-title-visibility":"","ast-main-header-display":"","ast-hfb-above-header-display":"","ast-hfb-below-header-display":"","ast-hfb-mobile-header-display":"","site-post-title":"","ast-breadcrumbs-content":"","ast-featured-img":"","footer-sml-layout":"","ast-disable-related-posts":"","theme-transparent-header-meta":"","adv-header-id-meta":"","stick-header-meta":"","header-above-stick-meta":"","header-main-stick-meta":"","header-below-stick-meta":"","astra-migrate-meta-layouts":"default","ast-page-background-enabled":"default","ast-page-background-meta":{"desktop":{"background-color":"var(--ast-global-color-5)","background-image":"","background-repeat":"repeat","background-position":"center center","background-size":"auto","background-attachment":"scroll","background-type":"","background-media":"","overlay-type":"","overlay-color":"","overlay-opacity":"","overlay-gradient":""},"tablet":{"background-color":"","background-image":"","background-repeat":"repeat","background-position":"center center","background-size":"auto","background-attachment":"scroll","background-type":"","background-media":"","overlay-type":"","overlay-color":"","overlay-opacity":"","overlay-gradient":""},"mobile":{"background-color":"","background-image":"","background-repeat":"repeat","background-position":"center center","background-size":"auto","background-attachment":"scroll","background-type":"","background-media":"","overlay-type":"","overlay-color":"","overlay-opacity":"","overlay-gradient":""}},"ast-content-background-meta":{"desktop":{"background-color":"var(--ast-global-color-4)","background-image":"","background-repeat":"repeat","background-position":"center center","background-size":"auto","background-attachment":"scroll","background-type":"","background-media":"","overlay-type":"","overlay-color":"","overlay-opacity":"","overlay-gradient":""},"tablet":{"background-color":"var(--ast-global-color-4)","background-image":"","background-repeat":"repeat","background-position":"center center","background-size":"auto","background-attachment":"scroll","background-type":"","background-media":"","overlay-type":"","overlay-color":"","overlay-opacity":"","overlay-gradient":""},"mobile":{"background-color":"var(--ast-global-color-4)","background-image":"","background-repeat":"repeat","background-position":"center center","background-size":"auto","background-attachment":"scroll","background-type":"","background-media":"","overlay-type":"","overlay-color":"","overlay-opacity":"","overlay-gradient":""}},"footnotes":""},"categories":[1],"tags":[],"class_list":["post-109708","post","type-post","status-publish","format-standard","hentry","category-sem-categoria"],"yoast_head":"<!-- This site is optimized with the Yoast SEO plugin v26.6 - https:\/\/yoast.com\/wordpress\/plugins\/seo\/ -->\n<title>Dr. Gutemberg percorre v\u00e1rios bairros de S\u00e3o Lu\u00eds entregando cestas b\u00e1sicas em homenagem \u00e0 Semana das M\u00e3es - Daniel Matos<\/title>\n<meta name=\"robots\" content=\"index, follow, max-snippet:-1, max-image-preview:large, max-video-preview:-1\" \/>\n<link rel=\"canonical\" href=\"https:\/\/www.blogsoestado.com\/danielmatos\/dr-gutemberg-percorre-varios-bairros-de-sao-luis-entregando-cestas-basicas-em-homenagem-a-semana-das-maes\/\" \/>\n<meta property=\"og:locale\" content=\"pt_BR\" \/>\n<meta property=\"og:type\" content=\"article\" \/>\n<meta property=\"og:title\" content=\"Dr. Gutemberg percorre v\u00e1rios bairros de S\u00e3o Lu\u00eds entregando cestas b\u00e1sicas em homenagem \u00e0 Semana das M\u00e3es - Daniel Matos\" \/>\n<meta property=\"og:description\" content=\"Foi com um ato de amor e solidariedade, que o m\u00e9dico e vereador Dr. Gutemberg celebrou o Dia das M\u00e3es. [&hellip;]\" \/>\n<meta property=\"og:url\" content=\"https:\/\/www.blogsoestado.com\/danielmatos\/dr-gutemberg-percorre-varios-bairros-de-sao-luis-entregando-cestas-basicas-em-homenagem-a-semana-das-maes\/\" \/>\n<meta property=\"og:site_name\" content=\"Daniel Matos\" \/>\n<meta property=\"article:published_time\" content=\"2023-05-15T19:56:40+00:00\" \/>\n<meta property=\"og:image\" content=\"https:\/\/www.blogsoestado.com\/danielmatos\/files\/2023\/05\/Screenshot_20230515-1647372.png\" \/>\n<meta name=\"twitter:card\" content=\"summary_large_image\" \/>\n<meta name=\"twitter:label1\" content=\"Est. tempo de leitura\" \/>\n\t<meta name=\"twitter:data1\" content=\"3 minutos\" \/>\n<script type=\"application\/ld+json\" class=\"yoast-schema-graph\">{\"@context\":\"https:\/\/schema.org\",\"@graph\":[{\"@type\":\"WebPage\",\"@id\":\"https:\/\/www.blogsoestado.com\/danielmatos\/dr-gutemberg-percorre-varios-bairros-de-sao-luis-entregando-cestas-basicas-em-homenagem-a-semana-das-maes\/\",\"url\":\"https:\/\/www.blogsoestado.com\/danielmatos\/dr-gutemberg-percorre-varios-bairros-de-sao-luis-entregando-cestas-basicas-em-homenagem-a-semana-das-maes\/\",\"name\":\"Dr. Gutemberg percorre v\u00e1rios bairros de S\u00e3o Lu\u00eds entregando cestas b\u00e1sicas em homenagem \u00e0 Semana das M\u00e3es - Daniel Matos\",\"isPartOf\":{\"@id\":\"https:\/\/www.blogsoestado.com\/danielmatos\/#website\"},\"primaryImageOfPage\":{\"@id\":\"https:\/\/www.blogsoestado.com\/danielmatos\/dr-gutemberg-percorre-varios-bairros-de-sao-luis-entregando-cestas-basicas-em-homenagem-a-semana-das-maes\/#primaryimage\"},\"image\":{\"@id\":\"https:\/\/www.blogsoestado.com\/danielmatos\/dr-gutemberg-percorre-varios-bairros-de-sao-luis-entregando-cestas-basicas-em-homenagem-a-semana-das-maes\/#primaryimage\"},\"thumbnailUrl\":\"https:\/\/www.blogsoestado.com\/danielmatos\/files\/2023\/05\/Screenshot_20230515-1647372.png\",\"datePublished\":\"2023-05-15T19:56:40+00:00\",\"author\":{\"@id\":\"\"},\"breadcrumb\":{\"@id\":\"https:\/\/www.blogsoestado.com\/danielmatos\/dr-gutemberg-percorre-varios-bairros-de-sao-luis-entregando-cestas-basicas-em-homenagem-a-semana-das-maes\/#breadcrumb\"},\"inLanguage\":\"pt-BR\",\"potentialAction\":[{\"@type\":\"ReadAction\",\"target\":[\"https:\/\/www.blogsoestado.com\/danielmatos\/dr-gutemberg-percorre-varios-bairros-de-sao-luis-entregando-cestas-basicas-em-homenagem-a-semana-das-maes\/\"]}]},{\"@type\":\"ImageObject\",\"inLanguage\":\"pt-BR\",\"@id\":\"https:\/\/www.blogsoestado.com\/danielmatos\/dr-gutemberg-percorre-varios-bairros-de-sao-luis-entregando-cestas-basicas-em-homenagem-a-semana-das-maes\/#primaryimage\",\"url\":\"https:\/\/www.blogsoestado.com\/danielmatos\/files\/2023\/05\/Screenshot_20230515-1647372.png\",\"contentUrl\":\"https:\/\/www.blogsoestado.com\/danielmatos\/files\/2023\/05\/Screenshot_20230515-1647372.png\"},{\"@type\":\"BreadcrumbList\",\"@id\":\"https:\/\/www.blogsoestado.com\/danielmatos\/dr-gutemberg-percorre-varios-bairros-de-sao-luis-entregando-cestas-basicas-em-homenagem-a-semana-das-maes\/#breadcrumb\",\"itemListElement\":[{\"@type\":\"ListItem\",\"position\":1,\"name\":\"In\u00edcio\",\"item\":\"https:\/\/www.blogsoestado.com\/danielmatos\/\"},{\"@type\":\"ListItem\",\"position\":2,\"name\":\"Dr. Gutemberg percorre v\u00e1rios bairros de S\u00e3o Lu\u00eds entregando cestas b\u00e1sicas em homenagem \u00e0 Semana das M\u00e3es\"}]},{\"@type\":\"WebSite\",\"@id\":\"https:\/\/www.blogsoestado.com\/danielmatos\/#website\",\"url\":\"https:\/\/www.blogsoestado.com\/danielmatos\/\",\"name\":\"Daniel Matos\",\"description\":\"\",\"potentialAction\":[{\"@type\":\"SearchAction\",\"target\":{\"@type\":\"EntryPoint\",\"urlTemplate\":\"https:\/\/www.blogsoestado.com\/danielmatos\/?s={search_term_string}\"},\"query-input\":{\"@type\":\"PropertyValueSpecification\",\"valueRequired\":true,\"valueName\":\"search_term_string\"}}],\"inLanguage\":\"pt-BR\"}]}<\/script>\n<!-- \/ Yoast SEO plugin. -->","yoast_head_json":{"title":"Dr. Gutemberg percorre v\u00e1rios bairros de S\u00e3o Lu\u00eds entregando cestas b\u00e1sicas em homenagem \u00e0 Semana das M\u00e3es - Daniel Matos","robots":{"index":"index","follow":"follow","max-snippet":"max-snippet:-1","max-image-preview":"max-image-preview:large","max-video-preview":"max-video-preview:-1"},"canonical":"https:\/\/www.blogsoestado.com\/danielmatos\/dr-gutemberg-percorre-varios-bairros-de-sao-luis-entregando-cestas-basicas-em-homenagem-a-semana-das-maes\/","og_locale":"pt_BR","og_type":"article","og_title":"Dr. Gutemberg percorre v\u00e1rios bairros de S\u00e3o Lu\u00eds entregando cestas b\u00e1sicas em homenagem \u00e0 Semana das M\u00e3es - Daniel Matos","og_description":"Foi com um ato de amor e solidariedade, que o m\u00e9dico e vereador Dr. Gutemberg celebrou o Dia das M\u00e3es. [&hellip;]","og_url":"https:\/\/www.blogsoestado.com\/danielmatos\/dr-gutemberg-percorre-varios-bairros-de-sao-luis-entregando-cestas-basicas-em-homenagem-a-semana-das-maes\/","og_site_name":"Daniel Matos","article_published_time":"2023-05-15T19:56:40+00:00","og_image":[{"url":"https:\/\/www.blogsoestado.com\/danielmatos\/files\/2023\/05\/Screenshot_20230515-1647372.png","type":"","width":"","height":""}],"twitter_card":"summary_large_image","twitter_misc":{"Est. tempo de leitura":"3 minutos"},"schema":{"@context":"https:\/\/schema.org","@graph":[{"@type":"WebPage","@id":"https:\/\/www.blogsoestado.com\/danielmatos\/dr-gutemberg-percorre-varios-bairros-de-sao-luis-entregando-cestas-basicas-em-homenagem-a-semana-das-maes\/","url":"https:\/\/www.blogsoestado.com\/danielmatos\/dr-gutemberg-percorre-varios-bairros-de-sao-luis-entregando-cestas-basicas-em-homenagem-a-semana-das-maes\/","name":"Dr. Gutemberg percorre v\u00e1rios bairros de S\u00e3o Lu\u00eds entregando cestas b\u00e1sicas em homenagem \u00e0 Semana das M\u00e3es - Daniel Matos","isPartOf":{"@id":"https:\/\/www.blogsoestado.com\/danielmatos\/#website"},"primaryImageOfPage":{"@id":"https:\/\/www.blogsoestado.com\/danielmatos\/dr-gutemberg-percorre-varios-bairros-de-sao-luis-entregando-cestas-basicas-em-homenagem-a-semana-das-maes\/#primaryimage"},"image":{"@id":"https:\/\/www.blogsoestado.com\/danielmatos\/dr-gutemberg-percorre-varios-bairros-de-sao-luis-entregando-cestas-basicas-em-homenagem-a-semana-das-maes\/#primaryimage"},"thumbnailUrl":"https:\/\/www.blogsoestado.com\/danielmatos\/files\/2023\/05\/Screenshot_20230515-1647372.png","datePublished":"2023-05-15T19:56:40+00:00","author":{"@id":""},"breadcrumb":{"@id":"https:\/\/www.blogsoestado.com\/danielmatos\/dr-gutemberg-percorre-varios-bairros-de-sao-luis-entregando-cestas-basicas-em-homenagem-a-semana-das-maes\/#breadcrumb"},"inLanguage":"pt-BR","potentialAction":[{"@type":"ReadAction","target":["https:\/\/www.blogsoestado.com\/danielmatos\/dr-gutemberg-percorre-varios-bairros-de-sao-luis-entregando-cestas-basicas-em-homenagem-a-semana-das-maes\/"]}]},{"@type":"ImageObject","inLanguage":"pt-BR","@id":"https:\/\/www.blogsoestado.com\/danielmatos\/dr-gutemberg-percorre-varios-bairros-de-sao-luis-entregando-cestas-basicas-em-homenagem-a-semana-das-maes\/#primaryimage","url":"https:\/\/www.blogsoestado.com\/danielmatos\/files\/2023\/05\/Screenshot_20230515-1647372.png","contentUrl":"https:\/\/www.blogsoestado.com\/danielmatos\/files\/2023\/05\/Screenshot_20230515-1647372.png"},{"@type":"BreadcrumbList","@id":"https:\/\/www.blogsoestado.com\/danielmatos\/dr-gutemberg-percorre-varios-bairros-de-sao-luis-entregando-cestas-basicas-em-homenagem-a-semana-das-maes\/#breadcrumb","itemListElement":[{"@type":"ListItem","position":1,"name":"In\u00edcio","item":"https:\/\/www.blogsoestado.com\/danielmatos\/"},{"@type":"ListItem","position":2,"name":"Dr. Gutemberg percorre v\u00e1rios bairros de S\u00e3o Lu\u00eds entregando cestas b\u00e1sicas em homenagem \u00e0 Semana das M\u00e3es"}]},{"@type":"WebSite","@id":"https:\/\/www.blogsoestado.com\/danielmatos\/#website","url":"https:\/\/www.blogsoestado.com\/danielmatos\/","name":"Daniel Matos","description":"","potentialAction":[{"@type":"SearchAction","target":{"@type":"EntryPoint","urlTemplate":"https:\/\/www.blogsoestado.com\/danielmatos\/?s={search_term_string}"},"query-input":{"@type":"PropertyValueSpecification","valueRequired":true,"valueName":"search_term_string"}}],"inLanguage":"pt-BR"}]}},"jetpack_featured_media_url":"","_links":{"self":[{"href":"https:\/\/www.blogsoestado.com\/danielmatos\/wp-json\/wp\/v2\/posts\/109708","targetHints":{"allow":["GET"]}}],"collection":[{"href":"https:\/\/www.blogsoestado.com\/danielmatos\/wp-json\/wp\/v2\/posts"}],"about":[{"href":"https:\/\/www.blogsoestado.com\/danielmatos\/wp-json\/wp\/v2\/types\/post"}],"replies":[{"embeddable":true,"href":"https:\/\/www.blogsoestado.com\/danielmatos\/wp-json\/wp\/v2\/comments?post=109708"}],"version-history":[{"count":0,"href":"https:\/\/www.blogsoestado.com\/danielmatos\/wp-json\/wp\/v2\/posts\/109708\/revisions"}],"wp:attachment":[{"href":"https:\/\/www.blogsoestado.com\/danielmatos\/wp-json\/wp\/v2\/media?parent=109708"}],"wp:term":[{"taxonomy":"category","embeddable":true,"href":"https:\/\/www.blogsoestado.com\/danielmatos\/wp-json\/wp\/v2\/categories?post=109708"},{"taxonomy":"post_tag","embeddable":true,"href":"https:\/\/www.blogsoestado.com\/danielmatos\/wp-json\/wp\/v2\/tags?post=109708"}],"curies":[{"name":"wp","href":"https:\/\/api.w.org\/{rel}","templated":true}]}}