{"id":1098,"date":"2009-06-01T18:26:05","date_gmt":"2009-06-01T21:26:05","guid":{"rendered":"https:\/\/www.blogsoestado.com\/danielmatos\/2009\/06\/01\/coliseu-sera-liquidada\/"},"modified":"2009-06-01T18:26:05","modified_gmt":"2009-06-01T21:26:05","slug":"coliseu-sera-liquidada","status":"publish","type":"post","link":"https:\/\/www.blogsoestado.com\/danielmatos\/coliseu-sera-liquidada\/","title":{"rendered":"Coliseu ser\u00e1 liquidada"},"content":{"rendered":"<p><a href=\"https:\/\/www.blogsoestado.com\/danielmatos\/files\/2009\/06\/digitalizar0001.jpg\" title=\"digitalizar0001.jpg\"><\/a><a href=\"https:\/\/www.blogsoestado.com\/danielmatos\/files\/2009\/06\/edital-coliseu.jpg\" title=\"edital-coliseu.jpg\"><img decoding=\"async\" align=\"right\" src=\"https:\/\/www.blogsoestado.com\/danielmatos\/files\/2009\/06\/edital-coliseu.jpg\" alt=\"edital-coliseu.jpg\" \/><\/a>Foi publicado na edi\u00e7\u00e3o de hoje do Di\u00e1rio Oficial do Munic\u00edpio edital de convoca\u00e7\u00e3o para uma assembl\u00e9ia-geral, a ser realizada no pr\u00f3ximo dia 9,\u00a0que ter\u00e1 como finalidade\u00a0autorizar a liquida\u00e7\u00e3o da Companhia de Limpeza Urbana de S\u00e3o Lu\u00eds (Coliseu).\u00a0Na assembl\u00e9ia, ser\u00e1 nomeado um liquidante,\u00a0cuja atribui\u00e7\u00e3o ser\u00e1\u00a0determinar a destina\u00e7\u00e3o dos bens da companhia. A decis\u00e3o encerra\u00a0o ciclo de desmonte da empresa,\u00a0iniciado h\u00e1 mais de duas d\u00e9cadas e que coincidiu com\u00a0o per\u00edodo de hegemonia\u00a0do PDT\u00a0de Jackson Lago\u00a0no comando administrativo da capital maranhense.<\/p>\n<p>Desde o in\u00edcio da administra\u00e7\u00e3o de Jo\u00e3o Castelo, a Coliseu vinha passando por uma auditoria, que constatou a dilapida\u00e7\u00e3o de todo o patrim\u00f4nio da empresa. O\u00a0procedimento foi motivado pela situa\u00e7\u00e3o deplor\u00e1vel da companhia nos \u00faltimos anos, heran\u00e7a da gest\u00e3o de Jackson Lago.\u00a0Para se ter uma id\u00e9ia da crise na Coliseu, t\u00e3o logo assumiu\u00a0o comando do Munic\u00edpio, em abril de 2002, Tadeu Pal\u00e1cio decretou estado de emerg\u00eancia na \u00e1rea de\u00a0limpeza p\u00fablica,\u00a0pois a cidade estava tomada por lixo, em raz\u00e3o da inefici\u00eancia da empresa.<\/p>\n<p>A liquida\u00e7\u00e3o da Coliseu representa um duro golpe\u00a0na popula\u00e7\u00e3o de Sao Lu\u00eds, pois trata-se de um patrim\u00f4nio\u00a0dos ludovicenses\u00a0que se vai em meio\u00a0a gest\u00f5es desastrosas e marcadas pela corrup\u00e7\u00e3o.\u00a0Mais ainda:\u00a0\u00e9 uma prova de que a\u00a0tradi\u00e7\u00e3o pedetista\u00a0em arruinar bens p\u00fablicos\u00a0\u00e9 anterior \u00e0 dilapida\u00e7\u00e3o promovida por esse grupo no Governo do Estado.\u00a0\u00a0\u00a0\u00a0\u00a0<\/p>\n<p>\u00a0\u00a0\u00a0\u00a0\u00a0<\/p>\n","protected":false},"excerpt":{"rendered":"<p>Foi publicado na edi\u00e7\u00e3o de hoje do Di\u00e1rio Oficial do Munic\u00edpio edital de convoca\u00e7\u00e3o para uma assembl\u00e9ia-geral, a ser realizada [&hellip;]<\/p>\n","protected":false},"author":0,"featured_media":0,"comment_status":"open","ping_status":"open","sticky":false,"template":"","format":"standard","meta":{"site-sidebar-layout":"default","site-content-layout":"","ast-site-content-layout":"default","site-content-style":"default","site-sidebar-style":"default","ast-global-header-display":"","ast-banner-title-visibility":"","ast-main-header-display":"","ast-hfb-above-header-display":"","ast-hfb-below-header-display":"","ast-hfb-mobile-header-display":"","site-post-title":"","ast-breadcrumbs-content":"","ast-featured-img":"","footer-sml-layout":"","ast-disable-related-posts":"","theme-transparent-header-meta":"","adv-header-id-meta":"","stick-header-meta":"","header-above-stick-meta":"","header-main-stick-meta":"","header-below-stick-meta":"","astra-migrate-meta-layouts":"default","ast-page-background-enabled":"default","ast-page-background-meta":{"desktop":{"background-color":"var(--ast-global-color-5)","background-image":"","background-repeat":"repeat","background-position":"center center","background-size":"auto","background-attachment":"scroll","background-type":"","background-media":"","overlay-type":"","overlay-color":"","overlay-opacity":"","overlay-gradient":""},"tablet":{"background-color":"","background-image":"","background-repeat":"repeat","background-position":"center center","background-size":"auto","background-attachment":"scroll","background-type":"","background-media":"","overlay-type":"","overlay-color":"","overlay-opacity":"","overlay-gradient":""},"mobile":{"background-color":"","background-image":"","background-repeat":"repeat","background-position":"center center","background-size":"auto","background-attachment":"scroll","background-type":"","background-media":"","overlay-type":"","overlay-color":"","overlay-opacity":"","overlay-gradient":""}},"ast-content-background-meta":{"desktop":{"background-color":"var(--ast-global-color-4)","background-image":"","background-repeat":"repeat","background-position":"center center","background-size":"auto","background-attachment":"scroll","background-type":"","background-media":"","overlay-type":"","overlay-color":"","overlay-opacity":"","overlay-gradient":""},"tablet":{"background-color":"var(--ast-global-color-4)","background-image":"","background-repeat":"repeat","background-position":"center center","background-size":"auto","background-attachment":"scroll","background-type":"","background-media":"","overlay-type":"","overlay-color":"","overlay-opacity":"","overlay-gradient":""},"mobile":{"background-color":"var(--ast-global-color-4)","background-image":"","background-repeat":"repeat","background-position":"center center","background-size":"auto","background-attachment":"scroll","background-type":"","background-media":"","overlay-type":"","overlay-color":"","overlay-opacity":"","overlay-gradient":""}},"footnotes":""},"categories":[1],"tags":[],"class_list":["post-1098","post","type-post","status-publish","format-standard","hentry","category-sem-categoria"],"yoast_head":"<!-- This site is optimized with the Yoast SEO plugin v26.6 - https:\/\/yoast.com\/wordpress\/plugins\/seo\/ -->\n<title>Coliseu ser\u00e1 liquidada - Daniel Matos<\/title>\n<meta name=\"robots\" content=\"index, follow, max-snippet:-1, max-image-preview:large, max-video-preview:-1\" \/>\n<link rel=\"canonical\" href=\"https:\/\/www.blogsoestado.com\/danielmatos\/coliseu-sera-liquidada\/\" \/>\n<meta property=\"og:locale\" content=\"pt_BR\" \/>\n<meta property=\"og:type\" content=\"article\" \/>\n<meta property=\"og:title\" content=\"Coliseu ser\u00e1 liquidada - Daniel Matos\" \/>\n<meta property=\"og:description\" content=\"Foi publicado na edi\u00e7\u00e3o de hoje do Di\u00e1rio Oficial do Munic\u00edpio edital de convoca\u00e7\u00e3o para uma assembl\u00e9ia-geral, a ser realizada [&hellip;]\" \/>\n<meta property=\"og:url\" content=\"https:\/\/www.blogsoestado.com\/danielmatos\/coliseu-sera-liquidada\/\" \/>\n<meta property=\"og:site_name\" content=\"Daniel Matos\" \/>\n<meta property=\"article:published_time\" content=\"2009-06-01T21:26:05+00:00\" \/>\n<meta property=\"og:image\" content=\"https:\/\/www.blogsoestado.com\/danielmatos\/files\/2009\/06\/edital-coliseu.jpg\" \/>\n<meta name=\"twitter:card\" content=\"summary_large_image\" \/>\n<meta name=\"twitter:label1\" content=\"Est. tempo de leitura\" \/>\n\t<meta name=\"twitter:data1\" content=\"1 minuto\" \/>\n<script type=\"application\/ld+json\" class=\"yoast-schema-graph\">{\"@context\":\"https:\/\/schema.org\",\"@graph\":[{\"@type\":\"WebPage\",\"@id\":\"https:\/\/www.blogsoestado.com\/danielmatos\/coliseu-sera-liquidada\/\",\"url\":\"https:\/\/www.blogsoestado.com\/danielmatos\/coliseu-sera-liquidada\/\",\"name\":\"Coliseu ser\u00e1 liquidada - Daniel Matos\",\"isPartOf\":{\"@id\":\"https:\/\/www.blogsoestado.com\/danielmatos\/#website\"},\"primaryImageOfPage\":{\"@id\":\"https:\/\/www.blogsoestado.com\/danielmatos\/coliseu-sera-liquidada\/#primaryimage\"},\"image\":{\"@id\":\"https:\/\/www.blogsoestado.com\/danielmatos\/coliseu-sera-liquidada\/#primaryimage\"},\"thumbnailUrl\":\"https:\/\/www.blogsoestado.com\/danielmatos\/files\/2009\/06\/edital-coliseu.jpg\",\"datePublished\":\"2009-06-01T21:26:05+00:00\",\"author\":{\"@id\":\"\"},\"breadcrumb\":{\"@id\":\"https:\/\/www.blogsoestado.com\/danielmatos\/coliseu-sera-liquidada\/#breadcrumb\"},\"inLanguage\":\"pt-BR\",\"potentialAction\":[{\"@type\":\"ReadAction\",\"target\":[\"https:\/\/www.blogsoestado.com\/danielmatos\/coliseu-sera-liquidada\/\"]}]},{\"@type\":\"ImageObject\",\"inLanguage\":\"pt-BR\",\"@id\":\"https:\/\/www.blogsoestado.com\/danielmatos\/coliseu-sera-liquidada\/#primaryimage\",\"url\":\"https:\/\/www.blogsoestado.com\/danielmatos\/files\/2009\/06\/edital-coliseu.jpg\",\"contentUrl\":\"https:\/\/www.blogsoestado.com\/danielmatos\/files\/2009\/06\/edital-coliseu.jpg\"},{\"@type\":\"BreadcrumbList\",\"@id\":\"https:\/\/www.blogsoestado.com\/danielmatos\/coliseu-sera-liquidada\/#breadcrumb\",\"itemListElement\":[{\"@type\":\"ListItem\",\"position\":1,\"name\":\"In\u00edcio\",\"item\":\"https:\/\/www.blogsoestado.com\/danielmatos\/\"},{\"@type\":\"ListItem\",\"position\":2,\"name\":\"Coliseu ser\u00e1 liquidada\"}]},{\"@type\":\"WebSite\",\"@id\":\"https:\/\/www.blogsoestado.com\/danielmatos\/#website\",\"url\":\"https:\/\/www.blogsoestado.com\/danielmatos\/\",\"name\":\"Daniel Matos\",\"description\":\"\",\"potentialAction\":[{\"@type\":\"SearchAction\",\"target\":{\"@type\":\"EntryPoint\",\"urlTemplate\":\"https:\/\/www.blogsoestado.com\/danielmatos\/?s={search_term_string}\"},\"query-input\":{\"@type\":\"PropertyValueSpecification\",\"valueRequired\":true,\"valueName\":\"search_term_string\"}}],\"inLanguage\":\"pt-BR\"}]}<\/script>\n<!-- \/ Yoast SEO plugin. -->","yoast_head_json":{"title":"Coliseu ser\u00e1 liquidada - Daniel Matos","robots":{"index":"index","follow":"follow","max-snippet":"max-snippet:-1","max-image-preview":"max-image-preview:large","max-video-preview":"max-video-preview:-1"},"canonical":"https:\/\/www.blogsoestado.com\/danielmatos\/coliseu-sera-liquidada\/","og_locale":"pt_BR","og_type":"article","og_title":"Coliseu ser\u00e1 liquidada - Daniel Matos","og_description":"Foi publicado na edi\u00e7\u00e3o de hoje do Di\u00e1rio Oficial do Munic\u00edpio edital de convoca\u00e7\u00e3o para uma assembl\u00e9ia-geral, a ser realizada [&hellip;]","og_url":"https:\/\/www.blogsoestado.com\/danielmatos\/coliseu-sera-liquidada\/","og_site_name":"Daniel Matos","article_published_time":"2009-06-01T21:26:05+00:00","og_image":[{"url":"https:\/\/www.blogsoestado.com\/danielmatos\/files\/2009\/06\/edital-coliseu.jpg","type":"","width":"","height":""}],"twitter_card":"summary_large_image","twitter_misc":{"Est. tempo de leitura":"1 minuto"},"schema":{"@context":"https:\/\/schema.org","@graph":[{"@type":"WebPage","@id":"https:\/\/www.blogsoestado.com\/danielmatos\/coliseu-sera-liquidada\/","url":"https:\/\/www.blogsoestado.com\/danielmatos\/coliseu-sera-liquidada\/","name":"Coliseu ser\u00e1 liquidada - Daniel Matos","isPartOf":{"@id":"https:\/\/www.blogsoestado.com\/danielmatos\/#website"},"primaryImageOfPage":{"@id":"https:\/\/www.blogsoestado.com\/danielmatos\/coliseu-sera-liquidada\/#primaryimage"},"image":{"@id":"https:\/\/www.blogsoestado.com\/danielmatos\/coliseu-sera-liquidada\/#primaryimage"},"thumbnailUrl":"https:\/\/www.blogsoestado.com\/danielmatos\/files\/2009\/06\/edital-coliseu.jpg","datePublished":"2009-06-01T21:26:05+00:00","author":{"@id":""},"breadcrumb":{"@id":"https:\/\/www.blogsoestado.com\/danielmatos\/coliseu-sera-liquidada\/#breadcrumb"},"inLanguage":"pt-BR","potentialAction":[{"@type":"ReadAction","target":["https:\/\/www.blogsoestado.com\/danielmatos\/coliseu-sera-liquidada\/"]}]},{"@type":"ImageObject","inLanguage":"pt-BR","@id":"https:\/\/www.blogsoestado.com\/danielmatos\/coliseu-sera-liquidada\/#primaryimage","url":"https:\/\/www.blogsoestado.com\/danielmatos\/files\/2009\/06\/edital-coliseu.jpg","contentUrl":"https:\/\/www.blogsoestado.com\/danielmatos\/files\/2009\/06\/edital-coliseu.jpg"},{"@type":"BreadcrumbList","@id":"https:\/\/www.blogsoestado.com\/danielmatos\/coliseu-sera-liquidada\/#breadcrumb","itemListElement":[{"@type":"ListItem","position":1,"name":"In\u00edcio","item":"https:\/\/www.blogsoestado.com\/danielmatos\/"},{"@type":"ListItem","position":2,"name":"Coliseu ser\u00e1 liquidada"}]},{"@type":"WebSite","@id":"https:\/\/www.blogsoestado.com\/danielmatos\/#website","url":"https:\/\/www.blogsoestado.com\/danielmatos\/","name":"Daniel Matos","description":"","potentialAction":[{"@type":"SearchAction","target":{"@type":"EntryPoint","urlTemplate":"https:\/\/www.blogsoestado.com\/danielmatos\/?s={search_term_string}"},"query-input":{"@type":"PropertyValueSpecification","valueRequired":true,"valueName":"search_term_string"}}],"inLanguage":"pt-BR"}]}},"jetpack_featured_media_url":"","_links":{"self":[{"href":"https:\/\/www.blogsoestado.com\/danielmatos\/wp-json\/wp\/v2\/posts\/1098","targetHints":{"allow":["GET"]}}],"collection":[{"href":"https:\/\/www.blogsoestado.com\/danielmatos\/wp-json\/wp\/v2\/posts"}],"about":[{"href":"https:\/\/www.blogsoestado.com\/danielmatos\/wp-json\/wp\/v2\/types\/post"}],"replies":[{"embeddable":true,"href":"https:\/\/www.blogsoestado.com\/danielmatos\/wp-json\/wp\/v2\/comments?post=1098"}],"version-history":[{"count":0,"href":"https:\/\/www.blogsoestado.com\/danielmatos\/wp-json\/wp\/v2\/posts\/1098\/revisions"}],"wp:attachment":[{"href":"https:\/\/www.blogsoestado.com\/danielmatos\/wp-json\/wp\/v2\/media?parent=1098"}],"wp:term":[{"taxonomy":"category","embeddable":true,"href":"https:\/\/www.blogsoestado.com\/danielmatos\/wp-json\/wp\/v2\/categories?post=1098"},{"taxonomy":"post_tag","embeddable":true,"href":"https:\/\/www.blogsoestado.com\/danielmatos\/wp-json\/wp\/v2\/tags?post=1098"}],"curies":[{"name":"wp","href":"https:\/\/api.w.org\/{rel}","templated":true}]}}