{"id":1104,"date":"2009-06-04T18:11:05","date_gmt":"2009-06-04T21:11:05","guid":{"rendered":"https:\/\/www.blogsoestado.com\/danielmatos\/2009\/06\/04\/prefeita-de-axixa-e-agredida-em-tentativa-de-assalto\/"},"modified":"2009-06-04T18:11:05","modified_gmt":"2009-06-04T21:11:05","slug":"prefeita-de-axixa-e-agredida-em-tentativa-de-assalto","status":"publish","type":"post","link":"https:\/\/www.blogsoestado.com\/danielmatos\/prefeita-de-axixa-e-agredida-em-tentativa-de-assalto\/","title":{"rendered":"Prefeita de Axix\u00e1 \u00e9 agredida em tentativa de assalto"},"content":{"rendered":"<p><a href=\"https:\/\/www.blogsoestado.com\/danielmatos\/files\/2009\/06\/sonia-campos.jpg\" title=\"sonia-campos.jpg\"><img decoding=\"async\" align=\"right\" src=\"https:\/\/www.blogsoestado.com\/danielmatos\/files\/2009\/06\/sonia-campos.jpg\" alt=\"sonia-campos.jpg\" \/><\/a>A prefeita de Axix\u00e1, S\u00f4nia Campos (DEM), presa na Opera\u00e7\u00e3o Rapina I, em dezembro de 2007,\u00a0foi agredida fisicamente em uma tentativa de assalto a poucos metros do edif\u00edcio Bali, no Renascen\u00e7a II, onde mora.\u00a0O crime aconteceu ontem,\u00a0por\u00a0volta das 19h, quando ela caminhava do Tropical Shopping \u00e0 sua resid\u00eancia.<\/p>\n<p>A prefeita foi abordada por dois bandidos nas proximidades de um terreno baldio, pertencente a uma\u00a0das maiores construtoras de S\u00e3o Lu\u00eds.\u00a0O local,\u00a0segundo moradores,\u00a0serve de esconderijo para marginais e vem sendo transformado em lix\u00e3o.\u00a0Na \u00e1rea existe, ainda, um lava-a-jato clandestino, onde haveria, inclusive, liga\u00e7\u00f5es irregulares de \u00e1gua e energia el\u00e9trica.<\/p>\n<p>Na tentativa de roubar os pertences da v\u00edtima, os bandidos\u00a0chegaram a arrast\u00e1-la alguns metros pelo asfalto.\u00a0A viol\u00eancia foi tamanha que S\u00f4nia ficou com os\u00a0joelhos bastante feridos.\u00a0Para felicidade dela, um grupo de\u00a0pessoas que passava pelo local\u00a0e assistiu \u00e0 cena afugentou os criminosos. Uma\u00a0testemunha disse que, ao ser socorrida, a prefeita chorava muito e aparentava estar\u00a0\u00e0 beira de um\u00a0estado de choque.<\/p>\n<p>Ap\u00f3s se recompor, a prefeita exibiu, aliviada,\u00a0um colar de ouro\u00a0 guardado em uma pequena bolsa que ela carregava quando foi atacada e que, por sorte, n\u00e3o foi levada pelos assaltantes. \u00a0\u00a0\u00a0\u00a0<\/p>\n","protected":false},"excerpt":{"rendered":"<p>A prefeita de Axix\u00e1, S\u00f4nia Campos (DEM), presa na Opera\u00e7\u00e3o Rapina I, em dezembro de 2007,\u00a0foi agredida fisicamente em uma [&hellip;]<\/p>\n","protected":false},"author":0,"featured_media":0,"comment_status":"open","ping_status":"open","sticky":false,"template":"","format":"standard","meta":{"site-sidebar-layout":"default","site-content-layout":"","ast-site-content-layout":"default","site-content-style":"default","site-sidebar-style":"default","ast-global-header-display":"","ast-banner-title-visibility":"","ast-main-header-display":"","ast-hfb-above-header-display":"","ast-hfb-below-header-display":"","ast-hfb-mobile-header-display":"","site-post-title":"","ast-breadcrumbs-content":"","ast-featured-img":"","footer-sml-layout":"","ast-disable-related-posts":"","theme-transparent-header-meta":"","adv-header-id-meta":"","stick-header-meta":"","header-above-stick-meta":"","header-main-stick-meta":"","header-below-stick-meta":"","astra-migrate-meta-layouts":"default","ast-page-background-enabled":"default","ast-page-background-meta":{"desktop":{"background-color":"var(--ast-global-color-5)","background-image":"","background-repeat":"repeat","background-position":"center center","background-size":"auto","background-attachment":"scroll","background-type":"","background-media":"","overlay-type":"","overlay-color":"","overlay-opacity":"","overlay-gradient":""},"tablet":{"background-color":"","background-image":"","background-repeat":"repeat","background-position":"center center","background-size":"auto","background-attachment":"scroll","background-type":"","background-media":"","overlay-type":"","overlay-color":"","overlay-opacity":"","overlay-gradient":""},"mobile":{"background-color":"","background-image":"","background-repeat":"repeat","background-position":"center center","background-size":"auto","background-attachment":"scroll","background-type":"","background-media":"","overlay-type":"","overlay-color":"","overlay-opacity":"","overlay-gradient":""}},"ast-content-background-meta":{"desktop":{"background-color":"var(--ast-global-color-4)","background-image":"","background-repeat":"repeat","background-position":"center center","background-size":"auto","background-attachment":"scroll","background-type":"","background-media":"","overlay-type":"","overlay-color":"","overlay-opacity":"","overlay-gradient":""},"tablet":{"background-color":"var(--ast-global-color-4)","background-image":"","background-repeat":"repeat","background-position":"center center","background-size":"auto","background-attachment":"scroll","background-type":"","background-media":"","overlay-type":"","overlay-color":"","overlay-opacity":"","overlay-gradient":""},"mobile":{"background-color":"var(--ast-global-color-4)","background-image":"","background-repeat":"repeat","background-position":"center center","background-size":"auto","background-attachment":"scroll","background-type":"","background-media":"","overlay-type":"","overlay-color":"","overlay-opacity":"","overlay-gradient":""}},"footnotes":""},"categories":[1],"tags":[],"class_list":["post-1104","post","type-post","status-publish","format-standard","hentry","category-sem-categoria"],"yoast_head":"<!-- This site is optimized with the Yoast SEO plugin v26.6 - https:\/\/yoast.com\/wordpress\/plugins\/seo\/ -->\n<title>Prefeita de Axix\u00e1 \u00e9 agredida em tentativa de assalto - Daniel Matos<\/title>\n<meta name=\"robots\" content=\"index, follow, max-snippet:-1, max-image-preview:large, max-video-preview:-1\" \/>\n<link rel=\"canonical\" href=\"https:\/\/www.blogsoestado.com\/danielmatos\/prefeita-de-axixa-e-agredida-em-tentativa-de-assalto\/\" \/>\n<meta property=\"og:locale\" content=\"pt_BR\" \/>\n<meta property=\"og:type\" content=\"article\" \/>\n<meta property=\"og:title\" content=\"Prefeita de Axix\u00e1 \u00e9 agredida em tentativa de assalto - Daniel Matos\" \/>\n<meta property=\"og:description\" content=\"A prefeita de Axix\u00e1, S\u00f4nia Campos (DEM), presa na Opera\u00e7\u00e3o Rapina I, em dezembro de 2007,\u00a0foi agredida fisicamente em uma [&hellip;]\" \/>\n<meta property=\"og:url\" content=\"https:\/\/www.blogsoestado.com\/danielmatos\/prefeita-de-axixa-e-agredida-em-tentativa-de-assalto\/\" \/>\n<meta property=\"og:site_name\" content=\"Daniel Matos\" \/>\n<meta property=\"article:published_time\" content=\"2009-06-04T21:11:05+00:00\" \/>\n<meta property=\"og:image\" content=\"https:\/\/www.blogsoestado.com\/danielmatos\/files\/2009\/06\/sonia-campos.jpg\" \/>\n<meta name=\"twitter:card\" content=\"summary_large_image\" \/>\n<meta name=\"twitter:label1\" content=\"Est. tempo de leitura\" \/>\n\t<meta name=\"twitter:data1\" content=\"1 minuto\" \/>\n<script type=\"application\/ld+json\" class=\"yoast-schema-graph\">{\"@context\":\"https:\/\/schema.org\",\"@graph\":[{\"@type\":\"WebPage\",\"@id\":\"https:\/\/www.blogsoestado.com\/danielmatos\/prefeita-de-axixa-e-agredida-em-tentativa-de-assalto\/\",\"url\":\"https:\/\/www.blogsoestado.com\/danielmatos\/prefeita-de-axixa-e-agredida-em-tentativa-de-assalto\/\",\"name\":\"Prefeita de Axix\u00e1 \u00e9 agredida em tentativa de assalto - Daniel Matos\",\"isPartOf\":{\"@id\":\"https:\/\/www.blogsoestado.com\/danielmatos\/#website\"},\"primaryImageOfPage\":{\"@id\":\"https:\/\/www.blogsoestado.com\/danielmatos\/prefeita-de-axixa-e-agredida-em-tentativa-de-assalto\/#primaryimage\"},\"image\":{\"@id\":\"https:\/\/www.blogsoestado.com\/danielmatos\/prefeita-de-axixa-e-agredida-em-tentativa-de-assalto\/#primaryimage\"},\"thumbnailUrl\":\"https:\/\/www.blogsoestado.com\/danielmatos\/files\/2009\/06\/sonia-campos.jpg\",\"datePublished\":\"2009-06-04T21:11:05+00:00\",\"author\":{\"@id\":\"\"},\"breadcrumb\":{\"@id\":\"https:\/\/www.blogsoestado.com\/danielmatos\/prefeita-de-axixa-e-agredida-em-tentativa-de-assalto\/#breadcrumb\"},\"inLanguage\":\"pt-BR\",\"potentialAction\":[{\"@type\":\"ReadAction\",\"target\":[\"https:\/\/www.blogsoestado.com\/danielmatos\/prefeita-de-axixa-e-agredida-em-tentativa-de-assalto\/\"]}]},{\"@type\":\"ImageObject\",\"inLanguage\":\"pt-BR\",\"@id\":\"https:\/\/www.blogsoestado.com\/danielmatos\/prefeita-de-axixa-e-agredida-em-tentativa-de-assalto\/#primaryimage\",\"url\":\"https:\/\/www.blogsoestado.com\/danielmatos\/files\/2009\/06\/sonia-campos.jpg\",\"contentUrl\":\"https:\/\/www.blogsoestado.com\/danielmatos\/files\/2009\/06\/sonia-campos.jpg\"},{\"@type\":\"BreadcrumbList\",\"@id\":\"https:\/\/www.blogsoestado.com\/danielmatos\/prefeita-de-axixa-e-agredida-em-tentativa-de-assalto\/#breadcrumb\",\"itemListElement\":[{\"@type\":\"ListItem\",\"position\":1,\"name\":\"In\u00edcio\",\"item\":\"https:\/\/www.blogsoestado.com\/danielmatos\/\"},{\"@type\":\"ListItem\",\"position\":2,\"name\":\"Prefeita de Axix\u00e1 \u00e9 agredida em tentativa de assalto\"}]},{\"@type\":\"WebSite\",\"@id\":\"https:\/\/www.blogsoestado.com\/danielmatos\/#website\",\"url\":\"https:\/\/www.blogsoestado.com\/danielmatos\/\",\"name\":\"Daniel Matos\",\"description\":\"\",\"potentialAction\":[{\"@type\":\"SearchAction\",\"target\":{\"@type\":\"EntryPoint\",\"urlTemplate\":\"https:\/\/www.blogsoestado.com\/danielmatos\/?s={search_term_string}\"},\"query-input\":{\"@type\":\"PropertyValueSpecification\",\"valueRequired\":true,\"valueName\":\"search_term_string\"}}],\"inLanguage\":\"pt-BR\"}]}<\/script>\n<!-- \/ Yoast SEO plugin. -->","yoast_head_json":{"title":"Prefeita de Axix\u00e1 \u00e9 agredida em tentativa de assalto - Daniel Matos","robots":{"index":"index","follow":"follow","max-snippet":"max-snippet:-1","max-image-preview":"max-image-preview:large","max-video-preview":"max-video-preview:-1"},"canonical":"https:\/\/www.blogsoestado.com\/danielmatos\/prefeita-de-axixa-e-agredida-em-tentativa-de-assalto\/","og_locale":"pt_BR","og_type":"article","og_title":"Prefeita de Axix\u00e1 \u00e9 agredida em tentativa de assalto - Daniel Matos","og_description":"A prefeita de Axix\u00e1, S\u00f4nia Campos (DEM), presa na Opera\u00e7\u00e3o Rapina I, em dezembro de 2007,\u00a0foi agredida fisicamente em uma [&hellip;]","og_url":"https:\/\/www.blogsoestado.com\/danielmatos\/prefeita-de-axixa-e-agredida-em-tentativa-de-assalto\/","og_site_name":"Daniel Matos","article_published_time":"2009-06-04T21:11:05+00:00","og_image":[{"url":"https:\/\/www.blogsoestado.com\/danielmatos\/files\/2009\/06\/sonia-campos.jpg","type":"","width":"","height":""}],"twitter_card":"summary_large_image","twitter_misc":{"Est. tempo de leitura":"1 minuto"},"schema":{"@context":"https:\/\/schema.org","@graph":[{"@type":"WebPage","@id":"https:\/\/www.blogsoestado.com\/danielmatos\/prefeita-de-axixa-e-agredida-em-tentativa-de-assalto\/","url":"https:\/\/www.blogsoestado.com\/danielmatos\/prefeita-de-axixa-e-agredida-em-tentativa-de-assalto\/","name":"Prefeita de Axix\u00e1 \u00e9 agredida em tentativa de assalto - Daniel Matos","isPartOf":{"@id":"https:\/\/www.blogsoestado.com\/danielmatos\/#website"},"primaryImageOfPage":{"@id":"https:\/\/www.blogsoestado.com\/danielmatos\/prefeita-de-axixa-e-agredida-em-tentativa-de-assalto\/#primaryimage"},"image":{"@id":"https:\/\/www.blogsoestado.com\/danielmatos\/prefeita-de-axixa-e-agredida-em-tentativa-de-assalto\/#primaryimage"},"thumbnailUrl":"https:\/\/www.blogsoestado.com\/danielmatos\/files\/2009\/06\/sonia-campos.jpg","datePublished":"2009-06-04T21:11:05+00:00","author":{"@id":""},"breadcrumb":{"@id":"https:\/\/www.blogsoestado.com\/danielmatos\/prefeita-de-axixa-e-agredida-em-tentativa-de-assalto\/#breadcrumb"},"inLanguage":"pt-BR","potentialAction":[{"@type":"ReadAction","target":["https:\/\/www.blogsoestado.com\/danielmatos\/prefeita-de-axixa-e-agredida-em-tentativa-de-assalto\/"]}]},{"@type":"ImageObject","inLanguage":"pt-BR","@id":"https:\/\/www.blogsoestado.com\/danielmatos\/prefeita-de-axixa-e-agredida-em-tentativa-de-assalto\/#primaryimage","url":"https:\/\/www.blogsoestado.com\/danielmatos\/files\/2009\/06\/sonia-campos.jpg","contentUrl":"https:\/\/www.blogsoestado.com\/danielmatos\/files\/2009\/06\/sonia-campos.jpg"},{"@type":"BreadcrumbList","@id":"https:\/\/www.blogsoestado.com\/danielmatos\/prefeita-de-axixa-e-agredida-em-tentativa-de-assalto\/#breadcrumb","itemListElement":[{"@type":"ListItem","position":1,"name":"In\u00edcio","item":"https:\/\/www.blogsoestado.com\/danielmatos\/"},{"@type":"ListItem","position":2,"name":"Prefeita de Axix\u00e1 \u00e9 agredida em tentativa de assalto"}]},{"@type":"WebSite","@id":"https:\/\/www.blogsoestado.com\/danielmatos\/#website","url":"https:\/\/www.blogsoestado.com\/danielmatos\/","name":"Daniel Matos","description":"","potentialAction":[{"@type":"SearchAction","target":{"@type":"EntryPoint","urlTemplate":"https:\/\/www.blogsoestado.com\/danielmatos\/?s={search_term_string}"},"query-input":{"@type":"PropertyValueSpecification","valueRequired":true,"valueName":"search_term_string"}}],"inLanguage":"pt-BR"}]}},"jetpack_featured_media_url":"","_links":{"self":[{"href":"https:\/\/www.blogsoestado.com\/danielmatos\/wp-json\/wp\/v2\/posts\/1104","targetHints":{"allow":["GET"]}}],"collection":[{"href":"https:\/\/www.blogsoestado.com\/danielmatos\/wp-json\/wp\/v2\/posts"}],"about":[{"href":"https:\/\/www.blogsoestado.com\/danielmatos\/wp-json\/wp\/v2\/types\/post"}],"replies":[{"embeddable":true,"href":"https:\/\/www.blogsoestado.com\/danielmatos\/wp-json\/wp\/v2\/comments?post=1104"}],"version-history":[{"count":0,"href":"https:\/\/www.blogsoestado.com\/danielmatos\/wp-json\/wp\/v2\/posts\/1104\/revisions"}],"wp:attachment":[{"href":"https:\/\/www.blogsoestado.com\/danielmatos\/wp-json\/wp\/v2\/media?parent=1104"}],"wp:term":[{"taxonomy":"category","embeddable":true,"href":"https:\/\/www.blogsoestado.com\/danielmatos\/wp-json\/wp\/v2\/categories?post=1104"},{"taxonomy":"post_tag","embeddable":true,"href":"https:\/\/www.blogsoestado.com\/danielmatos\/wp-json\/wp\/v2\/tags?post=1104"}],"curies":[{"name":"wp","href":"https:\/\/api.w.org\/{rel}","templated":true}]}}