{"id":1108,"date":"2009-06-07T11:32:19","date_gmt":"2009-06-07T14:32:19","guid":{"rendered":"https:\/\/www.blogsoestado.com\/danielmatos\/2009\/06\/07\/arraial-da-maria-aragao-nao-ter-servico-medico-de-urgencia\/"},"modified":"2009-06-07T11:32:19","modified_gmt":"2009-06-07T14:32:19","slug":"arraial-da-maria-aragao-nao-ter-servico-medico-de-urgencia","status":"publish","type":"post","link":"https:\/\/www.blogsoestado.com\/danielmatos\/arraial-da-maria-aragao-nao-ter-servico-medico-de-urgencia\/","title":{"rendered":"Arraial da Maria Arag\u00e3o n\u00e3o tem servi\u00e7o m\u00e9dico de urg\u00eancia"},"content":{"rendered":"<p><a href=\"https:\/\/www.blogsoestado.com\/danielmatos\/files\/2009\/06\/arraial2.jpg\" title=\"arraial2.jpg\"><img decoding=\"async\" align=\"left\" src=\"https:\/\/www.blogsoestado.com\/danielmatos\/files\/2009\/06\/arraial2.jpg\" alt=\"arraial2.jpg\" \/><\/a>Maior espa\u00e7o montado pela Prefeitura de S\u00e3o Lu\u00eds para os festejos juninos deste ano, o arraial da pra\u00e7a Maria Arag\u00e3o n\u00e3o conta com um posto m\u00e9dico para atendimento de urg\u00eancia e nem sequer disp\u00f5e de uma ambul\u00e2ncia para atender as milhares de pessoas que freq\u00fcentam o local todas as noites. O desleixo com esse item\u00a0essencial para qualquer evento que re\u00fana multid\u00f5es p\u00f4de ser costatado na madrugada deste domingo, quando um\u00a0\u00edndio do Boi de Morros desmaiou em plena apresenta\u00e7\u00e3o e teve que ser socorrido pelos pr\u00f3prios integrantes da brincadeira.<\/p>\n<p>O\u00a0epis\u00f3dio aconteceu por volta de 1h. Pen\u00faltima brincadeira a se apresentar na programa\u00e7\u00e3o, o Boi de Morros\u00a0animava o numeroso p\u00fablico, quando veio o susto: um brincante fantasiado de \u00edndio, acometido por s\u00fabito mal-estar, desmaiou. Aflitos, os integrantes do grupo sa\u00edram em socorro ao colega, ao mesmo tempo\u00a0em que solicitavam a presen\u00e7a de uma equipe m\u00e9dica. Tamanha foi a surpresa quando foram\u00a0informados de que\u00a0ali n\u00e3o havia esse tipo de servi\u00e7o. Sem tempo para externar sua indigna\u00e7\u00e3o, os organizadores do boi carregaram o jovem at\u00e9\u00a0o ve\u00edculo de um dos\u00a0dirigentes e levaram-no ao hospital.<\/p>\n<p>O incidente mostrou que em meio\u00a0\u00e0 caprichosa produ\u00e7\u00e3o, a\u00a0Funda\u00e7\u00e3o Municipal de Cultura (Func)\u00a0negligenciou\u00a0o quesito sa\u00fade, primordial para o sucesso de eventos do naipe do\u00a0Arraial da Maria Arag\u00e3o. Espera-se que a falha grav\u00edssima seja corrigida imediatamente.<\/p>\n<p><strong>Foto:<\/strong> divulga\u00e7\u00e3o\/kamaleao.com\u00a0\u00a0\u00a0\u00a0\u00a0\u00a0\u00a0\u00a0\u00a0\u00a0<\/p>\n","protected":false},"excerpt":{"rendered":"<p>Maior espa\u00e7o montado pela Prefeitura de S\u00e3o Lu\u00eds para os festejos juninos deste ano, o arraial da pra\u00e7a Maria Arag\u00e3o [&hellip;]<\/p>\n","protected":false},"author":0,"featured_media":0,"comment_status":"open","ping_status":"open","sticky":false,"template":"","format":"standard","meta":{"site-sidebar-layout":"default","site-content-layout":"","ast-site-content-layout":"default","site-content-style":"default","site-sidebar-style":"default","ast-global-header-display":"","ast-banner-title-visibility":"","ast-main-header-display":"","ast-hfb-above-header-display":"","ast-hfb-below-header-display":"","ast-hfb-mobile-header-display":"","site-post-title":"","ast-breadcrumbs-content":"","ast-featured-img":"","footer-sml-layout":"","ast-disable-related-posts":"","theme-transparent-header-meta":"","adv-header-id-meta":"","stick-header-meta":"","header-above-stick-meta":"","header-main-stick-meta":"","header-below-stick-meta":"","astra-migrate-meta-layouts":"default","ast-page-background-enabled":"default","ast-page-background-meta":{"desktop":{"background-color":"var(--ast-global-color-5)","background-image":"","background-repeat":"repeat","background-position":"center center","background-size":"auto","background-attachment":"scroll","background-type":"","background-media":"","overlay-type":"","overlay-color":"","overlay-opacity":"","overlay-gradient":""},"tablet":{"background-color":"","background-image":"","background-repeat":"repeat","background-position":"center center","background-size":"auto","background-attachment":"scroll","background-type":"","background-media":"","overlay-type":"","overlay-color":"","overlay-opacity":"","overlay-gradient":""},"mobile":{"background-color":"","background-image":"","background-repeat":"repeat","background-position":"center center","background-size":"auto","background-attachment":"scroll","background-type":"","background-media":"","overlay-type":"","overlay-color":"","overlay-opacity":"","overlay-gradient":""}},"ast-content-background-meta":{"desktop":{"background-color":"var(--ast-global-color-4)","background-image":"","background-repeat":"repeat","background-position":"center center","background-size":"auto","background-attachment":"scroll","background-type":"","background-media":"","overlay-type":"","overlay-color":"","overlay-opacity":"","overlay-gradient":""},"tablet":{"background-color":"var(--ast-global-color-4)","background-image":"","background-repeat":"repeat","background-position":"center center","background-size":"auto","background-attachment":"scroll","background-type":"","background-media":"","overlay-type":"","overlay-color":"","overlay-opacity":"","overlay-gradient":""},"mobile":{"background-color":"var(--ast-global-color-4)","background-image":"","background-repeat":"repeat","background-position":"center center","background-size":"auto","background-attachment":"scroll","background-type":"","background-media":"","overlay-type":"","overlay-color":"","overlay-opacity":"","overlay-gradient":""}},"footnotes":""},"categories":[1],"tags":[],"class_list":["post-1108","post","type-post","status-publish","format-standard","hentry","category-sem-categoria"],"yoast_head":"<!-- This site is optimized with the Yoast SEO plugin v26.6 - https:\/\/yoast.com\/wordpress\/plugins\/seo\/ -->\n<title>Arraial da Maria Arag\u00e3o n\u00e3o tem servi\u00e7o m\u00e9dico de urg\u00eancia - Daniel Matos<\/title>\n<meta name=\"robots\" content=\"index, follow, max-snippet:-1, max-image-preview:large, max-video-preview:-1\" \/>\n<link rel=\"canonical\" href=\"https:\/\/www.blogsoestado.com\/danielmatos\/arraial-da-maria-aragao-nao-ter-servico-medico-de-urgencia\/\" \/>\n<meta property=\"og:locale\" content=\"pt_BR\" \/>\n<meta property=\"og:type\" content=\"article\" \/>\n<meta property=\"og:title\" content=\"Arraial da Maria Arag\u00e3o n\u00e3o tem servi\u00e7o m\u00e9dico de urg\u00eancia - Daniel Matos\" \/>\n<meta property=\"og:description\" content=\"Maior espa\u00e7o montado pela Prefeitura de S\u00e3o Lu\u00eds para os festejos juninos deste ano, o arraial da pra\u00e7a Maria Arag\u00e3o [&hellip;]\" \/>\n<meta property=\"og:url\" content=\"https:\/\/www.blogsoestado.com\/danielmatos\/arraial-da-maria-aragao-nao-ter-servico-medico-de-urgencia\/\" \/>\n<meta property=\"og:site_name\" content=\"Daniel Matos\" \/>\n<meta property=\"article:published_time\" content=\"2009-06-07T14:32:19+00:00\" \/>\n<meta property=\"og:image\" content=\"https:\/\/www.blogsoestado.com\/danielmatos\/files\/2009\/06\/arraial2.jpg\" \/>\n<meta name=\"twitter:card\" content=\"summary_large_image\" \/>\n<meta name=\"twitter:label1\" content=\"Est. tempo de leitura\" \/>\n\t<meta name=\"twitter:data1\" content=\"1 minuto\" \/>\n<script type=\"application\/ld+json\" class=\"yoast-schema-graph\">{\"@context\":\"https:\/\/schema.org\",\"@graph\":[{\"@type\":\"WebPage\",\"@id\":\"https:\/\/www.blogsoestado.com\/danielmatos\/arraial-da-maria-aragao-nao-ter-servico-medico-de-urgencia\/\",\"url\":\"https:\/\/www.blogsoestado.com\/danielmatos\/arraial-da-maria-aragao-nao-ter-servico-medico-de-urgencia\/\",\"name\":\"Arraial da Maria Arag\u00e3o n\u00e3o tem servi\u00e7o m\u00e9dico de urg\u00eancia - Daniel Matos\",\"isPartOf\":{\"@id\":\"https:\/\/www.blogsoestado.com\/danielmatos\/#website\"},\"primaryImageOfPage\":{\"@id\":\"https:\/\/www.blogsoestado.com\/danielmatos\/arraial-da-maria-aragao-nao-ter-servico-medico-de-urgencia\/#primaryimage\"},\"image\":{\"@id\":\"https:\/\/www.blogsoestado.com\/danielmatos\/arraial-da-maria-aragao-nao-ter-servico-medico-de-urgencia\/#primaryimage\"},\"thumbnailUrl\":\"https:\/\/www.blogsoestado.com\/danielmatos\/files\/2009\/06\/arraial2.jpg\",\"datePublished\":\"2009-06-07T14:32:19+00:00\",\"author\":{\"@id\":\"\"},\"breadcrumb\":{\"@id\":\"https:\/\/www.blogsoestado.com\/danielmatos\/arraial-da-maria-aragao-nao-ter-servico-medico-de-urgencia\/#breadcrumb\"},\"inLanguage\":\"pt-BR\",\"potentialAction\":[{\"@type\":\"ReadAction\",\"target\":[\"https:\/\/www.blogsoestado.com\/danielmatos\/arraial-da-maria-aragao-nao-ter-servico-medico-de-urgencia\/\"]}]},{\"@type\":\"ImageObject\",\"inLanguage\":\"pt-BR\",\"@id\":\"https:\/\/www.blogsoestado.com\/danielmatos\/arraial-da-maria-aragao-nao-ter-servico-medico-de-urgencia\/#primaryimage\",\"url\":\"https:\/\/www.blogsoestado.com\/danielmatos\/files\/2009\/06\/arraial2.jpg\",\"contentUrl\":\"https:\/\/www.blogsoestado.com\/danielmatos\/files\/2009\/06\/arraial2.jpg\"},{\"@type\":\"BreadcrumbList\",\"@id\":\"https:\/\/www.blogsoestado.com\/danielmatos\/arraial-da-maria-aragao-nao-ter-servico-medico-de-urgencia\/#breadcrumb\",\"itemListElement\":[{\"@type\":\"ListItem\",\"position\":1,\"name\":\"In\u00edcio\",\"item\":\"https:\/\/www.blogsoestado.com\/danielmatos\/\"},{\"@type\":\"ListItem\",\"position\":2,\"name\":\"Arraial da Maria Arag\u00e3o n\u00e3o tem servi\u00e7o m\u00e9dico de urg\u00eancia\"}]},{\"@type\":\"WebSite\",\"@id\":\"https:\/\/www.blogsoestado.com\/danielmatos\/#website\",\"url\":\"https:\/\/www.blogsoestado.com\/danielmatos\/\",\"name\":\"Daniel Matos\",\"description\":\"\",\"potentialAction\":[{\"@type\":\"SearchAction\",\"target\":{\"@type\":\"EntryPoint\",\"urlTemplate\":\"https:\/\/www.blogsoestado.com\/danielmatos\/?s={search_term_string}\"},\"query-input\":{\"@type\":\"PropertyValueSpecification\",\"valueRequired\":true,\"valueName\":\"search_term_string\"}}],\"inLanguage\":\"pt-BR\"}]}<\/script>\n<!-- \/ Yoast SEO plugin. -->","yoast_head_json":{"title":"Arraial da Maria Arag\u00e3o n\u00e3o tem servi\u00e7o m\u00e9dico de urg\u00eancia - Daniel Matos","robots":{"index":"index","follow":"follow","max-snippet":"max-snippet:-1","max-image-preview":"max-image-preview:large","max-video-preview":"max-video-preview:-1"},"canonical":"https:\/\/www.blogsoestado.com\/danielmatos\/arraial-da-maria-aragao-nao-ter-servico-medico-de-urgencia\/","og_locale":"pt_BR","og_type":"article","og_title":"Arraial da Maria Arag\u00e3o n\u00e3o tem servi\u00e7o m\u00e9dico de urg\u00eancia - Daniel Matos","og_description":"Maior espa\u00e7o montado pela Prefeitura de S\u00e3o Lu\u00eds para os festejos juninos deste ano, o arraial da pra\u00e7a Maria Arag\u00e3o [&hellip;]","og_url":"https:\/\/www.blogsoestado.com\/danielmatos\/arraial-da-maria-aragao-nao-ter-servico-medico-de-urgencia\/","og_site_name":"Daniel Matos","article_published_time":"2009-06-07T14:32:19+00:00","og_image":[{"url":"https:\/\/www.blogsoestado.com\/danielmatos\/files\/2009\/06\/arraial2.jpg","type":"","width":"","height":""}],"twitter_card":"summary_large_image","twitter_misc":{"Est. tempo de leitura":"1 minuto"},"schema":{"@context":"https:\/\/schema.org","@graph":[{"@type":"WebPage","@id":"https:\/\/www.blogsoestado.com\/danielmatos\/arraial-da-maria-aragao-nao-ter-servico-medico-de-urgencia\/","url":"https:\/\/www.blogsoestado.com\/danielmatos\/arraial-da-maria-aragao-nao-ter-servico-medico-de-urgencia\/","name":"Arraial da Maria Arag\u00e3o n\u00e3o tem servi\u00e7o m\u00e9dico de urg\u00eancia - Daniel Matos","isPartOf":{"@id":"https:\/\/www.blogsoestado.com\/danielmatos\/#website"},"primaryImageOfPage":{"@id":"https:\/\/www.blogsoestado.com\/danielmatos\/arraial-da-maria-aragao-nao-ter-servico-medico-de-urgencia\/#primaryimage"},"image":{"@id":"https:\/\/www.blogsoestado.com\/danielmatos\/arraial-da-maria-aragao-nao-ter-servico-medico-de-urgencia\/#primaryimage"},"thumbnailUrl":"https:\/\/www.blogsoestado.com\/danielmatos\/files\/2009\/06\/arraial2.jpg","datePublished":"2009-06-07T14:32:19+00:00","author":{"@id":""},"breadcrumb":{"@id":"https:\/\/www.blogsoestado.com\/danielmatos\/arraial-da-maria-aragao-nao-ter-servico-medico-de-urgencia\/#breadcrumb"},"inLanguage":"pt-BR","potentialAction":[{"@type":"ReadAction","target":["https:\/\/www.blogsoestado.com\/danielmatos\/arraial-da-maria-aragao-nao-ter-servico-medico-de-urgencia\/"]}]},{"@type":"ImageObject","inLanguage":"pt-BR","@id":"https:\/\/www.blogsoestado.com\/danielmatos\/arraial-da-maria-aragao-nao-ter-servico-medico-de-urgencia\/#primaryimage","url":"https:\/\/www.blogsoestado.com\/danielmatos\/files\/2009\/06\/arraial2.jpg","contentUrl":"https:\/\/www.blogsoestado.com\/danielmatos\/files\/2009\/06\/arraial2.jpg"},{"@type":"BreadcrumbList","@id":"https:\/\/www.blogsoestado.com\/danielmatos\/arraial-da-maria-aragao-nao-ter-servico-medico-de-urgencia\/#breadcrumb","itemListElement":[{"@type":"ListItem","position":1,"name":"In\u00edcio","item":"https:\/\/www.blogsoestado.com\/danielmatos\/"},{"@type":"ListItem","position":2,"name":"Arraial da Maria Arag\u00e3o n\u00e3o tem servi\u00e7o m\u00e9dico de urg\u00eancia"}]},{"@type":"WebSite","@id":"https:\/\/www.blogsoestado.com\/danielmatos\/#website","url":"https:\/\/www.blogsoestado.com\/danielmatos\/","name":"Daniel Matos","description":"","potentialAction":[{"@type":"SearchAction","target":{"@type":"EntryPoint","urlTemplate":"https:\/\/www.blogsoestado.com\/danielmatos\/?s={search_term_string}"},"query-input":{"@type":"PropertyValueSpecification","valueRequired":true,"valueName":"search_term_string"}}],"inLanguage":"pt-BR"}]}},"jetpack_featured_media_url":"","_links":{"self":[{"href":"https:\/\/www.blogsoestado.com\/danielmatos\/wp-json\/wp\/v2\/posts\/1108","targetHints":{"allow":["GET"]}}],"collection":[{"href":"https:\/\/www.blogsoestado.com\/danielmatos\/wp-json\/wp\/v2\/posts"}],"about":[{"href":"https:\/\/www.blogsoestado.com\/danielmatos\/wp-json\/wp\/v2\/types\/post"}],"replies":[{"embeddable":true,"href":"https:\/\/www.blogsoestado.com\/danielmatos\/wp-json\/wp\/v2\/comments?post=1108"}],"version-history":[{"count":0,"href":"https:\/\/www.blogsoestado.com\/danielmatos\/wp-json\/wp\/v2\/posts\/1108\/revisions"}],"wp:attachment":[{"href":"https:\/\/www.blogsoestado.com\/danielmatos\/wp-json\/wp\/v2\/media?parent=1108"}],"wp:term":[{"taxonomy":"category","embeddable":true,"href":"https:\/\/www.blogsoestado.com\/danielmatos\/wp-json\/wp\/v2\/categories?post=1108"},{"taxonomy":"post_tag","embeddable":true,"href":"https:\/\/www.blogsoestado.com\/danielmatos\/wp-json\/wp\/v2\/tags?post=1108"}],"curies":[{"name":"wp","href":"https:\/\/api.w.org\/{rel}","templated":true}]}}