{"id":1124,"date":"2009-06-15T11:48:00","date_gmt":"2009-06-15T14:48:00","guid":{"rendered":"https:\/\/www.blogsoestado.com\/danielmatos\/2009\/06\/15\/prefeitura-nao-paga-instrutores-de-curso-de-educacao-profissional\/"},"modified":"2009-06-15T11:48:00","modified_gmt":"2009-06-15T14:48:00","slug":"prefeitura-nao-paga-instrutores-de-curso-de-educacao-profissional","status":"publish","type":"post","link":"https:\/\/www.blogsoestado.com\/danielmatos\/prefeitura-nao-paga-instrutores-de-curso-de-educacao-profissional\/","title":{"rendered":"Prefeitura n\u00e3o paga instrutores de curso de educa\u00e7\u00e3o profissional"},"content":{"rendered":"<p><img decoding=\"async\" align=\"right\" src=\"https:\/\/www.blogsoestado.com\/danielmatos\/files\/2009\/06\/escola-aberta.jpg\" alt=\"escola-aberta.jpg\" \/>Instrutores dos cursos de educa\u00e7\u00e3o profissional ministrados por meio do programa Escola Aberta, sob a responsabilidade da Secretaria Municipal de Educa\u00e7\u00e3o (Semed), n\u00e3o recebem as bolsas \u00e0s quais t\u00eam direito pelo trabalho desde o in\u00edcio das aulas, h\u00e1 cinco meses. Eles denunciam que at\u00e9 agora a Semed s\u00f3\u00a0os tem enganado.<\/p>\n<p>O Escola Aberta foi criado em 2004, a partir\u00a0de um acordo de coopera\u00e7\u00e3o t\u00e9cnica firmado entre o Minist\u00e9rio da Educa\u00e7\u00e3o e a Unesco e tem\u00a0por objetivo contribuir para a melhoria da qualidade do ensino, inclus\u00e3o social e a constru\u00e7\u00e3o de uma cultura de paz, por meio da aimplia\u00e7\u00e3o da rela\u00e7\u00e3o entre escola e\u00a0comunidade.\u00a0Um dos objetivos principais \u00e9 reduzir a viol\u00eancia no ambiente escolar.<\/p>\n<p>No programa, os instrutores\u00a0s\u00e3o contratados para dar aulas aos fins de semana a estudantes de escolas p\u00fablicas da rede municipal e moradores dos bairros onde as mesmas est\u00e3o localizadas. Os alunos participam de cursos de cabeleireiro, artesanato, esportes, lazer, inform\u00e1tica, cultura e arte. Em troca,\u00a0os oficineiros, como s\u00e3o chamados os instrutores,\u00a0t\u00eam direito a receber, cada um, uma bolsa mensal de R$ 90,00. O v\u00ednculo est\u00e1 registrado em um contrato por meio do qual os\u00a0profissionais se comprometem a ministrar as aulas e a administra\u00e7\u00e3o assegura o pagamento pelos servi\u00e7os.<\/p>\n<p>O atraso das bolsas j\u00e1 motivou v\u00e1rias\u00a0audi\u00eancias na Semed, algumas com a participa\u00e7\u00e3o do secret\u00e1rio Moacir Feitosa. Em todas foi garantido a eles que\u00a0os recursos j\u00e1 est\u00e3o dispon\u00edveis. Mas, at\u00e9\u00a0agora, tudo n\u00e3o passou de promessa.\u00a0\u00a0\u00a0\u00a0\u00a0<\/p>\n","protected":false},"excerpt":{"rendered":"<p>Instrutores dos cursos de educa\u00e7\u00e3o profissional ministrados por meio do programa Escola Aberta, sob a responsabilidade da Secretaria Municipal de [&hellip;]<\/p>\n","protected":false},"author":0,"featured_media":0,"comment_status":"open","ping_status":"open","sticky":false,"template":"","format":"standard","meta":{"site-sidebar-layout":"default","site-content-layout":"","ast-site-content-layout":"default","site-content-style":"default","site-sidebar-style":"default","ast-global-header-display":"","ast-banner-title-visibility":"","ast-main-header-display":"","ast-hfb-above-header-display":"","ast-hfb-below-header-display":"","ast-hfb-mobile-header-display":"","site-post-title":"","ast-breadcrumbs-content":"","ast-featured-img":"","footer-sml-layout":"","ast-disable-related-posts":"","theme-transparent-header-meta":"","adv-header-id-meta":"","stick-header-meta":"","header-above-stick-meta":"","header-main-stick-meta":"","header-below-stick-meta":"","astra-migrate-meta-layouts":"default","ast-page-background-enabled":"default","ast-page-background-meta":{"desktop":{"background-color":"var(--ast-global-color-5)","background-image":"","background-repeat":"repeat","background-position":"center center","background-size":"auto","background-attachment":"scroll","background-type":"","background-media":"","overlay-type":"","overlay-color":"","overlay-opacity":"","overlay-gradient":""},"tablet":{"background-color":"","background-image":"","background-repeat":"repeat","background-position":"center center","background-size":"auto","background-attachment":"scroll","background-type":"","background-media":"","overlay-type":"","overlay-color":"","overlay-opacity":"","overlay-gradient":""},"mobile":{"background-color":"","background-image":"","background-repeat":"repeat","background-position":"center center","background-size":"auto","background-attachment":"scroll","background-type":"","background-media":"","overlay-type":"","overlay-color":"","overlay-opacity":"","overlay-gradient":""}},"ast-content-background-meta":{"desktop":{"background-color":"var(--ast-global-color-4)","background-image":"","background-repeat":"repeat","background-position":"center center","background-size":"auto","background-attachment":"scroll","background-type":"","background-media":"","overlay-type":"","overlay-color":"","overlay-opacity":"","overlay-gradient":""},"tablet":{"background-color":"var(--ast-global-color-4)","background-image":"","background-repeat":"repeat","background-position":"center center","background-size":"auto","background-attachment":"scroll","background-type":"","background-media":"","overlay-type":"","overlay-color":"","overlay-opacity":"","overlay-gradient":""},"mobile":{"background-color":"var(--ast-global-color-4)","background-image":"","background-repeat":"repeat","background-position":"center center","background-size":"auto","background-attachment":"scroll","background-type":"","background-media":"","overlay-type":"","overlay-color":"","overlay-opacity":"","overlay-gradient":""}},"footnotes":""},"categories":[1],"tags":[],"class_list":["post-1124","post","type-post","status-publish","format-standard","hentry","category-sem-categoria"],"yoast_head":"<!-- This site is optimized with the Yoast SEO plugin v26.6 - https:\/\/yoast.com\/wordpress\/plugins\/seo\/ -->\n<title>Prefeitura n\u00e3o paga instrutores de curso de educa\u00e7\u00e3o profissional - Daniel Matos<\/title>\n<meta name=\"robots\" content=\"index, follow, max-snippet:-1, max-image-preview:large, max-video-preview:-1\" \/>\n<link rel=\"canonical\" href=\"https:\/\/www.blogsoestado.com\/danielmatos\/prefeitura-nao-paga-instrutores-de-curso-de-educacao-profissional\/\" \/>\n<meta property=\"og:locale\" content=\"pt_BR\" \/>\n<meta property=\"og:type\" content=\"article\" \/>\n<meta property=\"og:title\" content=\"Prefeitura n\u00e3o paga instrutores de curso de educa\u00e7\u00e3o profissional - Daniel Matos\" \/>\n<meta property=\"og:description\" content=\"Instrutores dos cursos de educa\u00e7\u00e3o profissional ministrados por meio do programa Escola Aberta, sob a responsabilidade da Secretaria Municipal de [&hellip;]\" \/>\n<meta property=\"og:url\" content=\"https:\/\/www.blogsoestado.com\/danielmatos\/prefeitura-nao-paga-instrutores-de-curso-de-educacao-profissional\/\" \/>\n<meta property=\"og:site_name\" content=\"Daniel Matos\" \/>\n<meta property=\"article:published_time\" content=\"2009-06-15T14:48:00+00:00\" \/>\n<meta property=\"og:image\" content=\"https:\/\/www.blogsoestado.com\/danielmatos\/files\/2009\/06\/escola-aberta.jpg\" \/>\n<meta name=\"twitter:card\" content=\"summary_large_image\" \/>\n<meta name=\"twitter:label1\" content=\"Est. tempo de leitura\" \/>\n\t<meta name=\"twitter:data1\" content=\"1 minuto\" \/>\n<script type=\"application\/ld+json\" class=\"yoast-schema-graph\">{\"@context\":\"https:\/\/schema.org\",\"@graph\":[{\"@type\":\"WebPage\",\"@id\":\"https:\/\/www.blogsoestado.com\/danielmatos\/prefeitura-nao-paga-instrutores-de-curso-de-educacao-profissional\/\",\"url\":\"https:\/\/www.blogsoestado.com\/danielmatos\/prefeitura-nao-paga-instrutores-de-curso-de-educacao-profissional\/\",\"name\":\"Prefeitura n\u00e3o paga instrutores de curso de educa\u00e7\u00e3o profissional - Daniel Matos\",\"isPartOf\":{\"@id\":\"https:\/\/www.blogsoestado.com\/danielmatos\/#website\"},\"primaryImageOfPage\":{\"@id\":\"https:\/\/www.blogsoestado.com\/danielmatos\/prefeitura-nao-paga-instrutores-de-curso-de-educacao-profissional\/#primaryimage\"},\"image\":{\"@id\":\"https:\/\/www.blogsoestado.com\/danielmatos\/prefeitura-nao-paga-instrutores-de-curso-de-educacao-profissional\/#primaryimage\"},\"thumbnailUrl\":\"https:\/\/www.blogsoestado.com\/danielmatos\/files\/2009\/06\/escola-aberta.jpg\",\"datePublished\":\"2009-06-15T14:48:00+00:00\",\"author\":{\"@id\":\"\"},\"breadcrumb\":{\"@id\":\"https:\/\/www.blogsoestado.com\/danielmatos\/prefeitura-nao-paga-instrutores-de-curso-de-educacao-profissional\/#breadcrumb\"},\"inLanguage\":\"pt-BR\",\"potentialAction\":[{\"@type\":\"ReadAction\",\"target\":[\"https:\/\/www.blogsoestado.com\/danielmatos\/prefeitura-nao-paga-instrutores-de-curso-de-educacao-profissional\/\"]}]},{\"@type\":\"ImageObject\",\"inLanguage\":\"pt-BR\",\"@id\":\"https:\/\/www.blogsoestado.com\/danielmatos\/prefeitura-nao-paga-instrutores-de-curso-de-educacao-profissional\/#primaryimage\",\"url\":\"https:\/\/www.blogsoestado.com\/danielmatos\/files\/2009\/06\/escola-aberta.jpg\",\"contentUrl\":\"https:\/\/www.blogsoestado.com\/danielmatos\/files\/2009\/06\/escola-aberta.jpg\"},{\"@type\":\"BreadcrumbList\",\"@id\":\"https:\/\/www.blogsoestado.com\/danielmatos\/prefeitura-nao-paga-instrutores-de-curso-de-educacao-profissional\/#breadcrumb\",\"itemListElement\":[{\"@type\":\"ListItem\",\"position\":1,\"name\":\"In\u00edcio\",\"item\":\"https:\/\/www.blogsoestado.com\/danielmatos\/\"},{\"@type\":\"ListItem\",\"position\":2,\"name\":\"Prefeitura n\u00e3o paga instrutores de curso de educa\u00e7\u00e3o profissional\"}]},{\"@type\":\"WebSite\",\"@id\":\"https:\/\/www.blogsoestado.com\/danielmatos\/#website\",\"url\":\"https:\/\/www.blogsoestado.com\/danielmatos\/\",\"name\":\"Daniel Matos\",\"description\":\"\",\"potentialAction\":[{\"@type\":\"SearchAction\",\"target\":{\"@type\":\"EntryPoint\",\"urlTemplate\":\"https:\/\/www.blogsoestado.com\/danielmatos\/?s={search_term_string}\"},\"query-input\":{\"@type\":\"PropertyValueSpecification\",\"valueRequired\":true,\"valueName\":\"search_term_string\"}}],\"inLanguage\":\"pt-BR\"}]}<\/script>\n<!-- \/ Yoast SEO plugin. -->","yoast_head_json":{"title":"Prefeitura n\u00e3o paga instrutores de curso de educa\u00e7\u00e3o profissional - Daniel Matos","robots":{"index":"index","follow":"follow","max-snippet":"max-snippet:-1","max-image-preview":"max-image-preview:large","max-video-preview":"max-video-preview:-1"},"canonical":"https:\/\/www.blogsoestado.com\/danielmatos\/prefeitura-nao-paga-instrutores-de-curso-de-educacao-profissional\/","og_locale":"pt_BR","og_type":"article","og_title":"Prefeitura n\u00e3o paga instrutores de curso de educa\u00e7\u00e3o profissional - Daniel Matos","og_description":"Instrutores dos cursos de educa\u00e7\u00e3o profissional ministrados por meio do programa Escola Aberta, sob a responsabilidade da Secretaria Municipal de [&hellip;]","og_url":"https:\/\/www.blogsoestado.com\/danielmatos\/prefeitura-nao-paga-instrutores-de-curso-de-educacao-profissional\/","og_site_name":"Daniel Matos","article_published_time":"2009-06-15T14:48:00+00:00","og_image":[{"url":"https:\/\/www.blogsoestado.com\/danielmatos\/files\/2009\/06\/escola-aberta.jpg","type":"","width":"","height":""}],"twitter_card":"summary_large_image","twitter_misc":{"Est. tempo de leitura":"1 minuto"},"schema":{"@context":"https:\/\/schema.org","@graph":[{"@type":"WebPage","@id":"https:\/\/www.blogsoestado.com\/danielmatos\/prefeitura-nao-paga-instrutores-de-curso-de-educacao-profissional\/","url":"https:\/\/www.blogsoestado.com\/danielmatos\/prefeitura-nao-paga-instrutores-de-curso-de-educacao-profissional\/","name":"Prefeitura n\u00e3o paga instrutores de curso de educa\u00e7\u00e3o profissional - Daniel Matos","isPartOf":{"@id":"https:\/\/www.blogsoestado.com\/danielmatos\/#website"},"primaryImageOfPage":{"@id":"https:\/\/www.blogsoestado.com\/danielmatos\/prefeitura-nao-paga-instrutores-de-curso-de-educacao-profissional\/#primaryimage"},"image":{"@id":"https:\/\/www.blogsoestado.com\/danielmatos\/prefeitura-nao-paga-instrutores-de-curso-de-educacao-profissional\/#primaryimage"},"thumbnailUrl":"https:\/\/www.blogsoestado.com\/danielmatos\/files\/2009\/06\/escola-aberta.jpg","datePublished":"2009-06-15T14:48:00+00:00","author":{"@id":""},"breadcrumb":{"@id":"https:\/\/www.blogsoestado.com\/danielmatos\/prefeitura-nao-paga-instrutores-de-curso-de-educacao-profissional\/#breadcrumb"},"inLanguage":"pt-BR","potentialAction":[{"@type":"ReadAction","target":["https:\/\/www.blogsoestado.com\/danielmatos\/prefeitura-nao-paga-instrutores-de-curso-de-educacao-profissional\/"]}]},{"@type":"ImageObject","inLanguage":"pt-BR","@id":"https:\/\/www.blogsoestado.com\/danielmatos\/prefeitura-nao-paga-instrutores-de-curso-de-educacao-profissional\/#primaryimage","url":"https:\/\/www.blogsoestado.com\/danielmatos\/files\/2009\/06\/escola-aberta.jpg","contentUrl":"https:\/\/www.blogsoestado.com\/danielmatos\/files\/2009\/06\/escola-aberta.jpg"},{"@type":"BreadcrumbList","@id":"https:\/\/www.blogsoestado.com\/danielmatos\/prefeitura-nao-paga-instrutores-de-curso-de-educacao-profissional\/#breadcrumb","itemListElement":[{"@type":"ListItem","position":1,"name":"In\u00edcio","item":"https:\/\/www.blogsoestado.com\/danielmatos\/"},{"@type":"ListItem","position":2,"name":"Prefeitura n\u00e3o paga instrutores de curso de educa\u00e7\u00e3o profissional"}]},{"@type":"WebSite","@id":"https:\/\/www.blogsoestado.com\/danielmatos\/#website","url":"https:\/\/www.blogsoestado.com\/danielmatos\/","name":"Daniel Matos","description":"","potentialAction":[{"@type":"SearchAction","target":{"@type":"EntryPoint","urlTemplate":"https:\/\/www.blogsoestado.com\/danielmatos\/?s={search_term_string}"},"query-input":{"@type":"PropertyValueSpecification","valueRequired":true,"valueName":"search_term_string"}}],"inLanguage":"pt-BR"}]}},"jetpack_featured_media_url":"","_links":{"self":[{"href":"https:\/\/www.blogsoestado.com\/danielmatos\/wp-json\/wp\/v2\/posts\/1124","targetHints":{"allow":["GET"]}}],"collection":[{"href":"https:\/\/www.blogsoestado.com\/danielmatos\/wp-json\/wp\/v2\/posts"}],"about":[{"href":"https:\/\/www.blogsoestado.com\/danielmatos\/wp-json\/wp\/v2\/types\/post"}],"replies":[{"embeddable":true,"href":"https:\/\/www.blogsoestado.com\/danielmatos\/wp-json\/wp\/v2\/comments?post=1124"}],"version-history":[{"count":0,"href":"https:\/\/www.blogsoestado.com\/danielmatos\/wp-json\/wp\/v2\/posts\/1124\/revisions"}],"wp:attachment":[{"href":"https:\/\/www.blogsoestado.com\/danielmatos\/wp-json\/wp\/v2\/media?parent=1124"}],"wp:term":[{"taxonomy":"category","embeddable":true,"href":"https:\/\/www.blogsoestado.com\/danielmatos\/wp-json\/wp\/v2\/categories?post=1124"},{"taxonomy":"post_tag","embeddable":true,"href":"https:\/\/www.blogsoestado.com\/danielmatos\/wp-json\/wp\/v2\/tags?post=1124"}],"curies":[{"name":"wp","href":"https:\/\/api.w.org\/{rel}","templated":true}]}}