{"id":1131,"date":"2009-06-17T11:28:25","date_gmt":"2009-06-17T14:28:25","guid":{"rendered":"https:\/\/www.blogsoestado.com\/danielmatos\/2009\/06\/17\/lula-defende-sarney-e-diz-que-denuncias-nao-tem-fim\/"},"modified":"2009-06-17T11:28:25","modified_gmt":"2009-06-17T14:28:25","slug":"lula-defende-sarney-e-diz-que-denuncias-nao-tem-fim","status":"publish","type":"post","link":"https:\/\/www.blogsoestado.com\/danielmatos\/lula-defende-sarney-e-diz-que-denuncias-nao-tem-fim\/","title":{"rendered":"Lula defende Sarney e diz que den\u00fancias n\u00e3o t\u00eam fim"},"content":{"rendered":"<p><a href=\"https:\/\/www.blogsoestado.com\/danielmatos\/files\/2009\/06\/sarney2.jpg\" title=\"sarney2.jpg\"><img decoding=\"async\" align=\"left\" src=\"https:\/\/www.blogsoestado.com\/danielmatos\/files\/2009\/06\/sarney2.jpg\" alt=\"sarney2.jpg\" \/><\/a>O presidente Luiz In\u00e1cio Lula da Silva criticou nesta quarta-feira (17) a sequ\u00eancia de den\u00fancias no Senado e saiu em defesa do presidente da Casa, Jos\u00e9 Sarney (PMDB-AP), que discursou ontem no plen\u00e1rio do Congresso Nacional.<\/p>\n<p>&#8220;N\u00e3o li a reportagem do presidente Sarney, mas penso que ele tem hist\u00f3ria no Brasil suficiente para que n\u00e3o seja tratado como se fosse uma pessoa comum&#8221;, disse. &#8220;Elas [den\u00fancias] n\u00e3o t\u00eam fim e depois n\u00e3o acontece nada.&#8221;<\/p>\n<p>O presidente afirmou que \u00e9 importante investigar o que houve, inclusive para saber a quem poderia interessar desestabilizar o Senado.<\/p>\n<p>&#8220;Essa hist\u00f3ria tem que ser mais bem explicada. N\u00e3o sei a quem interessa enfraquecer o Poder Legislativo no Brasil. Mas penso o seguinte: quando tivemos o Congresso Nacional desmoralizado e fechado foi muito pior para o Brasil, portanto \u00e9 importante pensar na preserva\u00e7\u00e3o das institui\u00e7\u00f5es e separar o joio do trigo. Se tiver coisa errada, que se fa\u00e7a uma investiga\u00e7\u00e3o correta&#8221;, disse Lula.<\/p>\n<p>O petista afirmou ainda que o governo n\u00e3o teme ser prejudicado pelas den\u00fancias sobre o Senado.<\/p>\n<p>&#8220;Todos os senadores, a come\u00e7ar do presidente Sarney, t\u00eam responsabilidade de dirigir o destino do pa\u00eds, ou seja, do Congresso Nacional, vamos esperar que essas coisas se resolvam logo.&#8221;<\/p>\n<p>Para o presidente, as den\u00fancias podem acabar cansando a popula\u00e7\u00e3o. &#8220;O que n\u00e3o se pode \u00e9 todo dia voc\u00ea arrumar uma v\u00edrgula a mais, voc\u00ea vai desmoralizando todo mundo, cansando todo mundo, inclusive a imprensa corre o risco. Porque a imprensa tamb\u00e9m tem que ter a certeza de que ela n\u00e3o pode ser desacreditada porque, na hora em que a pessoa come\u00e7ar a pensar &#8216;olha, eu n\u00e3o acredito no Senado, n\u00e3o acredito na C\u00e2mara, n\u00e3o acredito no Poder Executivo, no STF [Supremo Tribunal Federal], tamb\u00e9m n\u00e3o acredito na imprensa&#8217;, o que vai surgir depois?&#8221;, questionou.<\/p>\n<p>Defesa<\/p>\n<p>Ontem, no plen\u00e1rio do Senado, Sarney falou dos esc\u00e2ndalos que atingem a institui\u00e7\u00e3o desde que ele assumiu o cargo, no come\u00e7o deste ano. Cobrado a responder, ele disse que a crise n\u00e3o era dele.<\/p>\n<p>&#8220;A crise do Senado n\u00e3o \u00e9 minha. A crise \u00e9 do Senado. \u00c9 essa institui\u00e7\u00e3o que n\u00f3s devemos preservar. Tanto quanto qualquer um aqui, ningu\u00e9m tem mais interesse nisso do que eu, at\u00e9 porque aceitei ser presidente da Casa.&#8221;<\/p>\n<p>O \u00faltimo esc\u00e2ndalo envolve os mais de 500 atos secretos publicados ao longo dos \u00faltimos 14 anos no Senado e que foram usados para nomear, exonerar e aumentar sal\u00e1rios de pessoas ligadas ao comando da Casa.<\/p>\n<p>Com informa\u00e7\u00f5es da Folhaonline.<\/p>\n","protected":false},"excerpt":{"rendered":"<p>O presidente Luiz In\u00e1cio Lula da Silva criticou nesta quarta-feira (17) a sequ\u00eancia de den\u00fancias no Senado e saiu em [&hellip;]<\/p>\n","protected":false},"author":0,"featured_media":0,"comment_status":"open","ping_status":"open","sticky":false,"template":"","format":"standard","meta":{"site-sidebar-layout":"default","site-content-layout":"","ast-site-content-layout":"default","site-content-style":"default","site-sidebar-style":"default","ast-global-header-display":"","ast-banner-title-visibility":"","ast-main-header-display":"","ast-hfb-above-header-display":"","ast-hfb-below-header-display":"","ast-hfb-mobile-header-display":"","site-post-title":"","ast-breadcrumbs-content":"","ast-featured-img":"","footer-sml-layout":"","ast-disable-related-posts":"","theme-transparent-header-meta":"","adv-header-id-meta":"","stick-header-meta":"","header-above-stick-meta":"","header-main-stick-meta":"","header-below-stick-meta":"","astra-migrate-meta-layouts":"default","ast-page-background-enabled":"default","ast-page-background-meta":{"desktop":{"background-color":"var(--ast-global-color-5)","background-image":"","background-repeat":"repeat","background-position":"center center","background-size":"auto","background-attachment":"scroll","background-type":"","background-media":"","overlay-type":"","overlay-color":"","overlay-opacity":"","overlay-gradient":""},"tablet":{"background-color":"","background-image":"","background-repeat":"repeat","background-position":"center center","background-size":"auto","background-attachment":"scroll","background-type":"","background-media":"","overlay-type":"","overlay-color":"","overlay-opacity":"","overlay-gradient":""},"mobile":{"background-color":"","background-image":"","background-repeat":"repeat","background-position":"center center","background-size":"auto","background-attachment":"scroll","background-type":"","background-media":"","overlay-type":"","overlay-color":"","overlay-opacity":"","overlay-gradient":""}},"ast-content-background-meta":{"desktop":{"background-color":"var(--ast-global-color-4)","background-image":"","background-repeat":"repeat","background-position":"center center","background-size":"auto","background-attachment":"scroll","background-type":"","background-media":"","overlay-type":"","overlay-color":"","overlay-opacity":"","overlay-gradient":""},"tablet":{"background-color":"var(--ast-global-color-4)","background-image":"","background-repeat":"repeat","background-position":"center center","background-size":"auto","background-attachment":"scroll","background-type":"","background-media":"","overlay-type":"","overlay-color":"","overlay-opacity":"","overlay-gradient":""},"mobile":{"background-color":"var(--ast-global-color-4)","background-image":"","background-repeat":"repeat","background-position":"center center","background-size":"auto","background-attachment":"scroll","background-type":"","background-media":"","overlay-type":"","overlay-color":"","overlay-opacity":"","overlay-gradient":""}},"footnotes":""},"categories":[1],"tags":[],"class_list":["post-1131","post","type-post","status-publish","format-standard","hentry","category-sem-categoria"],"yoast_head":"<!-- This site is optimized with the Yoast SEO plugin v26.6 - https:\/\/yoast.com\/wordpress\/plugins\/seo\/ -->\n<title>Lula defende Sarney e diz que den\u00fancias n\u00e3o t\u00eam fim - Daniel Matos<\/title>\n<meta name=\"robots\" content=\"index, follow, max-snippet:-1, max-image-preview:large, max-video-preview:-1\" \/>\n<link rel=\"canonical\" href=\"https:\/\/www.blogsoestado.com\/danielmatos\/lula-defende-sarney-e-diz-que-denuncias-nao-tem-fim\/\" \/>\n<meta property=\"og:locale\" content=\"pt_BR\" \/>\n<meta property=\"og:type\" content=\"article\" \/>\n<meta property=\"og:title\" content=\"Lula defende Sarney e diz que den\u00fancias n\u00e3o t\u00eam fim - Daniel Matos\" \/>\n<meta property=\"og:description\" content=\"O presidente Luiz In\u00e1cio Lula da Silva criticou nesta quarta-feira (17) a sequ\u00eancia de den\u00fancias no Senado e saiu em [&hellip;]\" \/>\n<meta property=\"og:url\" content=\"https:\/\/www.blogsoestado.com\/danielmatos\/lula-defende-sarney-e-diz-que-denuncias-nao-tem-fim\/\" \/>\n<meta property=\"og:site_name\" content=\"Daniel Matos\" \/>\n<meta property=\"article:published_time\" content=\"2009-06-17T14:28:25+00:00\" \/>\n<meta property=\"og:image\" content=\"https:\/\/www.blogsoestado.com\/danielmatos\/files\/2009\/06\/sarney2.jpg\" \/>\n<meta name=\"twitter:card\" content=\"summary_large_image\" \/>\n<meta name=\"twitter:label1\" content=\"Est. tempo de leitura\" \/>\n\t<meta name=\"twitter:data1\" content=\"2 minutos\" \/>\n<script type=\"application\/ld+json\" class=\"yoast-schema-graph\">{\"@context\":\"https:\/\/schema.org\",\"@graph\":[{\"@type\":\"WebPage\",\"@id\":\"https:\/\/www.blogsoestado.com\/danielmatos\/lula-defende-sarney-e-diz-que-denuncias-nao-tem-fim\/\",\"url\":\"https:\/\/www.blogsoestado.com\/danielmatos\/lula-defende-sarney-e-diz-que-denuncias-nao-tem-fim\/\",\"name\":\"Lula defende Sarney e diz que den\u00fancias n\u00e3o t\u00eam fim - Daniel Matos\",\"isPartOf\":{\"@id\":\"https:\/\/www.blogsoestado.com\/danielmatos\/#website\"},\"primaryImageOfPage\":{\"@id\":\"https:\/\/www.blogsoestado.com\/danielmatos\/lula-defende-sarney-e-diz-que-denuncias-nao-tem-fim\/#primaryimage\"},\"image\":{\"@id\":\"https:\/\/www.blogsoestado.com\/danielmatos\/lula-defende-sarney-e-diz-que-denuncias-nao-tem-fim\/#primaryimage\"},\"thumbnailUrl\":\"https:\/\/www.blogsoestado.com\/danielmatos\/files\/2009\/06\/sarney2.jpg\",\"datePublished\":\"2009-06-17T14:28:25+00:00\",\"author\":{\"@id\":\"\"},\"breadcrumb\":{\"@id\":\"https:\/\/www.blogsoestado.com\/danielmatos\/lula-defende-sarney-e-diz-que-denuncias-nao-tem-fim\/#breadcrumb\"},\"inLanguage\":\"pt-BR\",\"potentialAction\":[{\"@type\":\"ReadAction\",\"target\":[\"https:\/\/www.blogsoestado.com\/danielmatos\/lula-defende-sarney-e-diz-que-denuncias-nao-tem-fim\/\"]}]},{\"@type\":\"ImageObject\",\"inLanguage\":\"pt-BR\",\"@id\":\"https:\/\/www.blogsoestado.com\/danielmatos\/lula-defende-sarney-e-diz-que-denuncias-nao-tem-fim\/#primaryimage\",\"url\":\"https:\/\/www.blogsoestado.com\/danielmatos\/files\/2009\/06\/sarney2.jpg\",\"contentUrl\":\"https:\/\/www.blogsoestado.com\/danielmatos\/files\/2009\/06\/sarney2.jpg\"},{\"@type\":\"BreadcrumbList\",\"@id\":\"https:\/\/www.blogsoestado.com\/danielmatos\/lula-defende-sarney-e-diz-que-denuncias-nao-tem-fim\/#breadcrumb\",\"itemListElement\":[{\"@type\":\"ListItem\",\"position\":1,\"name\":\"In\u00edcio\",\"item\":\"https:\/\/www.blogsoestado.com\/danielmatos\/\"},{\"@type\":\"ListItem\",\"position\":2,\"name\":\"Lula defende Sarney e diz que den\u00fancias n\u00e3o t\u00eam fim\"}]},{\"@type\":\"WebSite\",\"@id\":\"https:\/\/www.blogsoestado.com\/danielmatos\/#website\",\"url\":\"https:\/\/www.blogsoestado.com\/danielmatos\/\",\"name\":\"Daniel Matos\",\"description\":\"\",\"potentialAction\":[{\"@type\":\"SearchAction\",\"target\":{\"@type\":\"EntryPoint\",\"urlTemplate\":\"https:\/\/www.blogsoestado.com\/danielmatos\/?s={search_term_string}\"},\"query-input\":{\"@type\":\"PropertyValueSpecification\",\"valueRequired\":true,\"valueName\":\"search_term_string\"}}],\"inLanguage\":\"pt-BR\"}]}<\/script>\n<!-- \/ Yoast SEO plugin. -->","yoast_head_json":{"title":"Lula defende Sarney e diz que den\u00fancias n\u00e3o t\u00eam fim - Daniel Matos","robots":{"index":"index","follow":"follow","max-snippet":"max-snippet:-1","max-image-preview":"max-image-preview:large","max-video-preview":"max-video-preview:-1"},"canonical":"https:\/\/www.blogsoestado.com\/danielmatos\/lula-defende-sarney-e-diz-que-denuncias-nao-tem-fim\/","og_locale":"pt_BR","og_type":"article","og_title":"Lula defende Sarney e diz que den\u00fancias n\u00e3o t\u00eam fim - Daniel Matos","og_description":"O presidente Luiz In\u00e1cio Lula da Silva criticou nesta quarta-feira (17) a sequ\u00eancia de den\u00fancias no Senado e saiu em [&hellip;]","og_url":"https:\/\/www.blogsoestado.com\/danielmatos\/lula-defende-sarney-e-diz-que-denuncias-nao-tem-fim\/","og_site_name":"Daniel Matos","article_published_time":"2009-06-17T14:28:25+00:00","og_image":[{"url":"https:\/\/www.blogsoestado.com\/danielmatos\/files\/2009\/06\/sarney2.jpg","type":"","width":"","height":""}],"twitter_card":"summary_large_image","twitter_misc":{"Est. tempo de leitura":"2 minutos"},"schema":{"@context":"https:\/\/schema.org","@graph":[{"@type":"WebPage","@id":"https:\/\/www.blogsoestado.com\/danielmatos\/lula-defende-sarney-e-diz-que-denuncias-nao-tem-fim\/","url":"https:\/\/www.blogsoestado.com\/danielmatos\/lula-defende-sarney-e-diz-que-denuncias-nao-tem-fim\/","name":"Lula defende Sarney e diz que den\u00fancias n\u00e3o t\u00eam fim - Daniel Matos","isPartOf":{"@id":"https:\/\/www.blogsoestado.com\/danielmatos\/#website"},"primaryImageOfPage":{"@id":"https:\/\/www.blogsoestado.com\/danielmatos\/lula-defende-sarney-e-diz-que-denuncias-nao-tem-fim\/#primaryimage"},"image":{"@id":"https:\/\/www.blogsoestado.com\/danielmatos\/lula-defende-sarney-e-diz-que-denuncias-nao-tem-fim\/#primaryimage"},"thumbnailUrl":"https:\/\/www.blogsoestado.com\/danielmatos\/files\/2009\/06\/sarney2.jpg","datePublished":"2009-06-17T14:28:25+00:00","author":{"@id":""},"breadcrumb":{"@id":"https:\/\/www.blogsoestado.com\/danielmatos\/lula-defende-sarney-e-diz-que-denuncias-nao-tem-fim\/#breadcrumb"},"inLanguage":"pt-BR","potentialAction":[{"@type":"ReadAction","target":["https:\/\/www.blogsoestado.com\/danielmatos\/lula-defende-sarney-e-diz-que-denuncias-nao-tem-fim\/"]}]},{"@type":"ImageObject","inLanguage":"pt-BR","@id":"https:\/\/www.blogsoestado.com\/danielmatos\/lula-defende-sarney-e-diz-que-denuncias-nao-tem-fim\/#primaryimage","url":"https:\/\/www.blogsoestado.com\/danielmatos\/files\/2009\/06\/sarney2.jpg","contentUrl":"https:\/\/www.blogsoestado.com\/danielmatos\/files\/2009\/06\/sarney2.jpg"},{"@type":"BreadcrumbList","@id":"https:\/\/www.blogsoestado.com\/danielmatos\/lula-defende-sarney-e-diz-que-denuncias-nao-tem-fim\/#breadcrumb","itemListElement":[{"@type":"ListItem","position":1,"name":"In\u00edcio","item":"https:\/\/www.blogsoestado.com\/danielmatos\/"},{"@type":"ListItem","position":2,"name":"Lula defende Sarney e diz que den\u00fancias n\u00e3o t\u00eam fim"}]},{"@type":"WebSite","@id":"https:\/\/www.blogsoestado.com\/danielmatos\/#website","url":"https:\/\/www.blogsoestado.com\/danielmatos\/","name":"Daniel Matos","description":"","potentialAction":[{"@type":"SearchAction","target":{"@type":"EntryPoint","urlTemplate":"https:\/\/www.blogsoestado.com\/danielmatos\/?s={search_term_string}"},"query-input":{"@type":"PropertyValueSpecification","valueRequired":true,"valueName":"search_term_string"}}],"inLanguage":"pt-BR"}]}},"jetpack_featured_media_url":"","_links":{"self":[{"href":"https:\/\/www.blogsoestado.com\/danielmatos\/wp-json\/wp\/v2\/posts\/1131","targetHints":{"allow":["GET"]}}],"collection":[{"href":"https:\/\/www.blogsoestado.com\/danielmatos\/wp-json\/wp\/v2\/posts"}],"about":[{"href":"https:\/\/www.blogsoestado.com\/danielmatos\/wp-json\/wp\/v2\/types\/post"}],"replies":[{"embeddable":true,"href":"https:\/\/www.blogsoestado.com\/danielmatos\/wp-json\/wp\/v2\/comments?post=1131"}],"version-history":[{"count":0,"href":"https:\/\/www.blogsoestado.com\/danielmatos\/wp-json\/wp\/v2\/posts\/1131\/revisions"}],"wp:attachment":[{"href":"https:\/\/www.blogsoestado.com\/danielmatos\/wp-json\/wp\/v2\/media?parent=1131"}],"wp:term":[{"taxonomy":"category","embeddable":true,"href":"https:\/\/www.blogsoestado.com\/danielmatos\/wp-json\/wp\/v2\/categories?post=1131"},{"taxonomy":"post_tag","embeddable":true,"href":"https:\/\/www.blogsoestado.com\/danielmatos\/wp-json\/wp\/v2\/tags?post=1131"}],"curies":[{"name":"wp","href":"https:\/\/api.w.org\/{rel}","templated":true}]}}