{"id":1145,"date":"2009-06-23T15:18:13","date_gmt":"2009-06-23T18:18:13","guid":{"rendered":"https:\/\/www.blogsoestado.com\/danielmatos\/2009\/06\/23\/carro-de-sargento-e-incendiado-em-esperantinopolis\/"},"modified":"2009-06-23T15:18:13","modified_gmt":"2009-06-23T18:18:13","slug":"carro-de-sargento-e-incendiado-em-esperantinopolis","status":"publish","type":"post","link":"https:\/\/www.blogsoestado.com\/danielmatos\/carro-de-sargento-e-incendiado-em-esperantinopolis\/","title":{"rendered":"Carro de sargento \u00e9 incendiado em Esperantin\u00f3polis"},"content":{"rendered":"<p><a href=\"https:\/\/www.blogsoestado.com\/danielmatos\/files\/2009\/06\/carro-incendiado2.jpg\" title=\"carro-incendiado2.jpg\"><img decoding=\"async\" align=\"right\" src=\"https:\/\/www.blogsoestado.com\/danielmatos\/files\/2009\/06\/carro-incendiado2.jpg\" alt=\"carro-incendiado2.jpg\" \/><\/a>Um ve\u00edculo pertencente ao sargento da Pol\u00edcia Militar Jos\u00e9 Ant\u00f4nio Rodrigues Barnab\u00e9 foi incendiado em frente a uma pousada,\u00a0em Esperantin\u00f3polis, na regi\u00e3o do M\u00e9dio Mearim. O militar est\u00e1 h\u00e1 menos de um m\u00eas\u00a0no munic\u00edpio, onde\u00a0desenvolve um forte trabalho de repress\u00e3o ao crime.<\/p>\n<p>O inc\u00eandio aconteceu na madrugada de ontem, em frente \u00e0 Pousada J\u00fanior, em pleno Centro da cidade.\u00a0 O\u00a0sargento est\u00e1 hospedado no local desde que foi\u00a0designado para chefiar o destacamento da PM no munic\u00edpio. O carro, um Fiat Strada, de placa HCL-9040, cor prata, ficou totalmente destru\u00eddo.<\/p>\n<p><a href=\"https:\/\/www.blogsoestado.com\/danielmatos\/files\/2009\/06\/carro-incendiado.jpg\" title=\"carro-incendiado.jpg\"><img decoding=\"async\" align=\"left\" src=\"https:\/\/www.blogsoestado.com\/danielmatos\/files\/2009\/06\/carro-incendiado.jpg\" alt=\"carro-incendiado.jpg\" \/><\/a>Com\u00a0uma popula\u00e7\u00e3o de 18.569 habitantes, Esperantin\u00f3polis sofre com uma onda de\u00a0viol\u00eancia assustadora. Assaltos praticados por motociclistas e porte ilegal de armas\u00a0v\u00eam sendo registrados com elevada frequ\u00eancia na cidade.\u00a0Nas \u00faltimas semanas, o militar vinha atuando de forma determinada e cont\u00ednua no combate a esses crimes.\u00a0<\/p>\n<p>O inc\u00eandio do ve\u00edculo pode ter sido uma\u00a0tentativa da bandidagem\u00a0de intimidar o sargento. O militar garantiu, entretanto, que continuar\u00e1 empenhado em p\u00f4r fim ao clima de inseguran\u00e7a que se instalou no munic\u00edpio.<\/p>\n<p><strong>Fotos:<\/strong> divulga\u00e7\u00e3o\/Pol\u00edcia Civil\u00a0\u00a0\u00a0\u00a0\u00a0\u00a0<\/p>\n<p>\u00a0\u00a0\u00a0\u00a0<\/p>\n","protected":false},"excerpt":{"rendered":"<p>Um ve\u00edculo pertencente ao sargento da Pol\u00edcia Militar Jos\u00e9 Ant\u00f4nio Rodrigues Barnab\u00e9 foi incendiado em frente a uma pousada,\u00a0em Esperantin\u00f3polis, [&hellip;]<\/p>\n","protected":false},"author":0,"featured_media":0,"comment_status":"open","ping_status":"open","sticky":false,"template":"","format":"standard","meta":{"site-sidebar-layout":"default","site-content-layout":"","ast-site-content-layout":"default","site-content-style":"default","site-sidebar-style":"default","ast-global-header-display":"","ast-banner-title-visibility":"","ast-main-header-display":"","ast-hfb-above-header-display":"","ast-hfb-below-header-display":"","ast-hfb-mobile-header-display":"","site-post-title":"","ast-breadcrumbs-content":"","ast-featured-img":"","footer-sml-layout":"","ast-disable-related-posts":"","theme-transparent-header-meta":"","adv-header-id-meta":"","stick-header-meta":"","header-above-stick-meta":"","header-main-stick-meta":"","header-below-stick-meta":"","astra-migrate-meta-layouts":"default","ast-page-background-enabled":"default","ast-page-background-meta":{"desktop":{"background-color":"var(--ast-global-color-5)","background-image":"","background-repeat":"repeat","background-position":"center center","background-size":"auto","background-attachment":"scroll","background-type":"","background-media":"","overlay-type":"","overlay-color":"","overlay-opacity":"","overlay-gradient":""},"tablet":{"background-color":"","background-image":"","background-repeat":"repeat","background-position":"center center","background-size":"auto","background-attachment":"scroll","background-type":"","background-media":"","overlay-type":"","overlay-color":"","overlay-opacity":"","overlay-gradient":""},"mobile":{"background-color":"","background-image":"","background-repeat":"repeat","background-position":"center center","background-size":"auto","background-attachment":"scroll","background-type":"","background-media":"","overlay-type":"","overlay-color":"","overlay-opacity":"","overlay-gradient":""}},"ast-content-background-meta":{"desktop":{"background-color":"var(--ast-global-color-4)","background-image":"","background-repeat":"repeat","background-position":"center center","background-size":"auto","background-attachment":"scroll","background-type":"","background-media":"","overlay-type":"","overlay-color":"","overlay-opacity":"","overlay-gradient":""},"tablet":{"background-color":"var(--ast-global-color-4)","background-image":"","background-repeat":"repeat","background-position":"center center","background-size":"auto","background-attachment":"scroll","background-type":"","background-media":"","overlay-type":"","overlay-color":"","overlay-opacity":"","overlay-gradient":""},"mobile":{"background-color":"var(--ast-global-color-4)","background-image":"","background-repeat":"repeat","background-position":"center center","background-size":"auto","background-attachment":"scroll","background-type":"","background-media":"","overlay-type":"","overlay-color":"","overlay-opacity":"","overlay-gradient":""}},"footnotes":""},"categories":[1],"tags":[],"class_list":["post-1145","post","type-post","status-publish","format-standard","hentry","category-sem-categoria"],"yoast_head":"<!-- This site is optimized with the Yoast SEO plugin v26.6 - https:\/\/yoast.com\/wordpress\/plugins\/seo\/ -->\n<title>Carro de sargento \u00e9 incendiado em Esperantin\u00f3polis - Daniel Matos<\/title>\n<meta name=\"robots\" content=\"index, follow, max-snippet:-1, max-image-preview:large, max-video-preview:-1\" \/>\n<link rel=\"canonical\" href=\"https:\/\/www.blogsoestado.com\/danielmatos\/carro-de-sargento-e-incendiado-em-esperantinopolis\/\" \/>\n<meta property=\"og:locale\" content=\"pt_BR\" \/>\n<meta property=\"og:type\" content=\"article\" \/>\n<meta property=\"og:title\" content=\"Carro de sargento \u00e9 incendiado em Esperantin\u00f3polis - Daniel Matos\" \/>\n<meta property=\"og:description\" content=\"Um ve\u00edculo pertencente ao sargento da Pol\u00edcia Militar Jos\u00e9 Ant\u00f4nio Rodrigues Barnab\u00e9 foi incendiado em frente a uma pousada,\u00a0em Esperantin\u00f3polis, [&hellip;]\" \/>\n<meta property=\"og:url\" content=\"https:\/\/www.blogsoestado.com\/danielmatos\/carro-de-sargento-e-incendiado-em-esperantinopolis\/\" \/>\n<meta property=\"og:site_name\" content=\"Daniel Matos\" \/>\n<meta property=\"article:published_time\" content=\"2009-06-23T18:18:13+00:00\" \/>\n<meta property=\"og:image\" content=\"https:\/\/www.blogsoestado.com\/danielmatos\/files\/2009\/06\/carro-incendiado2.jpg\" \/>\n<meta name=\"twitter:card\" content=\"summary_large_image\" \/>\n<meta name=\"twitter:label1\" content=\"Est. tempo de leitura\" \/>\n\t<meta name=\"twitter:data1\" content=\"1 minuto\" \/>\n<script type=\"application\/ld+json\" class=\"yoast-schema-graph\">{\"@context\":\"https:\/\/schema.org\",\"@graph\":[{\"@type\":\"WebPage\",\"@id\":\"https:\/\/www.blogsoestado.com\/danielmatos\/carro-de-sargento-e-incendiado-em-esperantinopolis\/\",\"url\":\"https:\/\/www.blogsoestado.com\/danielmatos\/carro-de-sargento-e-incendiado-em-esperantinopolis\/\",\"name\":\"Carro de sargento \u00e9 incendiado em Esperantin\u00f3polis - Daniel Matos\",\"isPartOf\":{\"@id\":\"https:\/\/www.blogsoestado.com\/danielmatos\/#website\"},\"primaryImageOfPage\":{\"@id\":\"https:\/\/www.blogsoestado.com\/danielmatos\/carro-de-sargento-e-incendiado-em-esperantinopolis\/#primaryimage\"},\"image\":{\"@id\":\"https:\/\/www.blogsoestado.com\/danielmatos\/carro-de-sargento-e-incendiado-em-esperantinopolis\/#primaryimage\"},\"thumbnailUrl\":\"https:\/\/www.blogsoestado.com\/danielmatos\/files\/2009\/06\/carro-incendiado2.jpg\",\"datePublished\":\"2009-06-23T18:18:13+00:00\",\"author\":{\"@id\":\"\"},\"breadcrumb\":{\"@id\":\"https:\/\/www.blogsoestado.com\/danielmatos\/carro-de-sargento-e-incendiado-em-esperantinopolis\/#breadcrumb\"},\"inLanguage\":\"pt-BR\",\"potentialAction\":[{\"@type\":\"ReadAction\",\"target\":[\"https:\/\/www.blogsoestado.com\/danielmatos\/carro-de-sargento-e-incendiado-em-esperantinopolis\/\"]}]},{\"@type\":\"ImageObject\",\"inLanguage\":\"pt-BR\",\"@id\":\"https:\/\/www.blogsoestado.com\/danielmatos\/carro-de-sargento-e-incendiado-em-esperantinopolis\/#primaryimage\",\"url\":\"https:\/\/www.blogsoestado.com\/danielmatos\/files\/2009\/06\/carro-incendiado2.jpg\",\"contentUrl\":\"https:\/\/www.blogsoestado.com\/danielmatos\/files\/2009\/06\/carro-incendiado2.jpg\"},{\"@type\":\"BreadcrumbList\",\"@id\":\"https:\/\/www.blogsoestado.com\/danielmatos\/carro-de-sargento-e-incendiado-em-esperantinopolis\/#breadcrumb\",\"itemListElement\":[{\"@type\":\"ListItem\",\"position\":1,\"name\":\"In\u00edcio\",\"item\":\"https:\/\/www.blogsoestado.com\/danielmatos\/\"},{\"@type\":\"ListItem\",\"position\":2,\"name\":\"Carro de sargento \u00e9 incendiado em Esperantin\u00f3polis\"}]},{\"@type\":\"WebSite\",\"@id\":\"https:\/\/www.blogsoestado.com\/danielmatos\/#website\",\"url\":\"https:\/\/www.blogsoestado.com\/danielmatos\/\",\"name\":\"Daniel Matos\",\"description\":\"\",\"potentialAction\":[{\"@type\":\"SearchAction\",\"target\":{\"@type\":\"EntryPoint\",\"urlTemplate\":\"https:\/\/www.blogsoestado.com\/danielmatos\/?s={search_term_string}\"},\"query-input\":{\"@type\":\"PropertyValueSpecification\",\"valueRequired\":true,\"valueName\":\"search_term_string\"}}],\"inLanguage\":\"pt-BR\"}]}<\/script>\n<!-- \/ Yoast SEO plugin. -->","yoast_head_json":{"title":"Carro de sargento \u00e9 incendiado em Esperantin\u00f3polis - Daniel Matos","robots":{"index":"index","follow":"follow","max-snippet":"max-snippet:-1","max-image-preview":"max-image-preview:large","max-video-preview":"max-video-preview:-1"},"canonical":"https:\/\/www.blogsoestado.com\/danielmatos\/carro-de-sargento-e-incendiado-em-esperantinopolis\/","og_locale":"pt_BR","og_type":"article","og_title":"Carro de sargento \u00e9 incendiado em Esperantin\u00f3polis - Daniel Matos","og_description":"Um ve\u00edculo pertencente ao sargento da Pol\u00edcia Militar Jos\u00e9 Ant\u00f4nio Rodrigues Barnab\u00e9 foi incendiado em frente a uma pousada,\u00a0em Esperantin\u00f3polis, [&hellip;]","og_url":"https:\/\/www.blogsoestado.com\/danielmatos\/carro-de-sargento-e-incendiado-em-esperantinopolis\/","og_site_name":"Daniel Matos","article_published_time":"2009-06-23T18:18:13+00:00","og_image":[{"url":"https:\/\/www.blogsoestado.com\/danielmatos\/files\/2009\/06\/carro-incendiado2.jpg","type":"","width":"","height":""}],"twitter_card":"summary_large_image","twitter_misc":{"Est. tempo de leitura":"1 minuto"},"schema":{"@context":"https:\/\/schema.org","@graph":[{"@type":"WebPage","@id":"https:\/\/www.blogsoestado.com\/danielmatos\/carro-de-sargento-e-incendiado-em-esperantinopolis\/","url":"https:\/\/www.blogsoestado.com\/danielmatos\/carro-de-sargento-e-incendiado-em-esperantinopolis\/","name":"Carro de sargento \u00e9 incendiado em Esperantin\u00f3polis - Daniel Matos","isPartOf":{"@id":"https:\/\/www.blogsoestado.com\/danielmatos\/#website"},"primaryImageOfPage":{"@id":"https:\/\/www.blogsoestado.com\/danielmatos\/carro-de-sargento-e-incendiado-em-esperantinopolis\/#primaryimage"},"image":{"@id":"https:\/\/www.blogsoestado.com\/danielmatos\/carro-de-sargento-e-incendiado-em-esperantinopolis\/#primaryimage"},"thumbnailUrl":"https:\/\/www.blogsoestado.com\/danielmatos\/files\/2009\/06\/carro-incendiado2.jpg","datePublished":"2009-06-23T18:18:13+00:00","author":{"@id":""},"breadcrumb":{"@id":"https:\/\/www.blogsoestado.com\/danielmatos\/carro-de-sargento-e-incendiado-em-esperantinopolis\/#breadcrumb"},"inLanguage":"pt-BR","potentialAction":[{"@type":"ReadAction","target":["https:\/\/www.blogsoestado.com\/danielmatos\/carro-de-sargento-e-incendiado-em-esperantinopolis\/"]}]},{"@type":"ImageObject","inLanguage":"pt-BR","@id":"https:\/\/www.blogsoestado.com\/danielmatos\/carro-de-sargento-e-incendiado-em-esperantinopolis\/#primaryimage","url":"https:\/\/www.blogsoestado.com\/danielmatos\/files\/2009\/06\/carro-incendiado2.jpg","contentUrl":"https:\/\/www.blogsoestado.com\/danielmatos\/files\/2009\/06\/carro-incendiado2.jpg"},{"@type":"BreadcrumbList","@id":"https:\/\/www.blogsoestado.com\/danielmatos\/carro-de-sargento-e-incendiado-em-esperantinopolis\/#breadcrumb","itemListElement":[{"@type":"ListItem","position":1,"name":"In\u00edcio","item":"https:\/\/www.blogsoestado.com\/danielmatos\/"},{"@type":"ListItem","position":2,"name":"Carro de sargento \u00e9 incendiado em Esperantin\u00f3polis"}]},{"@type":"WebSite","@id":"https:\/\/www.blogsoestado.com\/danielmatos\/#website","url":"https:\/\/www.blogsoestado.com\/danielmatos\/","name":"Daniel Matos","description":"","potentialAction":[{"@type":"SearchAction","target":{"@type":"EntryPoint","urlTemplate":"https:\/\/www.blogsoestado.com\/danielmatos\/?s={search_term_string}"},"query-input":{"@type":"PropertyValueSpecification","valueRequired":true,"valueName":"search_term_string"}}],"inLanguage":"pt-BR"}]}},"jetpack_featured_media_url":"","_links":{"self":[{"href":"https:\/\/www.blogsoestado.com\/danielmatos\/wp-json\/wp\/v2\/posts\/1145","targetHints":{"allow":["GET"]}}],"collection":[{"href":"https:\/\/www.blogsoestado.com\/danielmatos\/wp-json\/wp\/v2\/posts"}],"about":[{"href":"https:\/\/www.blogsoestado.com\/danielmatos\/wp-json\/wp\/v2\/types\/post"}],"replies":[{"embeddable":true,"href":"https:\/\/www.blogsoestado.com\/danielmatos\/wp-json\/wp\/v2\/comments?post=1145"}],"version-history":[{"count":0,"href":"https:\/\/www.blogsoestado.com\/danielmatos\/wp-json\/wp\/v2\/posts\/1145\/revisions"}],"wp:attachment":[{"href":"https:\/\/www.blogsoestado.com\/danielmatos\/wp-json\/wp\/v2\/media?parent=1145"}],"wp:term":[{"taxonomy":"category","embeddable":true,"href":"https:\/\/www.blogsoestado.com\/danielmatos\/wp-json\/wp\/v2\/categories?post=1145"},{"taxonomy":"post_tag","embeddable":true,"href":"https:\/\/www.blogsoestado.com\/danielmatos\/wp-json\/wp\/v2\/tags?post=1145"}],"curies":[{"name":"wp","href":"https:\/\/api.w.org\/{rel}","templated":true}]}}