{"id":1189,"date":"2009-06-30T14:42:10","date_gmt":"2009-06-30T17:42:10","guid":{"rendered":"https:\/\/www.blogsoestado.com\/danielmatos\/2009\/06\/30\/enfim-um-sao-joao-de-verdade\/"},"modified":"2009-06-30T14:42:10","modified_gmt":"2009-06-30T17:42:10","slug":"enfim-um-sao-joao-de-verdade","status":"publish","type":"post","link":"https:\/\/www.blogsoestado.com\/danielmatos\/enfim-um-sao-joao-de-verdade\/","title":{"rendered":"Enfim, um S\u00e3o Jo\u00e3o de verdade"},"content":{"rendered":"<p><a href=\"https:\/\/www.blogsoestado.com\/danielmatos\/files\/2009\/06\/sao-joao.jpg\" title=\"sao-joao.jpg\"><img decoding=\"async\" align=\"left\" src=\"https:\/\/www.blogsoestado.com\/danielmatos\/files\/2009\/06\/sao-joao.jpg\" alt=\"sao-joao.jpg\" \/><\/a>Depois de alguns anos de profunda apatia e desordem, o per\u00edodo junino\u00a0termina hoje\u00a0em S\u00e3o Lu\u00eds com um balan\u00e7o altamente positivo.\u00a0Em pouco mais de dois meses,\u00a0a festa mais importante da cultura popular\u00a0do Maranh\u00e3o foi preparada de forma criteriosa e competente\u00a0por uma equipe que realmente entende do assunto.\u00a0O resultado n\u00e3o poderia ser\u00a0outro: a consagra\u00e7\u00e3o por parte do p\u00fablico, que se encantou e agora\u00a0d\u00e1 adeus\u00a0\u00e0 temporada com um misto de satisfa\u00e7\u00e3o e saudade.<\/p>\n<p><a href=\"https:\/\/www.blogsoestado.com\/danielmatos\/files\/2009\/06\/sao-joao2.jpg\" title=\"sao-joao2.jpg\"><img decoding=\"async\" align=\"right\" src=\"https:\/\/www.blogsoestado.com\/danielmatos\/files\/2009\/06\/sao-joao2.jpg\" alt=\"sao-joao2.jpg\" \/><\/a>Uma multid\u00e3o invadiu os arraiais a cada noite.\u00a0Tanto os terreiros montados pelo poder p\u00fablico como aqueles organizados\u00a0por empresas privadas tiveram freq\u00fc\u00eancia elevada. Exemplos n\u00e3o faltaram, como o Arraial\u00a0da Lagoa, patrocinado pelo Governo do Estado e organizado pela Liga de Grupos de Bumba-Meu-Boi de S\u00e3o Lu\u00eds. O espa\u00e7o\u00a0registrou intensa movimenta\u00e7\u00e3o do primeiro ao \u00faltimo dia.\u00a0No palco,\u00a0apresentaram-se bumba-bois, quadrilhas, cacuri\u00e1s, entre outras brincadeiras, em um verdadeiro festival de beleza e diversidade.<\/p>\n<p>Entre os privados, o maior destaque, sem d\u00favida, foi o Arraial do Maranh\u00e3o,\u00a0promovido pelo Sistema Mirante, com apoio de\u00a0v\u00e1rios parceiros.\u00a0Este ano, o\u00a0terreiro\u00a0foi montado na\u00a0\u00e1rea externa do Armaz\u00e9m Para\u00edba, no Renascen\u00e7a, com grande sucesso. A cada dia,\u00a0milhares de pessoas prestigiavam o terreiro, atra\u00eddas por uma combina\u00e7\u00e3o\u00a0de conforto, seguran\u00e7a e qualidade das\u00a0brincadeiras inclu\u00eddas na programa\u00e7\u00e3o.\u00a0O Arraial do Maranh\u00e3o foi o preferido das fam\u00edlias, que levavam seus filhos com a certeza de que se divertiriam com tranq\u00fcilidade. No encerramento, segunda-feira, o\u00a0terreiro\u00a0registrou lota\u00e7\u00e3o m\u00e1xima, coroando de \u00eaxito\u00a0a festa.<\/p>\n<p><a href=\"https:\/\/www.blogsoestado.com\/danielmatos\/files\/2009\/06\/sao-joao3.jpg\" title=\"sao-joao3.jpg\"><img decoding=\"async\" align=\"left\" src=\"https:\/\/www.blogsoestado.com\/danielmatos\/files\/2009\/06\/sao-joao3.jpg\" alt=\"sao-joao3.jpg\" \/><\/a>Tanto o p\u00fablico local quanto os milhares de turistas que aportaram na Ilha para curtir o per\u00edodo junino ficaram maravilhados com o espet\u00e1culo de criatividade e beleza que presenciaram. N\u00e3o \u00e9 exagero\u00a0afirmar que o S\u00e3o\u00a0Jo\u00e3o deste ano\u00a0contagiou at\u00e9 o mais comedido dos brincantes. Em cada ponto da cidade via-se um colorido e um clima de anima\u00e7\u00e3o que h\u00e1\u00a0algum tempo permaneciam apenas na lembran\u00e7a.\u00a0\u00a0<\/p>\n<p>Foram\u00a0tra\u00e7os inequ\u00edvocos\u00a0da festa a organiza\u00e7\u00e3o, a seguran\u00e7a e\u00a0principalmente a beleza das brincaderias que se apresentaram ao longo da temporada.\u00a0O sucesso foi tamanho que \u00e9\u00a0mais do que justo\u00a0dizer que agora\u00a0o Maranh\u00e3o voltou a ter um S\u00e3o Jo\u00e3o de verdade.<\/p>\n<p><strong><em>Fotos <\/em><\/strong><\/p>\n<p><em><strong>1 &#8211;<\/strong>\u00a0\u00edndia do Boi Mocidade de Ros\u00e1rio se apresenta para numerosa plat\u00e9ia no Arraial do Maranh\u00e3o <strong>(<\/strong>Bin\u00e9 Morais\/<strong>O Estado do Maranh\u00e3o)<\/strong><\/em><\/p>\n<p><em><strong>2 &#8211;<\/strong> vista panor\u00e2mica da Capela de S\u00e3o Pedro\u00a0durante o encontro de bumba-meu-boi\u00a0em homenagem ao santo <strong>(<\/strong>De Jesus\/<strong>O Estado do Maranh\u00e3o)<\/strong><\/em><\/p>\n<p><em><strong>3 <\/strong>&#8211; grupo de \u00edndias durante cortejo de brincadiras juninas na Rua Grande <strong>(<\/strong>De Jesus\/<strong>O Estado do Maranh\u00e3o)<\/strong><\/em>\u00a0\u00a0\u00a0\u00a0\u00a0\u00a0\u00a0\u00a0\u00a0\u00a0<\/p>\n","protected":false},"excerpt":{"rendered":"<p>Depois de alguns anos de profunda apatia e desordem, o per\u00edodo junino\u00a0termina hoje\u00a0em S\u00e3o Lu\u00eds com um balan\u00e7o altamente positivo.\u00a0Em [&hellip;]<\/p>\n","protected":false},"author":0,"featured_media":0,"comment_status":"open","ping_status":"open","sticky":false,"template":"","format":"standard","meta":{"site-sidebar-layout":"default","site-content-layout":"","ast-site-content-layout":"default","site-content-style":"default","site-sidebar-style":"default","ast-global-header-display":"","ast-banner-title-visibility":"","ast-main-header-display":"","ast-hfb-above-header-display":"","ast-hfb-below-header-display":"","ast-hfb-mobile-header-display":"","site-post-title":"","ast-breadcrumbs-content":"","ast-featured-img":"","footer-sml-layout":"","ast-disable-related-posts":"","theme-transparent-header-meta":"","adv-header-id-meta":"","stick-header-meta":"","header-above-stick-meta":"","header-main-stick-meta":"","header-below-stick-meta":"","astra-migrate-meta-layouts":"default","ast-page-background-enabled":"default","ast-page-background-meta":{"desktop":{"background-color":"var(--ast-global-color-5)","background-image":"","background-repeat":"repeat","background-position":"center center","background-size":"auto","background-attachment":"scroll","background-type":"","background-media":"","overlay-type":"","overlay-color":"","overlay-opacity":"","overlay-gradient":""},"tablet":{"background-color":"","background-image":"","background-repeat":"repeat","background-position":"center center","background-size":"auto","background-attachment":"scroll","background-type":"","background-media":"","overlay-type":"","overlay-color":"","overlay-opacity":"","overlay-gradient":""},"mobile":{"background-color":"","background-image":"","background-repeat":"repeat","background-position":"center center","background-size":"auto","background-attachment":"scroll","background-type":"","background-media":"","overlay-type":"","overlay-color":"","overlay-opacity":"","overlay-gradient":""}},"ast-content-background-meta":{"desktop":{"background-color":"var(--ast-global-color-4)","background-image":"","background-repeat":"repeat","background-position":"center center","background-size":"auto","background-attachment":"scroll","background-type":"","background-media":"","overlay-type":"","overlay-color":"","overlay-opacity":"","overlay-gradient":""},"tablet":{"background-color":"var(--ast-global-color-4)","background-image":"","background-repeat":"repeat","background-position":"center center","background-size":"auto","background-attachment":"scroll","background-type":"","background-media":"","overlay-type":"","overlay-color":"","overlay-opacity":"","overlay-gradient":""},"mobile":{"background-color":"var(--ast-global-color-4)","background-image":"","background-repeat":"repeat","background-position":"center center","background-size":"auto","background-attachment":"scroll","background-type":"","background-media":"","overlay-type":"","overlay-color":"","overlay-opacity":"","overlay-gradient":""}},"footnotes":""},"categories":[1],"tags":[],"class_list":["post-1189","post","type-post","status-publish","format-standard","hentry","category-sem-categoria"],"yoast_head":"<!-- This site is optimized with the Yoast SEO plugin v26.6 - https:\/\/yoast.com\/wordpress\/plugins\/seo\/ -->\n<title>Enfim, um S\u00e3o Jo\u00e3o de verdade - Daniel Matos<\/title>\n<meta name=\"robots\" content=\"index, follow, max-snippet:-1, max-image-preview:large, max-video-preview:-1\" \/>\n<link rel=\"canonical\" href=\"https:\/\/www.blogsoestado.com\/danielmatos\/enfim-um-sao-joao-de-verdade\/\" \/>\n<meta property=\"og:locale\" content=\"pt_BR\" \/>\n<meta property=\"og:type\" content=\"article\" \/>\n<meta property=\"og:title\" content=\"Enfim, um S\u00e3o Jo\u00e3o de verdade - Daniel Matos\" \/>\n<meta property=\"og:description\" content=\"Depois de alguns anos de profunda apatia e desordem, o per\u00edodo junino\u00a0termina hoje\u00a0em S\u00e3o Lu\u00eds com um balan\u00e7o altamente positivo.\u00a0Em [&hellip;]\" \/>\n<meta property=\"og:url\" content=\"https:\/\/www.blogsoestado.com\/danielmatos\/enfim-um-sao-joao-de-verdade\/\" \/>\n<meta property=\"og:site_name\" content=\"Daniel Matos\" \/>\n<meta property=\"article:published_time\" content=\"2009-06-30T17:42:10+00:00\" \/>\n<meta property=\"og:image\" content=\"https:\/\/www.blogsoestado.com\/danielmatos\/files\/2009\/06\/sao-joao.jpg\" \/>\n<meta name=\"twitter:card\" content=\"summary_large_image\" \/>\n<meta name=\"twitter:label1\" content=\"Est. tempo de leitura\" \/>\n\t<meta name=\"twitter:data1\" content=\"2 minutos\" \/>\n<script type=\"application\/ld+json\" class=\"yoast-schema-graph\">{\"@context\":\"https:\/\/schema.org\",\"@graph\":[{\"@type\":\"WebPage\",\"@id\":\"https:\/\/www.blogsoestado.com\/danielmatos\/enfim-um-sao-joao-de-verdade\/\",\"url\":\"https:\/\/www.blogsoestado.com\/danielmatos\/enfim-um-sao-joao-de-verdade\/\",\"name\":\"Enfim, um S\u00e3o Jo\u00e3o de verdade - Daniel Matos\",\"isPartOf\":{\"@id\":\"https:\/\/www.blogsoestado.com\/danielmatos\/#website\"},\"primaryImageOfPage\":{\"@id\":\"https:\/\/www.blogsoestado.com\/danielmatos\/enfim-um-sao-joao-de-verdade\/#primaryimage\"},\"image\":{\"@id\":\"https:\/\/www.blogsoestado.com\/danielmatos\/enfim-um-sao-joao-de-verdade\/#primaryimage\"},\"thumbnailUrl\":\"https:\/\/www.blogsoestado.com\/danielmatos\/files\/2009\/06\/sao-joao.jpg\",\"datePublished\":\"2009-06-30T17:42:10+00:00\",\"author\":{\"@id\":\"\"},\"breadcrumb\":{\"@id\":\"https:\/\/www.blogsoestado.com\/danielmatos\/enfim-um-sao-joao-de-verdade\/#breadcrumb\"},\"inLanguage\":\"pt-BR\",\"potentialAction\":[{\"@type\":\"ReadAction\",\"target\":[\"https:\/\/www.blogsoestado.com\/danielmatos\/enfim-um-sao-joao-de-verdade\/\"]}]},{\"@type\":\"ImageObject\",\"inLanguage\":\"pt-BR\",\"@id\":\"https:\/\/www.blogsoestado.com\/danielmatos\/enfim-um-sao-joao-de-verdade\/#primaryimage\",\"url\":\"https:\/\/www.blogsoestado.com\/danielmatos\/files\/2009\/06\/sao-joao.jpg\",\"contentUrl\":\"https:\/\/www.blogsoestado.com\/danielmatos\/files\/2009\/06\/sao-joao.jpg\"},{\"@type\":\"BreadcrumbList\",\"@id\":\"https:\/\/www.blogsoestado.com\/danielmatos\/enfim-um-sao-joao-de-verdade\/#breadcrumb\",\"itemListElement\":[{\"@type\":\"ListItem\",\"position\":1,\"name\":\"In\u00edcio\",\"item\":\"https:\/\/www.blogsoestado.com\/danielmatos\/\"},{\"@type\":\"ListItem\",\"position\":2,\"name\":\"Enfim, um S\u00e3o Jo\u00e3o de verdade\"}]},{\"@type\":\"WebSite\",\"@id\":\"https:\/\/www.blogsoestado.com\/danielmatos\/#website\",\"url\":\"https:\/\/www.blogsoestado.com\/danielmatos\/\",\"name\":\"Daniel Matos\",\"description\":\"\",\"potentialAction\":[{\"@type\":\"SearchAction\",\"target\":{\"@type\":\"EntryPoint\",\"urlTemplate\":\"https:\/\/www.blogsoestado.com\/danielmatos\/?s={search_term_string}\"},\"query-input\":{\"@type\":\"PropertyValueSpecification\",\"valueRequired\":true,\"valueName\":\"search_term_string\"}}],\"inLanguage\":\"pt-BR\"}]}<\/script>\n<!-- \/ Yoast SEO plugin. -->","yoast_head_json":{"title":"Enfim, um S\u00e3o Jo\u00e3o de verdade - Daniel Matos","robots":{"index":"index","follow":"follow","max-snippet":"max-snippet:-1","max-image-preview":"max-image-preview:large","max-video-preview":"max-video-preview:-1"},"canonical":"https:\/\/www.blogsoestado.com\/danielmatos\/enfim-um-sao-joao-de-verdade\/","og_locale":"pt_BR","og_type":"article","og_title":"Enfim, um S\u00e3o Jo\u00e3o de verdade - Daniel Matos","og_description":"Depois de alguns anos de profunda apatia e desordem, o per\u00edodo junino\u00a0termina hoje\u00a0em S\u00e3o Lu\u00eds com um balan\u00e7o altamente positivo.\u00a0Em [&hellip;]","og_url":"https:\/\/www.blogsoestado.com\/danielmatos\/enfim-um-sao-joao-de-verdade\/","og_site_name":"Daniel Matos","article_published_time":"2009-06-30T17:42:10+00:00","og_image":[{"url":"https:\/\/www.blogsoestado.com\/danielmatos\/files\/2009\/06\/sao-joao.jpg","type":"","width":"","height":""}],"twitter_card":"summary_large_image","twitter_misc":{"Est. tempo de leitura":"2 minutos"},"schema":{"@context":"https:\/\/schema.org","@graph":[{"@type":"WebPage","@id":"https:\/\/www.blogsoestado.com\/danielmatos\/enfim-um-sao-joao-de-verdade\/","url":"https:\/\/www.blogsoestado.com\/danielmatos\/enfim-um-sao-joao-de-verdade\/","name":"Enfim, um S\u00e3o Jo\u00e3o de verdade - Daniel Matos","isPartOf":{"@id":"https:\/\/www.blogsoestado.com\/danielmatos\/#website"},"primaryImageOfPage":{"@id":"https:\/\/www.blogsoestado.com\/danielmatos\/enfim-um-sao-joao-de-verdade\/#primaryimage"},"image":{"@id":"https:\/\/www.blogsoestado.com\/danielmatos\/enfim-um-sao-joao-de-verdade\/#primaryimage"},"thumbnailUrl":"https:\/\/www.blogsoestado.com\/danielmatos\/files\/2009\/06\/sao-joao.jpg","datePublished":"2009-06-30T17:42:10+00:00","author":{"@id":""},"breadcrumb":{"@id":"https:\/\/www.blogsoestado.com\/danielmatos\/enfim-um-sao-joao-de-verdade\/#breadcrumb"},"inLanguage":"pt-BR","potentialAction":[{"@type":"ReadAction","target":["https:\/\/www.blogsoestado.com\/danielmatos\/enfim-um-sao-joao-de-verdade\/"]}]},{"@type":"ImageObject","inLanguage":"pt-BR","@id":"https:\/\/www.blogsoestado.com\/danielmatos\/enfim-um-sao-joao-de-verdade\/#primaryimage","url":"https:\/\/www.blogsoestado.com\/danielmatos\/files\/2009\/06\/sao-joao.jpg","contentUrl":"https:\/\/www.blogsoestado.com\/danielmatos\/files\/2009\/06\/sao-joao.jpg"},{"@type":"BreadcrumbList","@id":"https:\/\/www.blogsoestado.com\/danielmatos\/enfim-um-sao-joao-de-verdade\/#breadcrumb","itemListElement":[{"@type":"ListItem","position":1,"name":"In\u00edcio","item":"https:\/\/www.blogsoestado.com\/danielmatos\/"},{"@type":"ListItem","position":2,"name":"Enfim, um S\u00e3o Jo\u00e3o de verdade"}]},{"@type":"WebSite","@id":"https:\/\/www.blogsoestado.com\/danielmatos\/#website","url":"https:\/\/www.blogsoestado.com\/danielmatos\/","name":"Daniel Matos","description":"","potentialAction":[{"@type":"SearchAction","target":{"@type":"EntryPoint","urlTemplate":"https:\/\/www.blogsoestado.com\/danielmatos\/?s={search_term_string}"},"query-input":{"@type":"PropertyValueSpecification","valueRequired":true,"valueName":"search_term_string"}}],"inLanguage":"pt-BR"}]}},"jetpack_featured_media_url":"","_links":{"self":[{"href":"https:\/\/www.blogsoestado.com\/danielmatos\/wp-json\/wp\/v2\/posts\/1189","targetHints":{"allow":["GET"]}}],"collection":[{"href":"https:\/\/www.blogsoestado.com\/danielmatos\/wp-json\/wp\/v2\/posts"}],"about":[{"href":"https:\/\/www.blogsoestado.com\/danielmatos\/wp-json\/wp\/v2\/types\/post"}],"replies":[{"embeddable":true,"href":"https:\/\/www.blogsoestado.com\/danielmatos\/wp-json\/wp\/v2\/comments?post=1189"}],"version-history":[{"count":0,"href":"https:\/\/www.blogsoestado.com\/danielmatos\/wp-json\/wp\/v2\/posts\/1189\/revisions"}],"wp:attachment":[{"href":"https:\/\/www.blogsoestado.com\/danielmatos\/wp-json\/wp\/v2\/media?parent=1189"}],"wp:term":[{"taxonomy":"category","embeddable":true,"href":"https:\/\/www.blogsoestado.com\/danielmatos\/wp-json\/wp\/v2\/categories?post=1189"},{"taxonomy":"post_tag","embeddable":true,"href":"https:\/\/www.blogsoestado.com\/danielmatos\/wp-json\/wp\/v2\/tags?post=1189"}],"curies":[{"name":"wp","href":"https:\/\/api.w.org\/{rel}","templated":true}]}}