{"id":129494,"date":"2024-07-25T01:09:42","date_gmt":"2024-07-25T04:09:42","guid":{"rendered":"https:\/\/www.blogsoestado.com\/danielmatos\/?p=129494"},"modified":"2024-07-25T01:09:42","modified_gmt":"2024-07-25T04:09:42","slug":"aclamado-por-multidao-de-apoiadores-vereador-marlon-botao-oficializa-candidatura-a-reeleicao-em-sao-luis","status":"publish","type":"post","link":"https:\/\/www.blogsoestado.com\/danielmatos\/aclamado-por-multidao-de-apoiadores-vereador-marlon-botao-oficializa-candidatura-a-reeleicao-em-sao-luis\/","title":{"rendered":"Aclamado por multid\u00e3o de apoiadores, vereador Marlon Bot\u00e3o oficializa candidatura \u00e0 reelei\u00e7\u00e3o em S\u00e3o Lu\u00eds"},"content":{"rendered":"\n<div class=\"wp-block-image\"><figure class=\"aligncenter size-large\"><a href=\"https:\/\/www.blogsoestado.com\/danielmatos\/files\/2024\/07\/Screenshot_20240725-0118012.png\"><img decoding=\"async\" src=\"https:\/\/www.blogsoestado.com\/danielmatos\/files\/2024\/07\/Screenshot_20240725-0118012.png\" alt=\"\" class=\"wp-image-129501\"\/><\/a><figcaption>O vereador Marlon Bot\u00e3o com o filho, Marlon Neto, no colo, na conven\u00e7\u00e3o que homologou a sua candidatura \u00e0 reelei\u00e7\u00e3o<\/figcaption><\/figure><\/div>\n\n\n\n<p>O vereador Marlon Bot\u00e3o (PSB) formalizou a sua candidatura \u00e0 reelei\u00e7\u00e3o no \u00faltimo domingo (21), na conven\u00e7\u00e3o do Partido Socialista Brasileiro, no gin\u00e1sio Castelinho, em S\u00e3o Lu\u00eds. Mais de mil militantes, de todas as regi\u00f5es da capital, compareceram voluntariamente ao gin\u00e1sio para aclamar a decis\u00e3o do vereador de concorrer a mais um m, noandato na C\u00e2mara Municipal.<br>.<br>Para Marlon Bot\u00e3o, isso \u00e9 uma prova do reconhecimento ao seu trabalho nesses quase quatro anos de mandato.<br>.<br>\u201cA conven\u00e7\u00e3o do nosso partido, dia em que formalizamos a nossa candidatura \u00e0 reelei\u00e7\u00e3o, me marcou profundamente. Porque foi mais um momento que me mostrou como o nosso trabalho na C\u00e2mara est\u00e1 impactando a vida de tantas comunidades. Saber que mais de mil pessoas fizeram quest\u00e3o de marcar presen\u00e7a para aclamar a nossa candidatura, e tudo voluntariamente, num domingo em que poderiam estar descansando em suas casas, me emocionou muito\u201d, disse.<br>.<br>\u201cFico muito feliz em ver esse reconhecimento a um trabalho que \u00e9 feito com total dedica\u00e7\u00e3o e entrega, o que por vezes acaba comprometendo o meu tempo com a fam\u00edlia, com o meu filho que ainda \u00e9 muito pequeno, mas que nunca me desanima, porque eu sei que tudo o que estamos fazendo \u00e9 por um bem maior. Nesses quase quatro anos de mandato, trabalhei diariamente para ajudar a construir uma S\u00e3o Lu\u00eds mais justa, com oportunidades para todos, para garantir que todo pai e toda m\u00e3e de fam\u00edlia possam sustentar a sua casa com dignidade e para que os jovens ludovicenses tenham as ferramentas necess\u00e1rias para conquistar um futuro melhor para si e para os seus\u201d.<\/p>\n\n\n\n<div class=\"wp-block-image\"><figure class=\"aligncenter size-large\"><a href=\"https:\/\/www.blogsoestado.com\/danielmatos\/files\/2024\/07\/Screenshot_20240725-0119322.png\"><img decoding=\"async\" src=\"https:\/\/www.blogsoestado.com\/danielmatos\/files\/2024\/07\/Screenshot_20240725-0119322.png\" alt=\"\" class=\"wp-image-129502\"\/><\/a><figcaption>O vereador e candidato \u00e0 reelei\u00e7\u00e3o com o pai, o comunicador e l\u00edder pol\u00edtico Marlon Bot\u00e3o<\/figcaption><\/figure><\/div>\n\n\n\n<p>Na conven\u00e7\u00e3o, Marlon Bot\u00e3o afirmou que o combate \u00e0 desigualdade social \u2013 que ainda afeta milhares de ludovicenses \u2013 continuar\u00e1 sendo uma das suas principais bandeiras.<br>.<br>\u201cO combate \u00e0 desigualdade social \u00e9 o que tem guiado o meu trabalho desde o primeiro dia de mandato, \u00e9 o que me faz levantar da cama todos os dias. N\u00e3o tem sido f\u00e1cil, mas com muito comprometimento j\u00e1 come\u00e7amos a mudar para melhor a realidade de milhares de pessoas em todos os quatro cantos da cidade, e em especial na Zona Rural e na \u00e1rea Itaqui-Bacanga. O nosso trabalho nessas duas regi\u00f5es \u00e9 a refer\u00eancia que vamos levar daqui para frente para todas as outras regi\u00f5es da capital, especialmente para aquelas que mais precisam\u201d, disse.<br>.<br>\u201cApesar de todas as dificuldades, o nosso mandato tem conseguido algo in\u00e9dito, que \u00e9 acabar com a neglig\u00eancia do poder p\u00fablico com essas duas regi\u00f5es. A Zona Rural e a \u00e1rea Itaqui-Bacanga hoje sabem que t\u00eam um representante, um vereador que est\u00e1 sempre presente nas comunidades, que conhece a realidade das fam\u00edlias e que tem feito de tudo para garantir que todas elas possam viver com dignidade, para que mais equipamentos p\u00fablicos cheguem, para que tenham escola, posto de sa\u00fade, pra\u00e7as, creches. E se Deus permitir, se a popula\u00e7\u00e3o de S\u00e3o Lu\u00eds assim escolher, continuarei lutando para que todas as fam\u00edlias ludovicenses tenham os seus direitos assegurados\u201d.<br>.<br><strong>Lideran\u00e7a<\/strong><br>.<br>Marlon Bot\u00e3o tamb\u00e9m ressaltou a lideran\u00e7a do governador Carlos Brand\u00e3o nesse processo e a comunh\u00e3o com Duarte Jr. para fortalecer a capital maranhense.<\/p>\n\n\n\n<div class=\"wp-block-image\"><figure class=\"aligncenter size-large\"><a href=\"https:\/\/www.blogsoestado.com\/danielmatos\/files\/2024\/07\/Screenshot_20240725-0121122.png\"><img decoding=\"async\" src=\"https:\/\/www.blogsoestado.com\/danielmatos\/files\/2024\/07\/Screenshot_20240725-0121122.png\" alt=\"\" class=\"wp-image-129503\"\/><\/a><figcaption>Grupo numeroso de apoiadores que acalmaram Marlon Bot\u00e3o na conven\u00e7\u00e3o que homologou a candidatura do vereador ao segundo mandato<\/figcaption><\/figure><\/div>\n\n\n\n<p>.\u201cS\u00e3o Lu\u00eds vive um momento hist\u00f3rico. Com a lideran\u00e7a do nosso governador Carlos Brand\u00e3o, e a oficializa\u00e7\u00e3o da candidatura de Duarte Jr., temos a oportunidade de ver concretizada uma integra\u00e7\u00e3o de poderes nunca antes vista em prol da nossa cidade, j\u00e1 que o presidente Lula tamb\u00e9m apoia a candidatura de Duarte Jr. \u00e0 prefeitura da nossa capital\u201d, disse.<br>.<br>\u201cO ac\u00famulo de problemas de S\u00e3o Lu\u00eds, fruto de anos de descaso, n\u00e3o ser\u00e1 vencido sem uma grande parceria como essa dos poderes municipal, estadual e federal. Com Lula na presid\u00eancia, Brand\u00e3o no governo do estado e Duarte Jr. na prefeitura de S\u00e3o Lu\u00eds, n\u00e3o tenho d\u00favidas de que a nossa capital avan\u00e7ar\u00e1 e se desenvolver\u00e1 como nunca. E se Deus permitir, se o povo de S\u00e3o Lu\u00eds assim desejar, eu farei a minha parte na C\u00e2mara Municipal para que a nossa cidade e a nossa popula\u00e7\u00e3o sejam cada vez mais fortes, para que a desigualdade social seja combatida com vigor e para que todos tenham oportunidades iguais e vivam em equil\u00edbrio\u201d, finalizou Marlon Bot\u00e3o.<\/p>\n","protected":false},"excerpt":{"rendered":"<p>O vereador Marlon Bot\u00e3o (PSB) formalizou a sua candidatura \u00e0 reelei\u00e7\u00e3o no \u00faltimo domingo (21), na conven\u00e7\u00e3o do Partido Socialista [&hellip;]<\/p>\n","protected":false},"author":0,"featured_media":0,"comment_status":"open","ping_status":"open","sticky":false,"template":"","format":"standard","meta":{"site-sidebar-layout":"default","site-content-layout":"","ast-site-content-layout":"default","site-content-style":"default","site-sidebar-style":"default","ast-global-header-display":"","ast-banner-title-visibility":"","ast-main-header-display":"","ast-hfb-above-header-display":"","ast-hfb-below-header-display":"","ast-hfb-mobile-header-display":"","site-post-title":"","ast-breadcrumbs-content":"","ast-featured-img":"","footer-sml-layout":"","ast-disable-related-posts":"","theme-transparent-header-meta":"","adv-header-id-meta":"","stick-header-meta":"","header-above-stick-meta":"","header-main-stick-meta":"","header-below-stick-meta":"","astra-migrate-meta-layouts":"default","ast-page-background-enabled":"default","ast-page-background-meta":{"desktop":{"background-color":"var(--ast-global-color-5)","background-image":"","background-repeat":"repeat","background-position":"center center","background-size":"auto","background-attachment":"scroll","background-type":"","background-media":"","overlay-type":"","overlay-color":"","overlay-opacity":"","overlay-gradient":""},"tablet":{"background-color":"","background-image":"","background-repeat":"repeat","background-position":"center center","background-size":"auto","background-attachment":"scroll","background-type":"","background-media":"","overlay-type":"","overlay-color":"","overlay-opacity":"","overlay-gradient":""},"mobile":{"background-color":"","background-image":"","background-repeat":"repeat","background-position":"center center","background-size":"auto","background-attachment":"scroll","background-type":"","background-media":"","overlay-type":"","overlay-color":"","overlay-opacity":"","overlay-gradient":""}},"ast-content-background-meta":{"desktop":{"background-color":"var(--ast-global-color-4)","background-image":"","background-repeat":"repeat","background-position":"center center","background-size":"auto","background-attachment":"scroll","background-type":"","background-media":"","overlay-type":"","overlay-color":"","overlay-opacity":"","overlay-gradient":""},"tablet":{"background-color":"var(--ast-global-color-4)","background-image":"","background-repeat":"repeat","background-position":"center center","background-size":"auto","background-attachment":"scroll","background-type":"","background-media":"","overlay-type":"","overlay-color":"","overlay-opacity":"","overlay-gradient":""},"mobile":{"background-color":"var(--ast-global-color-4)","background-image":"","background-repeat":"repeat","background-position":"center center","background-size":"auto","background-attachment":"scroll","background-type":"","background-media":"","overlay-type":"","overlay-color":"","overlay-opacity":"","overlay-gradient":""}},"footnotes":""},"categories":[1],"tags":[],"class_list":["post-129494","post","type-post","status-publish","format-standard","hentry","category-sem-categoria"],"yoast_head":"<!-- This site is optimized with the Yoast SEO plugin v26.6 - https:\/\/yoast.com\/wordpress\/plugins\/seo\/ -->\n<title>Aclamado por multid\u00e3o de apoiadores, vereador Marlon Bot\u00e3o oficializa candidatura \u00e0 reelei\u00e7\u00e3o em S\u00e3o Lu\u00eds - Daniel Matos<\/title>\n<meta name=\"robots\" content=\"index, follow, max-snippet:-1, max-image-preview:large, max-video-preview:-1\" \/>\n<link rel=\"canonical\" href=\"https:\/\/www.blogsoestado.com\/danielmatos\/aclamado-por-multidao-de-apoiadores-vereador-marlon-botao-oficializa-candidatura-a-reeleicao-em-sao-luis\/\" \/>\n<meta property=\"og:locale\" content=\"pt_BR\" \/>\n<meta property=\"og:type\" content=\"article\" \/>\n<meta property=\"og:title\" content=\"Aclamado por multid\u00e3o de apoiadores, vereador Marlon Bot\u00e3o oficializa candidatura \u00e0 reelei\u00e7\u00e3o em S\u00e3o Lu\u00eds - Daniel Matos\" \/>\n<meta property=\"og:description\" content=\"O vereador Marlon Bot\u00e3o (PSB) formalizou a sua candidatura \u00e0 reelei\u00e7\u00e3o no \u00faltimo domingo (21), na conven\u00e7\u00e3o do Partido Socialista [&hellip;]\" \/>\n<meta property=\"og:url\" content=\"https:\/\/www.blogsoestado.com\/danielmatos\/aclamado-por-multidao-de-apoiadores-vereador-marlon-botao-oficializa-candidatura-a-reeleicao-em-sao-luis\/\" \/>\n<meta property=\"og:site_name\" content=\"Daniel Matos\" \/>\n<meta property=\"article:published_time\" content=\"2024-07-25T04:09:42+00:00\" \/>\n<meta property=\"og:image\" content=\"https:\/\/www.blogsoestado.com\/danielmatos\/files\/2024\/07\/Screenshot_20240725-0118012.png\" \/>\n<meta name=\"twitter:card\" content=\"summary_large_image\" \/>\n<meta name=\"twitter:label1\" content=\"Est. tempo de leitura\" \/>\n\t<meta name=\"twitter:data1\" content=\"4 minutos\" \/>\n<script type=\"application\/ld+json\" class=\"yoast-schema-graph\">{\"@context\":\"https:\/\/schema.org\",\"@graph\":[{\"@type\":\"WebPage\",\"@id\":\"https:\/\/www.blogsoestado.com\/danielmatos\/aclamado-por-multidao-de-apoiadores-vereador-marlon-botao-oficializa-candidatura-a-reeleicao-em-sao-luis\/\",\"url\":\"https:\/\/www.blogsoestado.com\/danielmatos\/aclamado-por-multidao-de-apoiadores-vereador-marlon-botao-oficializa-candidatura-a-reeleicao-em-sao-luis\/\",\"name\":\"Aclamado por multid\u00e3o de apoiadores, vereador Marlon Bot\u00e3o oficializa candidatura \u00e0 reelei\u00e7\u00e3o em S\u00e3o Lu\u00eds - Daniel Matos\",\"isPartOf\":{\"@id\":\"https:\/\/www.blogsoestado.com\/danielmatos\/#website\"},\"primaryImageOfPage\":{\"@id\":\"https:\/\/www.blogsoestado.com\/danielmatos\/aclamado-por-multidao-de-apoiadores-vereador-marlon-botao-oficializa-candidatura-a-reeleicao-em-sao-luis\/#primaryimage\"},\"image\":{\"@id\":\"https:\/\/www.blogsoestado.com\/danielmatos\/aclamado-por-multidao-de-apoiadores-vereador-marlon-botao-oficializa-candidatura-a-reeleicao-em-sao-luis\/#primaryimage\"},\"thumbnailUrl\":\"https:\/\/www.blogsoestado.com\/danielmatos\/files\/2024\/07\/Screenshot_20240725-0118012.png\",\"datePublished\":\"2024-07-25T04:09:42+00:00\",\"author\":{\"@id\":\"\"},\"breadcrumb\":{\"@id\":\"https:\/\/www.blogsoestado.com\/danielmatos\/aclamado-por-multidao-de-apoiadores-vereador-marlon-botao-oficializa-candidatura-a-reeleicao-em-sao-luis\/#breadcrumb\"},\"inLanguage\":\"pt-BR\",\"potentialAction\":[{\"@type\":\"ReadAction\",\"target\":[\"https:\/\/www.blogsoestado.com\/danielmatos\/aclamado-por-multidao-de-apoiadores-vereador-marlon-botao-oficializa-candidatura-a-reeleicao-em-sao-luis\/\"]}]},{\"@type\":\"ImageObject\",\"inLanguage\":\"pt-BR\",\"@id\":\"https:\/\/www.blogsoestado.com\/danielmatos\/aclamado-por-multidao-de-apoiadores-vereador-marlon-botao-oficializa-candidatura-a-reeleicao-em-sao-luis\/#primaryimage\",\"url\":\"https:\/\/www.blogsoestado.com\/danielmatos\/files\/2024\/07\/Screenshot_20240725-0118012.png\",\"contentUrl\":\"https:\/\/www.blogsoestado.com\/danielmatos\/files\/2024\/07\/Screenshot_20240725-0118012.png\"},{\"@type\":\"BreadcrumbList\",\"@id\":\"https:\/\/www.blogsoestado.com\/danielmatos\/aclamado-por-multidao-de-apoiadores-vereador-marlon-botao-oficializa-candidatura-a-reeleicao-em-sao-luis\/#breadcrumb\",\"itemListElement\":[{\"@type\":\"ListItem\",\"position\":1,\"name\":\"In\u00edcio\",\"item\":\"https:\/\/www.blogsoestado.com\/danielmatos\/\"},{\"@type\":\"ListItem\",\"position\":2,\"name\":\"Aclamado por multid\u00e3o de apoiadores, vereador Marlon Bot\u00e3o oficializa candidatura \u00e0 reelei\u00e7\u00e3o em S\u00e3o Lu\u00eds\"}]},{\"@type\":\"WebSite\",\"@id\":\"https:\/\/www.blogsoestado.com\/danielmatos\/#website\",\"url\":\"https:\/\/www.blogsoestado.com\/danielmatos\/\",\"name\":\"Daniel Matos\",\"description\":\"\",\"potentialAction\":[{\"@type\":\"SearchAction\",\"target\":{\"@type\":\"EntryPoint\",\"urlTemplate\":\"https:\/\/www.blogsoestado.com\/danielmatos\/?s={search_term_string}\"},\"query-input\":{\"@type\":\"PropertyValueSpecification\",\"valueRequired\":true,\"valueName\":\"search_term_string\"}}],\"inLanguage\":\"pt-BR\"}]}<\/script>\n<!-- \/ Yoast SEO plugin. -->","yoast_head_json":{"title":"Aclamado por multid\u00e3o de apoiadores, vereador Marlon Bot\u00e3o oficializa candidatura \u00e0 reelei\u00e7\u00e3o em S\u00e3o Lu\u00eds - Daniel Matos","robots":{"index":"index","follow":"follow","max-snippet":"max-snippet:-1","max-image-preview":"max-image-preview:large","max-video-preview":"max-video-preview:-1"},"canonical":"https:\/\/www.blogsoestado.com\/danielmatos\/aclamado-por-multidao-de-apoiadores-vereador-marlon-botao-oficializa-candidatura-a-reeleicao-em-sao-luis\/","og_locale":"pt_BR","og_type":"article","og_title":"Aclamado por multid\u00e3o de apoiadores, vereador Marlon Bot\u00e3o oficializa candidatura \u00e0 reelei\u00e7\u00e3o em S\u00e3o Lu\u00eds - Daniel Matos","og_description":"O vereador Marlon Bot\u00e3o (PSB) formalizou a sua candidatura \u00e0 reelei\u00e7\u00e3o no \u00faltimo domingo (21), na conven\u00e7\u00e3o do Partido Socialista [&hellip;]","og_url":"https:\/\/www.blogsoestado.com\/danielmatos\/aclamado-por-multidao-de-apoiadores-vereador-marlon-botao-oficializa-candidatura-a-reeleicao-em-sao-luis\/","og_site_name":"Daniel Matos","article_published_time":"2024-07-25T04:09:42+00:00","og_image":[{"url":"https:\/\/www.blogsoestado.com\/danielmatos\/files\/2024\/07\/Screenshot_20240725-0118012.png","type":"","width":"","height":""}],"twitter_card":"summary_large_image","twitter_misc":{"Est. tempo de leitura":"4 minutos"},"schema":{"@context":"https:\/\/schema.org","@graph":[{"@type":"WebPage","@id":"https:\/\/www.blogsoestado.com\/danielmatos\/aclamado-por-multidao-de-apoiadores-vereador-marlon-botao-oficializa-candidatura-a-reeleicao-em-sao-luis\/","url":"https:\/\/www.blogsoestado.com\/danielmatos\/aclamado-por-multidao-de-apoiadores-vereador-marlon-botao-oficializa-candidatura-a-reeleicao-em-sao-luis\/","name":"Aclamado por multid\u00e3o de apoiadores, vereador Marlon Bot\u00e3o oficializa candidatura \u00e0 reelei\u00e7\u00e3o em S\u00e3o Lu\u00eds - Daniel Matos","isPartOf":{"@id":"https:\/\/www.blogsoestado.com\/danielmatos\/#website"},"primaryImageOfPage":{"@id":"https:\/\/www.blogsoestado.com\/danielmatos\/aclamado-por-multidao-de-apoiadores-vereador-marlon-botao-oficializa-candidatura-a-reeleicao-em-sao-luis\/#primaryimage"},"image":{"@id":"https:\/\/www.blogsoestado.com\/danielmatos\/aclamado-por-multidao-de-apoiadores-vereador-marlon-botao-oficializa-candidatura-a-reeleicao-em-sao-luis\/#primaryimage"},"thumbnailUrl":"https:\/\/www.blogsoestado.com\/danielmatos\/files\/2024\/07\/Screenshot_20240725-0118012.png","datePublished":"2024-07-25T04:09:42+00:00","author":{"@id":""},"breadcrumb":{"@id":"https:\/\/www.blogsoestado.com\/danielmatos\/aclamado-por-multidao-de-apoiadores-vereador-marlon-botao-oficializa-candidatura-a-reeleicao-em-sao-luis\/#breadcrumb"},"inLanguage":"pt-BR","potentialAction":[{"@type":"ReadAction","target":["https:\/\/www.blogsoestado.com\/danielmatos\/aclamado-por-multidao-de-apoiadores-vereador-marlon-botao-oficializa-candidatura-a-reeleicao-em-sao-luis\/"]}]},{"@type":"ImageObject","inLanguage":"pt-BR","@id":"https:\/\/www.blogsoestado.com\/danielmatos\/aclamado-por-multidao-de-apoiadores-vereador-marlon-botao-oficializa-candidatura-a-reeleicao-em-sao-luis\/#primaryimage","url":"https:\/\/www.blogsoestado.com\/danielmatos\/files\/2024\/07\/Screenshot_20240725-0118012.png","contentUrl":"https:\/\/www.blogsoestado.com\/danielmatos\/files\/2024\/07\/Screenshot_20240725-0118012.png"},{"@type":"BreadcrumbList","@id":"https:\/\/www.blogsoestado.com\/danielmatos\/aclamado-por-multidao-de-apoiadores-vereador-marlon-botao-oficializa-candidatura-a-reeleicao-em-sao-luis\/#breadcrumb","itemListElement":[{"@type":"ListItem","position":1,"name":"In\u00edcio","item":"https:\/\/www.blogsoestado.com\/danielmatos\/"},{"@type":"ListItem","position":2,"name":"Aclamado por multid\u00e3o de apoiadores, vereador Marlon Bot\u00e3o oficializa candidatura \u00e0 reelei\u00e7\u00e3o em S\u00e3o Lu\u00eds"}]},{"@type":"WebSite","@id":"https:\/\/www.blogsoestado.com\/danielmatos\/#website","url":"https:\/\/www.blogsoestado.com\/danielmatos\/","name":"Daniel Matos","description":"","potentialAction":[{"@type":"SearchAction","target":{"@type":"EntryPoint","urlTemplate":"https:\/\/www.blogsoestado.com\/danielmatos\/?s={search_term_string}"},"query-input":{"@type":"PropertyValueSpecification","valueRequired":true,"valueName":"search_term_string"}}],"inLanguage":"pt-BR"}]}},"jetpack_featured_media_url":"","_links":{"self":[{"href":"https:\/\/www.blogsoestado.com\/danielmatos\/wp-json\/wp\/v2\/posts\/129494","targetHints":{"allow":["GET"]}}],"collection":[{"href":"https:\/\/www.blogsoestado.com\/danielmatos\/wp-json\/wp\/v2\/posts"}],"about":[{"href":"https:\/\/www.blogsoestado.com\/danielmatos\/wp-json\/wp\/v2\/types\/post"}],"replies":[{"embeddable":true,"href":"https:\/\/www.blogsoestado.com\/danielmatos\/wp-json\/wp\/v2\/comments?post=129494"}],"version-history":[{"count":0,"href":"https:\/\/www.blogsoestado.com\/danielmatos\/wp-json\/wp\/v2\/posts\/129494\/revisions"}],"wp:attachment":[{"href":"https:\/\/www.blogsoestado.com\/danielmatos\/wp-json\/wp\/v2\/media?parent=129494"}],"wp:term":[{"taxonomy":"category","embeddable":true,"href":"https:\/\/www.blogsoestado.com\/danielmatos\/wp-json\/wp\/v2\/categories?post=129494"},{"taxonomy":"post_tag","embeddable":true,"href":"https:\/\/www.blogsoestado.com\/danielmatos\/wp-json\/wp\/v2\/tags?post=129494"}],"curies":[{"name":"wp","href":"https:\/\/api.w.org\/{rel}","templated":true}]}}