{"id":129511,"date":"2024-07-25T11:04:22","date_gmt":"2024-07-25T14:04:22","guid":{"rendered":"https:\/\/www.blogsoestado.com\/danielmatos\/?p=129511"},"modified":"2024-07-25T11:04:22","modified_gmt":"2024-07-25T14:04:22","slug":"siga-antenado-globo-e-sbt-vao-desligar-o-sinal-na-antena-parabolica-analogica-saiba-quando","status":"publish","type":"post","link":"https:\/\/www.blogsoestado.com\/danielmatos\/siga-antenado-globo-e-sbt-vao-desligar-o-sinal-na-antena-parabolica-analogica-saiba-quando\/","title":{"rendered":"Siga Antenado: Globo e SBT v\u00e3o desligar o sinal na antena parab\u00f3lica anal\u00f3gica; saiba quando"},"content":{"rendered":"\n<div class=\"wp-block-image\"><figure class=\"aligncenter size-large\"><a href=\"https:\/\/www.blogsoestado.com\/danielmatos\/files\/2024\/07\/Screenshot_20240725-1119432.png\"><img decoding=\"async\" src=\"https:\/\/www.blogsoestado.com\/danielmatos\/files\/2024\/07\/Screenshot_20240725-1119432.png\" alt=\"\" class=\"wp-image-129518\"\/><\/a><figcaption>As transmiss\u00f5es dom\u00e9sticas em banda C ser\u00e3o encerradas no Brasil porque a tecnologia 5G utiliza a mesma faixa da radiofrequ\u00eancia<\/figcaption><\/figure><\/div>\n\n\n\n<p>No Maranh\u00e3o, cerca de 130 mil fam\u00edlias j\u00e1 podem se inscrever para receber gratuitamente a nova parab\u00f3lica digital. O programa Siga Antenado abriu uma nova fase de agendamento em 148 cidades maranhenses para inscritos em programas sociais que utilizam a parab\u00f3lica tradicional.<\/p>\n\n\n\n<p><strong>Agendamento<\/strong><\/p>\n\n\n\n<p>Para saber se tem direito ao kit gratuito com a nova parab\u00f3lica digital, o benefici\u00e1rio deve entrar em contato pelo n\u00famero 0800 729 2404 ou pelo site sigaantenado.com.br, com o n\u00famero do CPF ou do NIS em m\u00e3os.<\/p>\n\n\n\n<p>A Globo e o SBT j\u00e1 definiram a data para o encerramento das transmiss\u00f5es anal\u00f3gicas via sat\u00e9lite. Se nada mudar no planejamento, as duas principais emissoras de TV aberta do Brasil v\u00e3o desligar o sinal na banda C do Star One D2 no dia 18 de agosto de 2024. A Band vai desligar a opera\u00e7\u00e3o no pr\u00f3ximo dia 30. A Record n\u00e3o transmite na tecnologia obsoleta desde mar\u00e7o.<\/p>\n\n\n\n<p>A Record foi a primeira das principais emissoras comerciais a desligar o sinal anal\u00f3gico via sat\u00e9lite, no dia 30 de mar\u00e7o. Para continuar acompanhando as atra\u00e7\u00f5es desses canais, o telespectador dever\u00e1 fazer a migra\u00e7\u00e3o de tecnologia para banda Ku atrav\u00e9s do sistema SAT HD Regional, que disponibiliza sinais em alta defini\u00e7\u00e3o sem custo de assinatura.<\/p>\n\n\n\n<p>A Globo tem sinal nas antenas parab\u00f3licas desde 1982. Atualmente, a programa\u00e7\u00e3o da emissora conta com reprise do Hora 1, no lugar do Bom Dia Pra\u00e7a, das 6h \u00e0s 8h30, e exibe o RJ1, da Globo Rio, na faixa das 11h45 \u00e0s 13h. No hor\u00e1rio nobre, o canal exibe o telejornal Brasil TV, criado em agosto de 2008 para n\u00e3o exibir reportagens eleitorais do SPTV para outras localidades. O conte\u00fado do notici\u00e1rio \u00e9 basicamente reprises do Jornal Hoje e das afiliadas.<\/p>\n\n\n\n<div class=\"wp-block-image\"><figure class=\"aligncenter size-large\"><a href=\"https:\/\/www.blogsoestado.com\/danielmatos\/files\/2024\/07\/Screenshot_20240725-1123322.png\"><img decoding=\"async\" src=\"https:\/\/www.blogsoestado.com\/danielmatos\/files\/2024\/07\/Screenshot_20240725-1123322.png\" alt=\"\" class=\"wp-image-129520\"\/><\/a><figcaption>A troca dos equipamentos \u00e9 feita de forma totalmente gratuita para fam\u00edlias inscritas em programas sociais do Governo Federal (Cad\u00danico) e que tenham uma parab\u00f3lica telada instalada e funcionando<\/figcaption><\/figure><\/div>\n\n\n\n<p>O que fazer para n\u00e3o ficar sem sinal na antena parab\u00f3lica?<\/p>\n\n\n\n<p>Com uma antena de banda Ku, usando um receptor compat\u00edvel com o sistema SAT HD Regional, o telespectador tem acesso ao sinal regional das emissoras nas localidades que j\u00e1 possuem filiais e afiliadas adicionadas no sat\u00e9lite. Na \u00faltima semana de maio, a Rede Internacional de Televis\u00e3o, conhecida como RIT, foi mais um canal que decidiu desligar o sinal anal\u00f3gico.<\/p>\n\n\n\n<p>As transmiss\u00f5es dom\u00e9sticas em banda C ser\u00e3o encerradas no Brasil porque a tecnologia 5G utiliza a mesma faixa da radiofrequ\u00eancia e pode causar interfer\u00eancias. Por determina\u00e7\u00e3o da Anatel, as operadoras Claro, TIM e Vivo, vencedoras da principal faixa do leil\u00e3o do 5G, criaram a Siga Antenado, uma entidade n\u00e3o governamental e sem fins lucrativos, para apoiar a popula\u00e7\u00e3o de baixa renda na substitui\u00e7\u00e3o da antena parab\u00f3lica antiga (telada) pela nova parab\u00f3lica digital.<\/p>\n\n\n\n<p>Com isso, a troca dos equipamentos \u00e9 feita de forma totalmente gratuita para fam\u00edlias inscritas em programas sociais do Governo Federal (Cad\u00danico) e que tenham uma parab\u00f3lica telada instalada e funcionando. O agendamento deve ser feito no site da Siga Antenado.<\/p>\n","protected":false},"excerpt":{"rendered":"<p>No Maranh\u00e3o, cerca de 130 mil fam\u00edlias j\u00e1 podem se inscrever para receber gratuitamente a nova parab\u00f3lica digital. O programa [&hellip;]<\/p>\n","protected":false},"author":0,"featured_media":0,"comment_status":"open","ping_status":"open","sticky":false,"template":"","format":"standard","meta":{"site-sidebar-layout":"default","site-content-layout":"","ast-site-content-layout":"default","site-content-style":"default","site-sidebar-style":"default","ast-global-header-display":"","ast-banner-title-visibility":"","ast-main-header-display":"","ast-hfb-above-header-display":"","ast-hfb-below-header-display":"","ast-hfb-mobile-header-display":"","site-post-title":"","ast-breadcrumbs-content":"","ast-featured-img":"","footer-sml-layout":"","ast-disable-related-posts":"","theme-transparent-header-meta":"","adv-header-id-meta":"","stick-header-meta":"","header-above-stick-meta":"","header-main-stick-meta":"","header-below-stick-meta":"","astra-migrate-meta-layouts":"default","ast-page-background-enabled":"default","ast-page-background-meta":{"desktop":{"background-color":"var(--ast-global-color-5)","background-image":"","background-repeat":"repeat","background-position":"center center","background-size":"auto","background-attachment":"scroll","background-type":"","background-media":"","overlay-type":"","overlay-color":"","overlay-opacity":"","overlay-gradient":""},"tablet":{"background-color":"","background-image":"","background-repeat":"repeat","background-position":"center center","background-size":"auto","background-attachment":"scroll","background-type":"","background-media":"","overlay-type":"","overlay-color":"","overlay-opacity":"","overlay-gradient":""},"mobile":{"background-color":"","background-image":"","background-repeat":"repeat","background-position":"center center","background-size":"auto","background-attachment":"scroll","background-type":"","background-media":"","overlay-type":"","overlay-color":"","overlay-opacity":"","overlay-gradient":""}},"ast-content-background-meta":{"desktop":{"background-color":"var(--ast-global-color-4)","background-image":"","background-repeat":"repeat","background-position":"center center","background-size":"auto","background-attachment":"scroll","background-type":"","background-media":"","overlay-type":"","overlay-color":"","overlay-opacity":"","overlay-gradient":""},"tablet":{"background-color":"var(--ast-global-color-4)","background-image":"","background-repeat":"repeat","background-position":"center center","background-size":"auto","background-attachment":"scroll","background-type":"","background-media":"","overlay-type":"","overlay-color":"","overlay-opacity":"","overlay-gradient":""},"mobile":{"background-color":"var(--ast-global-color-4)","background-image":"","background-repeat":"repeat","background-position":"center center","background-size":"auto","background-attachment":"scroll","background-type":"","background-media":"","overlay-type":"","overlay-color":"","overlay-opacity":"","overlay-gradient":""}},"footnotes":""},"categories":[1],"tags":[],"class_list":["post-129511","post","type-post","status-publish","format-standard","hentry","category-sem-categoria"],"yoast_head":"<!-- This site is optimized with the Yoast SEO plugin v26.6 - https:\/\/yoast.com\/wordpress\/plugins\/seo\/ -->\n<title>Siga Antenado: Globo e SBT v\u00e3o desligar o sinal na antena parab\u00f3lica anal\u00f3gica; saiba quando - Daniel Matos<\/title>\n<meta name=\"robots\" content=\"index, follow, max-snippet:-1, max-image-preview:large, max-video-preview:-1\" \/>\n<link rel=\"canonical\" href=\"https:\/\/www.blogsoestado.com\/danielmatos\/siga-antenado-globo-e-sbt-vao-desligar-o-sinal-na-antena-parabolica-analogica-saiba-quando\/\" \/>\n<meta property=\"og:locale\" content=\"pt_BR\" \/>\n<meta property=\"og:type\" content=\"article\" \/>\n<meta property=\"og:title\" content=\"Siga Antenado: Globo e SBT v\u00e3o desligar o sinal na antena parab\u00f3lica anal\u00f3gica; saiba quando - Daniel Matos\" \/>\n<meta property=\"og:description\" content=\"No Maranh\u00e3o, cerca de 130 mil fam\u00edlias j\u00e1 podem se inscrever para receber gratuitamente a nova parab\u00f3lica digital. O programa [&hellip;]\" \/>\n<meta property=\"og:url\" content=\"https:\/\/www.blogsoestado.com\/danielmatos\/siga-antenado-globo-e-sbt-vao-desligar-o-sinal-na-antena-parabolica-analogica-saiba-quando\/\" \/>\n<meta property=\"og:site_name\" content=\"Daniel Matos\" \/>\n<meta property=\"article:published_time\" content=\"2024-07-25T14:04:22+00:00\" \/>\n<meta property=\"og:image\" content=\"https:\/\/www.blogsoestado.com\/danielmatos\/files\/2024\/07\/Screenshot_20240725-1119432.png\" \/>\n<meta name=\"twitter:card\" content=\"summary_large_image\" \/>\n<meta name=\"twitter:label1\" content=\"Est. tempo de leitura\" \/>\n\t<meta name=\"twitter:data1\" content=\"3 minutos\" \/>\n<script type=\"application\/ld+json\" class=\"yoast-schema-graph\">{\"@context\":\"https:\/\/schema.org\",\"@graph\":[{\"@type\":\"WebPage\",\"@id\":\"https:\/\/www.blogsoestado.com\/danielmatos\/siga-antenado-globo-e-sbt-vao-desligar-o-sinal-na-antena-parabolica-analogica-saiba-quando\/\",\"url\":\"https:\/\/www.blogsoestado.com\/danielmatos\/siga-antenado-globo-e-sbt-vao-desligar-o-sinal-na-antena-parabolica-analogica-saiba-quando\/\",\"name\":\"Siga Antenado: Globo e SBT v\u00e3o desligar o sinal na antena parab\u00f3lica anal\u00f3gica; saiba quando - Daniel Matos\",\"isPartOf\":{\"@id\":\"https:\/\/www.blogsoestado.com\/danielmatos\/#website\"},\"primaryImageOfPage\":{\"@id\":\"https:\/\/www.blogsoestado.com\/danielmatos\/siga-antenado-globo-e-sbt-vao-desligar-o-sinal-na-antena-parabolica-analogica-saiba-quando\/#primaryimage\"},\"image\":{\"@id\":\"https:\/\/www.blogsoestado.com\/danielmatos\/siga-antenado-globo-e-sbt-vao-desligar-o-sinal-na-antena-parabolica-analogica-saiba-quando\/#primaryimage\"},\"thumbnailUrl\":\"https:\/\/www.blogsoestado.com\/danielmatos\/files\/2024\/07\/Screenshot_20240725-1119432.png\",\"datePublished\":\"2024-07-25T14:04:22+00:00\",\"author\":{\"@id\":\"\"},\"breadcrumb\":{\"@id\":\"https:\/\/www.blogsoestado.com\/danielmatos\/siga-antenado-globo-e-sbt-vao-desligar-o-sinal-na-antena-parabolica-analogica-saiba-quando\/#breadcrumb\"},\"inLanguage\":\"pt-BR\",\"potentialAction\":[{\"@type\":\"ReadAction\",\"target\":[\"https:\/\/www.blogsoestado.com\/danielmatos\/siga-antenado-globo-e-sbt-vao-desligar-o-sinal-na-antena-parabolica-analogica-saiba-quando\/\"]}]},{\"@type\":\"ImageObject\",\"inLanguage\":\"pt-BR\",\"@id\":\"https:\/\/www.blogsoestado.com\/danielmatos\/siga-antenado-globo-e-sbt-vao-desligar-o-sinal-na-antena-parabolica-analogica-saiba-quando\/#primaryimage\",\"url\":\"https:\/\/www.blogsoestado.com\/danielmatos\/files\/2024\/07\/Screenshot_20240725-1119432.png\",\"contentUrl\":\"https:\/\/www.blogsoestado.com\/danielmatos\/files\/2024\/07\/Screenshot_20240725-1119432.png\"},{\"@type\":\"BreadcrumbList\",\"@id\":\"https:\/\/www.blogsoestado.com\/danielmatos\/siga-antenado-globo-e-sbt-vao-desligar-o-sinal-na-antena-parabolica-analogica-saiba-quando\/#breadcrumb\",\"itemListElement\":[{\"@type\":\"ListItem\",\"position\":1,\"name\":\"In\u00edcio\",\"item\":\"https:\/\/www.blogsoestado.com\/danielmatos\/\"},{\"@type\":\"ListItem\",\"position\":2,\"name\":\"Siga Antenado: Globo e SBT v\u00e3o desligar o sinal na antena parab\u00f3lica anal\u00f3gica; saiba quando\"}]},{\"@type\":\"WebSite\",\"@id\":\"https:\/\/www.blogsoestado.com\/danielmatos\/#website\",\"url\":\"https:\/\/www.blogsoestado.com\/danielmatos\/\",\"name\":\"Daniel Matos\",\"description\":\"\",\"potentialAction\":[{\"@type\":\"SearchAction\",\"target\":{\"@type\":\"EntryPoint\",\"urlTemplate\":\"https:\/\/www.blogsoestado.com\/danielmatos\/?s={search_term_string}\"},\"query-input\":{\"@type\":\"PropertyValueSpecification\",\"valueRequired\":true,\"valueName\":\"search_term_string\"}}],\"inLanguage\":\"pt-BR\"}]}<\/script>\n<!-- \/ Yoast SEO plugin. -->","yoast_head_json":{"title":"Siga Antenado: Globo e SBT v\u00e3o desligar o sinal na antena parab\u00f3lica anal\u00f3gica; saiba quando - Daniel Matos","robots":{"index":"index","follow":"follow","max-snippet":"max-snippet:-1","max-image-preview":"max-image-preview:large","max-video-preview":"max-video-preview:-1"},"canonical":"https:\/\/www.blogsoestado.com\/danielmatos\/siga-antenado-globo-e-sbt-vao-desligar-o-sinal-na-antena-parabolica-analogica-saiba-quando\/","og_locale":"pt_BR","og_type":"article","og_title":"Siga Antenado: Globo e SBT v\u00e3o desligar o sinal na antena parab\u00f3lica anal\u00f3gica; saiba quando - Daniel Matos","og_description":"No Maranh\u00e3o, cerca de 130 mil fam\u00edlias j\u00e1 podem se inscrever para receber gratuitamente a nova parab\u00f3lica digital. O programa [&hellip;]","og_url":"https:\/\/www.blogsoestado.com\/danielmatos\/siga-antenado-globo-e-sbt-vao-desligar-o-sinal-na-antena-parabolica-analogica-saiba-quando\/","og_site_name":"Daniel Matos","article_published_time":"2024-07-25T14:04:22+00:00","og_image":[{"url":"https:\/\/www.blogsoestado.com\/danielmatos\/files\/2024\/07\/Screenshot_20240725-1119432.png","type":"","width":"","height":""}],"twitter_card":"summary_large_image","twitter_misc":{"Est. tempo de leitura":"3 minutos"},"schema":{"@context":"https:\/\/schema.org","@graph":[{"@type":"WebPage","@id":"https:\/\/www.blogsoestado.com\/danielmatos\/siga-antenado-globo-e-sbt-vao-desligar-o-sinal-na-antena-parabolica-analogica-saiba-quando\/","url":"https:\/\/www.blogsoestado.com\/danielmatos\/siga-antenado-globo-e-sbt-vao-desligar-o-sinal-na-antena-parabolica-analogica-saiba-quando\/","name":"Siga Antenado: Globo e SBT v\u00e3o desligar o sinal na antena parab\u00f3lica anal\u00f3gica; saiba quando - Daniel Matos","isPartOf":{"@id":"https:\/\/www.blogsoestado.com\/danielmatos\/#website"},"primaryImageOfPage":{"@id":"https:\/\/www.blogsoestado.com\/danielmatos\/siga-antenado-globo-e-sbt-vao-desligar-o-sinal-na-antena-parabolica-analogica-saiba-quando\/#primaryimage"},"image":{"@id":"https:\/\/www.blogsoestado.com\/danielmatos\/siga-antenado-globo-e-sbt-vao-desligar-o-sinal-na-antena-parabolica-analogica-saiba-quando\/#primaryimage"},"thumbnailUrl":"https:\/\/www.blogsoestado.com\/danielmatos\/files\/2024\/07\/Screenshot_20240725-1119432.png","datePublished":"2024-07-25T14:04:22+00:00","author":{"@id":""},"breadcrumb":{"@id":"https:\/\/www.blogsoestado.com\/danielmatos\/siga-antenado-globo-e-sbt-vao-desligar-o-sinal-na-antena-parabolica-analogica-saiba-quando\/#breadcrumb"},"inLanguage":"pt-BR","potentialAction":[{"@type":"ReadAction","target":["https:\/\/www.blogsoestado.com\/danielmatos\/siga-antenado-globo-e-sbt-vao-desligar-o-sinal-na-antena-parabolica-analogica-saiba-quando\/"]}]},{"@type":"ImageObject","inLanguage":"pt-BR","@id":"https:\/\/www.blogsoestado.com\/danielmatos\/siga-antenado-globo-e-sbt-vao-desligar-o-sinal-na-antena-parabolica-analogica-saiba-quando\/#primaryimage","url":"https:\/\/www.blogsoestado.com\/danielmatos\/files\/2024\/07\/Screenshot_20240725-1119432.png","contentUrl":"https:\/\/www.blogsoestado.com\/danielmatos\/files\/2024\/07\/Screenshot_20240725-1119432.png"},{"@type":"BreadcrumbList","@id":"https:\/\/www.blogsoestado.com\/danielmatos\/siga-antenado-globo-e-sbt-vao-desligar-o-sinal-na-antena-parabolica-analogica-saiba-quando\/#breadcrumb","itemListElement":[{"@type":"ListItem","position":1,"name":"In\u00edcio","item":"https:\/\/www.blogsoestado.com\/danielmatos\/"},{"@type":"ListItem","position":2,"name":"Siga Antenado: Globo e SBT v\u00e3o desligar o sinal na antena parab\u00f3lica anal\u00f3gica; saiba quando"}]},{"@type":"WebSite","@id":"https:\/\/www.blogsoestado.com\/danielmatos\/#website","url":"https:\/\/www.blogsoestado.com\/danielmatos\/","name":"Daniel Matos","description":"","potentialAction":[{"@type":"SearchAction","target":{"@type":"EntryPoint","urlTemplate":"https:\/\/www.blogsoestado.com\/danielmatos\/?s={search_term_string}"},"query-input":{"@type":"PropertyValueSpecification","valueRequired":true,"valueName":"search_term_string"}}],"inLanguage":"pt-BR"}]}},"jetpack_featured_media_url":"","_links":{"self":[{"href":"https:\/\/www.blogsoestado.com\/danielmatos\/wp-json\/wp\/v2\/posts\/129511","targetHints":{"allow":["GET"]}}],"collection":[{"href":"https:\/\/www.blogsoestado.com\/danielmatos\/wp-json\/wp\/v2\/posts"}],"about":[{"href":"https:\/\/www.blogsoestado.com\/danielmatos\/wp-json\/wp\/v2\/types\/post"}],"replies":[{"embeddable":true,"href":"https:\/\/www.blogsoestado.com\/danielmatos\/wp-json\/wp\/v2\/comments?post=129511"}],"version-history":[{"count":0,"href":"https:\/\/www.blogsoestado.com\/danielmatos\/wp-json\/wp\/v2\/posts\/129511\/revisions"}],"wp:attachment":[{"href":"https:\/\/www.blogsoestado.com\/danielmatos\/wp-json\/wp\/v2\/media?parent=129511"}],"wp:term":[{"taxonomy":"category","embeddable":true,"href":"https:\/\/www.blogsoestado.com\/danielmatos\/wp-json\/wp\/v2\/categories?post=129511"},{"taxonomy":"post_tag","embeddable":true,"href":"https:\/\/www.blogsoestado.com\/danielmatos\/wp-json\/wp\/v2\/tags?post=129511"}],"curies":[{"name":"wp","href":"https:\/\/api.w.org\/{rel}","templated":true}]}}