{"id":129515,"date":"2024-07-25T11:09:39","date_gmt":"2024-07-25T14:09:39","guid":{"rendered":"https:\/\/www.blogsoestado.com\/danielmatos\/?p=129515"},"modified":"2024-07-25T11:09:39","modified_gmt":"2024-07-25T14:09:39","slug":"filipe-goncalo-reune-pre-candidatos-a-vereador-do-pl-e-pmb-em-paco-do-lumiar","status":"publish","type":"post","link":"https:\/\/www.blogsoestado.com\/danielmatos\/filipe-goncalo-reune-pre-candidatos-a-vereador-do-pl-e-pmb-em-paco-do-lumiar\/","title":{"rendered":"Filipe Gon\u00e7alo re\u00fane pr\u00e9-candidatos a vereador do PL e PMB em Pa\u00e7o do Lumiar"},"content":{"rendered":"\n<div class=\"wp-block-image\"><figure class=\"aligncenter size-large\"><a href=\"https:\/\/www.blogsoestado.com\/danielmatos\/files\/2024\/07\/Screenshot_20240725-1127582.png\"><img decoding=\"async\" src=\"https:\/\/www.blogsoestado.com\/danielmatos\/files\/2024\/07\/Screenshot_20240725-1127582.png\" alt=\"\" class=\"wp-image-129522\"\/><\/a><figcaption>O encontro contou com a presen\u00e7a de cerca de 26 pr\u00e9-candidatos, que ratificaram apoio e empenho ao projeto encabe\u00e7ado por Filipe Gon\u00e7alo<\/figcaption><\/figure><\/div>\n\n\n\n<p>O Partido Mobiliza, liderado pelo pr\u00e9-candidato a prefeito de Pa\u00e7o do Lumiar Filipe Gon\u00e7alo, se reuniu, na noite desta quarta-feira (24), com os pr\u00e9-candidatos a vereador dos partidos aliados PMB \u2013 Partido da Mulher Brasileira e PL \u2013 Partido Liberal.<\/p>\n\n\n\n<p>O encontro contou com a presen\u00e7a de cerca de 26 pr\u00e9-candidatos, que ratificaram apoio e empenho ao projeto encabe\u00e7ado por Filipe Gon\u00e7alo, al\u00e9m do alinhamento visando a conven\u00e7\u00e3o municipal que vai homologar o nome do jovem m\u00e9dico como candidato a prefeito.<\/p>\n\n\n\n<p>\u2018\u2018Estamos contando com o apoio de cada um de voc\u00eas, vamos unir for\u00e7as e seguir empenhados, pois n\u00e3o ser\u00e1 uma tarefa f\u00e1cil, mas com as ben\u00e7\u00e3os de Deus e a dedica\u00e7\u00e3o de cada pr\u00e9-candidato teremos um resultado exitoso\u2019\u2019, frisou Filipe Gon\u00e7alo na oportunidade em que apresentou toda sua equipe de linha de frente.<\/p>\n\n\n\n<p>Na ocasi\u00e3o, os l\u00edderes dos partidos evidenciaram entusiasmo e destacaram o crescimento da pr\u00e9-candidatura de Filipe Gon\u00e7alo em todos os bairros de Pa\u00e7o do Lumiar.<\/p>\n\n\n\n<p>Participaram do encontro, a pr\u00e9-candidata a prefeita de Bacabeira, Naila Gon\u00e7alo, Dr. Elias Gon\u00e7alo e a ex-secret\u00e1ria municipal de Educa\u00e7\u00e3o, Ars\u00eania Formiga.<\/p>\n","protected":false},"excerpt":{"rendered":"<p>O Partido Mobiliza, liderado pelo pr\u00e9-candidato a prefeito de Pa\u00e7o do Lumiar Filipe Gon\u00e7alo, se reuniu, na noite desta quarta-feira [&hellip;]<\/p>\n","protected":false},"author":0,"featured_media":0,"comment_status":"open","ping_status":"open","sticky":false,"template":"","format":"standard","meta":{"site-sidebar-layout":"default","site-content-layout":"","ast-site-content-layout":"default","site-content-style":"default","site-sidebar-style":"default","ast-global-header-display":"","ast-banner-title-visibility":"","ast-main-header-display":"","ast-hfb-above-header-display":"","ast-hfb-below-header-display":"","ast-hfb-mobile-header-display":"","site-post-title":"","ast-breadcrumbs-content":"","ast-featured-img":"","footer-sml-layout":"","ast-disable-related-posts":"","theme-transparent-header-meta":"","adv-header-id-meta":"","stick-header-meta":"","header-above-stick-meta":"","header-main-stick-meta":"","header-below-stick-meta":"","astra-migrate-meta-layouts":"default","ast-page-background-enabled":"default","ast-page-background-meta":{"desktop":{"background-color":"var(--ast-global-color-5)","background-image":"","background-repeat":"repeat","background-position":"center center","background-size":"auto","background-attachment":"scroll","background-type":"","background-media":"","overlay-type":"","overlay-color":"","overlay-opacity":"","overlay-gradient":""},"tablet":{"background-color":"","background-image":"","background-repeat":"repeat","background-position":"center center","background-size":"auto","background-attachment":"scroll","background-type":"","background-media":"","overlay-type":"","overlay-color":"","overlay-opacity":"","overlay-gradient":""},"mobile":{"background-color":"","background-image":"","background-repeat":"repeat","background-position":"center center","background-size":"auto","background-attachment":"scroll","background-type":"","background-media":"","overlay-type":"","overlay-color":"","overlay-opacity":"","overlay-gradient":""}},"ast-content-background-meta":{"desktop":{"background-color":"var(--ast-global-color-4)","background-image":"","background-repeat":"repeat","background-position":"center center","background-size":"auto","background-attachment":"scroll","background-type":"","background-media":"","overlay-type":"","overlay-color":"","overlay-opacity":"","overlay-gradient":""},"tablet":{"background-color":"var(--ast-global-color-4)","background-image":"","background-repeat":"repeat","background-position":"center center","background-size":"auto","background-attachment":"scroll","background-type":"","background-media":"","overlay-type":"","overlay-color":"","overlay-opacity":"","overlay-gradient":""},"mobile":{"background-color":"var(--ast-global-color-4)","background-image":"","background-repeat":"repeat","background-position":"center center","background-size":"auto","background-attachment":"scroll","background-type":"","background-media":"","overlay-type":"","overlay-color":"","overlay-opacity":"","overlay-gradient":""}},"footnotes":""},"categories":[1],"tags":[],"class_list":["post-129515","post","type-post","status-publish","format-standard","hentry","category-sem-categoria"],"yoast_head":"<!-- This site is optimized with the Yoast SEO plugin v26.6 - https:\/\/yoast.com\/wordpress\/plugins\/seo\/ -->\n<title>Filipe Gon\u00e7alo re\u00fane pr\u00e9-candidatos a vereador do PL e PMB em Pa\u00e7o do Lumiar - Daniel Matos<\/title>\n<meta name=\"robots\" content=\"index, follow, max-snippet:-1, max-image-preview:large, max-video-preview:-1\" \/>\n<link rel=\"canonical\" href=\"https:\/\/www.blogsoestado.com\/danielmatos\/filipe-goncalo-reune-pre-candidatos-a-vereador-do-pl-e-pmb-em-paco-do-lumiar\/\" \/>\n<meta property=\"og:locale\" content=\"pt_BR\" \/>\n<meta property=\"og:type\" content=\"article\" \/>\n<meta property=\"og:title\" content=\"Filipe Gon\u00e7alo re\u00fane pr\u00e9-candidatos a vereador do PL e PMB em Pa\u00e7o do Lumiar - Daniel Matos\" \/>\n<meta property=\"og:description\" content=\"O Partido Mobiliza, liderado pelo pr\u00e9-candidato a prefeito de Pa\u00e7o do Lumiar Filipe Gon\u00e7alo, se reuniu, na noite desta quarta-feira [&hellip;]\" \/>\n<meta property=\"og:url\" content=\"https:\/\/www.blogsoestado.com\/danielmatos\/filipe-goncalo-reune-pre-candidatos-a-vereador-do-pl-e-pmb-em-paco-do-lumiar\/\" \/>\n<meta property=\"og:site_name\" content=\"Daniel Matos\" \/>\n<meta property=\"article:published_time\" content=\"2024-07-25T14:09:39+00:00\" \/>\n<meta property=\"og:image\" content=\"https:\/\/www.blogsoestado.com\/danielmatos\/files\/2024\/07\/Screenshot_20240725-1127582.png\" \/>\n<meta name=\"twitter:card\" content=\"summary_large_image\" \/>\n<meta name=\"twitter:label1\" content=\"Est. tempo de leitura\" \/>\n\t<meta name=\"twitter:data1\" content=\"2 minutos\" \/>\n<script type=\"application\/ld+json\" class=\"yoast-schema-graph\">{\"@context\":\"https:\/\/schema.org\",\"@graph\":[{\"@type\":\"WebPage\",\"@id\":\"https:\/\/www.blogsoestado.com\/danielmatos\/filipe-goncalo-reune-pre-candidatos-a-vereador-do-pl-e-pmb-em-paco-do-lumiar\/\",\"url\":\"https:\/\/www.blogsoestado.com\/danielmatos\/filipe-goncalo-reune-pre-candidatos-a-vereador-do-pl-e-pmb-em-paco-do-lumiar\/\",\"name\":\"Filipe Gon\u00e7alo re\u00fane pr\u00e9-candidatos a vereador do PL e PMB em Pa\u00e7o do Lumiar - Daniel Matos\",\"isPartOf\":{\"@id\":\"https:\/\/www.blogsoestado.com\/danielmatos\/#website\"},\"primaryImageOfPage\":{\"@id\":\"https:\/\/www.blogsoestado.com\/danielmatos\/filipe-goncalo-reune-pre-candidatos-a-vereador-do-pl-e-pmb-em-paco-do-lumiar\/#primaryimage\"},\"image\":{\"@id\":\"https:\/\/www.blogsoestado.com\/danielmatos\/filipe-goncalo-reune-pre-candidatos-a-vereador-do-pl-e-pmb-em-paco-do-lumiar\/#primaryimage\"},\"thumbnailUrl\":\"https:\/\/www.blogsoestado.com\/danielmatos\/files\/2024\/07\/Screenshot_20240725-1127582.png\",\"datePublished\":\"2024-07-25T14:09:39+00:00\",\"author\":{\"@id\":\"\"},\"breadcrumb\":{\"@id\":\"https:\/\/www.blogsoestado.com\/danielmatos\/filipe-goncalo-reune-pre-candidatos-a-vereador-do-pl-e-pmb-em-paco-do-lumiar\/#breadcrumb\"},\"inLanguage\":\"pt-BR\",\"potentialAction\":[{\"@type\":\"ReadAction\",\"target\":[\"https:\/\/www.blogsoestado.com\/danielmatos\/filipe-goncalo-reune-pre-candidatos-a-vereador-do-pl-e-pmb-em-paco-do-lumiar\/\"]}]},{\"@type\":\"ImageObject\",\"inLanguage\":\"pt-BR\",\"@id\":\"https:\/\/www.blogsoestado.com\/danielmatos\/filipe-goncalo-reune-pre-candidatos-a-vereador-do-pl-e-pmb-em-paco-do-lumiar\/#primaryimage\",\"url\":\"https:\/\/www.blogsoestado.com\/danielmatos\/files\/2024\/07\/Screenshot_20240725-1127582.png\",\"contentUrl\":\"https:\/\/www.blogsoestado.com\/danielmatos\/files\/2024\/07\/Screenshot_20240725-1127582.png\"},{\"@type\":\"BreadcrumbList\",\"@id\":\"https:\/\/www.blogsoestado.com\/danielmatos\/filipe-goncalo-reune-pre-candidatos-a-vereador-do-pl-e-pmb-em-paco-do-lumiar\/#breadcrumb\",\"itemListElement\":[{\"@type\":\"ListItem\",\"position\":1,\"name\":\"In\u00edcio\",\"item\":\"https:\/\/www.blogsoestado.com\/danielmatos\/\"},{\"@type\":\"ListItem\",\"position\":2,\"name\":\"Filipe Gon\u00e7alo re\u00fane pr\u00e9-candidatos a vereador do PL e PMB em Pa\u00e7o do Lumiar\"}]},{\"@type\":\"WebSite\",\"@id\":\"https:\/\/www.blogsoestado.com\/danielmatos\/#website\",\"url\":\"https:\/\/www.blogsoestado.com\/danielmatos\/\",\"name\":\"Daniel Matos\",\"description\":\"\",\"potentialAction\":[{\"@type\":\"SearchAction\",\"target\":{\"@type\":\"EntryPoint\",\"urlTemplate\":\"https:\/\/www.blogsoestado.com\/danielmatos\/?s={search_term_string}\"},\"query-input\":{\"@type\":\"PropertyValueSpecification\",\"valueRequired\":true,\"valueName\":\"search_term_string\"}}],\"inLanguage\":\"pt-BR\"}]}<\/script>\n<!-- \/ Yoast SEO plugin. -->","yoast_head_json":{"title":"Filipe Gon\u00e7alo re\u00fane pr\u00e9-candidatos a vereador do PL e PMB em Pa\u00e7o do Lumiar - Daniel Matos","robots":{"index":"index","follow":"follow","max-snippet":"max-snippet:-1","max-image-preview":"max-image-preview:large","max-video-preview":"max-video-preview:-1"},"canonical":"https:\/\/www.blogsoestado.com\/danielmatos\/filipe-goncalo-reune-pre-candidatos-a-vereador-do-pl-e-pmb-em-paco-do-lumiar\/","og_locale":"pt_BR","og_type":"article","og_title":"Filipe Gon\u00e7alo re\u00fane pr\u00e9-candidatos a vereador do PL e PMB em Pa\u00e7o do Lumiar - Daniel Matos","og_description":"O Partido Mobiliza, liderado pelo pr\u00e9-candidato a prefeito de Pa\u00e7o do Lumiar Filipe Gon\u00e7alo, se reuniu, na noite desta quarta-feira [&hellip;]","og_url":"https:\/\/www.blogsoestado.com\/danielmatos\/filipe-goncalo-reune-pre-candidatos-a-vereador-do-pl-e-pmb-em-paco-do-lumiar\/","og_site_name":"Daniel Matos","article_published_time":"2024-07-25T14:09:39+00:00","og_image":[{"url":"https:\/\/www.blogsoestado.com\/danielmatos\/files\/2024\/07\/Screenshot_20240725-1127582.png","type":"","width":"","height":""}],"twitter_card":"summary_large_image","twitter_misc":{"Est. tempo de leitura":"2 minutos"},"schema":{"@context":"https:\/\/schema.org","@graph":[{"@type":"WebPage","@id":"https:\/\/www.blogsoestado.com\/danielmatos\/filipe-goncalo-reune-pre-candidatos-a-vereador-do-pl-e-pmb-em-paco-do-lumiar\/","url":"https:\/\/www.blogsoestado.com\/danielmatos\/filipe-goncalo-reune-pre-candidatos-a-vereador-do-pl-e-pmb-em-paco-do-lumiar\/","name":"Filipe Gon\u00e7alo re\u00fane pr\u00e9-candidatos a vereador do PL e PMB em Pa\u00e7o do Lumiar - Daniel Matos","isPartOf":{"@id":"https:\/\/www.blogsoestado.com\/danielmatos\/#website"},"primaryImageOfPage":{"@id":"https:\/\/www.blogsoestado.com\/danielmatos\/filipe-goncalo-reune-pre-candidatos-a-vereador-do-pl-e-pmb-em-paco-do-lumiar\/#primaryimage"},"image":{"@id":"https:\/\/www.blogsoestado.com\/danielmatos\/filipe-goncalo-reune-pre-candidatos-a-vereador-do-pl-e-pmb-em-paco-do-lumiar\/#primaryimage"},"thumbnailUrl":"https:\/\/www.blogsoestado.com\/danielmatos\/files\/2024\/07\/Screenshot_20240725-1127582.png","datePublished":"2024-07-25T14:09:39+00:00","author":{"@id":""},"breadcrumb":{"@id":"https:\/\/www.blogsoestado.com\/danielmatos\/filipe-goncalo-reune-pre-candidatos-a-vereador-do-pl-e-pmb-em-paco-do-lumiar\/#breadcrumb"},"inLanguage":"pt-BR","potentialAction":[{"@type":"ReadAction","target":["https:\/\/www.blogsoestado.com\/danielmatos\/filipe-goncalo-reune-pre-candidatos-a-vereador-do-pl-e-pmb-em-paco-do-lumiar\/"]}]},{"@type":"ImageObject","inLanguage":"pt-BR","@id":"https:\/\/www.blogsoestado.com\/danielmatos\/filipe-goncalo-reune-pre-candidatos-a-vereador-do-pl-e-pmb-em-paco-do-lumiar\/#primaryimage","url":"https:\/\/www.blogsoestado.com\/danielmatos\/files\/2024\/07\/Screenshot_20240725-1127582.png","contentUrl":"https:\/\/www.blogsoestado.com\/danielmatos\/files\/2024\/07\/Screenshot_20240725-1127582.png"},{"@type":"BreadcrumbList","@id":"https:\/\/www.blogsoestado.com\/danielmatos\/filipe-goncalo-reune-pre-candidatos-a-vereador-do-pl-e-pmb-em-paco-do-lumiar\/#breadcrumb","itemListElement":[{"@type":"ListItem","position":1,"name":"In\u00edcio","item":"https:\/\/www.blogsoestado.com\/danielmatos\/"},{"@type":"ListItem","position":2,"name":"Filipe Gon\u00e7alo re\u00fane pr\u00e9-candidatos a vereador do PL e PMB em Pa\u00e7o do Lumiar"}]},{"@type":"WebSite","@id":"https:\/\/www.blogsoestado.com\/danielmatos\/#website","url":"https:\/\/www.blogsoestado.com\/danielmatos\/","name":"Daniel Matos","description":"","potentialAction":[{"@type":"SearchAction","target":{"@type":"EntryPoint","urlTemplate":"https:\/\/www.blogsoestado.com\/danielmatos\/?s={search_term_string}"},"query-input":{"@type":"PropertyValueSpecification","valueRequired":true,"valueName":"search_term_string"}}],"inLanguage":"pt-BR"}]}},"jetpack_featured_media_url":"","_links":{"self":[{"href":"https:\/\/www.blogsoestado.com\/danielmatos\/wp-json\/wp\/v2\/posts\/129515","targetHints":{"allow":["GET"]}}],"collection":[{"href":"https:\/\/www.blogsoestado.com\/danielmatos\/wp-json\/wp\/v2\/posts"}],"about":[{"href":"https:\/\/www.blogsoestado.com\/danielmatos\/wp-json\/wp\/v2\/types\/post"}],"replies":[{"embeddable":true,"href":"https:\/\/www.blogsoestado.com\/danielmatos\/wp-json\/wp\/v2\/comments?post=129515"}],"version-history":[{"count":0,"href":"https:\/\/www.blogsoestado.com\/danielmatos\/wp-json\/wp\/v2\/posts\/129515\/revisions"}],"wp:attachment":[{"href":"https:\/\/www.blogsoestado.com\/danielmatos\/wp-json\/wp\/v2\/media?parent=129515"}],"wp:term":[{"taxonomy":"category","embeddable":true,"href":"https:\/\/www.blogsoestado.com\/danielmatos\/wp-json\/wp\/v2\/categories?post=129515"},{"taxonomy":"post_tag","embeddable":true,"href":"https:\/\/www.blogsoestado.com\/danielmatos\/wp-json\/wp\/v2\/tags?post=129515"}],"curies":[{"name":"wp","href":"https:\/\/api.w.org\/{rel}","templated":true}]}}