{"id":129534,"date":"2024-07-25T14:20:47","date_gmt":"2024-07-25T17:20:47","guid":{"rendered":"https:\/\/www.blogsoestado.com\/danielmatos\/?p=129534"},"modified":"2024-07-25T14:20:47","modified_gmt":"2024-07-25T17:20:47","slug":"justica-condena-meta-a-desbloquear-whatsapp-de-advogada-de-sao-luis-e-a-indeniza-la-em-r-2-mil","status":"publish","type":"post","link":"https:\/\/www.blogsoestado.com\/danielmatos\/justica-condena-meta-a-desbloquear-whatsapp-de-advogada-de-sao-luis-e-a-indeniza-la-em-r-2-mil\/","title":{"rendered":"Justi\u00e7a condena Meta a desbloquear WhatsApp de advogada de S\u00e3o Lu\u00eds e a indeniz\u00e1-la em R$ 2 mil"},"content":{"rendered":"\n<div class=\"wp-block-image\"><figure class=\"aligncenter size-large\"><a href=\"https:\/\/www.blogsoestado.com\/danielmatos\/files\/2024\/07\/ilustracao-CGJ.png\"><img decoding=\"async\" src=\"https:\/\/www.blogsoestado.com\/danielmatos\/files\/2024\/07\/ilustracao-CGJ.png\" alt=\"\" class=\"wp-image-129535\"\/><\/a><\/figure><\/div>\n\n\n\n<p>A empresa Meta, detentora do Facebook, Instagram e Whatsapp, foi condenada em senten\u00e7a proferida no 4\u00ba\u00a0Juizado Especial C\u00edvel e das Rela\u00e7\u00f5es de Consumo de S\u00e3o Lu\u00eds. No caso espec\u00edfico do processo, ainda com o nome social de Facebook do Brasil Servi\u00e7os Online LTDA, a Meta dever\u00e1, al\u00e9m de restabelecer o whatsapp (aplicativo de mensagens) da autora, proceder ao pagamento de 2 mil reais \u00e0 mulher, a t\u00edtulo de danos morais. Na a\u00e7\u00e3o, a autora relatou que \u00e9 advogada e que faz uso da ferramenta de comunica\u00e7\u00e3o whatsapp como instrumento de trabalho de definitiva import\u00e2ncia na sua rotina profissional.<\/p>\n\n\n\n<p>Afirmou que, em 19 de maio deste ano, perdeu acesso \u00e0 sua conta de Whatsapp do n\u00famero, em virtude de ter supostamente enviado spam (utiliza\u00e7\u00e3o de meios eletr\u00f4nicos para enviar mensagens que n\u00e3o foram solicitadas), sem qualquer aviso ou justificativa por parte do aplicativo. Declarou que n\u00e3o violou os termos de uso. Assim, entrou na Justi\u00e7a requerendo &nbsp;o restabelecimento imediato das contas do aplicativo WhatsApp, bem como lucros cessantes em raz\u00e3o da perda de faturamento e, ainda, indeniza\u00e7\u00e3o por danos morais. Em contesta\u00e7\u00e3o, a demandada t\u00e3o somente pediu pela improced\u00eancia dos pedidos.<\/p>\n\n\n\n<p>Como de praxe, o Judici\u00e1rio realizou uma audi\u00eancia com o objetivo de promover uma concilia\u00e7\u00e3o entre as partes, mas n\u00e3o obteve \u00eaxito. \u201cCaracterizada a rela\u00e7\u00e3o de consumo entre a demandante e a demandada (\u2026) Com efeito, \u00e9 aplic\u00e1vel a invers\u00e3o do dever de provar pretendida pela reclamante, de acordo com o artigo 6\u00ba do C\u00f3digo de Defesa do Consumidor, o CDC (\u2026) Deve ser concedida a facilita\u00e7\u00e3o de sua defesa, uma vez que a consumidora, ora reclamante, \u00e9 reconhecidamente mais vulner\u00e1vel diante da empresa reclamada\u201d, pontuou o juiz Licar Pereira na senten\u00e7a.<\/p>\n\n\n\n<p><strong>BLOQUEIO UNILATERAL<\/strong><\/p>\n\n\n\n<p>Para a Justi\u00e7a, a requerida n\u00e3o comprovou qualquer motiva\u00e7\u00e3o para o bloqueio da conta da requerente. A autora fez prova de que houve o bloqueio unilateral de sua conta do whatsapp sem motivo aparente, conforme \u201cprint\u201d de tela anexado ao processo. \u201cA requerida, al\u00e9m de n\u00e3o restabelecer a conta da autora, n\u00e3o deu nenhuma informa\u00e7\u00e3o sobre o feito, n\u00e3o havendo no processo qualquer demonstra\u00e7\u00e3o de viola\u00e7\u00e3o dos termos de uso da plataforma, em respeito \u00e0s diretrizes do CDC, onde estabelece que o consumidor tem direito a informa\u00e7\u00e3o adequada e clara sobre os diferentes produtos servi\u00e7os e pre\u00e7os\u201d, entendeu o magistrado.<\/p>\n\n\n\n<p>Por fim, o juiz observou que o bloqueio indevido das redes sociais, sem motivo aparente, gera direito a reativa\u00e7\u00e3o da conta, bem como ao pagamento de indeniza\u00e7\u00e3o por danos morais. \u201cNo caso em tela, os danos morais foram demonstrados, visto a not\u00f3ria viola\u00e7\u00e3o ao direito da personalidade da parte autora, a partir do momento em que teve sua conta bloqueada e mesmo diante de tentativa de solu\u00e7\u00e3o administrativa da demandante, a requerida nada fez\u201d, concluiu.<\/p>\n","protected":false},"excerpt":{"rendered":"<p>A empresa Meta, detentora do Facebook, Instagram e Whatsapp, foi condenada em senten\u00e7a proferida no 4\u00ba\u00a0Juizado Especial C\u00edvel e das [&hellip;]<\/p>\n","protected":false},"author":0,"featured_media":0,"comment_status":"open","ping_status":"open","sticky":false,"template":"","format":"standard","meta":{"site-sidebar-layout":"default","site-content-layout":"","ast-site-content-layout":"default","site-content-style":"default","site-sidebar-style":"default","ast-global-header-display":"","ast-banner-title-visibility":"","ast-main-header-display":"","ast-hfb-above-header-display":"","ast-hfb-below-header-display":"","ast-hfb-mobile-header-display":"","site-post-title":"","ast-breadcrumbs-content":"","ast-featured-img":"","footer-sml-layout":"","ast-disable-related-posts":"","theme-transparent-header-meta":"","adv-header-id-meta":"","stick-header-meta":"","header-above-stick-meta":"","header-main-stick-meta":"","header-below-stick-meta":"","astra-migrate-meta-layouts":"default","ast-page-background-enabled":"default","ast-page-background-meta":{"desktop":{"background-color":"var(--ast-global-color-5)","background-image":"","background-repeat":"repeat","background-position":"center center","background-size":"auto","background-attachment":"scroll","background-type":"","background-media":"","overlay-type":"","overlay-color":"","overlay-opacity":"","overlay-gradient":""},"tablet":{"background-color":"","background-image":"","background-repeat":"repeat","background-position":"center center","background-size":"auto","background-attachment":"scroll","background-type":"","background-media":"","overlay-type":"","overlay-color":"","overlay-opacity":"","overlay-gradient":""},"mobile":{"background-color":"","background-image":"","background-repeat":"repeat","background-position":"center center","background-size":"auto","background-attachment":"scroll","background-type":"","background-media":"","overlay-type":"","overlay-color":"","overlay-opacity":"","overlay-gradient":""}},"ast-content-background-meta":{"desktop":{"background-color":"var(--ast-global-color-4)","background-image":"","background-repeat":"repeat","background-position":"center center","background-size":"auto","background-attachment":"scroll","background-type":"","background-media":"","overlay-type":"","overlay-color":"","overlay-opacity":"","overlay-gradient":""},"tablet":{"background-color":"var(--ast-global-color-4)","background-image":"","background-repeat":"repeat","background-position":"center center","background-size":"auto","background-attachment":"scroll","background-type":"","background-media":"","overlay-type":"","overlay-color":"","overlay-opacity":"","overlay-gradient":""},"mobile":{"background-color":"var(--ast-global-color-4)","background-image":"","background-repeat":"repeat","background-position":"center center","background-size":"auto","background-attachment":"scroll","background-type":"","background-media":"","overlay-type":"","overlay-color":"","overlay-opacity":"","overlay-gradient":""}},"footnotes":""},"categories":[1],"tags":[],"class_list":["post-129534","post","type-post","status-publish","format-standard","hentry","category-sem-categoria"],"yoast_head":"<!-- This site is optimized with the Yoast SEO plugin v26.6 - https:\/\/yoast.com\/wordpress\/plugins\/seo\/ -->\n<title>Justi\u00e7a condena Meta a desbloquear WhatsApp de advogada de S\u00e3o Lu\u00eds e a indeniz\u00e1-la em R$ 2 mil - Daniel Matos<\/title>\n<meta name=\"robots\" content=\"index, follow, max-snippet:-1, max-image-preview:large, max-video-preview:-1\" \/>\n<link rel=\"canonical\" href=\"https:\/\/www.blogsoestado.com\/danielmatos\/justica-condena-meta-a-desbloquear-whatsapp-de-advogada-de-sao-luis-e-a-indeniza-la-em-r-2-mil\/\" \/>\n<meta property=\"og:locale\" content=\"pt_BR\" \/>\n<meta property=\"og:type\" content=\"article\" \/>\n<meta property=\"og:title\" content=\"Justi\u00e7a condena Meta a desbloquear WhatsApp de advogada de S\u00e3o Lu\u00eds e a indeniz\u00e1-la em R$ 2 mil - Daniel Matos\" \/>\n<meta property=\"og:description\" content=\"A empresa Meta, detentora do Facebook, Instagram e Whatsapp, foi condenada em senten\u00e7a proferida no 4\u00ba\u00a0Juizado Especial C\u00edvel e das [&hellip;]\" \/>\n<meta property=\"og:url\" content=\"https:\/\/www.blogsoestado.com\/danielmatos\/justica-condena-meta-a-desbloquear-whatsapp-de-advogada-de-sao-luis-e-a-indeniza-la-em-r-2-mil\/\" \/>\n<meta property=\"og:site_name\" content=\"Daniel Matos\" \/>\n<meta property=\"article:published_time\" content=\"2024-07-25T17:20:47+00:00\" \/>\n<meta property=\"og:image\" content=\"https:\/\/www.blogsoestado.com\/danielmatos\/files\/2024\/07\/ilustracao-CGJ.png\" \/>\n<meta name=\"twitter:card\" content=\"summary_large_image\" \/>\n<meta name=\"twitter:label1\" content=\"Est. tempo de leitura\" \/>\n\t<meta name=\"twitter:data1\" content=\"3 minutos\" \/>\n<script type=\"application\/ld+json\" class=\"yoast-schema-graph\">{\"@context\":\"https:\/\/schema.org\",\"@graph\":[{\"@type\":\"WebPage\",\"@id\":\"https:\/\/www.blogsoestado.com\/danielmatos\/justica-condena-meta-a-desbloquear-whatsapp-de-advogada-de-sao-luis-e-a-indeniza-la-em-r-2-mil\/\",\"url\":\"https:\/\/www.blogsoestado.com\/danielmatos\/justica-condena-meta-a-desbloquear-whatsapp-de-advogada-de-sao-luis-e-a-indeniza-la-em-r-2-mil\/\",\"name\":\"Justi\u00e7a condena Meta a desbloquear WhatsApp de advogada de S\u00e3o Lu\u00eds e a indeniz\u00e1-la em R$ 2 mil - Daniel Matos\",\"isPartOf\":{\"@id\":\"https:\/\/www.blogsoestado.com\/danielmatos\/#website\"},\"primaryImageOfPage\":{\"@id\":\"https:\/\/www.blogsoestado.com\/danielmatos\/justica-condena-meta-a-desbloquear-whatsapp-de-advogada-de-sao-luis-e-a-indeniza-la-em-r-2-mil\/#primaryimage\"},\"image\":{\"@id\":\"https:\/\/www.blogsoestado.com\/danielmatos\/justica-condena-meta-a-desbloquear-whatsapp-de-advogada-de-sao-luis-e-a-indeniza-la-em-r-2-mil\/#primaryimage\"},\"thumbnailUrl\":\"https:\/\/www.blogsoestado.com\/danielmatos\/files\/2024\/07\/ilustracao-CGJ.png\",\"datePublished\":\"2024-07-25T17:20:47+00:00\",\"author\":{\"@id\":\"\"},\"breadcrumb\":{\"@id\":\"https:\/\/www.blogsoestado.com\/danielmatos\/justica-condena-meta-a-desbloquear-whatsapp-de-advogada-de-sao-luis-e-a-indeniza-la-em-r-2-mil\/#breadcrumb\"},\"inLanguage\":\"pt-BR\",\"potentialAction\":[{\"@type\":\"ReadAction\",\"target\":[\"https:\/\/www.blogsoestado.com\/danielmatos\/justica-condena-meta-a-desbloquear-whatsapp-de-advogada-de-sao-luis-e-a-indeniza-la-em-r-2-mil\/\"]}]},{\"@type\":\"ImageObject\",\"inLanguage\":\"pt-BR\",\"@id\":\"https:\/\/www.blogsoestado.com\/danielmatos\/justica-condena-meta-a-desbloquear-whatsapp-de-advogada-de-sao-luis-e-a-indeniza-la-em-r-2-mil\/#primaryimage\",\"url\":\"https:\/\/www.blogsoestado.com\/danielmatos\/files\/2024\/07\/ilustracao-CGJ.png\",\"contentUrl\":\"https:\/\/www.blogsoestado.com\/danielmatos\/files\/2024\/07\/ilustracao-CGJ.png\"},{\"@type\":\"BreadcrumbList\",\"@id\":\"https:\/\/www.blogsoestado.com\/danielmatos\/justica-condena-meta-a-desbloquear-whatsapp-de-advogada-de-sao-luis-e-a-indeniza-la-em-r-2-mil\/#breadcrumb\",\"itemListElement\":[{\"@type\":\"ListItem\",\"position\":1,\"name\":\"In\u00edcio\",\"item\":\"https:\/\/www.blogsoestado.com\/danielmatos\/\"},{\"@type\":\"ListItem\",\"position\":2,\"name\":\"Justi\u00e7a condena Meta a desbloquear WhatsApp de advogada de S\u00e3o Lu\u00eds e a indeniz\u00e1-la em R$ 2 mil\"}]},{\"@type\":\"WebSite\",\"@id\":\"https:\/\/www.blogsoestado.com\/danielmatos\/#website\",\"url\":\"https:\/\/www.blogsoestado.com\/danielmatos\/\",\"name\":\"Daniel Matos\",\"description\":\"\",\"potentialAction\":[{\"@type\":\"SearchAction\",\"target\":{\"@type\":\"EntryPoint\",\"urlTemplate\":\"https:\/\/www.blogsoestado.com\/danielmatos\/?s={search_term_string}\"},\"query-input\":{\"@type\":\"PropertyValueSpecification\",\"valueRequired\":true,\"valueName\":\"search_term_string\"}}],\"inLanguage\":\"pt-BR\"}]}<\/script>\n<!-- \/ Yoast SEO plugin. -->","yoast_head_json":{"title":"Justi\u00e7a condena Meta a desbloquear WhatsApp de advogada de S\u00e3o Lu\u00eds e a indeniz\u00e1-la em R$ 2 mil - Daniel Matos","robots":{"index":"index","follow":"follow","max-snippet":"max-snippet:-1","max-image-preview":"max-image-preview:large","max-video-preview":"max-video-preview:-1"},"canonical":"https:\/\/www.blogsoestado.com\/danielmatos\/justica-condena-meta-a-desbloquear-whatsapp-de-advogada-de-sao-luis-e-a-indeniza-la-em-r-2-mil\/","og_locale":"pt_BR","og_type":"article","og_title":"Justi\u00e7a condena Meta a desbloquear WhatsApp de advogada de S\u00e3o Lu\u00eds e a indeniz\u00e1-la em R$ 2 mil - Daniel Matos","og_description":"A empresa Meta, detentora do Facebook, Instagram e Whatsapp, foi condenada em senten\u00e7a proferida no 4\u00ba\u00a0Juizado Especial C\u00edvel e das [&hellip;]","og_url":"https:\/\/www.blogsoestado.com\/danielmatos\/justica-condena-meta-a-desbloquear-whatsapp-de-advogada-de-sao-luis-e-a-indeniza-la-em-r-2-mil\/","og_site_name":"Daniel Matos","article_published_time":"2024-07-25T17:20:47+00:00","og_image":[{"url":"https:\/\/www.blogsoestado.com\/danielmatos\/files\/2024\/07\/ilustracao-CGJ.png","type":"","width":"","height":""}],"twitter_card":"summary_large_image","twitter_misc":{"Est. tempo de leitura":"3 minutos"},"schema":{"@context":"https:\/\/schema.org","@graph":[{"@type":"WebPage","@id":"https:\/\/www.blogsoestado.com\/danielmatos\/justica-condena-meta-a-desbloquear-whatsapp-de-advogada-de-sao-luis-e-a-indeniza-la-em-r-2-mil\/","url":"https:\/\/www.blogsoestado.com\/danielmatos\/justica-condena-meta-a-desbloquear-whatsapp-de-advogada-de-sao-luis-e-a-indeniza-la-em-r-2-mil\/","name":"Justi\u00e7a condena Meta a desbloquear WhatsApp de advogada de S\u00e3o Lu\u00eds e a indeniz\u00e1-la em R$ 2 mil - Daniel Matos","isPartOf":{"@id":"https:\/\/www.blogsoestado.com\/danielmatos\/#website"},"primaryImageOfPage":{"@id":"https:\/\/www.blogsoestado.com\/danielmatos\/justica-condena-meta-a-desbloquear-whatsapp-de-advogada-de-sao-luis-e-a-indeniza-la-em-r-2-mil\/#primaryimage"},"image":{"@id":"https:\/\/www.blogsoestado.com\/danielmatos\/justica-condena-meta-a-desbloquear-whatsapp-de-advogada-de-sao-luis-e-a-indeniza-la-em-r-2-mil\/#primaryimage"},"thumbnailUrl":"https:\/\/www.blogsoestado.com\/danielmatos\/files\/2024\/07\/ilustracao-CGJ.png","datePublished":"2024-07-25T17:20:47+00:00","author":{"@id":""},"breadcrumb":{"@id":"https:\/\/www.blogsoestado.com\/danielmatos\/justica-condena-meta-a-desbloquear-whatsapp-de-advogada-de-sao-luis-e-a-indeniza-la-em-r-2-mil\/#breadcrumb"},"inLanguage":"pt-BR","potentialAction":[{"@type":"ReadAction","target":["https:\/\/www.blogsoestado.com\/danielmatos\/justica-condena-meta-a-desbloquear-whatsapp-de-advogada-de-sao-luis-e-a-indeniza-la-em-r-2-mil\/"]}]},{"@type":"ImageObject","inLanguage":"pt-BR","@id":"https:\/\/www.blogsoestado.com\/danielmatos\/justica-condena-meta-a-desbloquear-whatsapp-de-advogada-de-sao-luis-e-a-indeniza-la-em-r-2-mil\/#primaryimage","url":"https:\/\/www.blogsoestado.com\/danielmatos\/files\/2024\/07\/ilustracao-CGJ.png","contentUrl":"https:\/\/www.blogsoestado.com\/danielmatos\/files\/2024\/07\/ilustracao-CGJ.png"},{"@type":"BreadcrumbList","@id":"https:\/\/www.blogsoestado.com\/danielmatos\/justica-condena-meta-a-desbloquear-whatsapp-de-advogada-de-sao-luis-e-a-indeniza-la-em-r-2-mil\/#breadcrumb","itemListElement":[{"@type":"ListItem","position":1,"name":"In\u00edcio","item":"https:\/\/www.blogsoestado.com\/danielmatos\/"},{"@type":"ListItem","position":2,"name":"Justi\u00e7a condena Meta a desbloquear WhatsApp de advogada de S\u00e3o Lu\u00eds e a indeniz\u00e1-la em R$ 2 mil"}]},{"@type":"WebSite","@id":"https:\/\/www.blogsoestado.com\/danielmatos\/#website","url":"https:\/\/www.blogsoestado.com\/danielmatos\/","name":"Daniel Matos","description":"","potentialAction":[{"@type":"SearchAction","target":{"@type":"EntryPoint","urlTemplate":"https:\/\/www.blogsoestado.com\/danielmatos\/?s={search_term_string}"},"query-input":{"@type":"PropertyValueSpecification","valueRequired":true,"valueName":"search_term_string"}}],"inLanguage":"pt-BR"}]}},"jetpack_featured_media_url":"","_links":{"self":[{"href":"https:\/\/www.blogsoestado.com\/danielmatos\/wp-json\/wp\/v2\/posts\/129534","targetHints":{"allow":["GET"]}}],"collection":[{"href":"https:\/\/www.blogsoestado.com\/danielmatos\/wp-json\/wp\/v2\/posts"}],"about":[{"href":"https:\/\/www.blogsoestado.com\/danielmatos\/wp-json\/wp\/v2\/types\/post"}],"replies":[{"embeddable":true,"href":"https:\/\/www.blogsoestado.com\/danielmatos\/wp-json\/wp\/v2\/comments?post=129534"}],"version-history":[{"count":0,"href":"https:\/\/www.blogsoestado.com\/danielmatos\/wp-json\/wp\/v2\/posts\/129534\/revisions"}],"wp:attachment":[{"href":"https:\/\/www.blogsoestado.com\/danielmatos\/wp-json\/wp\/v2\/media?parent=129534"}],"wp:term":[{"taxonomy":"category","embeddable":true,"href":"https:\/\/www.blogsoestado.com\/danielmatos\/wp-json\/wp\/v2\/categories?post=129534"},{"taxonomy":"post_tag","embeddable":true,"href":"https:\/\/www.blogsoestado.com\/danielmatos\/wp-json\/wp\/v2\/tags?post=129534"}],"curies":[{"name":"wp","href":"https:\/\/api.w.org\/{rel}","templated":true}]}}