{"id":129537,"date":"2024-07-25T15:17:11","date_gmt":"2024-07-25T18:17:11","guid":{"rendered":"https:\/\/www.blogsoestado.com\/danielmatos\/?p=129537"},"modified":"2024-07-25T15:17:11","modified_gmt":"2024-07-25T18:17:11","slug":"cultura-e-artesanato-maranhense-em-destaque-em-evento-organizado-pelo-sebrae-no-rio-de-janeiro","status":"publish","type":"post","link":"https:\/\/www.blogsoestado.com\/danielmatos\/cultura-e-artesanato-maranhense-em-destaque-em-evento-organizado-pelo-sebrae-no-rio-de-janeiro\/","title":{"rendered":"Cultura e artesanato maranhense em destaque em evento organizado pelo Sebrae no Rio de Janeiro"},"content":{"rendered":"\n<p><em><strong><span class=\"has-inline-color has-vivid-red-color\">Boi de Morros, Cacuri\u00e1 e Tambor de Crioula do Laborarte, artesanato e empreendedores marcam presen\u00e7a na Pra\u00e7a Tiradentes, em programa\u00e7\u00e3o gratuita<\/span><\/strong><\/em> <\/p>\n\n\n\n<div class=\"wp-block-image\"><figure class=\"aligncenter size-large\"><a href=\"https:\/\/www.blogsoestado.com\/danielmatos\/files\/2024\/07\/Screenshot_20240725-1531072.png\"><img decoding=\"async\" src=\"https:\/\/www.blogsoestado.com\/danielmatos\/files\/2024\/07\/Screenshot_20240725-1531072.png\" alt=\"\" class=\"wp-image-129546\"\/><\/a><figcaption><em>Tiradentes Julina ter\u00e1 atrativos do Maranh\u00e3o, Cear\u00e1 e Para\u00edba e da cidade anfitri\u00e3, o Rio de Janeiro. (Acervo CRAB Sebrae)<\/em><\/figcaption><\/figure><\/div>\n\n\n\n<p>Cores e sotaques, arte e empreendedorismo, artesanato e a cultura popular do Maranh\u00e3o enchem de brilho a Pra\u00e7a Tiradentes, no centro do Rio de Janeiro, no evento Tiradentes Julina, programado para esta sexta e s\u00e1bado, 26 (de 16 \u00e0s 22h) e 27 de julho (das 10h \u00e0s 22h).&nbsp;<\/p>\n\n\n\n<p>Organizado pelo Sebrae, por meio do Centro de Refer\u00eancia do Artesanato Brasileiro \u2013 CRAB, o evento \u00e9 uma ocupa\u00e7\u00e3o art\u00edstico-cultural abrigada em um dos mais tradicionais redutos do centro antigo da Cidade Maravilhosa.<\/p>\n\n\n\n<p>Durante dois dias, grupos art\u00edsticos, representa\u00e7\u00f5es do artesanato e variadas atra\u00e7\u00f5es se revezam em uma programa\u00e7\u00e3o que inclui barraquinhas para a venda de produtos artesanais e comidas t\u00edpicas, apresenta\u00e7\u00f5es de cordelistas, quadrilhas, dan\u00e7as t\u00edpicas regionais, desfile de moda, al\u00e9m de brincadeiras, evidenciando a pot\u00eancia cultural dos estados do Maranh\u00e3o, Cear\u00e1, Para\u00edba e do Rio de Janeiro.<\/p>\n\n\n\n<div class=\"wp-block-image\"><figure class=\"aligncenter size-large\"><a href=\"https:\/\/www.blogsoestado.com\/danielmatos\/files\/2024\/07\/Screenshot_20240725-1532522.png\"><img decoding=\"async\" src=\"https:\/\/www.blogsoestado.com\/danielmatos\/files\/2024\/07\/Screenshot_20240725-1532522.png\" alt=\"\" class=\"wp-image-129548\"\/><\/a><figcaption><em>Pra\u00e7a Tiradentes, no Rio de Janeiro, se prepara para evento que ter\u00e1 cores e sabores do S\u00e3o Jo\u00e3o. (Acervo CRAB Sebrae)<\/em><\/figcaption><\/figure><\/div>\n\n\n\n<p>Hilden\u00ea Maia, gerente de Territ\u00f3rios Empreendedores do Sebrae no Maranh\u00e3o, avalia que se trata de um momento importante para o estado, ao enfatizar produtos culturais e o empreendedorismo criativo local. \u201cEstamos levando para o Rio de Janeiro uma mostra do melhor da nossa cultura, em uma programa\u00e7\u00e3o organizada pelo CRAB, que valoriza a integra\u00e7\u00e3o com a cidade do Rio, com maranhenses radicados na capital fluminense e seus moradores, em que se destaca toda a diversidade da arte e cultura do Maranh\u00e3o\u201d, explicou ela.&nbsp;&nbsp;<\/p>\n\n\n\n<p><strong>Programa\u00e7\u00e3o diversificada e atrativa<\/strong><\/p>\n\n\n\n<p>Idealizado pelo CRAB, o evento tem parceria do Sebrae Rio e das unidades do Sebrae nos tr\u00eas estados. A programa\u00e7\u00e3o contempla atra\u00e7\u00f5es variadas. Do Maranh\u00e3o, marcam presen\u00e7a o bumba meu boi de Morros, o Cacuri\u00e1 e Tambor de Crioula do Laborarte e, ainda, duas artes\u00e3s.&nbsp;<\/p>\n\n\n\n<p>De Barreirinhas, na regi\u00e3o de Len\u00e7\u00f3is, a artes\u00e3 Ant\u00f4nia Vieira leva produtos de Fibra de Buriti, feito por grupos de artes\u00e3os dos munic\u00edpios de Tut\u00f3ia, Paulino Neves e de seu munic\u00edpio de origem, com destaque para bolsas, sousplats, caminhos de mesa e chap\u00e9us. E, de S\u00e3o Lu\u00eds, Rosi Bastos, da Rosi Aquarelas, com azulejaria, aquarelas, itens de papelaria com a iconografia t\u00edpica do Maranh\u00e3o, canecas e artigos variados. Tamb\u00e9m participa do evento, a empreendedora Ana Izabel Fernandes, com uma mostra de semijoias da Ana Izabel Conceito, inspirada nas rendas da Raposa.\u00a0<\/p>\n\n\n\n<div class=\"wp-block-image\"><figure class=\"aligncenter size-large\"><a href=\"https:\/\/www.blogsoestado.com\/danielmatos\/files\/2024\/07\/Screenshot_20240725-1534292.png\"><img decoding=\"async\" src=\"https:\/\/www.blogsoestado.com\/danielmatos\/files\/2024\/07\/Screenshot_20240725-1534292.png\" alt=\"\" class=\"wp-image-129549\"\/><\/a><figcaption><em>Sensualidade e vigor do Cacuri\u00e1 do Laborarte estar\u00e3o na festa \u201cjulina\u201d do CRAB Sebrae. (Divulga\u00e7\u00e3o)<\/em><\/figcaption><\/figure><\/div>\n\n\n\n<p>Na programa\u00e7\u00e3o dos demais estados participantes, a Para\u00edba apresenta o Xaxado, Ciranda, Coco de Roda, Trio P\u00e9 de Serra, Isaias do Pandeiro, o cordelista Merl\u00e2nio Maia e a Orquestra Sanf\u00f4nica Balaio Nordeste, al\u00e9m de expor e vender seu artesanato t\u00edpico em madeira, couro, cer\u00e2mica e acess\u00f3rios. J\u00e1 o Cear\u00e1 ter\u00e1 como atra\u00e7\u00e3o repentistas e cordelistas. E o Rio de Janeiro, apresentar\u00e1 a tradicional quadrilha junina do estado.<\/p>\n\n\n\n<p>\u201cEstamos levando a cultura do Maranh\u00e3o para a Pra\u00e7a Tiradentes, fortalecendo o empreendedor da economia criativa e o artesanato, mas, principalmente, valorizando a cultura do estado e do Nordeste, com manifesta\u00e7\u00f5es e express\u00f5es art\u00edsticas t\u00edpicas do per\u00edodo junino, que convidam a compartilhar alegria e a beleza da arte feita por nossa gente, sendo mostrada em um estado, onde a cultura tem for\u00e7a e representatividade, como \u00e9 o Rio de Janeiro\u201d, frisa o diretor T\u00e9cnico do Sebrae no Maranh\u00e3o, Mauro Borralho.&nbsp;<\/p>\n\n\n\n<p>A a\u00e7\u00e3o tamb\u00e9m contribui para promover a cultura nordestina e com a preserva\u00e7\u00e3o das tradi\u00e7\u00f5es regionais do pa\u00eds. Em dezembro do ano passado, o CRAB realizou o Natal na Tiradentes, primeira ocupa\u00e7\u00e3o do tipo, que atraiu cerca de 7 mil pessoas em dois dias de evento.<\/p>\n\n\n\n<div class=\"wp-block-image\"><figure class=\"aligncenter size-large\"><a href=\"https:\/\/www.blogsoestado.com\/danielmatos\/files\/2024\/07\/Screenshot_20240725-1536032.png\"><img decoding=\"async\" src=\"https:\/\/www.blogsoestado.com\/danielmatos\/files\/2024\/07\/Screenshot_20240725-1536032.png\" alt=\"\" class=\"wp-image-129550\"\/><\/a><figcaption><em>Bumba meu boi de Morros far\u00e1 apresenta\u00e7\u00e3o especial na Tiradentes Julina, no Rio de Janeiro. (Divulga\u00e7\u00e3o)<\/em><\/figcaption><\/figure><\/div>\n\n\n\n<p>\u201cAo oferecer um evento gratuito desse porte na Tiradentes, aumentamos a oferta de programas culturais para a popula\u00e7\u00e3o e, ao mesmo tempo, divulgamos um importante territ\u00f3rio criativo no corredor cultural do Rio de Janeiro, apoiando assim a revitaliza\u00e7\u00e3o da regi\u00e3o\u201d, afirma Ana Sim\u00f5es, coordenadora de Articula\u00e7\u00f5es e Parcerias do CRAB.<\/p>\n\n\n\n<p><strong>SERVI\u00c7O:<\/strong><\/p>\n\n\n\n<p>1\u00aa TIRADENTES JULINA \u2013 Evento gratuito<\/p>\n\n\n\n<p>Local: CRAB \u2013 Centro Sebrae de Refer\u00eancia do Artesanato Brasileiro<\/p>\n\n\n\n<p>Endere\u00e7o: Pra\u00e7a Tiradentes, 69 \u2013 Centro. Rio de Janeiro&nbsp;<\/p>\n\n\n\n<p>Data: 26 e 27 de julho (sexta-feira e s\u00e1bado)Hor\u00e1rio:<br>26 de julho (sexta-feira) \u2013 16h \u00e0s 22h<br>27 de julho (s\u00e1bado) \u2013 10h \u00e0s 22h<\/p>\n","protected":false},"excerpt":{"rendered":"<p>Boi de Morros, Cacuri\u00e1 e Tambor de Crioula do Laborarte, artesanato e empreendedores marcam presen\u00e7a na Pra\u00e7a Tiradentes, em programa\u00e7\u00e3o [&hellip;]<\/p>\n","protected":false},"author":0,"featured_media":0,"comment_status":"open","ping_status":"open","sticky":false,"template":"","format":"standard","meta":{"site-sidebar-layout":"default","site-content-layout":"","ast-site-content-layout":"default","site-content-style":"default","site-sidebar-style":"default","ast-global-header-display":"","ast-banner-title-visibility":"","ast-main-header-display":"","ast-hfb-above-header-display":"","ast-hfb-below-header-display":"","ast-hfb-mobile-header-display":"","site-post-title":"","ast-breadcrumbs-content":"","ast-featured-img":"","footer-sml-layout":"","ast-disable-related-posts":"","theme-transparent-header-meta":"","adv-header-id-meta":"","stick-header-meta":"","header-above-stick-meta":"","header-main-stick-meta":"","header-below-stick-meta":"","astra-migrate-meta-layouts":"default","ast-page-background-enabled":"default","ast-page-background-meta":{"desktop":{"background-color":"var(--ast-global-color-5)","background-image":"","background-repeat":"repeat","background-position":"center center","background-size":"auto","background-attachment":"scroll","background-type":"","background-media":"","overlay-type":"","overlay-color":"","overlay-opacity":"","overlay-gradient":""},"tablet":{"background-color":"","background-image":"","background-repeat":"repeat","background-position":"center center","background-size":"auto","background-attachment":"scroll","background-type":"","background-media":"","overlay-type":"","overlay-color":"","overlay-opacity":"","overlay-gradient":""},"mobile":{"background-color":"","background-image":"","background-repeat":"repeat","background-position":"center center","background-size":"auto","background-attachment":"scroll","background-type":"","background-media":"","overlay-type":"","overlay-color":"","overlay-opacity":"","overlay-gradient":""}},"ast-content-background-meta":{"desktop":{"background-color":"var(--ast-global-color-4)","background-image":"","background-repeat":"repeat","background-position":"center center","background-size":"auto","background-attachment":"scroll","background-type":"","background-media":"","overlay-type":"","overlay-color":"","overlay-opacity":"","overlay-gradient":""},"tablet":{"background-color":"var(--ast-global-color-4)","background-image":"","background-repeat":"repeat","background-position":"center center","background-size":"auto","background-attachment":"scroll","background-type":"","background-media":"","overlay-type":"","overlay-color":"","overlay-opacity":"","overlay-gradient":""},"mobile":{"background-color":"var(--ast-global-color-4)","background-image":"","background-repeat":"repeat","background-position":"center center","background-size":"auto","background-attachment":"scroll","background-type":"","background-media":"","overlay-type":"","overlay-color":"","overlay-opacity":"","overlay-gradient":""}},"footnotes":""},"categories":[1],"tags":[],"class_list":["post-129537","post","type-post","status-publish","format-standard","hentry","category-sem-categoria"],"yoast_head":"<!-- This site is optimized with the Yoast SEO plugin v26.6 - https:\/\/yoast.com\/wordpress\/plugins\/seo\/ -->\n<title>Cultura e artesanato maranhense em destaque em evento organizado pelo Sebrae no Rio de Janeiro - Daniel Matos<\/title>\n<meta name=\"robots\" content=\"index, follow, max-snippet:-1, max-image-preview:large, max-video-preview:-1\" \/>\n<link rel=\"canonical\" href=\"https:\/\/www.blogsoestado.com\/danielmatos\/cultura-e-artesanato-maranhense-em-destaque-em-evento-organizado-pelo-sebrae-no-rio-de-janeiro\/\" \/>\n<meta property=\"og:locale\" content=\"pt_BR\" \/>\n<meta property=\"og:type\" content=\"article\" \/>\n<meta property=\"og:title\" content=\"Cultura e artesanato maranhense em destaque em evento organizado pelo Sebrae no Rio de Janeiro - Daniel Matos\" \/>\n<meta property=\"og:description\" content=\"Boi de Morros, Cacuri\u00e1 e Tambor de Crioula do Laborarte, artesanato e empreendedores marcam presen\u00e7a na Pra\u00e7a Tiradentes, em programa\u00e7\u00e3o [&hellip;]\" \/>\n<meta property=\"og:url\" content=\"https:\/\/www.blogsoestado.com\/danielmatos\/cultura-e-artesanato-maranhense-em-destaque-em-evento-organizado-pelo-sebrae-no-rio-de-janeiro\/\" \/>\n<meta property=\"og:site_name\" content=\"Daniel Matos\" \/>\n<meta property=\"article:published_time\" content=\"2024-07-25T18:17:11+00:00\" \/>\n<meta property=\"og:image\" content=\"https:\/\/www.blogsoestado.com\/danielmatos\/files\/2024\/07\/Screenshot_20240725-1531072.png\" \/>\n<meta name=\"twitter:card\" content=\"summary_large_image\" \/>\n<meta name=\"twitter:label1\" content=\"Est. tempo de leitura\" \/>\n\t<meta name=\"twitter:data1\" content=\"5 minutos\" \/>\n<script type=\"application\/ld+json\" class=\"yoast-schema-graph\">{\"@context\":\"https:\/\/schema.org\",\"@graph\":[{\"@type\":\"WebPage\",\"@id\":\"https:\/\/www.blogsoestado.com\/danielmatos\/cultura-e-artesanato-maranhense-em-destaque-em-evento-organizado-pelo-sebrae-no-rio-de-janeiro\/\",\"url\":\"https:\/\/www.blogsoestado.com\/danielmatos\/cultura-e-artesanato-maranhense-em-destaque-em-evento-organizado-pelo-sebrae-no-rio-de-janeiro\/\",\"name\":\"Cultura e artesanato maranhense em destaque em evento organizado pelo Sebrae no Rio de Janeiro - Daniel Matos\",\"isPartOf\":{\"@id\":\"https:\/\/www.blogsoestado.com\/danielmatos\/#website\"},\"primaryImageOfPage\":{\"@id\":\"https:\/\/www.blogsoestado.com\/danielmatos\/cultura-e-artesanato-maranhense-em-destaque-em-evento-organizado-pelo-sebrae-no-rio-de-janeiro\/#primaryimage\"},\"image\":{\"@id\":\"https:\/\/www.blogsoestado.com\/danielmatos\/cultura-e-artesanato-maranhense-em-destaque-em-evento-organizado-pelo-sebrae-no-rio-de-janeiro\/#primaryimage\"},\"thumbnailUrl\":\"https:\/\/www.blogsoestado.com\/danielmatos\/files\/2024\/07\/Screenshot_20240725-1531072.png\",\"datePublished\":\"2024-07-25T18:17:11+00:00\",\"author\":{\"@id\":\"\"},\"breadcrumb\":{\"@id\":\"https:\/\/www.blogsoestado.com\/danielmatos\/cultura-e-artesanato-maranhense-em-destaque-em-evento-organizado-pelo-sebrae-no-rio-de-janeiro\/#breadcrumb\"},\"inLanguage\":\"pt-BR\",\"potentialAction\":[{\"@type\":\"ReadAction\",\"target\":[\"https:\/\/www.blogsoestado.com\/danielmatos\/cultura-e-artesanato-maranhense-em-destaque-em-evento-organizado-pelo-sebrae-no-rio-de-janeiro\/\"]}]},{\"@type\":\"ImageObject\",\"inLanguage\":\"pt-BR\",\"@id\":\"https:\/\/www.blogsoestado.com\/danielmatos\/cultura-e-artesanato-maranhense-em-destaque-em-evento-organizado-pelo-sebrae-no-rio-de-janeiro\/#primaryimage\",\"url\":\"https:\/\/www.blogsoestado.com\/danielmatos\/files\/2024\/07\/Screenshot_20240725-1531072.png\",\"contentUrl\":\"https:\/\/www.blogsoestado.com\/danielmatos\/files\/2024\/07\/Screenshot_20240725-1531072.png\"},{\"@type\":\"BreadcrumbList\",\"@id\":\"https:\/\/www.blogsoestado.com\/danielmatos\/cultura-e-artesanato-maranhense-em-destaque-em-evento-organizado-pelo-sebrae-no-rio-de-janeiro\/#breadcrumb\",\"itemListElement\":[{\"@type\":\"ListItem\",\"position\":1,\"name\":\"In\u00edcio\",\"item\":\"https:\/\/www.blogsoestado.com\/danielmatos\/\"},{\"@type\":\"ListItem\",\"position\":2,\"name\":\"Cultura e artesanato maranhense em destaque em evento organizado pelo Sebrae no Rio de Janeiro\"}]},{\"@type\":\"WebSite\",\"@id\":\"https:\/\/www.blogsoestado.com\/danielmatos\/#website\",\"url\":\"https:\/\/www.blogsoestado.com\/danielmatos\/\",\"name\":\"Daniel Matos\",\"description\":\"\",\"potentialAction\":[{\"@type\":\"SearchAction\",\"target\":{\"@type\":\"EntryPoint\",\"urlTemplate\":\"https:\/\/www.blogsoestado.com\/danielmatos\/?s={search_term_string}\"},\"query-input\":{\"@type\":\"PropertyValueSpecification\",\"valueRequired\":true,\"valueName\":\"search_term_string\"}}],\"inLanguage\":\"pt-BR\"}]}<\/script>\n<!-- \/ Yoast SEO plugin. -->","yoast_head_json":{"title":"Cultura e artesanato maranhense em destaque em evento organizado pelo Sebrae no Rio de Janeiro - Daniel Matos","robots":{"index":"index","follow":"follow","max-snippet":"max-snippet:-1","max-image-preview":"max-image-preview:large","max-video-preview":"max-video-preview:-1"},"canonical":"https:\/\/www.blogsoestado.com\/danielmatos\/cultura-e-artesanato-maranhense-em-destaque-em-evento-organizado-pelo-sebrae-no-rio-de-janeiro\/","og_locale":"pt_BR","og_type":"article","og_title":"Cultura e artesanato maranhense em destaque em evento organizado pelo Sebrae no Rio de Janeiro - Daniel Matos","og_description":"Boi de Morros, Cacuri\u00e1 e Tambor de Crioula do Laborarte, artesanato e empreendedores marcam presen\u00e7a na Pra\u00e7a Tiradentes, em programa\u00e7\u00e3o [&hellip;]","og_url":"https:\/\/www.blogsoestado.com\/danielmatos\/cultura-e-artesanato-maranhense-em-destaque-em-evento-organizado-pelo-sebrae-no-rio-de-janeiro\/","og_site_name":"Daniel Matos","article_published_time":"2024-07-25T18:17:11+00:00","og_image":[{"url":"https:\/\/www.blogsoestado.com\/danielmatos\/files\/2024\/07\/Screenshot_20240725-1531072.png","type":"","width":"","height":""}],"twitter_card":"summary_large_image","twitter_misc":{"Est. tempo de leitura":"5 minutos"},"schema":{"@context":"https:\/\/schema.org","@graph":[{"@type":"WebPage","@id":"https:\/\/www.blogsoestado.com\/danielmatos\/cultura-e-artesanato-maranhense-em-destaque-em-evento-organizado-pelo-sebrae-no-rio-de-janeiro\/","url":"https:\/\/www.blogsoestado.com\/danielmatos\/cultura-e-artesanato-maranhense-em-destaque-em-evento-organizado-pelo-sebrae-no-rio-de-janeiro\/","name":"Cultura e artesanato maranhense em destaque em evento organizado pelo Sebrae no Rio de Janeiro - Daniel Matos","isPartOf":{"@id":"https:\/\/www.blogsoestado.com\/danielmatos\/#website"},"primaryImageOfPage":{"@id":"https:\/\/www.blogsoestado.com\/danielmatos\/cultura-e-artesanato-maranhense-em-destaque-em-evento-organizado-pelo-sebrae-no-rio-de-janeiro\/#primaryimage"},"image":{"@id":"https:\/\/www.blogsoestado.com\/danielmatos\/cultura-e-artesanato-maranhense-em-destaque-em-evento-organizado-pelo-sebrae-no-rio-de-janeiro\/#primaryimage"},"thumbnailUrl":"https:\/\/www.blogsoestado.com\/danielmatos\/files\/2024\/07\/Screenshot_20240725-1531072.png","datePublished":"2024-07-25T18:17:11+00:00","author":{"@id":""},"breadcrumb":{"@id":"https:\/\/www.blogsoestado.com\/danielmatos\/cultura-e-artesanato-maranhense-em-destaque-em-evento-organizado-pelo-sebrae-no-rio-de-janeiro\/#breadcrumb"},"inLanguage":"pt-BR","potentialAction":[{"@type":"ReadAction","target":["https:\/\/www.blogsoestado.com\/danielmatos\/cultura-e-artesanato-maranhense-em-destaque-em-evento-organizado-pelo-sebrae-no-rio-de-janeiro\/"]}]},{"@type":"ImageObject","inLanguage":"pt-BR","@id":"https:\/\/www.blogsoestado.com\/danielmatos\/cultura-e-artesanato-maranhense-em-destaque-em-evento-organizado-pelo-sebrae-no-rio-de-janeiro\/#primaryimage","url":"https:\/\/www.blogsoestado.com\/danielmatos\/files\/2024\/07\/Screenshot_20240725-1531072.png","contentUrl":"https:\/\/www.blogsoestado.com\/danielmatos\/files\/2024\/07\/Screenshot_20240725-1531072.png"},{"@type":"BreadcrumbList","@id":"https:\/\/www.blogsoestado.com\/danielmatos\/cultura-e-artesanato-maranhense-em-destaque-em-evento-organizado-pelo-sebrae-no-rio-de-janeiro\/#breadcrumb","itemListElement":[{"@type":"ListItem","position":1,"name":"In\u00edcio","item":"https:\/\/www.blogsoestado.com\/danielmatos\/"},{"@type":"ListItem","position":2,"name":"Cultura e artesanato maranhense em destaque em evento organizado pelo Sebrae no Rio de Janeiro"}]},{"@type":"WebSite","@id":"https:\/\/www.blogsoestado.com\/danielmatos\/#website","url":"https:\/\/www.blogsoestado.com\/danielmatos\/","name":"Daniel Matos","description":"","potentialAction":[{"@type":"SearchAction","target":{"@type":"EntryPoint","urlTemplate":"https:\/\/www.blogsoestado.com\/danielmatos\/?s={search_term_string}"},"query-input":{"@type":"PropertyValueSpecification","valueRequired":true,"valueName":"search_term_string"}}],"inLanguage":"pt-BR"}]}},"jetpack_featured_media_url":"","_links":{"self":[{"href":"https:\/\/www.blogsoestado.com\/danielmatos\/wp-json\/wp\/v2\/posts\/129537","targetHints":{"allow":["GET"]}}],"collection":[{"href":"https:\/\/www.blogsoestado.com\/danielmatos\/wp-json\/wp\/v2\/posts"}],"about":[{"href":"https:\/\/www.blogsoestado.com\/danielmatos\/wp-json\/wp\/v2\/types\/post"}],"replies":[{"embeddable":true,"href":"https:\/\/www.blogsoestado.com\/danielmatos\/wp-json\/wp\/v2\/comments?post=129537"}],"version-history":[{"count":0,"href":"https:\/\/www.blogsoestado.com\/danielmatos\/wp-json\/wp\/v2\/posts\/129537\/revisions"}],"wp:attachment":[{"href":"https:\/\/www.blogsoestado.com\/danielmatos\/wp-json\/wp\/v2\/media?parent=129537"}],"wp:term":[{"taxonomy":"category","embeddable":true,"href":"https:\/\/www.blogsoestado.com\/danielmatos\/wp-json\/wp\/v2\/categories?post=129537"},{"taxonomy":"post_tag","embeddable":true,"href":"https:\/\/www.blogsoestado.com\/danielmatos\/wp-json\/wp\/v2\/tags?post=129537"}],"curies":[{"name":"wp","href":"https:\/\/api.w.org\/{rel}","templated":true}]}}