{"id":129651,"date":"2024-07-29T09:08:01","date_gmt":"2024-07-29T12:08:01","guid":{"rendered":"https:\/\/www.blogsoestado.com\/danielmatos\/?p=129651"},"modified":"2024-07-29T09:08:01","modified_gmt":"2024-07-29T12:08:01","slug":"wennder-rocha-segue-firme-rumo-a-eleicao-apos-convencao-que-homologou-sua-candidatura-a-vereador-de-sao-luis","status":"publish","type":"post","link":"https:\/\/www.blogsoestado.com\/danielmatos\/wennder-rocha-segue-firme-rumo-a-eleicao-apos-convencao-que-homologou-sua-candidatura-a-vereador-de-sao-luis\/","title":{"rendered":"Wennder Rocha segue firme rumo \u00e0 elei\u00e7\u00e3o ap\u00f3s conven\u00e7\u00e3o que homologou sua candidatura a vereador de S\u00e3o Lu\u00eds"},"content":{"rendered":"\n<div class=\"wp-block-image\"><figure class=\"aligncenter size-large\"><a href=\"https:\/\/www.blogsoestado.com\/danielmatos\/files\/2024\/07\/Screenshot_20240729-0914502.png\"><img decoding=\"async\" src=\"https:\/\/www.blogsoestado.com\/danielmatos\/files\/2024\/07\/Screenshot_20240729-0914502.png\" alt=\"\" class=\"wp-image-129668\"\/><\/a><figcaption>Wennder Rocha vibra com a milit\u00e2ncia do PDT que homologou sua candidatura a vereador de S\u00e3o Lu\u00eds<\/figcaption><\/figure><\/div>\n\n\n\n<p>O pr\u00e9-candidato a vereador de S\u00e3o Lu\u00eds Wennder Rocha redobrou o \u00e2nimo ap\u00f3s a conven\u00e7\u00e3o do PDT, realizada na \u00faltima sexta-feira (26), que homologou a sua candidatura a vereador de S\u00e3o Lu\u00eds. Ap\u00f3s o sucesso do ato pol\u00edtico, Wennder manteve a agenda de visitas \u00e0s comunidades para fortalecer o di\u00e1logo com a popula\u00e7\u00e3o e apresentar propostas que possam trazer melhorias para todos. <\/p>\n\n\n\n<p><strong><span class=\"has-inline-color has-vivid-red-color\">Clique <a href=\"https:\/\/youtu.be\/PqHf10JJsDA?si=qFyjDqD1wQIkdSWB\">aqui<\/a> e assista ao v\u00eddeo.<\/span><\/strong><\/p>\n\n\n\n<div class=\"wp-block-image\"><figure class=\"aligncenter size-large\"><a href=\"https:\/\/www.blogsoestado.com\/danielmatos\/files\/2024\/07\/Screenshot_20240729-0916292.png\"><img decoding=\"async\" src=\"https:\/\/www.blogsoestado.com\/danielmatos\/files\/2024\/07\/Screenshot_20240729-0916292.png\" alt=\"\" class=\"wp-image-129669\"\/><\/a><figcaption>Wennder Rocha e esposa rumo \u00e0 conven\u00e7\u00e3o partid\u00e1ria com \u00e2nimo e confian\u00e7a<\/figcaption><\/figure><\/div>\n\n\n\n<p>Faltando pouco mais de duas semanas para o in\u00edcio do per\u00edodo oficial de campanha, o pedestista esteve na zona rural da capital, no domingo (28), e conquistou mais ades\u00f5es ao seu projeto de ocupar uma vaga na C\u00e2mara Municipal. Acompanhado por lideran\u00e7as, Wennder Rocha prestigiou uma partida de futebol amador. Na ocasi\u00e3o, levou sua mensagem de incentivo aos jovens atletas, destacando que a pr\u00e1tica do esporte, al\u00e9m de saud\u00e1vel, \u00e9 um meio de exercer a cidadania e cultivar valores que ser\u00e3o essenciais para a vida.<\/p>\n\n\n\n<div class=\"wp-block-image\"><figure class=\"aligncenter size-large\"><a href=\"https:\/\/www.blogsoestado.com\/danielmatos\/files\/2024\/07\/Screenshot_20240729-0918132.png\"><img decoding=\"async\" src=\"https:\/\/www.blogsoestado.com\/danielmatos\/files\/2024\/07\/Screenshot_20240729-0918132.png\" alt=\"\" class=\"wp-image-129670\"\/><\/a><figcaption>Wennder Rocha na conven\u00e7\u00e3o com o senador Weverton Rocha, seu maior apoiador na disputa pelo mandato na C\u00e2mara Municipal de S\u00e3o Lu\u00eds<\/figcaption><\/figure><\/div>\n\n\n\n<p><strong><span class=\"has-inline-color has-vivid-red-color\">Clique <a href=\"https:\/\/youtu.be\/avkCN_9y08o?feature=shared\">aqui<\/a> e assista ao v\u00eddeo.<\/span><\/strong><\/p>\n\n\n\n<p>Wennder Rocha aguarda com expectativa o in\u00edcio da campanha eleitoral para estar ainda mais pr\u00f3ximo das pessoas, conversar e conhecer de perto as necessidades coletivas. Determinado e consciente da import\u00e2ncia do contato pessoal, ele j\u00e1 tra\u00e7ou uma estrat\u00e9gia que tem tudo para fazer a diferen\u00e7a na corrida rumo \u00e0s urnas. Com energia e boas ideias, vai investir no corpo a corpo, sentir o calor humano e conversar com os eleitores de casa em casa e reafirmar o seu compromisso com as causas populares.<\/p>\n\n\n\n<div class=\"wp-block-image\"><figure class=\"aligncenter size-large\"><a href=\"https:\/\/www.blogsoestado.com\/danielmatos\/files\/2024\/07\/Screenshot_20240729-0919242.png\"><img decoding=\"async\" src=\"https:\/\/www.blogsoestado.com\/danielmatos\/files\/2024\/07\/Screenshot_20240729-0919242.png\" alt=\"\" class=\"wp-image-129671\"\/><\/a><figcaption>Wennder Rocha levou sua mensagem de incentivo ao esporte em partida de futebol na zona rural da capital<\/figcaption><\/figure><\/div>\n\n\n\n<p>Acostumado \u00e0s lutas sindicais, Wennder Rocha sempre trabalhou incansavelmente nessa \u00e1rea, demonstrando lideran\u00e7a, habilidade para o di\u00e1logo e extrema sensibilidade. Tamanha experi\u00eancia eleva o seu potencial como candidato qualificado e competitivo e que conhece a realidade do povo e as demandas que precisam de aten\u00e7\u00e3o do poder p\u00fablico.<\/p>\n\n\n\n<p>Confira mais fotos:<\/p>\n\n\n\n<div class=\"wp-block-image\"><figure class=\"aligncenter size-large\"><a href=\"https:\/\/www.blogsoestado.com\/danielmatos\/files\/2024\/07\/Screenshot_20240729-0920422.png\"><img decoding=\"async\" src=\"https:\/\/www.blogsoestado.com\/danielmatos\/files\/2024\/07\/Screenshot_20240729-0920422.png\" alt=\"\" class=\"wp-image-129672\"\/><\/a><\/figure><\/div>\n\n\n\n<div class=\"wp-block-image\"><figure class=\"aligncenter size-large\"><a href=\"https:\/\/www.blogsoestado.com\/danielmatos\/files\/2024\/07\/Screenshot_20240729-0922092.png\"><img decoding=\"async\" src=\"https:\/\/www.blogsoestado.com\/danielmatos\/files\/2024\/07\/Screenshot_20240729-0922092.png\" alt=\"\" class=\"wp-image-129673\"\/><\/a><\/figure><\/div>\n\n\n\n<div class=\"wp-block-image\"><figure class=\"aligncenter size-large\"><a href=\"https:\/\/www.blogsoestado.com\/danielmatos\/files\/2024\/07\/Screenshot_20240729-0923422.png\"><img decoding=\"async\" src=\"https:\/\/www.blogsoestado.com\/danielmatos\/files\/2024\/07\/Screenshot_20240729-0923422.png\" alt=\"\" class=\"wp-image-129674\"\/><\/a><\/figure><\/div>\n\n\n\n<div class=\"wp-block-image\"><figure class=\"aligncenter size-large\"><a href=\"https:\/\/www.blogsoestado.com\/danielmatos\/files\/2024\/07\/Screenshot_20240729-0925022.png\"><img decoding=\"async\" src=\"https:\/\/www.blogsoestado.com\/danielmatos\/files\/2024\/07\/Screenshot_20240729-0925022.png\" alt=\"\" class=\"wp-image-129675\"\/><\/a><\/figure><\/div>\n\n\n\n<div class=\"wp-block-image\"><figure class=\"aligncenter size-large\"><a href=\"https:\/\/www.blogsoestado.com\/danielmatos\/files\/2024\/07\/Screenshot_20240729-0926192.png\"><img decoding=\"async\" src=\"https:\/\/www.blogsoestado.com\/danielmatos\/files\/2024\/07\/Screenshot_20240729-0926192.png\" alt=\"\" class=\"wp-image-129676\"\/><\/a><\/figure><\/div>\n\n\n\n<div class=\"wp-block-image\"><figure class=\"aligncenter size-large\"><a href=\"https:\/\/www.blogsoestado.com\/danielmatos\/files\/2024\/07\/Screenshot_20240729-0928062.png\"><img decoding=\"async\" src=\"https:\/\/www.blogsoestado.com\/danielmatos\/files\/2024\/07\/Screenshot_20240729-0928062.png\" alt=\"\" class=\"wp-image-129677\"\/><\/a><\/figure><\/div>\n\n\n\n<div class=\"wp-block-image\"><figure class=\"aligncenter size-large\"><a href=\"https:\/\/www.blogsoestado.com\/danielmatos\/files\/2024\/07\/Screenshot_20240729-0929152-1.png\"><img decoding=\"async\" src=\"https:\/\/www.blogsoestado.com\/danielmatos\/files\/2024\/07\/Screenshot_20240729-0929152-1.png\" alt=\"\" class=\"wp-image-129680\"\/><\/a><\/figure><\/div>\n\n\n\n<div class=\"wp-block-image\"><figure class=\"aligncenter size-large\"><a href=\"https:\/\/www.blogsoestado.com\/danielmatos\/files\/2024\/07\/Screenshot_20240729-0930222-1.png\"><img decoding=\"async\" src=\"https:\/\/www.blogsoestado.com\/danielmatos\/files\/2024\/07\/Screenshot_20240729-0930222-1.png\" alt=\"\" class=\"wp-image-129681\"\/><\/a><\/figure><\/div>\n\n\n\n<div class=\"wp-block-image\"><figure class=\"aligncenter size-large\"><a href=\"https:\/\/www.blogsoestado.com\/danielmatos\/files\/2024\/07\/Screenshot_20240729-0931292.png\"><img decoding=\"async\" src=\"https:\/\/www.blogsoestado.com\/danielmatos\/files\/2024\/07\/Screenshot_20240729-0931292.png\" alt=\"\" class=\"wp-image-129682\"\/><\/a><\/figure><\/div>\n\n\n\n<div class=\"wp-block-image\"><figure class=\"aligncenter size-large\"><a href=\"https:\/\/www.blogsoestado.com\/danielmatos\/files\/2024\/07\/Screenshot_20240729-0934512.png\"><img decoding=\"async\" src=\"https:\/\/www.blogsoestado.com\/danielmatos\/files\/2024\/07\/Screenshot_20240729-0934512.png\" alt=\"\" class=\"wp-image-129683\"\/><\/a><\/figure><\/div>\n","protected":false},"excerpt":{"rendered":"<p>O pr\u00e9-candidato a vereador de S\u00e3o Lu\u00eds Wennder Rocha redobrou o \u00e2nimo ap\u00f3s a conven\u00e7\u00e3o do PDT, realizada na \u00faltima [&hellip;]<\/p>\n","protected":false},"author":0,"featured_media":0,"comment_status":"open","ping_status":"open","sticky":false,"template":"","format":"standard","meta":{"site-sidebar-layout":"default","site-content-layout":"","ast-site-content-layout":"default","site-content-style":"default","site-sidebar-style":"default","ast-global-header-display":"","ast-banner-title-visibility":"","ast-main-header-display":"","ast-hfb-above-header-display":"","ast-hfb-below-header-display":"","ast-hfb-mobile-header-display":"","site-post-title":"","ast-breadcrumbs-content":"","ast-featured-img":"","footer-sml-layout":"","ast-disable-related-posts":"","theme-transparent-header-meta":"","adv-header-id-meta":"","stick-header-meta":"","header-above-stick-meta":"","header-main-stick-meta":"","header-below-stick-meta":"","astra-migrate-meta-layouts":"default","ast-page-background-enabled":"default","ast-page-background-meta":{"desktop":{"background-color":"var(--ast-global-color-5)","background-image":"","background-repeat":"repeat","background-position":"center center","background-size":"auto","background-attachment":"scroll","background-type":"","background-media":"","overlay-type":"","overlay-color":"","overlay-opacity":"","overlay-gradient":""},"tablet":{"background-color":"","background-image":"","background-repeat":"repeat","background-position":"center center","background-size":"auto","background-attachment":"scroll","background-type":"","background-media":"","overlay-type":"","overlay-color":"","overlay-opacity":"","overlay-gradient":""},"mobile":{"background-color":"","background-image":"","background-repeat":"repeat","background-position":"center center","background-size":"auto","background-attachment":"scroll","background-type":"","background-media":"","overlay-type":"","overlay-color":"","overlay-opacity":"","overlay-gradient":""}},"ast-content-background-meta":{"desktop":{"background-color":"var(--ast-global-color-4)","background-image":"","background-repeat":"repeat","background-position":"center center","background-size":"auto","background-attachment":"scroll","background-type":"","background-media":"","overlay-type":"","overlay-color":"","overlay-opacity":"","overlay-gradient":""},"tablet":{"background-color":"var(--ast-global-color-4)","background-image":"","background-repeat":"repeat","background-position":"center center","background-size":"auto","background-attachment":"scroll","background-type":"","background-media":"","overlay-type":"","overlay-color":"","overlay-opacity":"","overlay-gradient":""},"mobile":{"background-color":"var(--ast-global-color-4)","background-image":"","background-repeat":"repeat","background-position":"center center","background-size":"auto","background-attachment":"scroll","background-type":"","background-media":"","overlay-type":"","overlay-color":"","overlay-opacity":"","overlay-gradient":""}},"footnotes":""},"categories":[1],"tags":[],"class_list":["post-129651","post","type-post","status-publish","format-standard","hentry","category-sem-categoria"],"yoast_head":"<!-- This site is optimized with the Yoast SEO plugin v26.6 - https:\/\/yoast.com\/wordpress\/plugins\/seo\/ -->\n<title>Wennder Rocha segue firme rumo \u00e0 elei\u00e7\u00e3o ap\u00f3s conven\u00e7\u00e3o que homologou sua candidatura a vereador de S\u00e3o Lu\u00eds - Daniel Matos<\/title>\n<meta name=\"robots\" content=\"index, follow, max-snippet:-1, max-image-preview:large, max-video-preview:-1\" \/>\n<link rel=\"canonical\" href=\"https:\/\/www.blogsoestado.com\/danielmatos\/wennder-rocha-segue-firme-rumo-a-eleicao-apos-convencao-que-homologou-sua-candidatura-a-vereador-de-sao-luis\/\" \/>\n<meta property=\"og:locale\" content=\"pt_BR\" \/>\n<meta property=\"og:type\" content=\"article\" \/>\n<meta property=\"og:title\" content=\"Wennder Rocha segue firme rumo \u00e0 elei\u00e7\u00e3o ap\u00f3s conven\u00e7\u00e3o que homologou sua candidatura a vereador de S\u00e3o Lu\u00eds - Daniel Matos\" \/>\n<meta property=\"og:description\" content=\"O pr\u00e9-candidato a vereador de S\u00e3o Lu\u00eds Wennder Rocha redobrou o \u00e2nimo ap\u00f3s a conven\u00e7\u00e3o do PDT, realizada na \u00faltima [&hellip;]\" \/>\n<meta property=\"og:url\" content=\"https:\/\/www.blogsoestado.com\/danielmatos\/wennder-rocha-segue-firme-rumo-a-eleicao-apos-convencao-que-homologou-sua-candidatura-a-vereador-de-sao-luis\/\" \/>\n<meta property=\"og:site_name\" content=\"Daniel Matos\" \/>\n<meta property=\"article:published_time\" content=\"2024-07-29T12:08:01+00:00\" \/>\n<meta property=\"og:image\" content=\"https:\/\/www.blogsoestado.com\/danielmatos\/files\/2024\/07\/Screenshot_20240729-0914502.png\" \/>\n<meta name=\"twitter:card\" content=\"summary_large_image\" \/>\n<meta name=\"twitter:label1\" content=\"Est. tempo de leitura\" \/>\n\t<meta name=\"twitter:data1\" content=\"5 minutos\" \/>\n<script type=\"application\/ld+json\" class=\"yoast-schema-graph\">{\"@context\":\"https:\/\/schema.org\",\"@graph\":[{\"@type\":\"WebPage\",\"@id\":\"https:\/\/www.blogsoestado.com\/danielmatos\/wennder-rocha-segue-firme-rumo-a-eleicao-apos-convencao-que-homologou-sua-candidatura-a-vereador-de-sao-luis\/\",\"url\":\"https:\/\/www.blogsoestado.com\/danielmatos\/wennder-rocha-segue-firme-rumo-a-eleicao-apos-convencao-que-homologou-sua-candidatura-a-vereador-de-sao-luis\/\",\"name\":\"Wennder Rocha segue firme rumo \u00e0 elei\u00e7\u00e3o ap\u00f3s conven\u00e7\u00e3o que homologou sua candidatura a vereador de S\u00e3o Lu\u00eds - Daniel Matos\",\"isPartOf\":{\"@id\":\"https:\/\/www.blogsoestado.com\/danielmatos\/#website\"},\"primaryImageOfPage\":{\"@id\":\"https:\/\/www.blogsoestado.com\/danielmatos\/wennder-rocha-segue-firme-rumo-a-eleicao-apos-convencao-que-homologou-sua-candidatura-a-vereador-de-sao-luis\/#primaryimage\"},\"image\":{\"@id\":\"https:\/\/www.blogsoestado.com\/danielmatos\/wennder-rocha-segue-firme-rumo-a-eleicao-apos-convencao-que-homologou-sua-candidatura-a-vereador-de-sao-luis\/#primaryimage\"},\"thumbnailUrl\":\"https:\/\/www.blogsoestado.com\/danielmatos\/files\/2024\/07\/Screenshot_20240729-0914502.png\",\"datePublished\":\"2024-07-29T12:08:01+00:00\",\"author\":{\"@id\":\"\"},\"breadcrumb\":{\"@id\":\"https:\/\/www.blogsoestado.com\/danielmatos\/wennder-rocha-segue-firme-rumo-a-eleicao-apos-convencao-que-homologou-sua-candidatura-a-vereador-de-sao-luis\/#breadcrumb\"},\"inLanguage\":\"pt-BR\",\"potentialAction\":[{\"@type\":\"ReadAction\",\"target\":[\"https:\/\/www.blogsoestado.com\/danielmatos\/wennder-rocha-segue-firme-rumo-a-eleicao-apos-convencao-que-homologou-sua-candidatura-a-vereador-de-sao-luis\/\"]}]},{\"@type\":\"ImageObject\",\"inLanguage\":\"pt-BR\",\"@id\":\"https:\/\/www.blogsoestado.com\/danielmatos\/wennder-rocha-segue-firme-rumo-a-eleicao-apos-convencao-que-homologou-sua-candidatura-a-vereador-de-sao-luis\/#primaryimage\",\"url\":\"https:\/\/www.blogsoestado.com\/danielmatos\/files\/2024\/07\/Screenshot_20240729-0914502.png\",\"contentUrl\":\"https:\/\/www.blogsoestado.com\/danielmatos\/files\/2024\/07\/Screenshot_20240729-0914502.png\"},{\"@type\":\"BreadcrumbList\",\"@id\":\"https:\/\/www.blogsoestado.com\/danielmatos\/wennder-rocha-segue-firme-rumo-a-eleicao-apos-convencao-que-homologou-sua-candidatura-a-vereador-de-sao-luis\/#breadcrumb\",\"itemListElement\":[{\"@type\":\"ListItem\",\"position\":1,\"name\":\"In\u00edcio\",\"item\":\"https:\/\/www.blogsoestado.com\/danielmatos\/\"},{\"@type\":\"ListItem\",\"position\":2,\"name\":\"Wennder Rocha segue firme rumo \u00e0 elei\u00e7\u00e3o ap\u00f3s conven\u00e7\u00e3o que homologou sua candidatura a vereador de S\u00e3o Lu\u00eds\"}]},{\"@type\":\"WebSite\",\"@id\":\"https:\/\/www.blogsoestado.com\/danielmatos\/#website\",\"url\":\"https:\/\/www.blogsoestado.com\/danielmatos\/\",\"name\":\"Daniel Matos\",\"description\":\"\",\"potentialAction\":[{\"@type\":\"SearchAction\",\"target\":{\"@type\":\"EntryPoint\",\"urlTemplate\":\"https:\/\/www.blogsoestado.com\/danielmatos\/?s={search_term_string}\"},\"query-input\":{\"@type\":\"PropertyValueSpecification\",\"valueRequired\":true,\"valueName\":\"search_term_string\"}}],\"inLanguage\":\"pt-BR\"}]}<\/script>\n<!-- \/ Yoast SEO plugin. -->","yoast_head_json":{"title":"Wennder Rocha segue firme rumo \u00e0 elei\u00e7\u00e3o ap\u00f3s conven\u00e7\u00e3o que homologou sua candidatura a vereador de S\u00e3o Lu\u00eds - Daniel Matos","robots":{"index":"index","follow":"follow","max-snippet":"max-snippet:-1","max-image-preview":"max-image-preview:large","max-video-preview":"max-video-preview:-1"},"canonical":"https:\/\/www.blogsoestado.com\/danielmatos\/wennder-rocha-segue-firme-rumo-a-eleicao-apos-convencao-que-homologou-sua-candidatura-a-vereador-de-sao-luis\/","og_locale":"pt_BR","og_type":"article","og_title":"Wennder Rocha segue firme rumo \u00e0 elei\u00e7\u00e3o ap\u00f3s conven\u00e7\u00e3o que homologou sua candidatura a vereador de S\u00e3o Lu\u00eds - Daniel Matos","og_description":"O pr\u00e9-candidato a vereador de S\u00e3o Lu\u00eds Wennder Rocha redobrou o \u00e2nimo ap\u00f3s a conven\u00e7\u00e3o do PDT, realizada na \u00faltima [&hellip;]","og_url":"https:\/\/www.blogsoestado.com\/danielmatos\/wennder-rocha-segue-firme-rumo-a-eleicao-apos-convencao-que-homologou-sua-candidatura-a-vereador-de-sao-luis\/","og_site_name":"Daniel Matos","article_published_time":"2024-07-29T12:08:01+00:00","og_image":[{"url":"https:\/\/www.blogsoestado.com\/danielmatos\/files\/2024\/07\/Screenshot_20240729-0914502.png","type":"","width":"","height":""}],"twitter_card":"summary_large_image","twitter_misc":{"Est. tempo de leitura":"5 minutos"},"schema":{"@context":"https:\/\/schema.org","@graph":[{"@type":"WebPage","@id":"https:\/\/www.blogsoestado.com\/danielmatos\/wennder-rocha-segue-firme-rumo-a-eleicao-apos-convencao-que-homologou-sua-candidatura-a-vereador-de-sao-luis\/","url":"https:\/\/www.blogsoestado.com\/danielmatos\/wennder-rocha-segue-firme-rumo-a-eleicao-apos-convencao-que-homologou-sua-candidatura-a-vereador-de-sao-luis\/","name":"Wennder Rocha segue firme rumo \u00e0 elei\u00e7\u00e3o ap\u00f3s conven\u00e7\u00e3o que homologou sua candidatura a vereador de S\u00e3o Lu\u00eds - Daniel Matos","isPartOf":{"@id":"https:\/\/www.blogsoestado.com\/danielmatos\/#website"},"primaryImageOfPage":{"@id":"https:\/\/www.blogsoestado.com\/danielmatos\/wennder-rocha-segue-firme-rumo-a-eleicao-apos-convencao-que-homologou-sua-candidatura-a-vereador-de-sao-luis\/#primaryimage"},"image":{"@id":"https:\/\/www.blogsoestado.com\/danielmatos\/wennder-rocha-segue-firme-rumo-a-eleicao-apos-convencao-que-homologou-sua-candidatura-a-vereador-de-sao-luis\/#primaryimage"},"thumbnailUrl":"https:\/\/www.blogsoestado.com\/danielmatos\/files\/2024\/07\/Screenshot_20240729-0914502.png","datePublished":"2024-07-29T12:08:01+00:00","author":{"@id":""},"breadcrumb":{"@id":"https:\/\/www.blogsoestado.com\/danielmatos\/wennder-rocha-segue-firme-rumo-a-eleicao-apos-convencao-que-homologou-sua-candidatura-a-vereador-de-sao-luis\/#breadcrumb"},"inLanguage":"pt-BR","potentialAction":[{"@type":"ReadAction","target":["https:\/\/www.blogsoestado.com\/danielmatos\/wennder-rocha-segue-firme-rumo-a-eleicao-apos-convencao-que-homologou-sua-candidatura-a-vereador-de-sao-luis\/"]}]},{"@type":"ImageObject","inLanguage":"pt-BR","@id":"https:\/\/www.blogsoestado.com\/danielmatos\/wennder-rocha-segue-firme-rumo-a-eleicao-apos-convencao-que-homologou-sua-candidatura-a-vereador-de-sao-luis\/#primaryimage","url":"https:\/\/www.blogsoestado.com\/danielmatos\/files\/2024\/07\/Screenshot_20240729-0914502.png","contentUrl":"https:\/\/www.blogsoestado.com\/danielmatos\/files\/2024\/07\/Screenshot_20240729-0914502.png"},{"@type":"BreadcrumbList","@id":"https:\/\/www.blogsoestado.com\/danielmatos\/wennder-rocha-segue-firme-rumo-a-eleicao-apos-convencao-que-homologou-sua-candidatura-a-vereador-de-sao-luis\/#breadcrumb","itemListElement":[{"@type":"ListItem","position":1,"name":"In\u00edcio","item":"https:\/\/www.blogsoestado.com\/danielmatos\/"},{"@type":"ListItem","position":2,"name":"Wennder Rocha segue firme rumo \u00e0 elei\u00e7\u00e3o ap\u00f3s conven\u00e7\u00e3o que homologou sua candidatura a vereador de S\u00e3o Lu\u00eds"}]},{"@type":"WebSite","@id":"https:\/\/www.blogsoestado.com\/danielmatos\/#website","url":"https:\/\/www.blogsoestado.com\/danielmatos\/","name":"Daniel Matos","description":"","potentialAction":[{"@type":"SearchAction","target":{"@type":"EntryPoint","urlTemplate":"https:\/\/www.blogsoestado.com\/danielmatos\/?s={search_term_string}"},"query-input":{"@type":"PropertyValueSpecification","valueRequired":true,"valueName":"search_term_string"}}],"inLanguage":"pt-BR"}]}},"jetpack_featured_media_url":"","_links":{"self":[{"href":"https:\/\/www.blogsoestado.com\/danielmatos\/wp-json\/wp\/v2\/posts\/129651","targetHints":{"allow":["GET"]}}],"collection":[{"href":"https:\/\/www.blogsoestado.com\/danielmatos\/wp-json\/wp\/v2\/posts"}],"about":[{"href":"https:\/\/www.blogsoestado.com\/danielmatos\/wp-json\/wp\/v2\/types\/post"}],"replies":[{"embeddable":true,"href":"https:\/\/www.blogsoestado.com\/danielmatos\/wp-json\/wp\/v2\/comments?post=129651"}],"version-history":[{"count":0,"href":"https:\/\/www.blogsoestado.com\/danielmatos\/wp-json\/wp\/v2\/posts\/129651\/revisions"}],"wp:attachment":[{"href":"https:\/\/www.blogsoestado.com\/danielmatos\/wp-json\/wp\/v2\/media?parent=129651"}],"wp:term":[{"taxonomy":"category","embeddable":true,"href":"https:\/\/www.blogsoestado.com\/danielmatos\/wp-json\/wp\/v2\/categories?post=129651"},{"taxonomy":"post_tag","embeddable":true,"href":"https:\/\/www.blogsoestado.com\/danielmatos\/wp-json\/wp\/v2\/tags?post=129651"}],"curies":[{"name":"wp","href":"https:\/\/api.w.org\/{rel}","templated":true}]}}