{"id":129709,"date":"2024-07-29T17:06:32","date_gmt":"2024-07-29T20:06:32","guid":{"rendered":"https:\/\/www.blogsoestado.com\/danielmatos\/?p=129709"},"modified":"2024-07-29T17:06:32","modified_gmt":"2024-07-29T20:06:32","slug":"tecnico-ze-augusto-deixa-o-sampaio-correa-em-meio-a-luta-do-time-para-nao-cair","status":"publish","type":"post","link":"https:\/\/www.blogsoestado.com\/danielmatos\/tecnico-ze-augusto-deixa-o-sampaio-correa-em-meio-a-luta-do-time-para-nao-cair\/","title":{"rendered":"T\u00e9cnico Z\u00e9 Augusto deixa o Sampaio Corr\u00eaa em meio \u00e0 luta do time para n\u00e3o cair"},"content":{"rendered":"\n<div class=\"wp-block-image\"><figure class=\"aligncenter size-large\"><a href=\"https:\/\/www.blogsoestado.com\/danielmatos\/files\/2024\/07\/Screenshot_20240729-1712572.png\"><img decoding=\"async\" src=\"https:\/\/www.blogsoestado.com\/danielmatos\/files\/2024\/07\/Screenshot_20240729-1712572.png\" alt=\"\" class=\"wp-image-129712\"\/><\/a><figcaption>Z\u00e9 Augusto deixou o cargo de t\u00e9cnico do Sampaio Corr\u00eaa, que agora procura um treinador para tentar livrar o time do rebaixamento<\/figcaption><\/figure><\/div>\n\n\n\n<p>Z\u00e9 Augusto n\u00e3o \u00e9 mais t\u00e9cnico do Sampaio Corr\u00eaa. Faltando apenas quatro jogos para o fim da fase de classifica\u00e7\u00e3o do Campeonato Brasileiro da S\u00e9rie C, o treinador pediu demiss\u00e3o do clube em conversa por telefone com o presidente S\u00e9rgio Frota, que est\u00e1 em viagem ao exterior. Z\u00e9 Augusto deixa o Tricolor ap\u00f3s os maus resultados das \u00faltimas rodadas e em meio \u00e0 luta do time para n\u00e3o cair.<\/p>\n\n\n\n<p>Abaixo, o comunicado oficial do Sampaio Corr\u00eaa sobre a sa\u00edda do treinador:<\/p>\n\n\n\n<p><em>Ap\u00f3s conversa franca com o t\u00e9cnico Z\u00e9 Augusto, na manh\u00e3 desta segunda-feira, 29, o presidente Sergio Frota comunicou a sa\u00edda do treinador, que pediu para deixar o comando do Sampaio Corr\u00eaa. O entendimento foi feito via telefone, visto que o presidente se encontrava no exterior tratando de assuntos de intereresse da Bol\u00edvia.<\/em><\/p>\n\n\n\n<p><em>Frota lamentou a op\u00e7\u00e3o do treinador, mas frisou que entendeu a decis\u00e3o: \u201cGostaria de contar com o Z\u00e9 at\u00e9 o final da competi\u00e7\u00e3o, afinal \u00e9 um treinador competente, que mostrou potencial para chegar at\u00e9 aqui. Mas, enfim, foi uma iniciativa dele, que entendeu ser o momento de sair e chegamos a um entendimento. Desejo sorte no decorrer da sua carreira e, agora, j\u00e1 vou tratar com um novo t\u00e9cnico para comandar o Sampaio nessa reta final de S\u00e9rie C\u201d, ressaltou o treinador boliviano.<\/em><\/p>\n\n\n\n<p><em>Os treinos ser\u00e3o comandados, por enquanto, pela comiss\u00e3o t\u00e9cnica permanente do clube, enquanto \u00e9 definida a situa\u00e7\u00e3o do novo treinador.<\/em><\/p>\n","protected":false},"excerpt":{"rendered":"<p>Z\u00e9 Augusto n\u00e3o \u00e9 mais t\u00e9cnico do Sampaio Corr\u00eaa. Faltando apenas quatro jogos para o fim da fase de classifica\u00e7\u00e3o [&hellip;]<\/p>\n","protected":false},"author":0,"featured_media":0,"comment_status":"open","ping_status":"open","sticky":false,"template":"","format":"standard","meta":{"site-sidebar-layout":"default","site-content-layout":"","ast-site-content-layout":"default","site-content-style":"default","site-sidebar-style":"default","ast-global-header-display":"","ast-banner-title-visibility":"","ast-main-header-display":"","ast-hfb-above-header-display":"","ast-hfb-below-header-display":"","ast-hfb-mobile-header-display":"","site-post-title":"","ast-breadcrumbs-content":"","ast-featured-img":"","footer-sml-layout":"","ast-disable-related-posts":"","theme-transparent-header-meta":"","adv-header-id-meta":"","stick-header-meta":"","header-above-stick-meta":"","header-main-stick-meta":"","header-below-stick-meta":"","astra-migrate-meta-layouts":"default","ast-page-background-enabled":"default","ast-page-background-meta":{"desktop":{"background-color":"var(--ast-global-color-5)","background-image":"","background-repeat":"repeat","background-position":"center center","background-size":"auto","background-attachment":"scroll","background-type":"","background-media":"","overlay-type":"","overlay-color":"","overlay-opacity":"","overlay-gradient":""},"tablet":{"background-color":"","background-image":"","background-repeat":"repeat","background-position":"center center","background-size":"auto","background-attachment":"scroll","background-type":"","background-media":"","overlay-type":"","overlay-color":"","overlay-opacity":"","overlay-gradient":""},"mobile":{"background-color":"","background-image":"","background-repeat":"repeat","background-position":"center center","background-size":"auto","background-attachment":"scroll","background-type":"","background-media":"","overlay-type":"","overlay-color":"","overlay-opacity":"","overlay-gradient":""}},"ast-content-background-meta":{"desktop":{"background-color":"var(--ast-global-color-4)","background-image":"","background-repeat":"repeat","background-position":"center center","background-size":"auto","background-attachment":"scroll","background-type":"","background-media":"","overlay-type":"","overlay-color":"","overlay-opacity":"","overlay-gradient":""},"tablet":{"background-color":"var(--ast-global-color-4)","background-image":"","background-repeat":"repeat","background-position":"center center","background-size":"auto","background-attachment":"scroll","background-type":"","background-media":"","overlay-type":"","overlay-color":"","overlay-opacity":"","overlay-gradient":""},"mobile":{"background-color":"var(--ast-global-color-4)","background-image":"","background-repeat":"repeat","background-position":"center center","background-size":"auto","background-attachment":"scroll","background-type":"","background-media":"","overlay-type":"","overlay-color":"","overlay-opacity":"","overlay-gradient":""}},"footnotes":""},"categories":[1],"tags":[],"class_list":["post-129709","post","type-post","status-publish","format-standard","hentry","category-sem-categoria"],"yoast_head":"<!-- This site is optimized with the Yoast SEO plugin v26.6 - https:\/\/yoast.com\/wordpress\/plugins\/seo\/ -->\n<title>T\u00e9cnico Z\u00e9 Augusto deixa o Sampaio Corr\u00eaa em meio \u00e0 luta do time para n\u00e3o cair - Daniel Matos<\/title>\n<meta name=\"robots\" content=\"index, follow, max-snippet:-1, max-image-preview:large, max-video-preview:-1\" \/>\n<link rel=\"canonical\" href=\"https:\/\/www.blogsoestado.com\/danielmatos\/tecnico-ze-augusto-deixa-o-sampaio-correa-em-meio-a-luta-do-time-para-nao-cair\/\" \/>\n<meta property=\"og:locale\" content=\"pt_BR\" \/>\n<meta property=\"og:type\" content=\"article\" \/>\n<meta property=\"og:title\" content=\"T\u00e9cnico Z\u00e9 Augusto deixa o Sampaio Corr\u00eaa em meio \u00e0 luta do time para n\u00e3o cair - Daniel Matos\" \/>\n<meta property=\"og:description\" content=\"Z\u00e9 Augusto n\u00e3o \u00e9 mais t\u00e9cnico do Sampaio Corr\u00eaa. Faltando apenas quatro jogos para o fim da fase de classifica\u00e7\u00e3o [&hellip;]\" \/>\n<meta property=\"og:url\" content=\"https:\/\/www.blogsoestado.com\/danielmatos\/tecnico-ze-augusto-deixa-o-sampaio-correa-em-meio-a-luta-do-time-para-nao-cair\/\" \/>\n<meta property=\"og:site_name\" content=\"Daniel Matos\" \/>\n<meta property=\"article:published_time\" content=\"2024-07-29T20:06:32+00:00\" \/>\n<meta property=\"og:image\" content=\"https:\/\/www.blogsoestado.com\/danielmatos\/files\/2024\/07\/Screenshot_20240729-1712572.png\" \/>\n<meta name=\"twitter:card\" content=\"summary_large_image\" \/>\n<meta name=\"twitter:label1\" content=\"Est. tempo de leitura\" \/>\n\t<meta name=\"twitter:data1\" content=\"2 minutos\" \/>\n<script type=\"application\/ld+json\" class=\"yoast-schema-graph\">{\"@context\":\"https:\/\/schema.org\",\"@graph\":[{\"@type\":\"WebPage\",\"@id\":\"https:\/\/www.blogsoestado.com\/danielmatos\/tecnico-ze-augusto-deixa-o-sampaio-correa-em-meio-a-luta-do-time-para-nao-cair\/\",\"url\":\"https:\/\/www.blogsoestado.com\/danielmatos\/tecnico-ze-augusto-deixa-o-sampaio-correa-em-meio-a-luta-do-time-para-nao-cair\/\",\"name\":\"T\u00e9cnico Z\u00e9 Augusto deixa o Sampaio Corr\u00eaa em meio \u00e0 luta do time para n\u00e3o cair - Daniel Matos\",\"isPartOf\":{\"@id\":\"https:\/\/www.blogsoestado.com\/danielmatos\/#website\"},\"primaryImageOfPage\":{\"@id\":\"https:\/\/www.blogsoestado.com\/danielmatos\/tecnico-ze-augusto-deixa-o-sampaio-correa-em-meio-a-luta-do-time-para-nao-cair\/#primaryimage\"},\"image\":{\"@id\":\"https:\/\/www.blogsoestado.com\/danielmatos\/tecnico-ze-augusto-deixa-o-sampaio-correa-em-meio-a-luta-do-time-para-nao-cair\/#primaryimage\"},\"thumbnailUrl\":\"https:\/\/www.blogsoestado.com\/danielmatos\/files\/2024\/07\/Screenshot_20240729-1712572.png\",\"datePublished\":\"2024-07-29T20:06:32+00:00\",\"author\":{\"@id\":\"\"},\"breadcrumb\":{\"@id\":\"https:\/\/www.blogsoestado.com\/danielmatos\/tecnico-ze-augusto-deixa-o-sampaio-correa-em-meio-a-luta-do-time-para-nao-cair\/#breadcrumb\"},\"inLanguage\":\"pt-BR\",\"potentialAction\":[{\"@type\":\"ReadAction\",\"target\":[\"https:\/\/www.blogsoestado.com\/danielmatos\/tecnico-ze-augusto-deixa-o-sampaio-correa-em-meio-a-luta-do-time-para-nao-cair\/\"]}]},{\"@type\":\"ImageObject\",\"inLanguage\":\"pt-BR\",\"@id\":\"https:\/\/www.blogsoestado.com\/danielmatos\/tecnico-ze-augusto-deixa-o-sampaio-correa-em-meio-a-luta-do-time-para-nao-cair\/#primaryimage\",\"url\":\"https:\/\/www.blogsoestado.com\/danielmatos\/files\/2024\/07\/Screenshot_20240729-1712572.png\",\"contentUrl\":\"https:\/\/www.blogsoestado.com\/danielmatos\/files\/2024\/07\/Screenshot_20240729-1712572.png\"},{\"@type\":\"BreadcrumbList\",\"@id\":\"https:\/\/www.blogsoestado.com\/danielmatos\/tecnico-ze-augusto-deixa-o-sampaio-correa-em-meio-a-luta-do-time-para-nao-cair\/#breadcrumb\",\"itemListElement\":[{\"@type\":\"ListItem\",\"position\":1,\"name\":\"In\u00edcio\",\"item\":\"https:\/\/www.blogsoestado.com\/danielmatos\/\"},{\"@type\":\"ListItem\",\"position\":2,\"name\":\"T\u00e9cnico Z\u00e9 Augusto deixa o Sampaio Corr\u00eaa em meio \u00e0 luta do time para n\u00e3o cair\"}]},{\"@type\":\"WebSite\",\"@id\":\"https:\/\/www.blogsoestado.com\/danielmatos\/#website\",\"url\":\"https:\/\/www.blogsoestado.com\/danielmatos\/\",\"name\":\"Daniel Matos\",\"description\":\"\",\"potentialAction\":[{\"@type\":\"SearchAction\",\"target\":{\"@type\":\"EntryPoint\",\"urlTemplate\":\"https:\/\/www.blogsoestado.com\/danielmatos\/?s={search_term_string}\"},\"query-input\":{\"@type\":\"PropertyValueSpecification\",\"valueRequired\":true,\"valueName\":\"search_term_string\"}}],\"inLanguage\":\"pt-BR\"}]}<\/script>\n<!-- \/ Yoast SEO plugin. -->","yoast_head_json":{"title":"T\u00e9cnico Z\u00e9 Augusto deixa o Sampaio Corr\u00eaa em meio \u00e0 luta do time para n\u00e3o cair - Daniel Matos","robots":{"index":"index","follow":"follow","max-snippet":"max-snippet:-1","max-image-preview":"max-image-preview:large","max-video-preview":"max-video-preview:-1"},"canonical":"https:\/\/www.blogsoestado.com\/danielmatos\/tecnico-ze-augusto-deixa-o-sampaio-correa-em-meio-a-luta-do-time-para-nao-cair\/","og_locale":"pt_BR","og_type":"article","og_title":"T\u00e9cnico Z\u00e9 Augusto deixa o Sampaio Corr\u00eaa em meio \u00e0 luta do time para n\u00e3o cair - Daniel Matos","og_description":"Z\u00e9 Augusto n\u00e3o \u00e9 mais t\u00e9cnico do Sampaio Corr\u00eaa. Faltando apenas quatro jogos para o fim da fase de classifica\u00e7\u00e3o [&hellip;]","og_url":"https:\/\/www.blogsoestado.com\/danielmatos\/tecnico-ze-augusto-deixa-o-sampaio-correa-em-meio-a-luta-do-time-para-nao-cair\/","og_site_name":"Daniel Matos","article_published_time":"2024-07-29T20:06:32+00:00","og_image":[{"url":"https:\/\/www.blogsoestado.com\/danielmatos\/files\/2024\/07\/Screenshot_20240729-1712572.png","type":"","width":"","height":""}],"twitter_card":"summary_large_image","twitter_misc":{"Est. tempo de leitura":"2 minutos"},"schema":{"@context":"https:\/\/schema.org","@graph":[{"@type":"WebPage","@id":"https:\/\/www.blogsoestado.com\/danielmatos\/tecnico-ze-augusto-deixa-o-sampaio-correa-em-meio-a-luta-do-time-para-nao-cair\/","url":"https:\/\/www.blogsoestado.com\/danielmatos\/tecnico-ze-augusto-deixa-o-sampaio-correa-em-meio-a-luta-do-time-para-nao-cair\/","name":"T\u00e9cnico Z\u00e9 Augusto deixa o Sampaio Corr\u00eaa em meio \u00e0 luta do time para n\u00e3o cair - Daniel Matos","isPartOf":{"@id":"https:\/\/www.blogsoestado.com\/danielmatos\/#website"},"primaryImageOfPage":{"@id":"https:\/\/www.blogsoestado.com\/danielmatos\/tecnico-ze-augusto-deixa-o-sampaio-correa-em-meio-a-luta-do-time-para-nao-cair\/#primaryimage"},"image":{"@id":"https:\/\/www.blogsoestado.com\/danielmatos\/tecnico-ze-augusto-deixa-o-sampaio-correa-em-meio-a-luta-do-time-para-nao-cair\/#primaryimage"},"thumbnailUrl":"https:\/\/www.blogsoestado.com\/danielmatos\/files\/2024\/07\/Screenshot_20240729-1712572.png","datePublished":"2024-07-29T20:06:32+00:00","author":{"@id":""},"breadcrumb":{"@id":"https:\/\/www.blogsoestado.com\/danielmatos\/tecnico-ze-augusto-deixa-o-sampaio-correa-em-meio-a-luta-do-time-para-nao-cair\/#breadcrumb"},"inLanguage":"pt-BR","potentialAction":[{"@type":"ReadAction","target":["https:\/\/www.blogsoestado.com\/danielmatos\/tecnico-ze-augusto-deixa-o-sampaio-correa-em-meio-a-luta-do-time-para-nao-cair\/"]}]},{"@type":"ImageObject","inLanguage":"pt-BR","@id":"https:\/\/www.blogsoestado.com\/danielmatos\/tecnico-ze-augusto-deixa-o-sampaio-correa-em-meio-a-luta-do-time-para-nao-cair\/#primaryimage","url":"https:\/\/www.blogsoestado.com\/danielmatos\/files\/2024\/07\/Screenshot_20240729-1712572.png","contentUrl":"https:\/\/www.blogsoestado.com\/danielmatos\/files\/2024\/07\/Screenshot_20240729-1712572.png"},{"@type":"BreadcrumbList","@id":"https:\/\/www.blogsoestado.com\/danielmatos\/tecnico-ze-augusto-deixa-o-sampaio-correa-em-meio-a-luta-do-time-para-nao-cair\/#breadcrumb","itemListElement":[{"@type":"ListItem","position":1,"name":"In\u00edcio","item":"https:\/\/www.blogsoestado.com\/danielmatos\/"},{"@type":"ListItem","position":2,"name":"T\u00e9cnico Z\u00e9 Augusto deixa o Sampaio Corr\u00eaa em meio \u00e0 luta do time para n\u00e3o cair"}]},{"@type":"WebSite","@id":"https:\/\/www.blogsoestado.com\/danielmatos\/#website","url":"https:\/\/www.blogsoestado.com\/danielmatos\/","name":"Daniel Matos","description":"","potentialAction":[{"@type":"SearchAction","target":{"@type":"EntryPoint","urlTemplate":"https:\/\/www.blogsoestado.com\/danielmatos\/?s={search_term_string}"},"query-input":{"@type":"PropertyValueSpecification","valueRequired":true,"valueName":"search_term_string"}}],"inLanguage":"pt-BR"}]}},"jetpack_featured_media_url":"","_links":{"self":[{"href":"https:\/\/www.blogsoestado.com\/danielmatos\/wp-json\/wp\/v2\/posts\/129709","targetHints":{"allow":["GET"]}}],"collection":[{"href":"https:\/\/www.blogsoestado.com\/danielmatos\/wp-json\/wp\/v2\/posts"}],"about":[{"href":"https:\/\/www.blogsoestado.com\/danielmatos\/wp-json\/wp\/v2\/types\/post"}],"replies":[{"embeddable":true,"href":"https:\/\/www.blogsoestado.com\/danielmatos\/wp-json\/wp\/v2\/comments?post=129709"}],"version-history":[{"count":0,"href":"https:\/\/www.blogsoestado.com\/danielmatos\/wp-json\/wp\/v2\/posts\/129709\/revisions"}],"wp:attachment":[{"href":"https:\/\/www.blogsoestado.com\/danielmatos\/wp-json\/wp\/v2\/media?parent=129709"}],"wp:term":[{"taxonomy":"category","embeddable":true,"href":"https:\/\/www.blogsoestado.com\/danielmatos\/wp-json\/wp\/v2\/categories?post=129709"},{"taxonomy":"post_tag","embeddable":true,"href":"https:\/\/www.blogsoestado.com\/danielmatos\/wp-json\/wp\/v2\/tags?post=129709"}],"curies":[{"name":"wp","href":"https:\/\/api.w.org\/{rel}","templated":true}]}}