{"id":13169,"date":"2013-09-28T04:30:41","date_gmt":"2013-09-28T07:30:41","guid":{"rendered":"https:\/\/www.blogsoestado.com\/danielmatos\/?p=13169"},"modified":"2013-09-28T04:30:41","modified_gmt":"2013-09-28T07:30:41","slug":"ordem-no-pantheon","status":"publish","type":"post","link":"https:\/\/www.blogsoestado.com\/danielmatos\/ordem-no-pantheon\/","title":{"rendered":"Ordem no Pantheon"},"content":{"rendered":"<figure id=\"attachment_13170\" aria-describedby=\"caption-attachment-13170\" style=\"width: 640px\" class=\"wp-caption aligncenter\"><a href=\"https:\/\/www.blogsoestado.com\/danielmatos\/files\/2013\/09\/pantheon31.jpg\"><img fetchpriority=\"high\" decoding=\"async\" class=\"size-full wp-image-13170\" alt=\"Vis\u00f5es da Pra\u00e7a do Pantheon antes e depois da desocupa\u00e7\u00e3o: livre de barracas, ambiente fica mais apraz\u00edvel\" src=\"https:\/\/www.blogsoestado.com\/danielmatos\/files\/2013\/09\/pantheon31.jpg\" width=\"640\" height=\"222\" \/><\/a><figcaption id=\"caption-attachment-13170\" class=\"wp-caption-text\">Vis\u00f5es da Pra\u00e7a do Pantheon antes e depois da desocupa\u00e7\u00e3o: livre de barracas, ambiente fica bem mais apraz\u00edvel<\/figcaption><\/figure>\n<p>Uma opera\u00e7\u00e3o realizada ontem pela Blitz Urbana livrou, ao menos momentaneamente, a Pra\u00e7a do Pantheon de barracas e outras estruturas que h\u00e1 anos a tornavam um dos ambientes mais ca\u00f3ticos de S\u00e3o Lu\u00eds. Ambulantes que ocupavam o espa\u00e7o para vender comida, artesanato e at\u00e9 para fazer tatuagens foram remanejados para um trecho da Pra\u00e7a Deodoro, devolvendo ao Pantheon o m\u00ednimo de urbanidade. Um dos pontos tur\u00edsticos da capital e cen\u00e1rio de v\u00e1rios acontecimentos hist\u00f3ricos, a pra\u00e7a sofre com o abandono do poder p\u00fablico e at\u00e9 o momento n\u00e3o h\u00e1 defini\u00e7\u00e3o clara sobre quando o local ser\u00e1 finalmente revitalizado.<\/p>\n<p>A opera\u00e7\u00e3o come\u00e7ou logo cedo e foi executada com certa tranquilidade, j\u00e1 que os ambulantes foram previamente notificados. Em alguns minutos, dezenas de bancas foram retiradas, mudando completamente o aspecto da pra\u00e7a, antes transformada em mercado a c\u00e9u aberto. Para se ter ideia do absurdo, algumas bases que por d\u00e9cadas sustentaram bustos de intelectuais e outras personalidades maranhenses vinham sendo usadas como suportes para bacias, garrafas, caixas de isopor e outros itens utilizados no dia a dia por quem ganha a vida vendendo lanches e refei\u00e7\u00f5es.<\/p>\n<p>Por falar em bustos, as 18 pe\u00e7as foram retiradas em 2005 do Pantheon devido ao estado prec\u00e1rio da pra\u00e7a, a pedido da Academia Maranhense de Letras, pois estavam sendo alvos de depreda\u00e7\u00e3o. Restaurados, os monumentos hoje est\u00e3o guardados no Museu Hist\u00f3rico e Art\u00edstico do Maranh\u00e3o, na Rua do Sol, sem previs\u00e3o para voltar ao espa\u00e7o original. A AML j\u00e1 anunciou que as pe\u00e7as s\u00f3 ser\u00e3o exibidas novamente no Pantheon quando a pra\u00e7a for reformada, interven\u00e7\u00e3o cuja data de in\u00edcio ainda \u00e9 uma inc\u00f3gnita.<\/p>\n<p>A opera\u00e7\u00e3o na Pra\u00e7a do Pantheon foi necess\u00e1ria, mas \u00e9 ineg\u00e1vel que para manter o logradouro livre de novas invas\u00f5es a Prefeitura de S\u00e3o Lu\u00eds ter\u00e1 que impor r\u00edgida fiscaliza\u00e7\u00e3o, algo dif\u00edcil de fazer em uma \u00e1rea comercial, onde muitos cidad\u00e3os sem emprego formal buscam a sobreviv\u00eancia. O ideal seria iniciar a reforma do espa\u00e7o no menor prazo poss\u00edvel. Em nota divulgada ap\u00f3s a opera\u00e7\u00e3o, a Secretaria Municipal de Comunica\u00e7\u00e3o (Secom) limitou-se a informar que ser\u00e3o postos tapumes para imediato in\u00edcio das obras. Mas, diante da magnitude da obra e da falta de precis\u00e3o, a impress\u00e3o \u00e9 de que ainda n\u00e3o existe um projeto pronto.<\/p>\n<p>Vale ressaltar que a recupera\u00e7\u00e3o da Pra\u00e7a do Pantheon est\u00e1 inclu\u00edda no conjunto de obras a serem executadas na capital maranhense com recursos do PAC Cidades Hist\u00f3ricas, sob a supervis\u00e3o do Instituto do Patrim\u00f4nio Hist\u00f3rico e Art\u00edstico Nacional (IPHAN). Pelo que j\u00e1 foi discutido, caber\u00e1 ao Munic\u00edpio t\u00e3o somente desocupar o logradouro. As interven\u00e7\u00f5es f\u00edsicas ficar\u00e3o a cargo da Superintend\u00eancia do Patrim\u00f4nio Cultural, \u00f3rg\u00e3o vinculado \u00e0 Secretaria de Estado da Cultura. Da\u00ed ser mais prudente aguardar a manifesta\u00e7\u00e3o do governo estadual para n\u00e3o criar falsa expectativa.<\/p>\n<p>S\u00e3o incont\u00e1veis os problemas que causam transtorno ao dia a dia do Centro de S\u00e3o Lu\u00eds. Infraestrutura danificada e ocupa\u00e7\u00e3o ilegal do espa\u00e7o p\u00fablico est\u00e3o entre os que exigem solu\u00e7\u00f5es mais urgentes. Por isso, a opera\u00e7\u00e3o no Pantheon foi mais do que oportuna. Mas ainda falta muito para devolver \u00e0 \u00e1rea a hospitalidade de outrora.<\/p>\n<p><strong>Fotos:<\/strong> Biaman Prado\/Bin\u00e9 Morais (<strong>O Estado do Maranh\u00e3o<\/strong>)<\/p>\n<p><strong>Editorial Publicado neste s\u00e1bado em <a href=\"http:\/\/www.oestadoma.com.br\" target=\"_blank\">O Estado do Maranh\u00e3o<\/a><\/strong><\/p>\n","protected":false},"excerpt":{"rendered":"<p>Uma opera\u00e7\u00e3o realizada ontem pela Blitz Urbana livrou, ao menos momentaneamente, a Pra\u00e7a do Pantheon de barracas e outras estruturas [&hellip;]<\/p>\n","protected":false},"author":0,"featured_media":0,"comment_status":"open","ping_status":"open","sticky":false,"template":"","format":"standard","meta":{"site-sidebar-layout":"default","site-content-layout":"","ast-site-content-layout":"default","site-content-style":"default","site-sidebar-style":"default","ast-global-header-display":"","ast-banner-title-visibility":"","ast-main-header-display":"","ast-hfb-above-header-display":"","ast-hfb-below-header-display":"","ast-hfb-mobile-header-display":"","site-post-title":"","ast-breadcrumbs-content":"","ast-featured-img":"","footer-sml-layout":"","ast-disable-related-posts":"","theme-transparent-header-meta":"","adv-header-id-meta":"","stick-header-meta":"","header-above-stick-meta":"","header-main-stick-meta":"","header-below-stick-meta":"","astra-migrate-meta-layouts":"default","ast-page-background-enabled":"default","ast-page-background-meta":{"desktop":{"background-color":"var(--ast-global-color-5)","background-image":"","background-repeat":"repeat","background-position":"center center","background-size":"auto","background-attachment":"scroll","background-type":"","background-media":"","overlay-type":"","overlay-color":"","overlay-opacity":"","overlay-gradient":""},"tablet":{"background-color":"","background-image":"","background-repeat":"repeat","background-position":"center center","background-size":"auto","background-attachment":"scroll","background-type":"","background-media":"","overlay-type":"","overlay-color":"","overlay-opacity":"","overlay-gradient":""},"mobile":{"background-color":"","background-image":"","background-repeat":"repeat","background-position":"center center","background-size":"auto","background-attachment":"scroll","background-type":"","background-media":"","overlay-type":"","overlay-color":"","overlay-opacity":"","overlay-gradient":""}},"ast-content-background-meta":{"desktop":{"background-color":"var(--ast-global-color-4)","background-image":"","background-repeat":"repeat","background-position":"center center","background-size":"auto","background-attachment":"scroll","background-type":"","background-media":"","overlay-type":"","overlay-color":"","overlay-opacity":"","overlay-gradient":""},"tablet":{"background-color":"var(--ast-global-color-4)","background-image":"","background-repeat":"repeat","background-position":"center center","background-size":"auto","background-attachment":"scroll","background-type":"","background-media":"","overlay-type":"","overlay-color":"","overlay-opacity":"","overlay-gradient":""},"mobile":{"background-color":"var(--ast-global-color-4)","background-image":"","background-repeat":"repeat","background-position":"center center","background-size":"auto","background-attachment":"scroll","background-type":"","background-media":"","overlay-type":"","overlay-color":"","overlay-opacity":"","overlay-gradient":""}},"footnotes":""},"categories":[1],"tags":[],"class_list":["post-13169","post","type-post","status-publish","format-standard","hentry","category-sem-categoria"],"yoast_head":"<!-- This site is optimized with the Yoast SEO plugin v26.6 - https:\/\/yoast.com\/wordpress\/plugins\/seo\/ -->\n<title>Ordem no Pantheon - Daniel Matos<\/title>\n<meta name=\"robots\" content=\"index, follow, max-snippet:-1, max-image-preview:large, max-video-preview:-1\" \/>\n<link rel=\"canonical\" href=\"https:\/\/www.blogsoestado.com\/danielmatos\/ordem-no-pantheon\/\" \/>\n<meta property=\"og:locale\" content=\"pt_BR\" \/>\n<meta property=\"og:type\" content=\"article\" \/>\n<meta property=\"og:title\" content=\"Ordem no Pantheon - Daniel Matos\" \/>\n<meta property=\"og:description\" content=\"Uma opera\u00e7\u00e3o realizada ontem pela Blitz Urbana livrou, ao menos momentaneamente, a Pra\u00e7a do Pantheon de barracas e outras estruturas [&hellip;]\" \/>\n<meta property=\"og:url\" content=\"https:\/\/www.blogsoestado.com\/danielmatos\/ordem-no-pantheon\/\" \/>\n<meta property=\"og:site_name\" content=\"Daniel Matos\" \/>\n<meta property=\"article:published_time\" content=\"2013-09-28T07:30:41+00:00\" \/>\n<meta property=\"og:image\" content=\"https:\/\/www.blogsoestado.com\/danielmatos\/files\/2013\/09\/pantheon31.jpg\" \/>\n<meta name=\"twitter:card\" content=\"summary_large_image\" \/>\n<meta name=\"twitter:label1\" content=\"Est. tempo de leitura\" \/>\n\t<meta name=\"twitter:data1\" content=\"3 minutos\" \/>\n<script type=\"application\/ld+json\" class=\"yoast-schema-graph\">{\"@context\":\"https:\/\/schema.org\",\"@graph\":[{\"@type\":\"WebPage\",\"@id\":\"https:\/\/www.blogsoestado.com\/danielmatos\/ordem-no-pantheon\/\",\"url\":\"https:\/\/www.blogsoestado.com\/danielmatos\/ordem-no-pantheon\/\",\"name\":\"Ordem no Pantheon - Daniel Matos\",\"isPartOf\":{\"@id\":\"https:\/\/www.blogsoestado.com\/danielmatos\/#website\"},\"primaryImageOfPage\":{\"@id\":\"https:\/\/www.blogsoestado.com\/danielmatos\/ordem-no-pantheon\/#primaryimage\"},\"image\":{\"@id\":\"https:\/\/www.blogsoestado.com\/danielmatos\/ordem-no-pantheon\/#primaryimage\"},\"thumbnailUrl\":\"https:\/\/www.blogsoestado.com\/danielmatos\/files\/2013\/09\/pantheon31.jpg\",\"datePublished\":\"2013-09-28T07:30:41+00:00\",\"author\":{\"@id\":\"\"},\"breadcrumb\":{\"@id\":\"https:\/\/www.blogsoestado.com\/danielmatos\/ordem-no-pantheon\/#breadcrumb\"},\"inLanguage\":\"pt-BR\",\"potentialAction\":[{\"@type\":\"ReadAction\",\"target\":[\"https:\/\/www.blogsoestado.com\/danielmatos\/ordem-no-pantheon\/\"]}]},{\"@type\":\"ImageObject\",\"inLanguage\":\"pt-BR\",\"@id\":\"https:\/\/www.blogsoestado.com\/danielmatos\/ordem-no-pantheon\/#primaryimage\",\"url\":\"https:\/\/www.blogsoestado.com\/danielmatos\/files\/2013\/09\/pantheon31.jpg\",\"contentUrl\":\"https:\/\/www.blogsoestado.com\/danielmatos\/files\/2013\/09\/pantheon31.jpg\"},{\"@type\":\"BreadcrumbList\",\"@id\":\"https:\/\/www.blogsoestado.com\/danielmatos\/ordem-no-pantheon\/#breadcrumb\",\"itemListElement\":[{\"@type\":\"ListItem\",\"position\":1,\"name\":\"In\u00edcio\",\"item\":\"https:\/\/www.blogsoestado.com\/danielmatos\/\"},{\"@type\":\"ListItem\",\"position\":2,\"name\":\"Ordem no Pantheon\"}]},{\"@type\":\"WebSite\",\"@id\":\"https:\/\/www.blogsoestado.com\/danielmatos\/#website\",\"url\":\"https:\/\/www.blogsoestado.com\/danielmatos\/\",\"name\":\"Daniel Matos\",\"description\":\"\",\"potentialAction\":[{\"@type\":\"SearchAction\",\"target\":{\"@type\":\"EntryPoint\",\"urlTemplate\":\"https:\/\/www.blogsoestado.com\/danielmatos\/?s={search_term_string}\"},\"query-input\":{\"@type\":\"PropertyValueSpecification\",\"valueRequired\":true,\"valueName\":\"search_term_string\"}}],\"inLanguage\":\"pt-BR\"}]}<\/script>\n<!-- \/ Yoast SEO plugin. -->","yoast_head_json":{"title":"Ordem no Pantheon - Daniel Matos","robots":{"index":"index","follow":"follow","max-snippet":"max-snippet:-1","max-image-preview":"max-image-preview:large","max-video-preview":"max-video-preview:-1"},"canonical":"https:\/\/www.blogsoestado.com\/danielmatos\/ordem-no-pantheon\/","og_locale":"pt_BR","og_type":"article","og_title":"Ordem no Pantheon - Daniel Matos","og_description":"Uma opera\u00e7\u00e3o realizada ontem pela Blitz Urbana livrou, ao menos momentaneamente, a Pra\u00e7a do Pantheon de barracas e outras estruturas [&hellip;]","og_url":"https:\/\/www.blogsoestado.com\/danielmatos\/ordem-no-pantheon\/","og_site_name":"Daniel Matos","article_published_time":"2013-09-28T07:30:41+00:00","og_image":[{"url":"https:\/\/www.blogsoestado.com\/danielmatos\/files\/2013\/09\/pantheon31.jpg","type":"","width":"","height":""}],"twitter_card":"summary_large_image","twitter_misc":{"Est. tempo de leitura":"3 minutos"},"schema":{"@context":"https:\/\/schema.org","@graph":[{"@type":"WebPage","@id":"https:\/\/www.blogsoestado.com\/danielmatos\/ordem-no-pantheon\/","url":"https:\/\/www.blogsoestado.com\/danielmatos\/ordem-no-pantheon\/","name":"Ordem no Pantheon - Daniel Matos","isPartOf":{"@id":"https:\/\/www.blogsoestado.com\/danielmatos\/#website"},"primaryImageOfPage":{"@id":"https:\/\/www.blogsoestado.com\/danielmatos\/ordem-no-pantheon\/#primaryimage"},"image":{"@id":"https:\/\/www.blogsoestado.com\/danielmatos\/ordem-no-pantheon\/#primaryimage"},"thumbnailUrl":"https:\/\/www.blogsoestado.com\/danielmatos\/files\/2013\/09\/pantheon31.jpg","datePublished":"2013-09-28T07:30:41+00:00","author":{"@id":""},"breadcrumb":{"@id":"https:\/\/www.blogsoestado.com\/danielmatos\/ordem-no-pantheon\/#breadcrumb"},"inLanguage":"pt-BR","potentialAction":[{"@type":"ReadAction","target":["https:\/\/www.blogsoestado.com\/danielmatos\/ordem-no-pantheon\/"]}]},{"@type":"ImageObject","inLanguage":"pt-BR","@id":"https:\/\/www.blogsoestado.com\/danielmatos\/ordem-no-pantheon\/#primaryimage","url":"https:\/\/www.blogsoestado.com\/danielmatos\/files\/2013\/09\/pantheon31.jpg","contentUrl":"https:\/\/www.blogsoestado.com\/danielmatos\/files\/2013\/09\/pantheon31.jpg"},{"@type":"BreadcrumbList","@id":"https:\/\/www.blogsoestado.com\/danielmatos\/ordem-no-pantheon\/#breadcrumb","itemListElement":[{"@type":"ListItem","position":1,"name":"In\u00edcio","item":"https:\/\/www.blogsoestado.com\/danielmatos\/"},{"@type":"ListItem","position":2,"name":"Ordem no Pantheon"}]},{"@type":"WebSite","@id":"https:\/\/www.blogsoestado.com\/danielmatos\/#website","url":"https:\/\/www.blogsoestado.com\/danielmatos\/","name":"Daniel Matos","description":"","potentialAction":[{"@type":"SearchAction","target":{"@type":"EntryPoint","urlTemplate":"https:\/\/www.blogsoestado.com\/danielmatos\/?s={search_term_string}"},"query-input":{"@type":"PropertyValueSpecification","valueRequired":true,"valueName":"search_term_string"}}],"inLanguage":"pt-BR"}]}},"jetpack_featured_media_url":"","_links":{"self":[{"href":"https:\/\/www.blogsoestado.com\/danielmatos\/wp-json\/wp\/v2\/posts\/13169","targetHints":{"allow":["GET"]}}],"collection":[{"href":"https:\/\/www.blogsoestado.com\/danielmatos\/wp-json\/wp\/v2\/posts"}],"about":[{"href":"https:\/\/www.blogsoestado.com\/danielmatos\/wp-json\/wp\/v2\/types\/post"}],"replies":[{"embeddable":true,"href":"https:\/\/www.blogsoestado.com\/danielmatos\/wp-json\/wp\/v2\/comments?post=13169"}],"version-history":[{"count":0,"href":"https:\/\/www.blogsoestado.com\/danielmatos\/wp-json\/wp\/v2\/posts\/13169\/revisions"}],"wp:attachment":[{"href":"https:\/\/www.blogsoestado.com\/danielmatos\/wp-json\/wp\/v2\/media?parent=13169"}],"wp:term":[{"taxonomy":"category","embeddable":true,"href":"https:\/\/www.blogsoestado.com\/danielmatos\/wp-json\/wp\/v2\/categories?post=13169"},{"taxonomy":"post_tag","embeddable":true,"href":"https:\/\/www.blogsoestado.com\/danielmatos\/wp-json\/wp\/v2\/tags?post=13169"}],"curies":[{"name":"wp","href":"https:\/\/api.w.org\/{rel}","templated":true}]}}