{"id":134358,"date":"2024-10-29T11:40:40","date_gmt":"2024-10-29T14:40:40","guid":{"rendered":"https:\/\/www.blogsoestado.com\/danielmatos\/?p=134358"},"modified":"2024-10-29T11:40:40","modified_gmt":"2024-10-29T14:40:40","slug":"fortalecido-apos-sucessivas-vitorias-fabio-gentil-prepara-voo-mais-alto-na-politica","status":"publish","type":"post","link":"https:\/\/www.blogsoestado.com\/danielmatos\/fortalecido-apos-sucessivas-vitorias-fabio-gentil-prepara-voo-mais-alto-na-politica\/","title":{"rendered":"Fortalecido ap\u00f3s sucessivas elei\u00e7\u00f5es vitoriosas, F\u00e1bio Gentil prepara voo mais alto na pol\u00edtica"},"content":{"rendered":"\n<div class=\"wp-block-image\"><figure class=\"aligncenter size-large\"><a href=\"https:\/\/www.blogsoestado.com\/danielmatos\/files\/2024\/10\/Screenshot_20241029-1257332.png\"><img decoding=\"async\" src=\"https:\/\/www.blogsoestado.com\/danielmatos\/files\/2024\/10\/Screenshot_20241029-1257332.png\" alt=\"\" class=\"wp-image-134368\"\/><\/a><figcaption>F\u00e1bio Gentil se consolidou como um dos pol\u00edticos de maior proje\u00e7\u00e3o no Maranh\u00e3o, com potencial para conquistar ainda mais espa\u00e7o<\/figcaption><\/figure><\/div>\n\n\n\n<p>O prefeito de Caxias, F\u00e1bio Gentil, acumula sucessivas vit\u00f3rias em elei\u00e7\u00f5es e consolidou-se como maior l\u00edder pol\u00edtico da regi\u00e3o leste do Maranh\u00e3o, com proje\u00e7\u00e3o em todo o estado. Fortalecido e com reconhecida habilidade de articula\u00e7\u00e3o, ele prepara voo ainda mais alto e tem tudo para figurar entre os protagonistas no pleito de 2026, quando ser\u00e3o eleitos deputados estaduais, deputados federais, senadores, governador e presidente da Rep\u00fablica.<\/p>\n\n\n\n<p>F\u00e1bio Gentil despontou como grande promessa na pol\u00edtica em meados da d\u00e9cada de 90, quando conquistou o primeiro dos cinco mandatos de vereador que exerceu em Caxias, sua terra natal. Com vis\u00e3o agu\u00e7ada e certa dose de ousadia, lan\u00e7ou-se candidato a prefeito do munic\u00edpio, em 2016, e saiu vitorioso das urnas, de forma surpreendente, contrariando praticamente todas as previs\u00f5es.<\/p>\n\n\n\n<p>J\u00e1 em 2018, F\u00e1bio Gentil refor\u00e7ou ainda mais a sua imagem de pol\u00edtico talentoso e vencedor ao atuar de forma decisiva na campanha que levou o seu saudoso pai e mentor, Z\u00e9 Gentil, a conquistar novamente o mandato de deputado estadual, depois de mais de duas d\u00e9cadas, com a maior vota\u00e7\u00e3o da hist\u00f3ria de Caxias e a quarta maior dentre os 42 eleitos naquela disputa.<\/p>\n\n\n\n<p>Reeleito prefeito em 2020, com quase 80% dos votos, F\u00e1bio Gentil deu mais um grande salto. O resultado expressivo fez a classe pol\u00edtica e toda a popula\u00e7\u00e3o maranhense voltarem os olhos para Caxias. Sem vaidade, F\u00e1bio Gentil viu tamanho destaque como motiva\u00e7\u00e3o a mais para continuar trabalhando por melhorias para o munic\u00edpio e sua gente. Dois anos depois, novo reconhecimento: a elei\u00e7\u00e3o de Amanda Gentil, filha primog\u00eanita de F\u00e1bio, a deputada federal, com mais de 108 mil votos, e a reelei\u00e7\u00e3o da deputada estadual Daniella, companheira de vida do prefeito e sua parceira de primeira hora, em todos os projetos.<\/p>\n\n\n\n<p>Em seu mais recente desafio, F\u00e1bio Gentil obteve novo exito. Ap\u00f3s definir como sucessor o jovem arquiteto e urbanista Gentil Neto, seu sobrinho, o prefeito fez valer a sua for\u00e7a e credibilidade entre os caxienses e comemorou mais um feito grandioso: a vit\u00f3ria que manter\u00e1 Caxias no rumo do desenvolvimento. F\u00e1bio Gentil tamb\u00e9m teve papel fundamental em outros munic\u00edpios, onde apoiou candidaturas vitoriosas, refor\u00e7ando ainda mais o seu grupo pol\u00edtico.<\/p>\n\n\n\n<p>De revela\u00e7\u00e3o na pol\u00edtica, F\u00e1bio Gentil consagrou-se como verdadeiro fen\u00f4meno e grande expoente, com lugar cativo entre os nomes de maior destaque no cen\u00e1rio local, com aprova\u00e7\u00e3o popular elevada, di\u00e1logo aberto com as principais lideran\u00e7as e respeito at\u00e9 dos advers\u00e1rios.<\/p>\n","protected":false},"excerpt":{"rendered":"<p>O prefeito de Caxias, F\u00e1bio Gentil, acumula sucessivas vit\u00f3rias em elei\u00e7\u00f5es e consolidou-se como maior l\u00edder pol\u00edtico da regi\u00e3o leste [&hellip;]<\/p>\n","protected":false},"author":0,"featured_media":0,"comment_status":"open","ping_status":"open","sticky":false,"template":"","format":"standard","meta":{"site-sidebar-layout":"default","site-content-layout":"","ast-site-content-layout":"default","site-content-style":"default","site-sidebar-style":"default","ast-global-header-display":"","ast-banner-title-visibility":"","ast-main-header-display":"","ast-hfb-above-header-display":"","ast-hfb-below-header-display":"","ast-hfb-mobile-header-display":"","site-post-title":"","ast-breadcrumbs-content":"","ast-featured-img":"","footer-sml-layout":"","ast-disable-related-posts":"","theme-transparent-header-meta":"","adv-header-id-meta":"","stick-header-meta":"","header-above-stick-meta":"","header-main-stick-meta":"","header-below-stick-meta":"","astra-migrate-meta-layouts":"default","ast-page-background-enabled":"default","ast-page-background-meta":{"desktop":{"background-color":"var(--ast-global-color-5)","background-image":"","background-repeat":"repeat","background-position":"center center","background-size":"auto","background-attachment":"scroll","background-type":"","background-media":"","overlay-type":"","overlay-color":"","overlay-opacity":"","overlay-gradient":""},"tablet":{"background-color":"","background-image":"","background-repeat":"repeat","background-position":"center center","background-size":"auto","background-attachment":"scroll","background-type":"","background-media":"","overlay-type":"","overlay-color":"","overlay-opacity":"","overlay-gradient":""},"mobile":{"background-color":"","background-image":"","background-repeat":"repeat","background-position":"center center","background-size":"auto","background-attachment":"scroll","background-type":"","background-media":"","overlay-type":"","overlay-color":"","overlay-opacity":"","overlay-gradient":""}},"ast-content-background-meta":{"desktop":{"background-color":"var(--ast-global-color-4)","background-image":"","background-repeat":"repeat","background-position":"center center","background-size":"auto","background-attachment":"scroll","background-type":"","background-media":"","overlay-type":"","overlay-color":"","overlay-opacity":"","overlay-gradient":""},"tablet":{"background-color":"var(--ast-global-color-4)","background-image":"","background-repeat":"repeat","background-position":"center center","background-size":"auto","background-attachment":"scroll","background-type":"","background-media":"","overlay-type":"","overlay-color":"","overlay-opacity":"","overlay-gradient":""},"mobile":{"background-color":"var(--ast-global-color-4)","background-image":"","background-repeat":"repeat","background-position":"center center","background-size":"auto","background-attachment":"scroll","background-type":"","background-media":"","overlay-type":"","overlay-color":"","overlay-opacity":"","overlay-gradient":""}},"footnotes":""},"categories":[1],"tags":[],"class_list":["post-134358","post","type-post","status-publish","format-standard","hentry","category-sem-categoria"],"yoast_head":"<!-- This site is optimized with the Yoast SEO plugin v26.6 - https:\/\/yoast.com\/wordpress\/plugins\/seo\/ -->\n<title>Fortalecido ap\u00f3s sucessivas elei\u00e7\u00f5es vitoriosas, F\u00e1bio Gentil prepara voo mais alto na pol\u00edtica - Daniel Matos<\/title>\n<meta name=\"robots\" content=\"index, follow, max-snippet:-1, max-image-preview:large, max-video-preview:-1\" \/>\n<link rel=\"canonical\" href=\"https:\/\/www.blogsoestado.com\/danielmatos\/fortalecido-apos-sucessivas-vitorias-fabio-gentil-prepara-voo-mais-alto-na-politica\/\" \/>\n<meta property=\"og:locale\" content=\"pt_BR\" \/>\n<meta property=\"og:type\" content=\"article\" \/>\n<meta property=\"og:title\" content=\"Fortalecido ap\u00f3s sucessivas elei\u00e7\u00f5es vitoriosas, F\u00e1bio Gentil prepara voo mais alto na pol\u00edtica - Daniel Matos\" \/>\n<meta property=\"og:description\" content=\"O prefeito de Caxias, F\u00e1bio Gentil, acumula sucessivas vit\u00f3rias em elei\u00e7\u00f5es e consolidou-se como maior l\u00edder pol\u00edtico da regi\u00e3o leste [&hellip;]\" \/>\n<meta property=\"og:url\" content=\"https:\/\/www.blogsoestado.com\/danielmatos\/fortalecido-apos-sucessivas-vitorias-fabio-gentil-prepara-voo-mais-alto-na-politica\/\" \/>\n<meta property=\"og:site_name\" content=\"Daniel Matos\" \/>\n<meta property=\"article:published_time\" content=\"2024-10-29T14:40:40+00:00\" \/>\n<meta property=\"og:image\" content=\"https:\/\/www.blogsoestado.com\/danielmatos\/files\/2024\/10\/Screenshot_20241029-1257332.png\" \/>\n<meta name=\"twitter:card\" content=\"summary_large_image\" \/>\n<meta name=\"twitter:label1\" content=\"Est. tempo de leitura\" \/>\n\t<meta name=\"twitter:data1\" content=\"3 minutos\" \/>\n<script type=\"application\/ld+json\" class=\"yoast-schema-graph\">{\"@context\":\"https:\/\/schema.org\",\"@graph\":[{\"@type\":\"WebPage\",\"@id\":\"https:\/\/www.blogsoestado.com\/danielmatos\/fortalecido-apos-sucessivas-vitorias-fabio-gentil-prepara-voo-mais-alto-na-politica\/\",\"url\":\"https:\/\/www.blogsoestado.com\/danielmatos\/fortalecido-apos-sucessivas-vitorias-fabio-gentil-prepara-voo-mais-alto-na-politica\/\",\"name\":\"Fortalecido ap\u00f3s sucessivas elei\u00e7\u00f5es vitoriosas, F\u00e1bio Gentil prepara voo mais alto na pol\u00edtica - Daniel Matos\",\"isPartOf\":{\"@id\":\"https:\/\/www.blogsoestado.com\/danielmatos\/#website\"},\"primaryImageOfPage\":{\"@id\":\"https:\/\/www.blogsoestado.com\/danielmatos\/fortalecido-apos-sucessivas-vitorias-fabio-gentil-prepara-voo-mais-alto-na-politica\/#primaryimage\"},\"image\":{\"@id\":\"https:\/\/www.blogsoestado.com\/danielmatos\/fortalecido-apos-sucessivas-vitorias-fabio-gentil-prepara-voo-mais-alto-na-politica\/#primaryimage\"},\"thumbnailUrl\":\"https:\/\/www.blogsoestado.com\/danielmatos\/files\/2024\/10\/Screenshot_20241029-1257332.png\",\"datePublished\":\"2024-10-29T14:40:40+00:00\",\"author\":{\"@id\":\"\"},\"breadcrumb\":{\"@id\":\"https:\/\/www.blogsoestado.com\/danielmatos\/fortalecido-apos-sucessivas-vitorias-fabio-gentil-prepara-voo-mais-alto-na-politica\/#breadcrumb\"},\"inLanguage\":\"pt-BR\",\"potentialAction\":[{\"@type\":\"ReadAction\",\"target\":[\"https:\/\/www.blogsoestado.com\/danielmatos\/fortalecido-apos-sucessivas-vitorias-fabio-gentil-prepara-voo-mais-alto-na-politica\/\"]}]},{\"@type\":\"ImageObject\",\"inLanguage\":\"pt-BR\",\"@id\":\"https:\/\/www.blogsoestado.com\/danielmatos\/fortalecido-apos-sucessivas-vitorias-fabio-gentil-prepara-voo-mais-alto-na-politica\/#primaryimage\",\"url\":\"https:\/\/www.blogsoestado.com\/danielmatos\/files\/2024\/10\/Screenshot_20241029-1257332.png\",\"contentUrl\":\"https:\/\/www.blogsoestado.com\/danielmatos\/files\/2024\/10\/Screenshot_20241029-1257332.png\"},{\"@type\":\"BreadcrumbList\",\"@id\":\"https:\/\/www.blogsoestado.com\/danielmatos\/fortalecido-apos-sucessivas-vitorias-fabio-gentil-prepara-voo-mais-alto-na-politica\/#breadcrumb\",\"itemListElement\":[{\"@type\":\"ListItem\",\"position\":1,\"name\":\"In\u00edcio\",\"item\":\"https:\/\/www.blogsoestado.com\/danielmatos\/\"},{\"@type\":\"ListItem\",\"position\":2,\"name\":\"Fortalecido ap\u00f3s sucessivas elei\u00e7\u00f5es vitoriosas, F\u00e1bio Gentil prepara voo mais alto na pol\u00edtica\"}]},{\"@type\":\"WebSite\",\"@id\":\"https:\/\/www.blogsoestado.com\/danielmatos\/#website\",\"url\":\"https:\/\/www.blogsoestado.com\/danielmatos\/\",\"name\":\"Daniel Matos\",\"description\":\"\",\"potentialAction\":[{\"@type\":\"SearchAction\",\"target\":{\"@type\":\"EntryPoint\",\"urlTemplate\":\"https:\/\/www.blogsoestado.com\/danielmatos\/?s={search_term_string}\"},\"query-input\":{\"@type\":\"PropertyValueSpecification\",\"valueRequired\":true,\"valueName\":\"search_term_string\"}}],\"inLanguage\":\"pt-BR\"}]}<\/script>\n<!-- \/ Yoast SEO plugin. -->","yoast_head_json":{"title":"Fortalecido ap\u00f3s sucessivas elei\u00e7\u00f5es vitoriosas, F\u00e1bio Gentil prepara voo mais alto na pol\u00edtica - Daniel Matos","robots":{"index":"index","follow":"follow","max-snippet":"max-snippet:-1","max-image-preview":"max-image-preview:large","max-video-preview":"max-video-preview:-1"},"canonical":"https:\/\/www.blogsoestado.com\/danielmatos\/fortalecido-apos-sucessivas-vitorias-fabio-gentil-prepara-voo-mais-alto-na-politica\/","og_locale":"pt_BR","og_type":"article","og_title":"Fortalecido ap\u00f3s sucessivas elei\u00e7\u00f5es vitoriosas, F\u00e1bio Gentil prepara voo mais alto na pol\u00edtica - Daniel Matos","og_description":"O prefeito de Caxias, F\u00e1bio Gentil, acumula sucessivas vit\u00f3rias em elei\u00e7\u00f5es e consolidou-se como maior l\u00edder pol\u00edtico da regi\u00e3o leste [&hellip;]","og_url":"https:\/\/www.blogsoestado.com\/danielmatos\/fortalecido-apos-sucessivas-vitorias-fabio-gentil-prepara-voo-mais-alto-na-politica\/","og_site_name":"Daniel Matos","article_published_time":"2024-10-29T14:40:40+00:00","og_image":[{"url":"https:\/\/www.blogsoestado.com\/danielmatos\/files\/2024\/10\/Screenshot_20241029-1257332.png","type":"","width":"","height":""}],"twitter_card":"summary_large_image","twitter_misc":{"Est. tempo de leitura":"3 minutos"},"schema":{"@context":"https:\/\/schema.org","@graph":[{"@type":"WebPage","@id":"https:\/\/www.blogsoestado.com\/danielmatos\/fortalecido-apos-sucessivas-vitorias-fabio-gentil-prepara-voo-mais-alto-na-politica\/","url":"https:\/\/www.blogsoestado.com\/danielmatos\/fortalecido-apos-sucessivas-vitorias-fabio-gentil-prepara-voo-mais-alto-na-politica\/","name":"Fortalecido ap\u00f3s sucessivas elei\u00e7\u00f5es vitoriosas, F\u00e1bio Gentil prepara voo mais alto na pol\u00edtica - Daniel Matos","isPartOf":{"@id":"https:\/\/www.blogsoestado.com\/danielmatos\/#website"},"primaryImageOfPage":{"@id":"https:\/\/www.blogsoestado.com\/danielmatos\/fortalecido-apos-sucessivas-vitorias-fabio-gentil-prepara-voo-mais-alto-na-politica\/#primaryimage"},"image":{"@id":"https:\/\/www.blogsoestado.com\/danielmatos\/fortalecido-apos-sucessivas-vitorias-fabio-gentil-prepara-voo-mais-alto-na-politica\/#primaryimage"},"thumbnailUrl":"https:\/\/www.blogsoestado.com\/danielmatos\/files\/2024\/10\/Screenshot_20241029-1257332.png","datePublished":"2024-10-29T14:40:40+00:00","author":{"@id":""},"breadcrumb":{"@id":"https:\/\/www.blogsoestado.com\/danielmatos\/fortalecido-apos-sucessivas-vitorias-fabio-gentil-prepara-voo-mais-alto-na-politica\/#breadcrumb"},"inLanguage":"pt-BR","potentialAction":[{"@type":"ReadAction","target":["https:\/\/www.blogsoestado.com\/danielmatos\/fortalecido-apos-sucessivas-vitorias-fabio-gentil-prepara-voo-mais-alto-na-politica\/"]}]},{"@type":"ImageObject","inLanguage":"pt-BR","@id":"https:\/\/www.blogsoestado.com\/danielmatos\/fortalecido-apos-sucessivas-vitorias-fabio-gentil-prepara-voo-mais-alto-na-politica\/#primaryimage","url":"https:\/\/www.blogsoestado.com\/danielmatos\/files\/2024\/10\/Screenshot_20241029-1257332.png","contentUrl":"https:\/\/www.blogsoestado.com\/danielmatos\/files\/2024\/10\/Screenshot_20241029-1257332.png"},{"@type":"BreadcrumbList","@id":"https:\/\/www.blogsoestado.com\/danielmatos\/fortalecido-apos-sucessivas-vitorias-fabio-gentil-prepara-voo-mais-alto-na-politica\/#breadcrumb","itemListElement":[{"@type":"ListItem","position":1,"name":"In\u00edcio","item":"https:\/\/www.blogsoestado.com\/danielmatos\/"},{"@type":"ListItem","position":2,"name":"Fortalecido ap\u00f3s sucessivas elei\u00e7\u00f5es vitoriosas, F\u00e1bio Gentil prepara voo mais alto na pol\u00edtica"}]},{"@type":"WebSite","@id":"https:\/\/www.blogsoestado.com\/danielmatos\/#website","url":"https:\/\/www.blogsoestado.com\/danielmatos\/","name":"Daniel Matos","description":"","potentialAction":[{"@type":"SearchAction","target":{"@type":"EntryPoint","urlTemplate":"https:\/\/www.blogsoestado.com\/danielmatos\/?s={search_term_string}"},"query-input":{"@type":"PropertyValueSpecification","valueRequired":true,"valueName":"search_term_string"}}],"inLanguage":"pt-BR"}]}},"jetpack_featured_media_url":"","_links":{"self":[{"href":"https:\/\/www.blogsoestado.com\/danielmatos\/wp-json\/wp\/v2\/posts\/134358","targetHints":{"allow":["GET"]}}],"collection":[{"href":"https:\/\/www.blogsoestado.com\/danielmatos\/wp-json\/wp\/v2\/posts"}],"about":[{"href":"https:\/\/www.blogsoestado.com\/danielmatos\/wp-json\/wp\/v2\/types\/post"}],"replies":[{"embeddable":true,"href":"https:\/\/www.blogsoestado.com\/danielmatos\/wp-json\/wp\/v2\/comments?post=134358"}],"version-history":[{"count":0,"href":"https:\/\/www.blogsoestado.com\/danielmatos\/wp-json\/wp\/v2\/posts\/134358\/revisions"}],"wp:attachment":[{"href":"https:\/\/www.blogsoestado.com\/danielmatos\/wp-json\/wp\/v2\/media?parent=134358"}],"wp:term":[{"taxonomy":"category","embeddable":true,"href":"https:\/\/www.blogsoestado.com\/danielmatos\/wp-json\/wp\/v2\/categories?post=134358"},{"taxonomy":"post_tag","embeddable":true,"href":"https:\/\/www.blogsoestado.com\/danielmatos\/wp-json\/wp\/v2\/tags?post=134358"}],"curies":[{"name":"wp","href":"https:\/\/api.w.org\/{rel}","templated":true}]}}