{"id":135134,"date":"2024-11-15T11:01:57","date_gmt":"2024-11-15T14:01:57","guid":{"rendered":"https:\/\/www.blogsoestado.com\/danielmatos\/?p=135134"},"modified":"2024-11-15T11:01:57","modified_gmt":"2024-11-15T14:01:57","slug":"fim-de-semana-com-chegada-do-papai-noel-no-golden-shopping-calhau-e-apresentacao-de-corais","status":"publish","type":"post","link":"https:\/\/www.blogsoestado.com\/danielmatos\/fim-de-semana-com-chegada-do-papai-noel-no-golden-shopping-calhau-e-apresentacao-de-corais\/","title":{"rendered":"Fim de semana com chegada do Papai Noel no Golden Shopping Calhau e apresenta\u00e7\u00e3o de corais"},"content":{"rendered":"\n<div class=\"wp-block-image\"><figure class=\"aligncenter size-large\"><a href=\"https:\/\/www.blogsoestado.com\/danielmatos\/files\/2024\/11\/Screenshot_20241115-1054412.png\"><img decoding=\"async\" src=\"https:\/\/www.blogsoestado.com\/danielmatos\/files\/2024\/11\/Screenshot_20241115-1054412.png\" alt=\"\" class=\"wp-image-135135\"\/><\/a><figcaption>Papai Noel desembarca neste s\u00e1bado, 16 de novembro no Golden Shopping Calhau<\/figcaption><\/figure><\/div>\n\n\n\n<p>A temporada mais m\u00e1gica do ano chegou! E, neste s\u00e1bado, 16 de novembro, a partir das 17h, o Golden Shopping Calhau promete surpreender o p\u00fablico com a chegada especial do Papai Noel!<\/p>\n\n\n\n<p>O personagem mais amado desta \u00e9poca desembarca no Golden Shopping e ficar\u00e1 todos os dias, a partir das 16h, para ouvir os pedidos de presente da crian\u00e7ada e fazer tamb\u00e9m sess\u00e3o de fotos na casinha com os clientes, inclusive haver\u00e1 espa\u00e7o especial para que os animais de estima\u00e7\u00e3o, acompanhados de seus donos, tirem fotos com o bom velhinho.<\/p>\n\n\n\n<div class=\"wp-block-image\"><figure class=\"aligncenter size-large\"><a href=\"https:\/\/www.blogsoestado.com\/danielmatos\/files\/2024\/11\/Screenshot_20241115-1055252.png\"><img decoding=\"async\" src=\"https:\/\/www.blogsoestado.com\/danielmatos\/files\/2024\/11\/Screenshot_20241115-1055252.png\" alt=\"\" class=\"wp-image-135137\"\/><\/a><figcaption>Pra\u00e7a de Eventos 1 do Golden Shopping Calhau recebe neste final de semana o Papai Noel<\/figcaption><\/figure><\/div>\n\n\n\n<p>E, no s\u00e1bado, al\u00e9m da chegada do Papai Noel, haver\u00e1 um cortejo pelo mall do Golden Shopping Calhau com os personagens natalinos da Trupe Doce Natal e tamb\u00e9m apresenta\u00e7\u00e3o do Coral Infantil da Escola de M\u00fasica do Estado do Maranh\u00e3o e Coral Sons da Maturidade do Sesc, \u00e0s 17h. Lembrando que as apresenta\u00e7\u00f5es e a chegada do Papai Noel ser\u00e3o realizadas na Pra\u00e7a de Eventos 1.<\/p>\n","protected":false},"excerpt":{"rendered":"<p>A temporada mais m\u00e1gica do ano chegou! E, neste s\u00e1bado, 16 de novembro, a partir das 17h, o Golden Shopping [&hellip;]<\/p>\n","protected":false},"author":0,"featured_media":0,"comment_status":"open","ping_status":"open","sticky":false,"template":"","format":"standard","meta":{"site-sidebar-layout":"default","site-content-layout":"","ast-site-content-layout":"default","site-content-style":"default","site-sidebar-style":"default","ast-global-header-display":"","ast-banner-title-visibility":"","ast-main-header-display":"","ast-hfb-above-header-display":"","ast-hfb-below-header-display":"","ast-hfb-mobile-header-display":"","site-post-title":"","ast-breadcrumbs-content":"","ast-featured-img":"","footer-sml-layout":"","ast-disable-related-posts":"","theme-transparent-header-meta":"","adv-header-id-meta":"","stick-header-meta":"","header-above-stick-meta":"","header-main-stick-meta":"","header-below-stick-meta":"","astra-migrate-meta-layouts":"default","ast-page-background-enabled":"default","ast-page-background-meta":{"desktop":{"background-color":"var(--ast-global-color-5)","background-image":"","background-repeat":"repeat","background-position":"center center","background-size":"auto","background-attachment":"scroll","background-type":"","background-media":"","overlay-type":"","overlay-color":"","overlay-opacity":"","overlay-gradient":""},"tablet":{"background-color":"","background-image":"","background-repeat":"repeat","background-position":"center center","background-size":"auto","background-attachment":"scroll","background-type":"","background-media":"","overlay-type":"","overlay-color":"","overlay-opacity":"","overlay-gradient":""},"mobile":{"background-color":"","background-image":"","background-repeat":"repeat","background-position":"center center","background-size":"auto","background-attachment":"scroll","background-type":"","background-media":"","overlay-type":"","overlay-color":"","overlay-opacity":"","overlay-gradient":""}},"ast-content-background-meta":{"desktop":{"background-color":"var(--ast-global-color-4)","background-image":"","background-repeat":"repeat","background-position":"center center","background-size":"auto","background-attachment":"scroll","background-type":"","background-media":"","overlay-type":"","overlay-color":"","overlay-opacity":"","overlay-gradient":""},"tablet":{"background-color":"var(--ast-global-color-4)","background-image":"","background-repeat":"repeat","background-position":"center center","background-size":"auto","background-attachment":"scroll","background-type":"","background-media":"","overlay-type":"","overlay-color":"","overlay-opacity":"","overlay-gradient":""},"mobile":{"background-color":"var(--ast-global-color-4)","background-image":"","background-repeat":"repeat","background-position":"center center","background-size":"auto","background-attachment":"scroll","background-type":"","background-media":"","overlay-type":"","overlay-color":"","overlay-opacity":"","overlay-gradient":""}},"footnotes":""},"categories":[1],"tags":[],"class_list":["post-135134","post","type-post","status-publish","format-standard","hentry","category-sem-categoria"],"yoast_head":"<!-- This site is optimized with the Yoast SEO plugin v26.6 - https:\/\/yoast.com\/wordpress\/plugins\/seo\/ -->\n<title>Fim de semana com chegada do Papai Noel no Golden Shopping Calhau e apresenta\u00e7\u00e3o de corais - Daniel Matos<\/title>\n<meta name=\"robots\" content=\"index, follow, max-snippet:-1, max-image-preview:large, max-video-preview:-1\" \/>\n<link rel=\"canonical\" href=\"https:\/\/www.blogsoestado.com\/danielmatos\/fim-de-semana-com-chegada-do-papai-noel-no-golden-shopping-calhau-e-apresentacao-de-corais\/\" \/>\n<meta property=\"og:locale\" content=\"pt_BR\" \/>\n<meta property=\"og:type\" content=\"article\" \/>\n<meta property=\"og:title\" content=\"Fim de semana com chegada do Papai Noel no Golden Shopping Calhau e apresenta\u00e7\u00e3o de corais - Daniel Matos\" \/>\n<meta property=\"og:description\" content=\"A temporada mais m\u00e1gica do ano chegou! E, neste s\u00e1bado, 16 de novembro, a partir das 17h, o Golden Shopping [&hellip;]\" \/>\n<meta property=\"og:url\" content=\"https:\/\/www.blogsoestado.com\/danielmatos\/fim-de-semana-com-chegada-do-papai-noel-no-golden-shopping-calhau-e-apresentacao-de-corais\/\" \/>\n<meta property=\"og:site_name\" content=\"Daniel Matos\" \/>\n<meta property=\"article:published_time\" content=\"2024-11-15T14:01:57+00:00\" \/>\n<meta property=\"og:image\" content=\"https:\/\/www.blogsoestado.com\/danielmatos\/files\/2024\/11\/Screenshot_20241115-1054412.png\" \/>\n<meta name=\"twitter:card\" content=\"summary_large_image\" \/>\n<meta name=\"twitter:label1\" content=\"Est. tempo de leitura\" \/>\n\t<meta name=\"twitter:data1\" content=\"2 minutos\" \/>\n<script type=\"application\/ld+json\" class=\"yoast-schema-graph\">{\"@context\":\"https:\/\/schema.org\",\"@graph\":[{\"@type\":\"WebPage\",\"@id\":\"https:\/\/www.blogsoestado.com\/danielmatos\/fim-de-semana-com-chegada-do-papai-noel-no-golden-shopping-calhau-e-apresentacao-de-corais\/\",\"url\":\"https:\/\/www.blogsoestado.com\/danielmatos\/fim-de-semana-com-chegada-do-papai-noel-no-golden-shopping-calhau-e-apresentacao-de-corais\/\",\"name\":\"Fim de semana com chegada do Papai Noel no Golden Shopping Calhau e apresenta\u00e7\u00e3o de corais - Daniel Matos\",\"isPartOf\":{\"@id\":\"https:\/\/www.blogsoestado.com\/danielmatos\/#website\"},\"primaryImageOfPage\":{\"@id\":\"https:\/\/www.blogsoestado.com\/danielmatos\/fim-de-semana-com-chegada-do-papai-noel-no-golden-shopping-calhau-e-apresentacao-de-corais\/#primaryimage\"},\"image\":{\"@id\":\"https:\/\/www.blogsoestado.com\/danielmatos\/fim-de-semana-com-chegada-do-papai-noel-no-golden-shopping-calhau-e-apresentacao-de-corais\/#primaryimage\"},\"thumbnailUrl\":\"https:\/\/www.blogsoestado.com\/danielmatos\/files\/2024\/11\/Screenshot_20241115-1054412.png\",\"datePublished\":\"2024-11-15T14:01:57+00:00\",\"author\":{\"@id\":\"\"},\"breadcrumb\":{\"@id\":\"https:\/\/www.blogsoestado.com\/danielmatos\/fim-de-semana-com-chegada-do-papai-noel-no-golden-shopping-calhau-e-apresentacao-de-corais\/#breadcrumb\"},\"inLanguage\":\"pt-BR\",\"potentialAction\":[{\"@type\":\"ReadAction\",\"target\":[\"https:\/\/www.blogsoestado.com\/danielmatos\/fim-de-semana-com-chegada-do-papai-noel-no-golden-shopping-calhau-e-apresentacao-de-corais\/\"]}]},{\"@type\":\"ImageObject\",\"inLanguage\":\"pt-BR\",\"@id\":\"https:\/\/www.blogsoestado.com\/danielmatos\/fim-de-semana-com-chegada-do-papai-noel-no-golden-shopping-calhau-e-apresentacao-de-corais\/#primaryimage\",\"url\":\"https:\/\/www.blogsoestado.com\/danielmatos\/files\/2024\/11\/Screenshot_20241115-1054412.png\",\"contentUrl\":\"https:\/\/www.blogsoestado.com\/danielmatos\/files\/2024\/11\/Screenshot_20241115-1054412.png\"},{\"@type\":\"BreadcrumbList\",\"@id\":\"https:\/\/www.blogsoestado.com\/danielmatos\/fim-de-semana-com-chegada-do-papai-noel-no-golden-shopping-calhau-e-apresentacao-de-corais\/#breadcrumb\",\"itemListElement\":[{\"@type\":\"ListItem\",\"position\":1,\"name\":\"In\u00edcio\",\"item\":\"https:\/\/www.blogsoestado.com\/danielmatos\/\"},{\"@type\":\"ListItem\",\"position\":2,\"name\":\"Fim de semana com chegada do Papai Noel no Golden Shopping Calhau e apresenta\u00e7\u00e3o de corais\"}]},{\"@type\":\"WebSite\",\"@id\":\"https:\/\/www.blogsoestado.com\/danielmatos\/#website\",\"url\":\"https:\/\/www.blogsoestado.com\/danielmatos\/\",\"name\":\"Daniel Matos\",\"description\":\"\",\"potentialAction\":[{\"@type\":\"SearchAction\",\"target\":{\"@type\":\"EntryPoint\",\"urlTemplate\":\"https:\/\/www.blogsoestado.com\/danielmatos\/?s={search_term_string}\"},\"query-input\":{\"@type\":\"PropertyValueSpecification\",\"valueRequired\":true,\"valueName\":\"search_term_string\"}}],\"inLanguage\":\"pt-BR\"}]}<\/script>\n<!-- \/ Yoast SEO plugin. -->","yoast_head_json":{"title":"Fim de semana com chegada do Papai Noel no Golden Shopping Calhau e apresenta\u00e7\u00e3o de corais - Daniel Matos","robots":{"index":"index","follow":"follow","max-snippet":"max-snippet:-1","max-image-preview":"max-image-preview:large","max-video-preview":"max-video-preview:-1"},"canonical":"https:\/\/www.blogsoestado.com\/danielmatos\/fim-de-semana-com-chegada-do-papai-noel-no-golden-shopping-calhau-e-apresentacao-de-corais\/","og_locale":"pt_BR","og_type":"article","og_title":"Fim de semana com chegada do Papai Noel no Golden Shopping Calhau e apresenta\u00e7\u00e3o de corais - Daniel Matos","og_description":"A temporada mais m\u00e1gica do ano chegou! E, neste s\u00e1bado, 16 de novembro, a partir das 17h, o Golden Shopping [&hellip;]","og_url":"https:\/\/www.blogsoestado.com\/danielmatos\/fim-de-semana-com-chegada-do-papai-noel-no-golden-shopping-calhau-e-apresentacao-de-corais\/","og_site_name":"Daniel Matos","article_published_time":"2024-11-15T14:01:57+00:00","og_image":[{"url":"https:\/\/www.blogsoestado.com\/danielmatos\/files\/2024\/11\/Screenshot_20241115-1054412.png","type":"","width":"","height":""}],"twitter_card":"summary_large_image","twitter_misc":{"Est. tempo de leitura":"2 minutos"},"schema":{"@context":"https:\/\/schema.org","@graph":[{"@type":"WebPage","@id":"https:\/\/www.blogsoestado.com\/danielmatos\/fim-de-semana-com-chegada-do-papai-noel-no-golden-shopping-calhau-e-apresentacao-de-corais\/","url":"https:\/\/www.blogsoestado.com\/danielmatos\/fim-de-semana-com-chegada-do-papai-noel-no-golden-shopping-calhau-e-apresentacao-de-corais\/","name":"Fim de semana com chegada do Papai Noel no Golden Shopping Calhau e apresenta\u00e7\u00e3o de corais - Daniel Matos","isPartOf":{"@id":"https:\/\/www.blogsoestado.com\/danielmatos\/#website"},"primaryImageOfPage":{"@id":"https:\/\/www.blogsoestado.com\/danielmatos\/fim-de-semana-com-chegada-do-papai-noel-no-golden-shopping-calhau-e-apresentacao-de-corais\/#primaryimage"},"image":{"@id":"https:\/\/www.blogsoestado.com\/danielmatos\/fim-de-semana-com-chegada-do-papai-noel-no-golden-shopping-calhau-e-apresentacao-de-corais\/#primaryimage"},"thumbnailUrl":"https:\/\/www.blogsoestado.com\/danielmatos\/files\/2024\/11\/Screenshot_20241115-1054412.png","datePublished":"2024-11-15T14:01:57+00:00","author":{"@id":""},"breadcrumb":{"@id":"https:\/\/www.blogsoestado.com\/danielmatos\/fim-de-semana-com-chegada-do-papai-noel-no-golden-shopping-calhau-e-apresentacao-de-corais\/#breadcrumb"},"inLanguage":"pt-BR","potentialAction":[{"@type":"ReadAction","target":["https:\/\/www.blogsoestado.com\/danielmatos\/fim-de-semana-com-chegada-do-papai-noel-no-golden-shopping-calhau-e-apresentacao-de-corais\/"]}]},{"@type":"ImageObject","inLanguage":"pt-BR","@id":"https:\/\/www.blogsoestado.com\/danielmatos\/fim-de-semana-com-chegada-do-papai-noel-no-golden-shopping-calhau-e-apresentacao-de-corais\/#primaryimage","url":"https:\/\/www.blogsoestado.com\/danielmatos\/files\/2024\/11\/Screenshot_20241115-1054412.png","contentUrl":"https:\/\/www.blogsoestado.com\/danielmatos\/files\/2024\/11\/Screenshot_20241115-1054412.png"},{"@type":"BreadcrumbList","@id":"https:\/\/www.blogsoestado.com\/danielmatos\/fim-de-semana-com-chegada-do-papai-noel-no-golden-shopping-calhau-e-apresentacao-de-corais\/#breadcrumb","itemListElement":[{"@type":"ListItem","position":1,"name":"In\u00edcio","item":"https:\/\/www.blogsoestado.com\/danielmatos\/"},{"@type":"ListItem","position":2,"name":"Fim de semana com chegada do Papai Noel no Golden Shopping Calhau e apresenta\u00e7\u00e3o de corais"}]},{"@type":"WebSite","@id":"https:\/\/www.blogsoestado.com\/danielmatos\/#website","url":"https:\/\/www.blogsoestado.com\/danielmatos\/","name":"Daniel Matos","description":"","potentialAction":[{"@type":"SearchAction","target":{"@type":"EntryPoint","urlTemplate":"https:\/\/www.blogsoestado.com\/danielmatos\/?s={search_term_string}"},"query-input":{"@type":"PropertyValueSpecification","valueRequired":true,"valueName":"search_term_string"}}],"inLanguage":"pt-BR"}]}},"jetpack_featured_media_url":"","_links":{"self":[{"href":"https:\/\/www.blogsoestado.com\/danielmatos\/wp-json\/wp\/v2\/posts\/135134","targetHints":{"allow":["GET"]}}],"collection":[{"href":"https:\/\/www.blogsoestado.com\/danielmatos\/wp-json\/wp\/v2\/posts"}],"about":[{"href":"https:\/\/www.blogsoestado.com\/danielmatos\/wp-json\/wp\/v2\/types\/post"}],"replies":[{"embeddable":true,"href":"https:\/\/www.blogsoestado.com\/danielmatos\/wp-json\/wp\/v2\/comments?post=135134"}],"version-history":[{"count":0,"href":"https:\/\/www.blogsoestado.com\/danielmatos\/wp-json\/wp\/v2\/posts\/135134\/revisions"}],"wp:attachment":[{"href":"https:\/\/www.blogsoestado.com\/danielmatos\/wp-json\/wp\/v2\/media?parent=135134"}],"wp:term":[{"taxonomy":"category","embeddable":true,"href":"https:\/\/www.blogsoestado.com\/danielmatos\/wp-json\/wp\/v2\/categories?post=135134"},{"taxonomy":"post_tag","embeddable":true,"href":"https:\/\/www.blogsoestado.com\/danielmatos\/wp-json\/wp\/v2\/tags?post=135134"}],"curies":[{"name":"wp","href":"https:\/\/api.w.org\/{rel}","templated":true}]}}