{"id":135149,"date":"2024-11-15T13:26:14","date_gmt":"2024-11-15T16:26:14","guid":{"rendered":"https:\/\/www.blogsoestado.com\/danielmatos\/?p=135149"},"modified":"2024-11-15T13:26:14","modified_gmt":"2024-11-15T16:26:14","slug":"mobiliza-slz-comeca-neste-sabado-16-com-programacao-diversificada-por-toda-a-cidade","status":"publish","type":"post","link":"https:\/\/www.blogsoestado.com\/danielmatos\/mobiliza-slz-comeca-neste-sabado-16-com-programacao-diversificada-por-toda-a-cidade\/","title":{"rendered":"Mobiliza SLZ come\u00e7a neste s\u00e1bado (16) com programa\u00e7\u00e3o diversificada por toda a cidade"},"content":{"rendered":"\n<p><em><strong><span class=\"has-inline-color has-vivid-red-color\">No primeiro fim de semana, ser\u00e3o realizadas cerca de 20 a\u00e7\u00f5es em bairros como Liberdade, Centro, Cohama, Ponta d&#8217;Areia e Gapara<\/span><\/strong><\/em><\/p>\n\n\n\n<div class=\"wp-block-image\"><figure class=\"aligncenter size-large\"><a href=\"https:\/\/www.blogsoestado.com\/danielmatos\/files\/2024\/11\/Screenshot_20241115-1340162.png\"><img decoding=\"async\" src=\"https:\/\/www.blogsoestado.com\/danielmatos\/files\/2024\/11\/Screenshot_20241115-1340162.png\" alt=\"\" class=\"wp-image-135156\"\/><\/a><\/figure><\/div>\n\n\n\n<p>Come\u00e7a neste s\u00e1bado (16) a 4\u00aa edi\u00e7\u00e3o do Mobiliza S\u00e3o Lu\u00eds, movimento que conecta turismo, cultura e economia criativa na capital maranhense. A programa\u00e7\u00e3o deste primeiro fim de semana vai levar cerca de 20 atividades a diferentes pontos da Ilha, contemplando pain\u00e9is, oficina, degusta\u00e7\u00f5es, atra\u00e7\u00f5es art\u00edsticas e culturais, feiras criativas, visitas guiadas e muito mais!&nbsp;<\/p>\n\n\n\n<p>No primeiro dia do Mobiliza (16), ser\u00e1 oferecida degusta\u00e7\u00e3o e venda de produtos derivados do cux\u00e1, al\u00e9m das geleias tipicamente maranhenses, no evento &#8220;Cux\u00e1 e Companhia&#8221;, na Casa de Elena (Rua Treze de Maio, 03, Cidade Nova &#8211; Gapara), das 10h \u00e0s 16h. Das 16h \u00e0s 20h30, o Centro de S\u00e3o Lu\u00eds vai receber o &#8220;CPDMODA Fashion Show&#8221;, iniciativa que vai apresentar pe\u00e7as de novos designers e estilistas, na F\u00e1brica Santa Am\u00e9lia (R. das Crioulas, 154, Centro).<\/p>\n\n\n\n<div class=\"wp-block-image\"><figure class=\"aligncenter size-large\"><a href=\"https:\/\/www.blogsoestado.com\/danielmatos\/files\/2024\/11\/Screenshot_20241115-1343142-1.png\"><img decoding=\"async\" src=\"https:\/\/www.blogsoestado.com\/danielmatos\/files\/2024\/11\/Screenshot_20241115-1343142-1.png\" alt=\"\" class=\"wp-image-135159\"\/><\/a><figcaption><em>Assim como na edi\u00e7\u00e3o do ano passado do Mobiliza, atividades no bairro da Liberdade tamb\u00e9m fazem parte da programa\u00e7\u00e3o em 2024 (Foto: Divulga\u00e7\u00e3o\/Mobiliza SLZ)<\/em><\/figcaption><\/figure><\/div>\n\n\n\n<p>No domingo (17), o &#8220;Passeio com Hist\u00f3ria e Gastronomia no Quilombo Urbano da Liberdade&#8221;, com dura\u00e7\u00e3o de uma hora, vai sair da Produtora Novo Quilombo (Rua Greg\u00f3rio de Matos, Liberdade) em dois hor\u00e1rios: 9h e 16h. Das 17h \u00e0s 21h, a &#8220;8\u00aa Feirinha Criativa do Polo Coroadinho&#8221; (Pra\u00e7a do Burro Brabo, Vila Concei\u00e7\u00e3o) vai dar mais visibilidade a empreendedores locais, de modo a fortalecer a economia do territ\u00f3rio.<\/p>\n\n\n\n<p>Nos dois dias do fim de semana acontecer\u00e1 o festival de cultura geek &#8220;Matsuri&#8221;, no Multicenter Sebrae, das 13h \u00e0s 21h, e o &#8220;Sabores do Mar\u00e1&#8221;, a\u00e7\u00e3o de mercado do Sebrae realizada em bares e restaurantes da Avenida Litor\u00e2nea, que vai oferecer degusta\u00e7\u00e3o de petiscos e de bebidas destiladas produzidas no Maranh\u00e3o. No s\u00e1bado (16), o &#8220;Sabores do Mar\u00e1&#8221; ter\u00e1 a\u00e7\u00f5es na Barraca do Chef, Casa da Peixada e Estrela Dalva 2; no domingo (17), as atividades ser\u00e3o na Barraca da Marcela, Jacira Bar e Restaurante e Kalamazoo, das 11h \u00e0s 14h.<\/p>\n\n\n\n<div class=\"wp-block-image\"><figure class=\"aligncenter size-large\"><a href=\"https:\/\/www.blogsoestado.com\/danielmatos\/files\/2024\/11\/Screenshot_20241115-1346432.png\"><img decoding=\"async\" src=\"https:\/\/www.blogsoestado.com\/danielmatos\/files\/2024\/11\/Screenshot_20241115-1346432.png\" alt=\"\" class=\"wp-image-135160\"\/><\/a><figcaption><em>City tour pelo Centro Hist\u00f3rico de S\u00e3o Lu\u00eds \u00e9 uma das agendas desse final de semana (Foto: Divulga\u00e7\u00e3o\/Mobiliza SLZ)<\/em><\/figcaption><\/figure><\/div>\n\n\n\n<p>Mais informa\u00e7\u00f5es sobre essas e outras atividades do Mobiliza SLZ, evento que se estende at\u00e9 o dia 24 de novembro com cerca de 70 a\u00e7\u00f5es, no total, est\u00e3o dispon\u00edveis no site&nbsp;<a href=\"https:\/\/mobilizaslz.com.br\/\" target=\"_blank\" rel=\"noreferrer noopener\">mobilizaslz.com.br<\/a>&nbsp;e tamb\u00e9m no Instagram do movimento (<a href=\"http:\/\/@mobilizasaoluis\">@mobilizasaoluis<\/a>).<\/p>\n\n\n\n<p><strong>Mobiliza S\u00e3o Lu\u00eds<\/strong><\/p>\n\n\n\n<p>O Mobiliza SLZ \u00e9 um movimento que fomenta a cultura, o turismo e a economia criativa na capital do Maranh\u00e3o, fortalecendo os empreendedores que atuam nesses segmentos em S\u00e3o Lu\u00eds. Desde 2021, o Mobiliza promove compartilhamento de conhecimento e conecta pessoas, de modo a estimular parcerias estrat\u00e9gicas e tamb\u00e9m a ampliar a visibilidade dos produtos e servi\u00e7os oferecidos pelos criativos, o que ocorre anualmente durante os nove dias de realiza\u00e7\u00e3o do evento.<\/p>\n\n\n\n<div class=\"wp-block-image\"><figure class=\"aligncenter size-large\"><a href=\"https:\/\/www.blogsoestado.com\/danielmatos\/files\/2024\/11\/Screenshot_20241115-1348412.png\"><img decoding=\"async\" src=\"https:\/\/www.blogsoestado.com\/danielmatos\/files\/2024\/11\/Screenshot_20241115-1348412.png\" alt=\"\" class=\"wp-image-135161\"\/><\/a><figcaption><em>O Museu Ferrovi\u00e1rio recebe, no s\u00e1bado (16), a &#8220;Feira Encontro de Brech\u00f3s&#8221;, das 16h \u00e0s 20h (Foto: Divulga\u00e7\u00e3o\/Mobiliza SLZ)<\/em><\/figcaption><\/figure><\/div>\n\n\n\n<p>No \u00faltimo dia 5 de novembro, o Mobiliza SLZ ganhou um importante reconhecimento no Pr\u00eamio Marandu JOMP, na categoria Sociedade Civil. A programa\u00e7\u00e3o foi organizada pela ag\u00eancia Marandu, reconhecida ag\u00eancia de inova\u00e7\u00e3o e empreendedorismo da UEMA. Antes disso, o movimento foi campe\u00e3o da categoria Melhores Conex\u00f5es Significativas, no 3\u00ba Pr\u00eamio de Turismo Respons\u00e1vel da WTM Latin America, e foi premiado em duas categorias no 1\u00ba Pr\u00eamio SOLu\u00edses Ecossistema de Inova\u00e7\u00e3o.<\/p>\n\n\n\n<div class=\"wp-block-image\"><figure class=\"aligncenter size-large\"><a href=\"https:\/\/www.blogsoestado.com\/danielmatos\/files\/2024\/11\/Screenshot_20241115-1351082-1.png\"><img decoding=\"async\" src=\"https:\/\/www.blogsoestado.com\/danielmatos\/files\/2024\/11\/Screenshot_20241115-1351082-1.png\" alt=\"\" class=\"wp-image-135163\"\/><\/a><figcaption><em>No domingo (17), o &#8220;Mercado Minha Pariceira&#8221; vai comercializar produtos de marcas locais que valorizam a sustentabilidade e o empreendedorismo feminino (Foto: Divulga\u00e7\u00e3o\/Mobiliza SLZ)<\/em><br><\/figcaption><\/figure><\/div>\n\n\n\n<p>A terceira edi\u00e7\u00e3o do Mobiliza, que ocorreu em setembro do ano passado, foi marcada por recordes: foram mais de mil empreendedores envolvidos direta e indiretamente, e mais de 20 mil pessoas alcan\u00e7adas pelas a\u00e7\u00f5es desenvolvidas. Nesta quarta edi\u00e7\u00e3o, o movimento organizado pelo Sebrae tem o apoio do Sistema Fiema, por meio do Senai e do SESI.<\/p>\n","protected":false},"excerpt":{"rendered":"<p>No primeiro fim de semana, ser\u00e3o realizadas cerca de 20 a\u00e7\u00f5es em bairros como Liberdade, Centro, Cohama, Ponta d&#8217;Areia e [&hellip;]<\/p>\n","protected":false},"author":0,"featured_media":0,"comment_status":"open","ping_status":"open","sticky":false,"template":"","format":"standard","meta":{"site-sidebar-layout":"default","site-content-layout":"","ast-site-content-layout":"default","site-content-style":"default","site-sidebar-style":"default","ast-global-header-display":"","ast-banner-title-visibility":"","ast-main-header-display":"","ast-hfb-above-header-display":"","ast-hfb-below-header-display":"","ast-hfb-mobile-header-display":"","site-post-title":"","ast-breadcrumbs-content":"","ast-featured-img":"","footer-sml-layout":"","ast-disable-related-posts":"","theme-transparent-header-meta":"","adv-header-id-meta":"","stick-header-meta":"","header-above-stick-meta":"","header-main-stick-meta":"","header-below-stick-meta":"","astra-migrate-meta-layouts":"default","ast-page-background-enabled":"default","ast-page-background-meta":{"desktop":{"background-color":"var(--ast-global-color-5)","background-image":"","background-repeat":"repeat","background-position":"center center","background-size":"auto","background-attachment":"scroll","background-type":"","background-media":"","overlay-type":"","overlay-color":"","overlay-opacity":"","overlay-gradient":""},"tablet":{"background-color":"","background-image":"","background-repeat":"repeat","background-position":"center center","background-size":"auto","background-attachment":"scroll","background-type":"","background-media":"","overlay-type":"","overlay-color":"","overlay-opacity":"","overlay-gradient":""},"mobile":{"background-color":"","background-image":"","background-repeat":"repeat","background-position":"center center","background-size":"auto","background-attachment":"scroll","background-type":"","background-media":"","overlay-type":"","overlay-color":"","overlay-opacity":"","overlay-gradient":""}},"ast-content-background-meta":{"desktop":{"background-color":"var(--ast-global-color-4)","background-image":"","background-repeat":"repeat","background-position":"center center","background-size":"auto","background-attachment":"scroll","background-type":"","background-media":"","overlay-type":"","overlay-color":"","overlay-opacity":"","overlay-gradient":""},"tablet":{"background-color":"var(--ast-global-color-4)","background-image":"","background-repeat":"repeat","background-position":"center center","background-size":"auto","background-attachment":"scroll","background-type":"","background-media":"","overlay-type":"","overlay-color":"","overlay-opacity":"","overlay-gradient":""},"mobile":{"background-color":"var(--ast-global-color-4)","background-image":"","background-repeat":"repeat","background-position":"center center","background-size":"auto","background-attachment":"scroll","background-type":"","background-media":"","overlay-type":"","overlay-color":"","overlay-opacity":"","overlay-gradient":""}},"footnotes":""},"categories":[1],"tags":[],"class_list":["post-135149","post","type-post","status-publish","format-standard","hentry","category-sem-categoria"],"yoast_head":"<!-- This site is optimized with the Yoast SEO plugin v26.6 - https:\/\/yoast.com\/wordpress\/plugins\/seo\/ -->\n<title>Mobiliza SLZ come\u00e7a neste s\u00e1bado (16) com programa\u00e7\u00e3o diversificada por toda a cidade - Daniel Matos<\/title>\n<meta name=\"robots\" content=\"index, follow, max-snippet:-1, max-image-preview:large, max-video-preview:-1\" \/>\n<link rel=\"canonical\" href=\"https:\/\/www.blogsoestado.com\/danielmatos\/mobiliza-slz-comeca-neste-sabado-16-com-programacao-diversificada-por-toda-a-cidade\/\" \/>\n<meta property=\"og:locale\" content=\"pt_BR\" \/>\n<meta property=\"og:type\" content=\"article\" \/>\n<meta property=\"og:title\" content=\"Mobiliza SLZ come\u00e7a neste s\u00e1bado (16) com programa\u00e7\u00e3o diversificada por toda a cidade - Daniel Matos\" \/>\n<meta property=\"og:description\" content=\"No primeiro fim de semana, ser\u00e3o realizadas cerca de 20 a\u00e7\u00f5es em bairros como Liberdade, Centro, Cohama, Ponta d&#8217;Areia e [&hellip;]\" \/>\n<meta property=\"og:url\" content=\"https:\/\/www.blogsoestado.com\/danielmatos\/mobiliza-slz-comeca-neste-sabado-16-com-programacao-diversificada-por-toda-a-cidade\/\" \/>\n<meta property=\"og:site_name\" content=\"Daniel Matos\" \/>\n<meta property=\"article:published_time\" content=\"2024-11-15T16:26:14+00:00\" \/>\n<meta property=\"og:image\" content=\"https:\/\/www.blogsoestado.com\/danielmatos\/files\/2024\/11\/Screenshot_20241115-1340162.png\" \/>\n<meta name=\"twitter:card\" content=\"summary_large_image\" \/>\n<meta name=\"twitter:label1\" content=\"Est. tempo de leitura\" \/>\n\t<meta name=\"twitter:data1\" content=\"4 minutos\" \/>\n<script type=\"application\/ld+json\" class=\"yoast-schema-graph\">{\"@context\":\"https:\/\/schema.org\",\"@graph\":[{\"@type\":\"WebPage\",\"@id\":\"https:\/\/www.blogsoestado.com\/danielmatos\/mobiliza-slz-comeca-neste-sabado-16-com-programacao-diversificada-por-toda-a-cidade\/\",\"url\":\"https:\/\/www.blogsoestado.com\/danielmatos\/mobiliza-slz-comeca-neste-sabado-16-com-programacao-diversificada-por-toda-a-cidade\/\",\"name\":\"Mobiliza SLZ come\u00e7a neste s\u00e1bado (16) com programa\u00e7\u00e3o diversificada por toda a cidade - Daniel Matos\",\"isPartOf\":{\"@id\":\"https:\/\/www.blogsoestado.com\/danielmatos\/#website\"},\"primaryImageOfPage\":{\"@id\":\"https:\/\/www.blogsoestado.com\/danielmatos\/mobiliza-slz-comeca-neste-sabado-16-com-programacao-diversificada-por-toda-a-cidade\/#primaryimage\"},\"image\":{\"@id\":\"https:\/\/www.blogsoestado.com\/danielmatos\/mobiliza-slz-comeca-neste-sabado-16-com-programacao-diversificada-por-toda-a-cidade\/#primaryimage\"},\"thumbnailUrl\":\"https:\/\/www.blogsoestado.com\/danielmatos\/files\/2024\/11\/Screenshot_20241115-1340162.png\",\"datePublished\":\"2024-11-15T16:26:14+00:00\",\"author\":{\"@id\":\"\"},\"breadcrumb\":{\"@id\":\"https:\/\/www.blogsoestado.com\/danielmatos\/mobiliza-slz-comeca-neste-sabado-16-com-programacao-diversificada-por-toda-a-cidade\/#breadcrumb\"},\"inLanguage\":\"pt-BR\",\"potentialAction\":[{\"@type\":\"ReadAction\",\"target\":[\"https:\/\/www.blogsoestado.com\/danielmatos\/mobiliza-slz-comeca-neste-sabado-16-com-programacao-diversificada-por-toda-a-cidade\/\"]}]},{\"@type\":\"ImageObject\",\"inLanguage\":\"pt-BR\",\"@id\":\"https:\/\/www.blogsoestado.com\/danielmatos\/mobiliza-slz-comeca-neste-sabado-16-com-programacao-diversificada-por-toda-a-cidade\/#primaryimage\",\"url\":\"https:\/\/www.blogsoestado.com\/danielmatos\/files\/2024\/11\/Screenshot_20241115-1340162.png\",\"contentUrl\":\"https:\/\/www.blogsoestado.com\/danielmatos\/files\/2024\/11\/Screenshot_20241115-1340162.png\"},{\"@type\":\"BreadcrumbList\",\"@id\":\"https:\/\/www.blogsoestado.com\/danielmatos\/mobiliza-slz-comeca-neste-sabado-16-com-programacao-diversificada-por-toda-a-cidade\/#breadcrumb\",\"itemListElement\":[{\"@type\":\"ListItem\",\"position\":1,\"name\":\"In\u00edcio\",\"item\":\"https:\/\/www.blogsoestado.com\/danielmatos\/\"},{\"@type\":\"ListItem\",\"position\":2,\"name\":\"Mobiliza SLZ come\u00e7a neste s\u00e1bado (16) com programa\u00e7\u00e3o diversificada por toda a cidade\"}]},{\"@type\":\"WebSite\",\"@id\":\"https:\/\/www.blogsoestado.com\/danielmatos\/#website\",\"url\":\"https:\/\/www.blogsoestado.com\/danielmatos\/\",\"name\":\"Daniel Matos\",\"description\":\"\",\"potentialAction\":[{\"@type\":\"SearchAction\",\"target\":{\"@type\":\"EntryPoint\",\"urlTemplate\":\"https:\/\/www.blogsoestado.com\/danielmatos\/?s={search_term_string}\"},\"query-input\":{\"@type\":\"PropertyValueSpecification\",\"valueRequired\":true,\"valueName\":\"search_term_string\"}}],\"inLanguage\":\"pt-BR\"}]}<\/script>\n<!-- \/ Yoast SEO plugin. -->","yoast_head_json":{"title":"Mobiliza SLZ come\u00e7a neste s\u00e1bado (16) com programa\u00e7\u00e3o diversificada por toda a cidade - Daniel Matos","robots":{"index":"index","follow":"follow","max-snippet":"max-snippet:-1","max-image-preview":"max-image-preview:large","max-video-preview":"max-video-preview:-1"},"canonical":"https:\/\/www.blogsoestado.com\/danielmatos\/mobiliza-slz-comeca-neste-sabado-16-com-programacao-diversificada-por-toda-a-cidade\/","og_locale":"pt_BR","og_type":"article","og_title":"Mobiliza SLZ come\u00e7a neste s\u00e1bado (16) com programa\u00e7\u00e3o diversificada por toda a cidade - Daniel Matos","og_description":"No primeiro fim de semana, ser\u00e3o realizadas cerca de 20 a\u00e7\u00f5es em bairros como Liberdade, Centro, Cohama, Ponta d&#8217;Areia e [&hellip;]","og_url":"https:\/\/www.blogsoestado.com\/danielmatos\/mobiliza-slz-comeca-neste-sabado-16-com-programacao-diversificada-por-toda-a-cidade\/","og_site_name":"Daniel Matos","article_published_time":"2024-11-15T16:26:14+00:00","og_image":[{"url":"https:\/\/www.blogsoestado.com\/danielmatos\/files\/2024\/11\/Screenshot_20241115-1340162.png","type":"","width":"","height":""}],"twitter_card":"summary_large_image","twitter_misc":{"Est. tempo de leitura":"4 minutos"},"schema":{"@context":"https:\/\/schema.org","@graph":[{"@type":"WebPage","@id":"https:\/\/www.blogsoestado.com\/danielmatos\/mobiliza-slz-comeca-neste-sabado-16-com-programacao-diversificada-por-toda-a-cidade\/","url":"https:\/\/www.blogsoestado.com\/danielmatos\/mobiliza-slz-comeca-neste-sabado-16-com-programacao-diversificada-por-toda-a-cidade\/","name":"Mobiliza SLZ come\u00e7a neste s\u00e1bado (16) com programa\u00e7\u00e3o diversificada por toda a cidade - Daniel Matos","isPartOf":{"@id":"https:\/\/www.blogsoestado.com\/danielmatos\/#website"},"primaryImageOfPage":{"@id":"https:\/\/www.blogsoestado.com\/danielmatos\/mobiliza-slz-comeca-neste-sabado-16-com-programacao-diversificada-por-toda-a-cidade\/#primaryimage"},"image":{"@id":"https:\/\/www.blogsoestado.com\/danielmatos\/mobiliza-slz-comeca-neste-sabado-16-com-programacao-diversificada-por-toda-a-cidade\/#primaryimage"},"thumbnailUrl":"https:\/\/www.blogsoestado.com\/danielmatos\/files\/2024\/11\/Screenshot_20241115-1340162.png","datePublished":"2024-11-15T16:26:14+00:00","author":{"@id":""},"breadcrumb":{"@id":"https:\/\/www.blogsoestado.com\/danielmatos\/mobiliza-slz-comeca-neste-sabado-16-com-programacao-diversificada-por-toda-a-cidade\/#breadcrumb"},"inLanguage":"pt-BR","potentialAction":[{"@type":"ReadAction","target":["https:\/\/www.blogsoestado.com\/danielmatos\/mobiliza-slz-comeca-neste-sabado-16-com-programacao-diversificada-por-toda-a-cidade\/"]}]},{"@type":"ImageObject","inLanguage":"pt-BR","@id":"https:\/\/www.blogsoestado.com\/danielmatos\/mobiliza-slz-comeca-neste-sabado-16-com-programacao-diversificada-por-toda-a-cidade\/#primaryimage","url":"https:\/\/www.blogsoestado.com\/danielmatos\/files\/2024\/11\/Screenshot_20241115-1340162.png","contentUrl":"https:\/\/www.blogsoestado.com\/danielmatos\/files\/2024\/11\/Screenshot_20241115-1340162.png"},{"@type":"BreadcrumbList","@id":"https:\/\/www.blogsoestado.com\/danielmatos\/mobiliza-slz-comeca-neste-sabado-16-com-programacao-diversificada-por-toda-a-cidade\/#breadcrumb","itemListElement":[{"@type":"ListItem","position":1,"name":"In\u00edcio","item":"https:\/\/www.blogsoestado.com\/danielmatos\/"},{"@type":"ListItem","position":2,"name":"Mobiliza SLZ come\u00e7a neste s\u00e1bado (16) com programa\u00e7\u00e3o diversificada por toda a cidade"}]},{"@type":"WebSite","@id":"https:\/\/www.blogsoestado.com\/danielmatos\/#website","url":"https:\/\/www.blogsoestado.com\/danielmatos\/","name":"Daniel Matos","description":"","potentialAction":[{"@type":"SearchAction","target":{"@type":"EntryPoint","urlTemplate":"https:\/\/www.blogsoestado.com\/danielmatos\/?s={search_term_string}"},"query-input":{"@type":"PropertyValueSpecification","valueRequired":true,"valueName":"search_term_string"}}],"inLanguage":"pt-BR"}]}},"jetpack_featured_media_url":"","_links":{"self":[{"href":"https:\/\/www.blogsoestado.com\/danielmatos\/wp-json\/wp\/v2\/posts\/135149","targetHints":{"allow":["GET"]}}],"collection":[{"href":"https:\/\/www.blogsoestado.com\/danielmatos\/wp-json\/wp\/v2\/posts"}],"about":[{"href":"https:\/\/www.blogsoestado.com\/danielmatos\/wp-json\/wp\/v2\/types\/post"}],"replies":[{"embeddable":true,"href":"https:\/\/www.blogsoestado.com\/danielmatos\/wp-json\/wp\/v2\/comments?post=135149"}],"version-history":[{"count":0,"href":"https:\/\/www.blogsoestado.com\/danielmatos\/wp-json\/wp\/v2\/posts\/135149\/revisions"}],"wp:attachment":[{"href":"https:\/\/www.blogsoestado.com\/danielmatos\/wp-json\/wp\/v2\/media?parent=135149"}],"wp:term":[{"taxonomy":"category","embeddable":true,"href":"https:\/\/www.blogsoestado.com\/danielmatos\/wp-json\/wp\/v2\/categories?post=135149"},{"taxonomy":"post_tag","embeddable":true,"href":"https:\/\/www.blogsoestado.com\/danielmatos\/wp-json\/wp\/v2\/tags?post=135149"}],"curies":[{"name":"wp","href":"https:\/\/api.w.org\/{rel}","templated":true}]}}