{"id":135981,"date":"2024-12-02T11:27:35","date_gmt":"2024-12-02T14:27:35","guid":{"rendered":"https:\/\/www.blogsoestado.com\/danielmatos\/?p=135981"},"modified":"2024-12-02T11:27:35","modified_gmt":"2024-12-02T14:27:35","slug":"prefeitos-eleitos-no-maranhao-sao-alertados-pelo-governo-federal-sobre-gasto-publico-melhor-e-mais-eficiente","status":"publish","type":"post","link":"https:\/\/www.blogsoestado.com\/danielmatos\/prefeitos-eleitos-no-maranhao-sao-alertados-pelo-governo-federal-sobre-gasto-publico-melhor-e-mais-eficiente\/","title":{"rendered":"Prefeitos eleitos no Maranh\u00e3o s\u00e3o alertados pelo Governo Federal sobre gasto p\u00fablico melhor e mais eficiente"},"content":{"rendered":"\n<div class=\"wp-block-image\"><figure class=\"aligncenter size-large\"><a href=\"https:\/\/www.blogsoestado.com\/danielmatos\/files\/2024\/12\/1001153549.jpg\"><img decoding=\"async\" src=\"https:\/\/www.blogsoestado.com\/danielmatos\/files\/2024\/12\/1001153549.jpg\" alt=\"\" class=\"wp-image-135982\"\/><\/a><figcaption>No\u00a0Maranh\u00e3o, a equipe apresentou solu\u00e7\u00f5es para fortalecer a governan\u00e7a, di\u00e1logo e gest\u00e3o<\/figcaption><\/figure><\/div>\n\n\n\n<p>Durante os \u00faltimos dias que marcaram o m\u00eas de novembro, a Diretoria de Transfer\u00eancias e Parcerias da Uni\u00e3o\u00a0(DTPAR)\u00a0esteve presente em diversos estados brasileiros. O objetivo dos encontros foi promover o di\u00e1logo e apresentar\u00a0aos prefeitos e prefeitas eleitos, bem como aos gestores,\u00a0as solu\u00e7\u00f5es tecnol\u00f3gicas disponibilizadas pelo governo federal.\u00a0O\u00a0Maranh\u00e3o\u00a0foi um dos estados que receberam a equipe da DTPAR nos encontros regionais.<\/p>\n\n\n\n<p>J\u00e1 no\u00a0Maranh\u00e3o, durante a\u00a0Reuni\u00e3o F\u00f3rum dos Gestores Federais do\u00a0estado,\u00a0Elisiane Tunes,\u00a0assessora\u00a0da DTPAR, apresentou a import\u00e2ncia e relev\u00e2ncia das parcerias entre a Uni\u00e3o e os demais entes federativos.\u00a0<\/p>\n\n\n\n<p>\u201cIsso permite uma maior integra\u00e7\u00e3o entre os diversos parceiros. A gente quer fortalecer a governan\u00e7a, di\u00e1logo e gest\u00e3o. Pretendemos contribuir para que o gasto p\u00fablico seja melhor e mais eficientemente executado e, com isso, o grande salto \u00e9 a maior efetividade das pol\u00edticas p\u00fablicas\u201d, afirmou Lisiane.<\/p>\n\n\n\n<p><strong><span class=\"has-inline-color has-vivid-red-color\">Saiba mais <a href=\"https:\/\/www.gov.br\/transferegov\/pt-br\/noticias\/noticias\/2024\/novembro\/dtpar-encerra-semana-de-boas-vindas-aos-eleitos\">aqui<\/a>.<\/span><\/strong><\/p>\n","protected":false},"excerpt":{"rendered":"<p>Durante os \u00faltimos dias que marcaram o m\u00eas de novembro, a Diretoria de Transfer\u00eancias e Parcerias da Uni\u00e3o\u00a0(DTPAR)\u00a0esteve presente em [&hellip;]<\/p>\n","protected":false},"author":0,"featured_media":0,"comment_status":"open","ping_status":"open","sticky":false,"template":"","format":"standard","meta":{"site-sidebar-layout":"default","site-content-layout":"","ast-site-content-layout":"default","site-content-style":"default","site-sidebar-style":"default","ast-global-header-display":"","ast-banner-title-visibility":"","ast-main-header-display":"","ast-hfb-above-header-display":"","ast-hfb-below-header-display":"","ast-hfb-mobile-header-display":"","site-post-title":"","ast-breadcrumbs-content":"","ast-featured-img":"","footer-sml-layout":"","ast-disable-related-posts":"","theme-transparent-header-meta":"","adv-header-id-meta":"","stick-header-meta":"","header-above-stick-meta":"","header-main-stick-meta":"","header-below-stick-meta":"","astra-migrate-meta-layouts":"default","ast-page-background-enabled":"default","ast-page-background-meta":{"desktop":{"background-color":"var(--ast-global-color-5)","background-image":"","background-repeat":"repeat","background-position":"center center","background-size":"auto","background-attachment":"scroll","background-type":"","background-media":"","overlay-type":"","overlay-color":"","overlay-opacity":"","overlay-gradient":""},"tablet":{"background-color":"","background-image":"","background-repeat":"repeat","background-position":"center center","background-size":"auto","background-attachment":"scroll","background-type":"","background-media":"","overlay-type":"","overlay-color":"","overlay-opacity":"","overlay-gradient":""},"mobile":{"background-color":"","background-image":"","background-repeat":"repeat","background-position":"center center","background-size":"auto","background-attachment":"scroll","background-type":"","background-media":"","overlay-type":"","overlay-color":"","overlay-opacity":"","overlay-gradient":""}},"ast-content-background-meta":{"desktop":{"background-color":"var(--ast-global-color-4)","background-image":"","background-repeat":"repeat","background-position":"center center","background-size":"auto","background-attachment":"scroll","background-type":"","background-media":"","overlay-type":"","overlay-color":"","overlay-opacity":"","overlay-gradient":""},"tablet":{"background-color":"var(--ast-global-color-4)","background-image":"","background-repeat":"repeat","background-position":"center center","background-size":"auto","background-attachment":"scroll","background-type":"","background-media":"","overlay-type":"","overlay-color":"","overlay-opacity":"","overlay-gradient":""},"mobile":{"background-color":"var(--ast-global-color-4)","background-image":"","background-repeat":"repeat","background-position":"center center","background-size":"auto","background-attachment":"scroll","background-type":"","background-media":"","overlay-type":"","overlay-color":"","overlay-opacity":"","overlay-gradient":""}},"footnotes":""},"categories":[1],"tags":[],"class_list":["post-135981","post","type-post","status-publish","format-standard","hentry","category-sem-categoria"],"yoast_head":"<!-- This site is optimized with the Yoast SEO plugin v26.6 - https:\/\/yoast.com\/wordpress\/plugins\/seo\/ -->\n<title>Prefeitos eleitos no Maranh\u00e3o s\u00e3o alertados pelo Governo Federal sobre gasto p\u00fablico melhor e mais eficiente - Daniel Matos<\/title>\n<meta name=\"robots\" content=\"index, follow, max-snippet:-1, max-image-preview:large, max-video-preview:-1\" \/>\n<link rel=\"canonical\" href=\"https:\/\/www.blogsoestado.com\/danielmatos\/prefeitos-eleitos-no-maranhao-sao-alertados-pelo-governo-federal-sobre-gasto-publico-melhor-e-mais-eficiente\/\" \/>\n<meta property=\"og:locale\" content=\"pt_BR\" \/>\n<meta property=\"og:type\" content=\"article\" \/>\n<meta property=\"og:title\" content=\"Prefeitos eleitos no Maranh\u00e3o s\u00e3o alertados pelo Governo Federal sobre gasto p\u00fablico melhor e mais eficiente - Daniel Matos\" \/>\n<meta property=\"og:description\" content=\"Durante os \u00faltimos dias que marcaram o m\u00eas de novembro, a Diretoria de Transfer\u00eancias e Parcerias da Uni\u00e3o\u00a0(DTPAR)\u00a0esteve presente em [&hellip;]\" \/>\n<meta property=\"og:url\" content=\"https:\/\/www.blogsoestado.com\/danielmatos\/prefeitos-eleitos-no-maranhao-sao-alertados-pelo-governo-federal-sobre-gasto-publico-melhor-e-mais-eficiente\/\" \/>\n<meta property=\"og:site_name\" content=\"Daniel Matos\" \/>\n<meta property=\"article:published_time\" content=\"2024-12-02T14:27:35+00:00\" \/>\n<meta property=\"og:image\" content=\"https:\/\/www.blogsoestado.com\/danielmatos\/files\/2024\/12\/1001153549.jpg\" \/>\n<meta name=\"twitter:card\" content=\"summary_large_image\" \/>\n<meta name=\"twitter:label1\" content=\"Est. tempo de leitura\" \/>\n\t<meta name=\"twitter:data1\" content=\"1 minuto\" \/>\n<script type=\"application\/ld+json\" class=\"yoast-schema-graph\">{\"@context\":\"https:\/\/schema.org\",\"@graph\":[{\"@type\":\"WebPage\",\"@id\":\"https:\/\/www.blogsoestado.com\/danielmatos\/prefeitos-eleitos-no-maranhao-sao-alertados-pelo-governo-federal-sobre-gasto-publico-melhor-e-mais-eficiente\/\",\"url\":\"https:\/\/www.blogsoestado.com\/danielmatos\/prefeitos-eleitos-no-maranhao-sao-alertados-pelo-governo-federal-sobre-gasto-publico-melhor-e-mais-eficiente\/\",\"name\":\"Prefeitos eleitos no Maranh\u00e3o s\u00e3o alertados pelo Governo Federal sobre gasto p\u00fablico melhor e mais eficiente - Daniel Matos\",\"isPartOf\":{\"@id\":\"https:\/\/www.blogsoestado.com\/danielmatos\/#website\"},\"primaryImageOfPage\":{\"@id\":\"https:\/\/www.blogsoestado.com\/danielmatos\/prefeitos-eleitos-no-maranhao-sao-alertados-pelo-governo-federal-sobre-gasto-publico-melhor-e-mais-eficiente\/#primaryimage\"},\"image\":{\"@id\":\"https:\/\/www.blogsoestado.com\/danielmatos\/prefeitos-eleitos-no-maranhao-sao-alertados-pelo-governo-federal-sobre-gasto-publico-melhor-e-mais-eficiente\/#primaryimage\"},\"thumbnailUrl\":\"https:\/\/www.blogsoestado.com\/danielmatos\/files\/2024\/12\/1001153549.jpg\",\"datePublished\":\"2024-12-02T14:27:35+00:00\",\"author\":{\"@id\":\"\"},\"breadcrumb\":{\"@id\":\"https:\/\/www.blogsoestado.com\/danielmatos\/prefeitos-eleitos-no-maranhao-sao-alertados-pelo-governo-federal-sobre-gasto-publico-melhor-e-mais-eficiente\/#breadcrumb\"},\"inLanguage\":\"pt-BR\",\"potentialAction\":[{\"@type\":\"ReadAction\",\"target\":[\"https:\/\/www.blogsoestado.com\/danielmatos\/prefeitos-eleitos-no-maranhao-sao-alertados-pelo-governo-federal-sobre-gasto-publico-melhor-e-mais-eficiente\/\"]}]},{\"@type\":\"ImageObject\",\"inLanguage\":\"pt-BR\",\"@id\":\"https:\/\/www.blogsoestado.com\/danielmatos\/prefeitos-eleitos-no-maranhao-sao-alertados-pelo-governo-federal-sobre-gasto-publico-melhor-e-mais-eficiente\/#primaryimage\",\"url\":\"https:\/\/www.blogsoestado.com\/danielmatos\/files\/2024\/12\/1001153549.jpg\",\"contentUrl\":\"https:\/\/www.blogsoestado.com\/danielmatos\/files\/2024\/12\/1001153549.jpg\"},{\"@type\":\"BreadcrumbList\",\"@id\":\"https:\/\/www.blogsoestado.com\/danielmatos\/prefeitos-eleitos-no-maranhao-sao-alertados-pelo-governo-federal-sobre-gasto-publico-melhor-e-mais-eficiente\/#breadcrumb\",\"itemListElement\":[{\"@type\":\"ListItem\",\"position\":1,\"name\":\"In\u00edcio\",\"item\":\"https:\/\/www.blogsoestado.com\/danielmatos\/\"},{\"@type\":\"ListItem\",\"position\":2,\"name\":\"Prefeitos eleitos no Maranh\u00e3o s\u00e3o alertados pelo Governo Federal sobre gasto p\u00fablico melhor e mais eficiente\"}]},{\"@type\":\"WebSite\",\"@id\":\"https:\/\/www.blogsoestado.com\/danielmatos\/#website\",\"url\":\"https:\/\/www.blogsoestado.com\/danielmatos\/\",\"name\":\"Daniel Matos\",\"description\":\"\",\"potentialAction\":[{\"@type\":\"SearchAction\",\"target\":{\"@type\":\"EntryPoint\",\"urlTemplate\":\"https:\/\/www.blogsoestado.com\/danielmatos\/?s={search_term_string}\"},\"query-input\":{\"@type\":\"PropertyValueSpecification\",\"valueRequired\":true,\"valueName\":\"search_term_string\"}}],\"inLanguage\":\"pt-BR\"}]}<\/script>\n<!-- \/ Yoast SEO plugin. -->","yoast_head_json":{"title":"Prefeitos eleitos no Maranh\u00e3o s\u00e3o alertados pelo Governo Federal sobre gasto p\u00fablico melhor e mais eficiente - Daniel Matos","robots":{"index":"index","follow":"follow","max-snippet":"max-snippet:-1","max-image-preview":"max-image-preview:large","max-video-preview":"max-video-preview:-1"},"canonical":"https:\/\/www.blogsoestado.com\/danielmatos\/prefeitos-eleitos-no-maranhao-sao-alertados-pelo-governo-federal-sobre-gasto-publico-melhor-e-mais-eficiente\/","og_locale":"pt_BR","og_type":"article","og_title":"Prefeitos eleitos no Maranh\u00e3o s\u00e3o alertados pelo Governo Federal sobre gasto p\u00fablico melhor e mais eficiente - Daniel Matos","og_description":"Durante os \u00faltimos dias que marcaram o m\u00eas de novembro, a Diretoria de Transfer\u00eancias e Parcerias da Uni\u00e3o\u00a0(DTPAR)\u00a0esteve presente em [&hellip;]","og_url":"https:\/\/www.blogsoestado.com\/danielmatos\/prefeitos-eleitos-no-maranhao-sao-alertados-pelo-governo-federal-sobre-gasto-publico-melhor-e-mais-eficiente\/","og_site_name":"Daniel Matos","article_published_time":"2024-12-02T14:27:35+00:00","og_image":[{"url":"https:\/\/www.blogsoestado.com\/danielmatos\/files\/2024\/12\/1001153549.jpg","type":"","width":"","height":""}],"twitter_card":"summary_large_image","twitter_misc":{"Est. tempo de leitura":"1 minuto"},"schema":{"@context":"https:\/\/schema.org","@graph":[{"@type":"WebPage","@id":"https:\/\/www.blogsoestado.com\/danielmatos\/prefeitos-eleitos-no-maranhao-sao-alertados-pelo-governo-federal-sobre-gasto-publico-melhor-e-mais-eficiente\/","url":"https:\/\/www.blogsoestado.com\/danielmatos\/prefeitos-eleitos-no-maranhao-sao-alertados-pelo-governo-federal-sobre-gasto-publico-melhor-e-mais-eficiente\/","name":"Prefeitos eleitos no Maranh\u00e3o s\u00e3o alertados pelo Governo Federal sobre gasto p\u00fablico melhor e mais eficiente - Daniel Matos","isPartOf":{"@id":"https:\/\/www.blogsoestado.com\/danielmatos\/#website"},"primaryImageOfPage":{"@id":"https:\/\/www.blogsoestado.com\/danielmatos\/prefeitos-eleitos-no-maranhao-sao-alertados-pelo-governo-federal-sobre-gasto-publico-melhor-e-mais-eficiente\/#primaryimage"},"image":{"@id":"https:\/\/www.blogsoestado.com\/danielmatos\/prefeitos-eleitos-no-maranhao-sao-alertados-pelo-governo-federal-sobre-gasto-publico-melhor-e-mais-eficiente\/#primaryimage"},"thumbnailUrl":"https:\/\/www.blogsoestado.com\/danielmatos\/files\/2024\/12\/1001153549.jpg","datePublished":"2024-12-02T14:27:35+00:00","author":{"@id":""},"breadcrumb":{"@id":"https:\/\/www.blogsoestado.com\/danielmatos\/prefeitos-eleitos-no-maranhao-sao-alertados-pelo-governo-federal-sobre-gasto-publico-melhor-e-mais-eficiente\/#breadcrumb"},"inLanguage":"pt-BR","potentialAction":[{"@type":"ReadAction","target":["https:\/\/www.blogsoestado.com\/danielmatos\/prefeitos-eleitos-no-maranhao-sao-alertados-pelo-governo-federal-sobre-gasto-publico-melhor-e-mais-eficiente\/"]}]},{"@type":"ImageObject","inLanguage":"pt-BR","@id":"https:\/\/www.blogsoestado.com\/danielmatos\/prefeitos-eleitos-no-maranhao-sao-alertados-pelo-governo-federal-sobre-gasto-publico-melhor-e-mais-eficiente\/#primaryimage","url":"https:\/\/www.blogsoestado.com\/danielmatos\/files\/2024\/12\/1001153549.jpg","contentUrl":"https:\/\/www.blogsoestado.com\/danielmatos\/files\/2024\/12\/1001153549.jpg"},{"@type":"BreadcrumbList","@id":"https:\/\/www.blogsoestado.com\/danielmatos\/prefeitos-eleitos-no-maranhao-sao-alertados-pelo-governo-federal-sobre-gasto-publico-melhor-e-mais-eficiente\/#breadcrumb","itemListElement":[{"@type":"ListItem","position":1,"name":"In\u00edcio","item":"https:\/\/www.blogsoestado.com\/danielmatos\/"},{"@type":"ListItem","position":2,"name":"Prefeitos eleitos no Maranh\u00e3o s\u00e3o alertados pelo Governo Federal sobre gasto p\u00fablico melhor e mais eficiente"}]},{"@type":"WebSite","@id":"https:\/\/www.blogsoestado.com\/danielmatos\/#website","url":"https:\/\/www.blogsoestado.com\/danielmatos\/","name":"Daniel Matos","description":"","potentialAction":[{"@type":"SearchAction","target":{"@type":"EntryPoint","urlTemplate":"https:\/\/www.blogsoestado.com\/danielmatos\/?s={search_term_string}"},"query-input":{"@type":"PropertyValueSpecification","valueRequired":true,"valueName":"search_term_string"}}],"inLanguage":"pt-BR"}]}},"jetpack_featured_media_url":"","_links":{"self":[{"href":"https:\/\/www.blogsoestado.com\/danielmatos\/wp-json\/wp\/v2\/posts\/135981","targetHints":{"allow":["GET"]}}],"collection":[{"href":"https:\/\/www.blogsoestado.com\/danielmatos\/wp-json\/wp\/v2\/posts"}],"about":[{"href":"https:\/\/www.blogsoestado.com\/danielmatos\/wp-json\/wp\/v2\/types\/post"}],"replies":[{"embeddable":true,"href":"https:\/\/www.blogsoestado.com\/danielmatos\/wp-json\/wp\/v2\/comments?post=135981"}],"version-history":[{"count":0,"href":"https:\/\/www.blogsoestado.com\/danielmatos\/wp-json\/wp\/v2\/posts\/135981\/revisions"}],"wp:attachment":[{"href":"https:\/\/www.blogsoestado.com\/danielmatos\/wp-json\/wp\/v2\/media?parent=135981"}],"wp:term":[{"taxonomy":"category","embeddable":true,"href":"https:\/\/www.blogsoestado.com\/danielmatos\/wp-json\/wp\/v2\/categories?post=135981"},{"taxonomy":"post_tag","embeddable":true,"href":"https:\/\/www.blogsoestado.com\/danielmatos\/wp-json\/wp\/v2\/tags?post=135981"}],"curies":[{"name":"wp","href":"https:\/\/api.w.org\/{rel}","templated":true}]}}