{"id":135995,"date":"2024-12-02T13:29:38","date_gmt":"2024-12-02T16:29:38","guid":{"rendered":"https:\/\/www.blogsoestado.com\/danielmatos\/?p=135995"},"modified":"2024-12-02T13:29:38","modified_gmt":"2024-12-02T16:29:38","slug":"dezembro-com-bandeira-tarifaria-verde","status":"publish","type":"post","link":"https:\/\/www.blogsoestado.com\/danielmatos\/dezembro-com-bandeira-tarifaria-verde\/","title":{"rendered":"Dezembro com bandeira tarif\u00e1ria verde"},"content":{"rendered":"\n<p><strong><span class=\"has-inline-color has-vivid-red-color\">Apesar do cen\u00e1rio favor\u00e1vel, Equatorial Maranh\u00e3o orienta clientes que continuem a economizar energia<\/span><\/strong><\/p>\n\n\n\n<div class=\"wp-block-image\"><figure class=\"aligncenter size-large\"><a href=\"https:\/\/www.blogsoestado.com\/danielmatos\/files\/2024\/12\/1001154439.jpg\"><img decoding=\"async\" src=\"https:\/\/www.blogsoestado.com\/danielmatos\/files\/2024\/12\/1001154439.jpg\" alt=\"\" class=\"wp-image-135996\"\/><\/a><figcaption>A bandeira verde significa que h\u00e1 condi\u00e7\u00f5es favor\u00e1veis para a gera\u00e7\u00e3o de energia e, por essa raz\u00e3o, a tarifa n\u00e3o sofre nenhum acr\u00e9scimo<\/figcaption><\/figure><\/div>\n\n\n\n<p>A Ag\u00eancia Nacional de Energia El\u00e9trica (Aneel) anunciou a bandeira tarif\u00e1ria verde para o m\u00eas de dezembro, per\u00edodo marcado pelas chuvas. A bandeira verde significa que h\u00e1 condi\u00e7\u00f5es favor\u00e1veis para a gera\u00e7\u00e3o de energia e, por essa raz\u00e3o, a tarifa n\u00e3o sofre nenhum acr\u00e9scimo.<\/p>\n\n\n\n<p>A bandeira tarif\u00e1ria \u00e9 um sistema implementado pela ANEEL para indicar os custos de gera\u00e7\u00e3o de energia no Brasil. Esse modelo considera o custo vari\u00e1vel da produ\u00e7\u00e3o, levando em conta fatores como a disponibilidade de recursos h\u00eddricos, o crescimento das fontes renov\u00e1veis e, quando necess\u00e1rio, o uso de fontes de gera\u00e7\u00e3o mais caras, como as termel\u00e9tricas.<\/p>\n\n\n\n<p>Entenda como o sistema de bandeiras \u00e9 representado:<\/p>\n\n\n\n<p>Bandeira Verde: Quando a conta de luz \u00e9 calculada pela bandeira verde, significa que a conta de luz n\u00e3o sofre nenhum acr\u00e9scimo.<\/p>\n\n\n\n<p>Bandeira amarela: Significa que as condi\u00e7\u00f5es de gera\u00e7\u00e3o de energia est\u00e3o menos favor\u00e1veis e a conta sofre acr\u00e9scimo.<\/p>\n\n\n\n<div class=\"wp-block-image\"><figure class=\"aligncenter size-large\"><a href=\"https:\/\/www.blogsoestado.com\/danielmatos\/files\/2024\/12\/1001154440.jpg\"><img decoding=\"async\" src=\"https:\/\/www.blogsoestado.com\/danielmatos\/files\/2024\/12\/1001154440.jpg\" alt=\"\" class=\"wp-image-135997\"\/><\/a><figcaption>A bandeira tarif\u00e1ria \u00e9 um sistema implementado pela ANEEL para indicar os custos de gera\u00e7\u00e3o de energia no Brasil<\/figcaption><\/figure><\/div>\n\n\n\n<p>Bandeira vermelha: Quando acionada, ela implica em tarifas de maior valor, devido ao maior custo de gera\u00e7\u00e3o de energia naquele per\u00edodo.<\/p>\n\n\n\n<p>Apesar das melhores condi\u00e7\u00f5es da gera\u00e7\u00e3o de energia no pa\u00eds, \u00e9 importante manter a vigil\u00e2ncia quanto ao uso sustent\u00e1vel da energia el\u00e9trica, evitando desperd\u00edcios, que prejudicam o meio ambiente e afetam o setor el\u00e9trico como um todo. Por isso, a Equatorial Maranh\u00e3o refor\u00e7a a import\u00e2ncia de seus clientes continuarem com h\u00e1bitos de consumo conscientes. Confira dicas para usar a energia sem desperd\u00edcio:<\/p>\n\n\n\n<p>\u2022 Evite abrir e fechar a geladeira a todo instante e n\u00e3o guarde alimentos quentes em seu interior;<br>\u2022 Para os aparelhos de ar-condicionado, que ficam ligados por longos per\u00edodos, \u00e9 importante que contenham a tecnologia inverter. Este sistema oferece mais efici\u00eancia, com o ajuste do compressor conforme a necessidade;<br>\u2022 Evite deixar as l\u00e2mpadas acesas durante o dia. D\u00ea prefer\u00eancia as de LED, que s\u00e3o mais econ\u00f4micas e n\u00e3o esquentam, al\u00e9m de durar cerca de 15 vezes mais que as fluorescentes.<\/p>\n\n\n\n<p>O gerente de Relacionamento com o Cliente da Equatorial Maranh\u00e3o, Josenilson Monteiro, refor\u00e7a que adotar h\u00e1bitos simples no dia a dia podem fazer toda a diferen\u00e7a na economia de energia el\u00e9trica e no valor da conta de luz. &#8220;O ideal \u00e9 dar prefer\u00eancia \u00e0 luz natural durante o dia, apagar as l\u00e2mpadas ao sair dos ambientes, al\u00e9m de desconectar os aparelhos eletr\u00f4nicos da tomada quando n\u00e3o estiverem em uso. Outra dica importante \u00e9 utilizar eletrodom\u00e9sticos, como ferro de passar e m\u00e1quina de lavar, em hor\u00e1rios fora do pico de consumo. Com essas atitudes, al\u00e9m da economia, o consumo torna-se mais sustent\u00e1vel&#8221;, destacou o gerente.<\/p>\n\n\n\n<div class=\"wp-block-image\"><figure class=\"aligncenter size-large\"><a href=\"https:\/\/www.blogsoestado.com\/danielmatos\/files\/2024\/12\/1001154441.jpg\"><img decoding=\"async\" src=\"https:\/\/www.blogsoestado.com\/danielmatos\/files\/2024\/12\/1001154441.jpg\" alt=\"\" class=\"wp-image-135998\"\/><\/a><figcaption>Adotar h\u00e1bitos simples no dia a dia podem fazer toda a diferen\u00e7a na economia de energia el\u00e9trica e no valor da conta de luz<\/figcaption><\/figure><\/div>\n\n\n\n<p>Os clientes que se enquadram como baixa renda, al\u00e9m da economia por conta da bandeira verde, tamb\u00e9m podem economizar ainda mais ao receber at\u00e9 65% de desconto na conta de energia, atrav\u00e9s do cadastro na Tarifa Social de Energia El\u00e9trica, programa do Governo Federal, que assegura esse benef\u00edcio.<\/p>\n\n\n\n<p>Para mais informa\u00e7\u00f5es sobre as condi\u00e7\u00f5es e o cadastro na Tarifa Social, os interessados podem acessar os canais oficiais da Equatorial Maranh\u00e3o: WhatsApp (Assistente Virtual Clara) \u2013 (98) 2055-0116; site: <a href=\"http:\/\/www.equatorialenergia.com.br\">http:\/\/www.equatorialenergia.com.br<\/a>\/; Central 116; Postos de Atendimento presencial da Distribuidora e APP Equatorial.<\/p>\n","protected":false},"excerpt":{"rendered":"<p>Apesar do cen\u00e1rio favor\u00e1vel, Equatorial Maranh\u00e3o orienta clientes que continuem a economizar energia A Ag\u00eancia Nacional de Energia El\u00e9trica (Aneel) [&hellip;]<\/p>\n","protected":false},"author":0,"featured_media":0,"comment_status":"open","ping_status":"open","sticky":false,"template":"","format":"standard","meta":{"site-sidebar-layout":"default","site-content-layout":"","ast-site-content-layout":"default","site-content-style":"default","site-sidebar-style":"default","ast-global-header-display":"","ast-banner-title-visibility":"","ast-main-header-display":"","ast-hfb-above-header-display":"","ast-hfb-below-header-display":"","ast-hfb-mobile-header-display":"","site-post-title":"","ast-breadcrumbs-content":"","ast-featured-img":"","footer-sml-layout":"","ast-disable-related-posts":"","theme-transparent-header-meta":"","adv-header-id-meta":"","stick-header-meta":"","header-above-stick-meta":"","header-main-stick-meta":"","header-below-stick-meta":"","astra-migrate-meta-layouts":"default","ast-page-background-enabled":"default","ast-page-background-meta":{"desktop":{"background-color":"var(--ast-global-color-5)","background-image":"","background-repeat":"repeat","background-position":"center center","background-size":"auto","background-attachment":"scroll","background-type":"","background-media":"","overlay-type":"","overlay-color":"","overlay-opacity":"","overlay-gradient":""},"tablet":{"background-color":"","background-image":"","background-repeat":"repeat","background-position":"center center","background-size":"auto","background-attachment":"scroll","background-type":"","background-media":"","overlay-type":"","overlay-color":"","overlay-opacity":"","overlay-gradient":""},"mobile":{"background-color":"","background-image":"","background-repeat":"repeat","background-position":"center center","background-size":"auto","background-attachment":"scroll","background-type":"","background-media":"","overlay-type":"","overlay-color":"","overlay-opacity":"","overlay-gradient":""}},"ast-content-background-meta":{"desktop":{"background-color":"var(--ast-global-color-4)","background-image":"","background-repeat":"repeat","background-position":"center center","background-size":"auto","background-attachment":"scroll","background-type":"","background-media":"","overlay-type":"","overlay-color":"","overlay-opacity":"","overlay-gradient":""},"tablet":{"background-color":"var(--ast-global-color-4)","background-image":"","background-repeat":"repeat","background-position":"center center","background-size":"auto","background-attachment":"scroll","background-type":"","background-media":"","overlay-type":"","overlay-color":"","overlay-opacity":"","overlay-gradient":""},"mobile":{"background-color":"var(--ast-global-color-4)","background-image":"","background-repeat":"repeat","background-position":"center center","background-size":"auto","background-attachment":"scroll","background-type":"","background-media":"","overlay-type":"","overlay-color":"","overlay-opacity":"","overlay-gradient":""}},"footnotes":""},"categories":[1],"tags":[],"class_list":["post-135995","post","type-post","status-publish","format-standard","hentry","category-sem-categoria"],"yoast_head":"<!-- This site is optimized with the Yoast SEO plugin v26.6 - https:\/\/yoast.com\/wordpress\/plugins\/seo\/ -->\n<title>Dezembro com bandeira tarif\u00e1ria verde - Daniel Matos<\/title>\n<meta name=\"robots\" content=\"index, follow, max-snippet:-1, max-image-preview:large, max-video-preview:-1\" \/>\n<link rel=\"canonical\" href=\"https:\/\/www.blogsoestado.com\/danielmatos\/dezembro-com-bandeira-tarifaria-verde\/\" \/>\n<meta property=\"og:locale\" content=\"pt_BR\" \/>\n<meta property=\"og:type\" content=\"article\" \/>\n<meta property=\"og:title\" content=\"Dezembro com bandeira tarif\u00e1ria verde - Daniel Matos\" \/>\n<meta property=\"og:description\" content=\"Apesar do cen\u00e1rio favor\u00e1vel, Equatorial Maranh\u00e3o orienta clientes que continuem a economizar energia A Ag\u00eancia Nacional de Energia El\u00e9trica (Aneel) [&hellip;]\" \/>\n<meta property=\"og:url\" content=\"https:\/\/www.blogsoestado.com\/danielmatos\/dezembro-com-bandeira-tarifaria-verde\/\" \/>\n<meta property=\"og:site_name\" content=\"Daniel Matos\" \/>\n<meta property=\"article:published_time\" content=\"2024-12-02T16:29:38+00:00\" \/>\n<meta property=\"og:image\" content=\"https:\/\/www.blogsoestado.com\/danielmatos\/files\/2024\/12\/1001154439.jpg\" \/>\n<meta name=\"twitter:card\" content=\"summary_large_image\" \/>\n<meta name=\"twitter:label1\" content=\"Est. tempo de leitura\" \/>\n\t<meta name=\"twitter:data1\" content=\"4 minutos\" \/>\n<script type=\"application\/ld+json\" class=\"yoast-schema-graph\">{\"@context\":\"https:\/\/schema.org\",\"@graph\":[{\"@type\":\"WebPage\",\"@id\":\"https:\/\/www.blogsoestado.com\/danielmatos\/dezembro-com-bandeira-tarifaria-verde\/\",\"url\":\"https:\/\/www.blogsoestado.com\/danielmatos\/dezembro-com-bandeira-tarifaria-verde\/\",\"name\":\"Dezembro com bandeira tarif\u00e1ria verde - Daniel Matos\",\"isPartOf\":{\"@id\":\"https:\/\/www.blogsoestado.com\/danielmatos\/#website\"},\"primaryImageOfPage\":{\"@id\":\"https:\/\/www.blogsoestado.com\/danielmatos\/dezembro-com-bandeira-tarifaria-verde\/#primaryimage\"},\"image\":{\"@id\":\"https:\/\/www.blogsoestado.com\/danielmatos\/dezembro-com-bandeira-tarifaria-verde\/#primaryimage\"},\"thumbnailUrl\":\"https:\/\/www.blogsoestado.com\/danielmatos\/files\/2024\/12\/1001154439.jpg\",\"datePublished\":\"2024-12-02T16:29:38+00:00\",\"author\":{\"@id\":\"\"},\"breadcrumb\":{\"@id\":\"https:\/\/www.blogsoestado.com\/danielmatos\/dezembro-com-bandeira-tarifaria-verde\/#breadcrumb\"},\"inLanguage\":\"pt-BR\",\"potentialAction\":[{\"@type\":\"ReadAction\",\"target\":[\"https:\/\/www.blogsoestado.com\/danielmatos\/dezembro-com-bandeira-tarifaria-verde\/\"]}]},{\"@type\":\"ImageObject\",\"inLanguage\":\"pt-BR\",\"@id\":\"https:\/\/www.blogsoestado.com\/danielmatos\/dezembro-com-bandeira-tarifaria-verde\/#primaryimage\",\"url\":\"https:\/\/www.blogsoestado.com\/danielmatos\/files\/2024\/12\/1001154439.jpg\",\"contentUrl\":\"https:\/\/www.blogsoestado.com\/danielmatos\/files\/2024\/12\/1001154439.jpg\"},{\"@type\":\"BreadcrumbList\",\"@id\":\"https:\/\/www.blogsoestado.com\/danielmatos\/dezembro-com-bandeira-tarifaria-verde\/#breadcrumb\",\"itemListElement\":[{\"@type\":\"ListItem\",\"position\":1,\"name\":\"In\u00edcio\",\"item\":\"https:\/\/www.blogsoestado.com\/danielmatos\/\"},{\"@type\":\"ListItem\",\"position\":2,\"name\":\"Dezembro com bandeira tarif\u00e1ria verde\"}]},{\"@type\":\"WebSite\",\"@id\":\"https:\/\/www.blogsoestado.com\/danielmatos\/#website\",\"url\":\"https:\/\/www.blogsoestado.com\/danielmatos\/\",\"name\":\"Daniel Matos\",\"description\":\"\",\"potentialAction\":[{\"@type\":\"SearchAction\",\"target\":{\"@type\":\"EntryPoint\",\"urlTemplate\":\"https:\/\/www.blogsoestado.com\/danielmatos\/?s={search_term_string}\"},\"query-input\":{\"@type\":\"PropertyValueSpecification\",\"valueRequired\":true,\"valueName\":\"search_term_string\"}}],\"inLanguage\":\"pt-BR\"}]}<\/script>\n<!-- \/ Yoast SEO plugin. -->","yoast_head_json":{"title":"Dezembro com bandeira tarif\u00e1ria verde - Daniel Matos","robots":{"index":"index","follow":"follow","max-snippet":"max-snippet:-1","max-image-preview":"max-image-preview:large","max-video-preview":"max-video-preview:-1"},"canonical":"https:\/\/www.blogsoestado.com\/danielmatos\/dezembro-com-bandeira-tarifaria-verde\/","og_locale":"pt_BR","og_type":"article","og_title":"Dezembro com bandeira tarif\u00e1ria verde - Daniel Matos","og_description":"Apesar do cen\u00e1rio favor\u00e1vel, Equatorial Maranh\u00e3o orienta clientes que continuem a economizar energia A Ag\u00eancia Nacional de Energia El\u00e9trica (Aneel) [&hellip;]","og_url":"https:\/\/www.blogsoestado.com\/danielmatos\/dezembro-com-bandeira-tarifaria-verde\/","og_site_name":"Daniel Matos","article_published_time":"2024-12-02T16:29:38+00:00","og_image":[{"url":"https:\/\/www.blogsoestado.com\/danielmatos\/files\/2024\/12\/1001154439.jpg","type":"","width":"","height":""}],"twitter_card":"summary_large_image","twitter_misc":{"Est. tempo de leitura":"4 minutos"},"schema":{"@context":"https:\/\/schema.org","@graph":[{"@type":"WebPage","@id":"https:\/\/www.blogsoestado.com\/danielmatos\/dezembro-com-bandeira-tarifaria-verde\/","url":"https:\/\/www.blogsoestado.com\/danielmatos\/dezembro-com-bandeira-tarifaria-verde\/","name":"Dezembro com bandeira tarif\u00e1ria verde - Daniel Matos","isPartOf":{"@id":"https:\/\/www.blogsoestado.com\/danielmatos\/#website"},"primaryImageOfPage":{"@id":"https:\/\/www.blogsoestado.com\/danielmatos\/dezembro-com-bandeira-tarifaria-verde\/#primaryimage"},"image":{"@id":"https:\/\/www.blogsoestado.com\/danielmatos\/dezembro-com-bandeira-tarifaria-verde\/#primaryimage"},"thumbnailUrl":"https:\/\/www.blogsoestado.com\/danielmatos\/files\/2024\/12\/1001154439.jpg","datePublished":"2024-12-02T16:29:38+00:00","author":{"@id":""},"breadcrumb":{"@id":"https:\/\/www.blogsoestado.com\/danielmatos\/dezembro-com-bandeira-tarifaria-verde\/#breadcrumb"},"inLanguage":"pt-BR","potentialAction":[{"@type":"ReadAction","target":["https:\/\/www.blogsoestado.com\/danielmatos\/dezembro-com-bandeira-tarifaria-verde\/"]}]},{"@type":"ImageObject","inLanguage":"pt-BR","@id":"https:\/\/www.blogsoestado.com\/danielmatos\/dezembro-com-bandeira-tarifaria-verde\/#primaryimage","url":"https:\/\/www.blogsoestado.com\/danielmatos\/files\/2024\/12\/1001154439.jpg","contentUrl":"https:\/\/www.blogsoestado.com\/danielmatos\/files\/2024\/12\/1001154439.jpg"},{"@type":"BreadcrumbList","@id":"https:\/\/www.blogsoestado.com\/danielmatos\/dezembro-com-bandeira-tarifaria-verde\/#breadcrumb","itemListElement":[{"@type":"ListItem","position":1,"name":"In\u00edcio","item":"https:\/\/www.blogsoestado.com\/danielmatos\/"},{"@type":"ListItem","position":2,"name":"Dezembro com bandeira tarif\u00e1ria verde"}]},{"@type":"WebSite","@id":"https:\/\/www.blogsoestado.com\/danielmatos\/#website","url":"https:\/\/www.blogsoestado.com\/danielmatos\/","name":"Daniel Matos","description":"","potentialAction":[{"@type":"SearchAction","target":{"@type":"EntryPoint","urlTemplate":"https:\/\/www.blogsoestado.com\/danielmatos\/?s={search_term_string}"},"query-input":{"@type":"PropertyValueSpecification","valueRequired":true,"valueName":"search_term_string"}}],"inLanguage":"pt-BR"}]}},"jetpack_featured_media_url":"","_links":{"self":[{"href":"https:\/\/www.blogsoestado.com\/danielmatos\/wp-json\/wp\/v2\/posts\/135995","targetHints":{"allow":["GET"]}}],"collection":[{"href":"https:\/\/www.blogsoestado.com\/danielmatos\/wp-json\/wp\/v2\/posts"}],"about":[{"href":"https:\/\/www.blogsoestado.com\/danielmatos\/wp-json\/wp\/v2\/types\/post"}],"replies":[{"embeddable":true,"href":"https:\/\/www.blogsoestado.com\/danielmatos\/wp-json\/wp\/v2\/comments?post=135995"}],"version-history":[{"count":0,"href":"https:\/\/www.blogsoestado.com\/danielmatos\/wp-json\/wp\/v2\/posts\/135995\/revisions"}],"wp:attachment":[{"href":"https:\/\/www.blogsoestado.com\/danielmatos\/wp-json\/wp\/v2\/media?parent=135995"}],"wp:term":[{"taxonomy":"category","embeddable":true,"href":"https:\/\/www.blogsoestado.com\/danielmatos\/wp-json\/wp\/v2\/categories?post=135995"},{"taxonomy":"post_tag","embeddable":true,"href":"https:\/\/www.blogsoestado.com\/danielmatos\/wp-json\/wp\/v2\/tags?post=135995"}],"curies":[{"name":"wp","href":"https:\/\/api.w.org\/{rel}","templated":true}]}}